{"id":2330,"date":"2016-09-19T07:50:42","date_gmt":"2016-09-19T10:50:42","guid":{"rendered":"http:\/\/lavras.tv\/site\/?p=2330"},"modified":"2016-09-19T07:50:42","modified_gmt":"2016-09-19T10:50:42","slug":"no-fim-de-semana-teve-a-3a-corrida-da-policia-do-meio-ambiente-e-transito","status":"publish","type":"post","link":"https:\/\/lavras.tv\/site\/2016\/09\/19\/no-fim-de-semana-teve-a-3a-corrida-da-policia-do-meio-ambiente-e-transito\/","title":{"rendered":"No fim de semana teve a 3\u00aa Corrida da Pol\u00edcia do Meio Ambiente e Tr\u00e2nsito"},"content":{"rendered":"<div class=\"lavra-antes-do-conteudo_2\" id=\"lavra-2974288184\"><div id=\"lavra-slider-27\" class=\"custom-slider lavra-slider-1505777370 lavra-slider\"><ul><li><div style=\"margin-left: auto;margin-right: auto;text-align: center;\" id=\"lavra-3474398513\"><a href=\"https:\/\/sistemas.lavras.mg.gov.br\/portalcidadao\/#df1b1a7c7b2a290bcb31e32771e610784662739a88807c0dacac58ede5f391a7530e299dc302d611ee73cb143fc22eaf93592e53e7b5bdb01b00a0b8d28dae460c141dd2ff83412e4dc1c31b16b25f33144a9e5620ea73b13f5bc1c59411d98439ad226e8af03840603796067d87afe130812cf3de24982d0e306f9e61e764e5\" aria-label=\"Lavras-TV&#8211;720x104px (1) (1)\"><img src=\"https:\/\/lavras.tv\/site\/wp-content\/uploads\/2025\/01\/Lavras-TV-720x104px-1-1.png\" alt=\"\"  srcset=\"https:\/\/lavras.tv\/site\/wp-content\/uploads\/2025\/01\/Lavras-TV-720x104px-1-1.png 720w, https:\/\/lavras.tv\/site\/wp-content\/uploads\/2025\/01\/Lavras-TV-720x104px-1-1-470x68.png 470w, https:\/\/lavras.tv\/site\/wp-content\/uploads\/2025\/01\/Lavras-TV-720x104px-1-1-170x25.png 170w, https:\/\/lavras.tv\/site\/wp-content\/uploads\/2025\/01\/Lavras-TV-720x104px-1-1-200x29.png 200w\" sizes=\"(max-width: 720px) 100vw, 720px\" width=\"720\" height=\"104\"  style=\"display: inline-block;\" \/><\/a><\/div><\/li><li><a href=\"https:\/\/sistemas.lavras.mg.gov.br\/portalcidadao\/#df1b1a7c7b2a290bcb31e32771e610784662739a88807c0dacac58ede5f391a7530e299dc302d611ee73cb143fc22eaf93592e53e7b5bdb01b00a0b8d28dae460c141dd2ff83412e4dc1c31b16b25f33144a9e5620ea73b13f5bc1c59411d98439ad226e8af03840603796067d87afe130812cf3de24982d0e306f9e61e764e5\" aria-label=\"Banner_Emprego_PortallavrasTV\"><img src=\"https:\/\/lavras.tv\/site\/wp-content\/uploads\/2025\/03\/Banner_Emprego_PortallavrasTV.png\" alt=\"\"  srcset=\"https:\/\/lavras.tv\/site\/wp-content\/uploads\/2025\/03\/Banner_Emprego_PortallavrasTV.png 720w, https:\/\/lavras.tv\/site\/wp-content\/uploads\/2025\/03\/Banner_Emprego_PortallavrasTV-470x68.png 470w, https:\/\/lavras.tv\/site\/wp-content\/uploads\/2025\/03\/Banner_Emprego_PortallavrasTV-170x25.png 170w, https:\/\/lavras.tv\/site\/wp-content\/uploads\/2025\/03\/Banner_Emprego_PortallavrasTV-200x29.png 200w\" sizes=\"(max-width: 720px) 100vw, 720px\" width=\"720\" height=\"104\"   \/><\/a><\/li><li><a href=\"https:\/\/sistemas.lavras.mg.gov.br\/portalcidadao\/#df1b1a7c7b2a290bcb31e32771e610784662739a88807c0dacac58ede5f391a7530e299dc302d611ee73cb143fc22eaf93592e53e7b5bdb01b00a0b8d28dae460c141dd2ff83412e4dc1c31b16b25f33144a9e5620ea73b13f5bc1c59411d98439ad226e8af03840603796067d87afe130812cf3de24982d0e306f9e61e764e5\" aria-label=\"Banner_Obras_PortallavrasTV\"><img src=\"https:\/\/lavras.tv\/site\/wp-content\/uploads\/2025\/03\/Banner_Obras_PortallavrasTV.png\" alt=\"\"  srcset=\"https:\/\/lavras.tv\/site\/wp-content\/uploads\/2025\/03\/Banner_Obras_PortallavrasTV.png 720w, https:\/\/lavras.tv\/site\/wp-content\/uploads\/2025\/03\/Banner_Obras_PortallavrasTV-470x68.png 470w, https:\/\/lavras.tv\/site\/wp-content\/uploads\/2025\/03\/Banner_Obras_PortallavrasTV-170x25.png 170w, https:\/\/lavras.tv\/site\/wp-content\/uploads\/2025\/03\/Banner_Obras_PortallavrasTV-200x29.png 200w\" sizes=\"(max-width: 720px) 100vw, 720px\" width=\"720\" height=\"104\"   \/><\/a><\/li><li><div style=\"margin-left: auto;margin-right: auto;text-align: center;\" id=\"lavra-486238918\"><a href=\"https:\/\/sistemas.lavras.mg.gov.br\/portalcidadao\/#df1b1a7c7b2a290bcb31e32771e610784662739a88807c0dacac58ede5f391a7530e299dc302d611ee73cb143fc22eaf93592e53e7b5bdb01b00a0b8d28dae460c141dd2ff83412e4dc1c31b16b25f33144a9e5620ea73b13f5bc1c59411d98439ad226e8af03840603796067d87afe130812cf3de24982d0e306f9e61e764e5\" aria-label=\"Banner_Educa\u00e7\u00e3o_PortallavrasTV\"><img src=\"https:\/\/lavras.tv\/site\/wp-content\/uploads\/2025\/01\/Banner_Educacao_PortallavrasTV.png\" alt=\"\"  srcset=\"https:\/\/lavras.tv\/site\/wp-content\/uploads\/2025\/01\/Banner_Educacao_PortallavrasTV.png 720w, https:\/\/lavras.tv\/site\/wp-content\/uploads\/2025\/01\/Banner_Educacao_PortallavrasTV-470x68.png 470w, https:\/\/lavras.tv\/site\/wp-content\/uploads\/2025\/01\/Banner_Educacao_PortallavrasTV-170x25.png 170w, https:\/\/lavras.tv\/site\/wp-content\/uploads\/2025\/01\/Banner_Educacao_PortallavrasTV-200x29.png 200w\" sizes=\"(max-width: 720px) 100vw, 720px\" width=\"720\" height=\"104\"  style=\"display: inline-block;\" \/><\/a><\/div><\/li><li><a href=\"https:\/\/sistemas.lavras.mg.gov.br\/portalcidadao\/#df1b1a7c7b2a290bcb31e32771e610784662739a88807c0dacac58ede5f391a7530e299dc302d611ee73cb143fc22eaf93592e53e7b5bdb01b00a0b8d28dae460c141dd2ff83412e4dc1c31b16b25f33144a9e5620ea73b13f5bc1c59411d98439ad226e8af03840603796067d87afe130812cf3de24982d0e306f9e61e764e5\" aria-label=\"Banner_Sa\u00fade_PortallavrasTV\"><img src=\"https:\/\/lavras.tv\/site\/wp-content\/uploads\/2025\/03\/Banner_Saude_PortallavrasTV.png\" alt=\"\"  srcset=\"https:\/\/lavras.tv\/site\/wp-content\/uploads\/2025\/03\/Banner_Saude_PortallavrasTV.png 720w, https:\/\/lavras.tv\/site\/wp-content\/uploads\/2025\/03\/Banner_Saude_PortallavrasTV-470x68.png 470w, https:\/\/lavras.tv\/site\/wp-content\/uploads\/2025\/03\/Banner_Saude_PortallavrasTV-170x25.png 170w, https:\/\/lavras.tv\/site\/wp-content\/uploads\/2025\/03\/Banner_Saude_PortallavrasTV-200x29.png 200w\" sizes=\"(max-width: 720px) 100vw, 720px\" width=\"720\" height=\"104\"   \/><\/a><\/li><li><div id=\"lavra-1611540109\" style=\"width:720px;height:104px;background-color:#ddd;overflow:scroll;\">\n\t<strong>Sa\u00edda da depura\u00e7\u00e3o de an\u00fancios<\/strong>\n\t<br><br>\n\tO an\u00fancio n\u00e3o \u00e9 exibido na p\u00e1gina<br><br>post atual: No fim de semana teve a 3\u00aa Corrida da Pol\u00edcia do Meio Ambiente e Tr\u00e2nsito, ID: 2330<br><br><span style=\"color: red;\">O post atual n\u00e3o \u00e9 id\u00eantico ao post principal.<\/span><br><br>An\u00fancios: ROXO - TOPO INTERNA - ROTATIVO 2 (197)<br \/>Grupo de an\u00fancios: Princ_Meio01_720x104 (27)<br><br>Condi\u00e7\u00f5es de exibi\u00e7\u00e3o<div style=\"margin-bottom: 20px; white-space: pre-wrap; font-family: monospace; width: 100%; background: #ffe9e9;\"><strong>condi\u00e7\u00f5es gerais<\/strong><table border=\"1\"><thead><tr><th><\/th><th>An\u00fancios<\/th><th>wp_the_query<\/th><\/tr><\/thead><tr><td>is_main_query<\/td><td>1<\/td><td>1<\/td><\/tr><tr><td>is_rest_api<\/td><td>0<\/td><td>1<\/td><\/tr><tr><td>page<\/td><td>0<\/td><td>1<\/td><\/tr><tr><td>numpages<\/td><td>0<\/td><td>1<\/td><\/tr><tr><td>is_archive<\/td><td>1<\/td><td><\/td><\/tr><tr><td>is_search<\/td><td>1<\/td><td><\/td><\/tr><tr><td>is_home<\/td><td>1<\/td><td><\/td><\/tr><tr><td>is_404<\/td><td>1<\/td><td><\/td><\/tr><tr><td>is_attachment<\/td><td>1<\/td><td><\/td><\/tr><tr><td>is_singular<\/td><td>1<\/td><td><\/td><\/tr><tr><td>is_front_page<\/td><td>1<\/td><td><\/td><\/tr><tr><td>is_feed<\/td><td>1<\/td><td><\/td><\/tr><\/table><\/div><br><br><span style=\"color: red;\">Seu site usa HTTPS, mas o c\u00f3digo do an\u00fancio cont\u00e9m HTTP e pode n\u00e3o funcionar.<\/span>\t<br><br>\n\t<a style=\"color: green;\" href=\"https:\/\/wpadvancedads.com\/manual\/ad-debug-mode\/?utm_source=advanced-ads&utm_medium=link&utm_campaign=ad-debug-mode\" target=\"_blank\" rel=\"nofollow\">Encontre solu\u00e7\u00f5es no manual<\/a>\n<\/div>\n<\/li><\/ul><\/div><script>( window.advanced_ads_ready || jQuery( document ).ready ).call( null, function() {var $lavraslider1505777370 = jQuery( \".lavra-slider-1505777370\" );$lavraslider1505777370.on( \"unslider.ready\", function() { jQuery( \"div.custom-slider ul li\" ).css( \"display\", \"block\" ); });$lavraslider1505777370.unslider({ delay:4000, autoplay:true, nav:false, arrows:false, infinite:true });$lavraslider1505777370.on(\"mouseover\", function() {$lavraslider1505777370.unslider(\"stop\");}).on(\"mouseout\", function() {$lavraslider1505777370.unslider(\"start\");});});<\/script><\/div><p>A 6\u00aa Companhia Independente da Pol\u00edcia Militar do Meio Ambiente e Tr\u00e2nsito, que fica em Lavras, promoveu a 3\u00aa Corrida MAT neste domingo, dia 18.<!--more--> A prova reuniu atletas de v\u00e1rias idades que fizeram um percurso que passou dentro da sede do Oitavo Batalh\u00e3o da PM e pelas ruas do bairro Santa Efig\u00eania. As provas foram de quatro e oito quil\u00f4metros, nas categorias masculino e feminino, al\u00e9m de uma caminhada de quatro quil\u00f4metros.<\/p>\n<p><img fetchpriority=\"high\" decoding=\"async\" class=\" wp-image-2331 aligncenter\" src=\"http:\/\/lavras.tv\/site\/wp-content\/uploads\/2016\/09\/Corrida-MAT-2.jpeg\" alt=\"corrida-mat-2\" width=\"566\" height=\"424\" srcset=\"https:\/\/lavras.tv\/site\/wp-content\/uploads\/2016\/09\/Corrida-MAT-2.jpeg 1600w, https:\/\/lavras.tv\/site\/wp-content\/uploads\/2016\/09\/Corrida-MAT-2-150x113.jpeg 150w, https:\/\/lavras.tv\/site\/wp-content\/uploads\/2016\/09\/Corrida-MAT-2-300x225.jpeg 300w, https:\/\/lavras.tv\/site\/wp-content\/uploads\/2016\/09\/Corrida-MAT-2-1024x768.jpeg 1024w, https:\/\/lavras.tv\/site\/wp-content\/uploads\/2016\/09\/Corrida-MAT-2-640x480.jpeg 640w\" sizes=\"(max-width: 566px) 100vw, 566px\" \/><\/p>\n<p>Os participantes ainda receberam mudas de \u00e1rvores nativas, refor\u00e7ando o objetivo da corrida que \u00e9 de comemorar o Dia da \u00c1rvore, 21 de setembro.<\/p>\n<p>Veja como ficou a classifica\u00e7\u00e3o:<\/p>\n<p>&nbsp;<\/p>\n<p><strong>Geral Masculino<\/strong><\/p>\n<p>1\u00ba William Dami\u00e3o Zeferino Paiva<\/p>\n<p>2\u00ba Jaime Vitor Barbosa Brito<\/p>\n<p>3\u00ba Ederson Nunes Silva<img decoding=\"async\" class=\" wp-image-2332 alignright\" src=\"http:\/\/lavras.tv\/site\/wp-content\/uploads\/2016\/09\/Corrida-MAT-3.jpeg\" alt=\"corrida-mat-3\" width=\"467\" height=\"350\" srcset=\"https:\/\/lavras.tv\/site\/wp-content\/uploads\/2016\/09\/Corrida-MAT-3.jpeg 1600w, https:\/\/lavras.tv\/site\/wp-content\/uploads\/2016\/09\/Corrida-MAT-3-150x112.jpeg 150w, https:\/\/lavras.tv\/site\/wp-content\/uploads\/2016\/09\/Corrida-MAT-3-300x225.jpeg 300w, https:\/\/lavras.tv\/site\/wp-content\/uploads\/2016\/09\/Corrida-MAT-3-1024x767.jpeg 1024w, https:\/\/lavras.tv\/site\/wp-content\/uploads\/2016\/09\/Corrida-MAT-3-640x480.jpeg 640w\" sizes=\"(max-width: 467px) 100vw, 467px\" \/><\/p>\n<p>&nbsp;<\/p>\n<p><strong>Geral Feminino<\/strong><\/p>\n<p>1\u00aa Myrna Silva Silv\u00e9rio<\/p>\n<p>2\u00aa Moema Lemos<\/p>\n<p>3\u00aa Ana Paula Duarte de Oliveira Post<\/p>\n<p>&nbsp;<\/p>\n<p><strong>Oficiais Feminino<\/strong><\/p>\n<p>1\u00aa Maj Adriana Mesquita<\/p>\n<p>&nbsp;<\/p>\n<p><strong>Sub Ten\/Sargento Feminino<\/strong><\/p>\n<p>1\u00aa Sgt Mirela Maciente Silva Botrel<\/p>\n<p>2\u00aa Sgt Sthefanie Ohana Ferreira Soares<\/p>\n<p>3\u00aa Sgt Ione Aparecida Piva<\/p>\n<p>&nbsp;<\/p>\n<p><strong>Cabos\/Soldados Feminino<\/strong><\/p>\n<p>1\u00aa Sd Luciana Lopes Kelmer<\/p>\n<p>2\u00aa Sd Ana Carolina Ferreira Alves<\/p>\n<p>3\u00aa Sd Lorene Per\u00edgolo Figueiredo<\/p>\n<p>&nbsp;<\/p>\n<p><strong>Sd Aluno Feminino<\/strong><\/p>\n<p>1\u00aa Tatiani Gon\u00e7alves Figueiredo<\/p>\n<p>2\u00aa Fernanda Aparecida Martins<\/p>\n<p>3\u00aa Danielly Costa Soares<\/p>\n<p>&nbsp;<\/p>\n<p><strong>Oficiais Masculino<\/strong><\/p>\n<p>1\u00ba Ten Amaur\u00edlio Jos\u00e9 da Costa<\/p>\n<p>2\u00ba Ten Francisco de Paulo Messias<\/p>\n<p>3\u00ba Emerson Sebasti\u00e3o de Oliveira<\/p>\n<p>&nbsp;<\/p>\n<p><strong>Sub Ten\/Sargento Masculino<\/strong><\/p>\n<p>1\u00ba Sgt Victor Henrique Fraiz Carvalho<\/p>\n<p>2\u00ba Sgt Afonso Vitor do Nascimento<\/p>\n<p>3\u00ba Sgt Clessius Wallace Sandy<\/p>\n<p>&nbsp;<\/p>\n<p><strong>Cabos\/Soldados Masculino<\/strong><\/p>\n<p>1\u00ba Sd Taillon Sousa Marques<\/p>\n<p>2\u00ba Cb Nahim Souza Botrel<\/p>\n<p>3\u00ba Sd Mateus Victor de Carvalho<\/p>\n<p>&nbsp;<\/p>\n<p><strong>Soldado Aluno Masculino<\/strong><\/p>\n<p>1\u00ba Hyrun Filipe Bastos Santana<\/p>\n<p>2\u00ba Jean Carlo da Cruz<\/p>\n<p>3\u00ba Wallace Camargo Vieira<\/p>\n<p>&nbsp;<\/p>\n<p><strong>Feminino at\u00e9 30 anos<\/strong><\/p>\n<p>1\u00aa Priscila Joquebede Mangabeira Ornelas<\/p>\n<p>2\u00aa Allana Gabriela de Oliveira Souza<\/p>\n<p>3\u00aa J\u00e9ssica Gon\u00e7alves Rodrigues Vilela<\/p>\n<p>&nbsp;<\/p>\n<p><strong>Feminino de 31 at\u00e9 40 anos<\/strong><\/p>\n<p>1\u00aa Paula Aparecida Natal de Almeida<\/p>\n<p>2\u00aa Allyne Souza Rodrigues<\/p>\n<p>3\u00aa Luciane Barbosa Castilho<\/p>\n<p>&nbsp;<\/p>\n<p><strong>Feminino de 41 at\u00e9 50 anos<\/strong><\/p>\n<p>1\u00aa Sirlene Aparecida da Silva Faria<\/p>\n<p>2\u00aa Maria Bernadete Picheli<\/p>\n<p>3\u00aa Magda Aparecida Melo<\/p>\n<p>&nbsp;<\/p>\n<p><strong>Feminino de 51 at\u00e9 60 anos<\/strong><\/p>\n<p>1\u00aa Vera L\u00facia Alc\u00e2ntara da Silva<\/p>\n<p>2\u00aa Dirce de C\u00e1ssia Correa Macedo<\/p>\n<p>3\u00aa Gilma das Gra\u00e7as Alves<\/p>\n<p>&nbsp;<\/p>\n<p>Fonte e fotos: 6\u00aa CIA Ind MAT<\/p>\n","protected":false},"excerpt":{"rendered":"<p>A 6\u00aa Companhia Independente da Pol\u00edcia Militar do Meio Ambiente e Tr\u00e2nsito, que fica em Lavras, promoveu a 3\u00aa Corrida MAT neste domingo, dia 18.<\/p>\n","protected":false},"author":2,"featured_media":2333,"comment_status":"closed","ping_status":"open","sticky":false,"template":"","format":"standard","meta":{"advgb_blocks_editor_width":"","advgb_blocks_columns_visual_guide":"","_exactmetrics_skip_tracking":false,"_exactmetrics_sitenote_active":false,"_exactmetrics_sitenote_note":"","_exactmetrics_sitenote_category":0,"footnotes":""},"categories":[7,3],"tags":[326,818,34,72,819],"class_list":["post-2330","post","type-post","status-publish","format-standard","has-post-thumbnail","hentry","category-destaques","category-esportes","tag-corrida-de-rua","tag-corrida-mat","tag-lavras","tag-pmmg","tag-policia-do-meio-ambiente-e-transito"],"better_featured_image":{"id":2333,"alt_text":"","caption":"","description":"","media_type":"image","media_details":{"width":1600,"height":1200,"file":"2016\/09\/Corrida-MAT.jpeg","sizes":{"thumbnail":{"file":"Corrida-MAT-150x113.jpeg","width":150,"height":113,"mime-type":"image\/jpeg","source_url":"https:\/\/lavras.tv\/site\/wp-content\/uploads\/2016\/09\/Corrida-MAT-150x113.jpeg"},"medium":{"file":"Corrida-MAT-300x225.jpeg","width":300,"height":225,"mime-type":"image\/jpeg","source_url":"https:\/\/lavras.tv\/site\/wp-content\/uploads\/2016\/09\/Corrida-MAT-300x225.jpeg"},"large":{"file":"Corrida-MAT-1024x768.jpeg","width":1024,"height":768,"mime-type":"image\/jpeg","source_url":"https:\/\/lavras.tv\/site\/wp-content\/uploads\/2016\/09\/Corrida-MAT-1024x768.jpeg"},"featured-slider-img":{"file":"Corrida-MAT-640x480.jpeg","width":640,"height":480,"mime-type":"image\/jpeg","source_url":"https:\/\/lavras.tv\/site\/wp-content\/uploads\/2016\/09\/Corrida-MAT-640x480.jpeg"},"featured-post-img":{"file":"Corrida-MAT-480x320.jpeg","width":480,"height":320,"mime-type":"image\/jpeg","source_url":"https:\/\/lavras.tv\/site\/wp-content\/uploads\/2016\/09\/Corrida-MAT-480x320.jpeg"},"sow-carousel-default":{"file":"Corrida-MAT-272x182.jpeg","width":272,"height":182,"mime-type":"image\/jpeg","source_url":"https:\/\/lavras.tv\/site\/wp-content\/uploads\/2016\/09\/Corrida-MAT-272x182.jpeg"}},"image_meta":{"aperture":"0","credit":"","camera":"","caption":"","created_timestamp":"0","copyright":"","focal_length":"0","iso":"0","shutter_speed":"0","title":"","orientation":"0","keywords":[]}},"post":2330,"source_url":"https:\/\/lavras.tv\/site\/wp-content\/uploads\/2016\/09\/Corrida-MAT.jpeg"},"author_meta":{"display_name":"Lavras TV","author_link":"https:\/\/lavras.tv\/site\/author\/lavrastv\/"},"featured_img":"https:\/\/lavras.tv\/site\/wp-content\/uploads\/2016\/09\/Corrida-MAT-300x225.jpeg","coauthors":[],"tax_additional":{"categories":{"linked":["<a href=\"https:\/\/lavras.tv\/site\/category\/destaques\/\" class=\"advgb-post-tax-term\">Destaques<\/a>","<a href=\"https:\/\/lavras.tv\/site\/category\/esportes\/\" class=\"advgb-post-tax-term\">Esportes<\/a>"],"unlinked":["<span class=\"advgb-post-tax-term\">Destaques<\/span>","<span class=\"advgb-post-tax-term\">Esportes<\/span>"]},"tags":{"linked":["<a href=\"https:\/\/lavras.tv\/site\/category\/esportes\/\" class=\"advgb-post-tax-term\">corrida de rua<\/a>","<a href=\"https:\/\/lavras.tv\/site\/category\/esportes\/\" class=\"advgb-post-tax-term\">Corrida MAT<\/a>","<a href=\"https:\/\/lavras.tv\/site\/category\/esportes\/\" class=\"advgb-post-tax-term\">lavras<\/a>","<a href=\"https:\/\/lavras.tv\/site\/category\/esportes\/\" class=\"advgb-post-tax-term\">pmmg<\/a>","<a href=\"https:\/\/lavras.tv\/site\/category\/esportes\/\" class=\"advgb-post-tax-term\">Pol\u00edcia do Meio Ambiente e Tr\u00e2nsito<\/a>"],"unlinked":["<span class=\"advgb-post-tax-term\">corrida de rua<\/span>","<span class=\"advgb-post-tax-term\">Corrida MAT<\/span>","<span class=\"advgb-post-tax-term\">lavras<\/span>","<span class=\"advgb-post-tax-term\">pmmg<\/span>","<span class=\"advgb-post-tax-term\">Pol\u00edcia do Meio Ambiente e Tr\u00e2nsito<\/span>"]}},"comment_count":"0","relative_dates":{"created":"Publicado 10 anos atr\u00e1s","modified":"Atualizado 10 anos atr\u00e1s"},"absolute_dates":{"created":"Publicado em 19 de setembro de 2016","modified":"Atualizado em 19 de setembro de 2016"},"absolute_dates_time":{"created":"Publicado em 19 de setembro de 2016 07:50","modified":"Atualizado em 19 de setembro de 2016 07:50"},"featured_img_caption":"","series_order":"","_links":{"self":[{"href":"https:\/\/lavras.tv\/site\/wp-json\/wp\/v2\/posts\/2330","targetHints":{"allow":["GET"]}}],"collection":[{"href":"https:\/\/lavras.tv\/site\/wp-json\/wp\/v2\/posts"}],"about":[{"href":"https:\/\/lavras.tv\/site\/wp-json\/wp\/v2\/types\/post"}],"author":[{"embeddable":true,"href":"https:\/\/lavras.tv\/site\/wp-json\/wp\/v2\/users\/2"}],"replies":[{"embeddable":true,"href":"https:\/\/lavras.tv\/site\/wp-json\/wp\/v2\/comments?post=2330"}],"version-history":[{"count":1,"href":"https:\/\/lavras.tv\/site\/wp-json\/wp\/v2\/posts\/2330\/revisions"}],"predecessor-version":[{"id":2334,"href":"https:\/\/lavras.tv\/site\/wp-json\/wp\/v2\/posts\/2330\/revisions\/2334"}],"wp:featuredmedia":[{"embeddable":true,"href":"https:\/\/lavras.tv\/site\/wp-json\/wp\/v2\/media\/2333"}],"wp:attachment":[{"href":"https:\/\/lavras.tv\/site\/wp-json\/wp\/v2\/media?parent=2330"}],"wp:term":[{"taxonomy":"category","embeddable":true,"href":"https:\/\/lavras.tv\/site\/wp-json\/wp\/v2\/categories?post=2330"},{"taxonomy":"post_tag","embeddable":true,"href":"https:\/\/lavras.tv\/site\/wp-json\/wp\/v2\/tags?post=2330"}],"curies":[{"name":"wp","href":"https:\/\/api.w.org\/{rel}","templated":true}]}}