{"id":2341,"date":"2016-09-19T08:45:51","date_gmt":"2016-09-19T11:45:51","guid":{"rendered":"http:\/\/lavras.tv\/site\/?p=2341"},"modified":"2016-09-19T08:45:51","modified_gmt":"2016-09-19T11:45:51","slug":"comecou-a-campanha-de-multivacinacao-para-criancas-e-adolescentes","status":"publish","type":"post","link":"https:\/\/lavras.tv\/site\/2016\/09\/19\/comecou-a-campanha-de-multivacinacao-para-criancas-e-adolescentes\/","title":{"rendered":"Come\u00e7ou a campanha de multivacina\u00e7\u00e3o para crian\u00e7as e adolescentes"},"content":{"rendered":"<div class=\"lavra-antes-do-conteudo_2\" id=\"lavra-4174416664\"><div id=\"lavra-slider-27\" class=\"custom-slider lavra-slider-813210489 lavra-slider\"><ul><li><div style=\"margin-left: auto;margin-right: auto;text-align: center;\" id=\"lavra-1123192866\"><a href=\"https:\/\/sistemas.lavras.mg.gov.br\/portalcidadao\/#df1b1a7c7b2a290bcb31e32771e610784662739a88807c0dacac58ede5f391a7530e299dc302d611ee73cb143fc22eaf93592e53e7b5bdb01b00a0b8d28dae460c141dd2ff83412e4dc1c31b16b25f33144a9e5620ea73b13f5bc1c59411d98439ad226e8af03840603796067d87afe130812cf3de24982d0e306f9e61e764e5\" aria-label=\"Lavras-TV&#8211;720x104px (1) (1)\"><img src=\"https:\/\/lavras.tv\/site\/wp-content\/uploads\/2025\/01\/Lavras-TV-720x104px-1-1.png\" alt=\"\"  srcset=\"https:\/\/lavras.tv\/site\/wp-content\/uploads\/2025\/01\/Lavras-TV-720x104px-1-1.png 720w, https:\/\/lavras.tv\/site\/wp-content\/uploads\/2025\/01\/Lavras-TV-720x104px-1-1-470x68.png 470w, https:\/\/lavras.tv\/site\/wp-content\/uploads\/2025\/01\/Lavras-TV-720x104px-1-1-170x25.png 170w, https:\/\/lavras.tv\/site\/wp-content\/uploads\/2025\/01\/Lavras-TV-720x104px-1-1-200x29.png 200w\" sizes=\"(max-width: 720px) 100vw, 720px\" width=\"720\" height=\"104\"  style=\"display: inline-block;\" \/><\/a><\/div><\/li><li><a href=\"https:\/\/sistemas.lavras.mg.gov.br\/portalcidadao\/#df1b1a7c7b2a290bcb31e32771e610784662739a88807c0dacac58ede5f391a7530e299dc302d611ee73cb143fc22eaf93592e53e7b5bdb01b00a0b8d28dae460c141dd2ff83412e4dc1c31b16b25f33144a9e5620ea73b13f5bc1c59411d98439ad226e8af03840603796067d87afe130812cf3de24982d0e306f9e61e764e5\" aria-label=\"Banner_Emprego_PortallavrasTV\"><img src=\"https:\/\/lavras.tv\/site\/wp-content\/uploads\/2025\/03\/Banner_Emprego_PortallavrasTV.png\" alt=\"\"  srcset=\"https:\/\/lavras.tv\/site\/wp-content\/uploads\/2025\/03\/Banner_Emprego_PortallavrasTV.png 720w, https:\/\/lavras.tv\/site\/wp-content\/uploads\/2025\/03\/Banner_Emprego_PortallavrasTV-470x68.png 470w, https:\/\/lavras.tv\/site\/wp-content\/uploads\/2025\/03\/Banner_Emprego_PortallavrasTV-170x25.png 170w, https:\/\/lavras.tv\/site\/wp-content\/uploads\/2025\/03\/Banner_Emprego_PortallavrasTV-200x29.png 200w\" sizes=\"(max-width: 720px) 100vw, 720px\" width=\"720\" height=\"104\"   \/><\/a><\/li><li><a href=\"https:\/\/sistemas.lavras.mg.gov.br\/portalcidadao\/#df1b1a7c7b2a290bcb31e32771e610784662739a88807c0dacac58ede5f391a7530e299dc302d611ee73cb143fc22eaf93592e53e7b5bdb01b00a0b8d28dae460c141dd2ff83412e4dc1c31b16b25f33144a9e5620ea73b13f5bc1c59411d98439ad226e8af03840603796067d87afe130812cf3de24982d0e306f9e61e764e5\" aria-label=\"Banner_Obras_PortallavrasTV\"><img src=\"https:\/\/lavras.tv\/site\/wp-content\/uploads\/2025\/03\/Banner_Obras_PortallavrasTV.png\" alt=\"\"  srcset=\"https:\/\/lavras.tv\/site\/wp-content\/uploads\/2025\/03\/Banner_Obras_PortallavrasTV.png 720w, https:\/\/lavras.tv\/site\/wp-content\/uploads\/2025\/03\/Banner_Obras_PortallavrasTV-470x68.png 470w, https:\/\/lavras.tv\/site\/wp-content\/uploads\/2025\/03\/Banner_Obras_PortallavrasTV-170x25.png 170w, https:\/\/lavras.tv\/site\/wp-content\/uploads\/2025\/03\/Banner_Obras_PortallavrasTV-200x29.png 200w\" sizes=\"(max-width: 720px) 100vw, 720px\" width=\"720\" height=\"104\"   \/><\/a><\/li><li><div style=\"margin-left: auto;margin-right: auto;text-align: center;\" id=\"lavra-269916243\"><a href=\"https:\/\/sistemas.lavras.mg.gov.br\/portalcidadao\/#df1b1a7c7b2a290bcb31e32771e610784662739a88807c0dacac58ede5f391a7530e299dc302d611ee73cb143fc22eaf93592e53e7b5bdb01b00a0b8d28dae460c141dd2ff83412e4dc1c31b16b25f33144a9e5620ea73b13f5bc1c59411d98439ad226e8af03840603796067d87afe130812cf3de24982d0e306f9e61e764e5\" aria-label=\"Banner_Educa\u00e7\u00e3o_PortallavrasTV\"><img src=\"https:\/\/lavras.tv\/site\/wp-content\/uploads\/2025\/01\/Banner_Educacao_PortallavrasTV.png\" alt=\"\"  srcset=\"https:\/\/lavras.tv\/site\/wp-content\/uploads\/2025\/01\/Banner_Educacao_PortallavrasTV.png 720w, https:\/\/lavras.tv\/site\/wp-content\/uploads\/2025\/01\/Banner_Educacao_PortallavrasTV-470x68.png 470w, https:\/\/lavras.tv\/site\/wp-content\/uploads\/2025\/01\/Banner_Educacao_PortallavrasTV-170x25.png 170w, https:\/\/lavras.tv\/site\/wp-content\/uploads\/2025\/01\/Banner_Educacao_PortallavrasTV-200x29.png 200w\" sizes=\"(max-width: 720px) 100vw, 720px\" width=\"720\" height=\"104\"  style=\"display: inline-block;\" \/><\/a><\/div><\/li><li><a href=\"https:\/\/sistemas.lavras.mg.gov.br\/portalcidadao\/#df1b1a7c7b2a290bcb31e32771e610784662739a88807c0dacac58ede5f391a7530e299dc302d611ee73cb143fc22eaf93592e53e7b5bdb01b00a0b8d28dae460c141dd2ff83412e4dc1c31b16b25f33144a9e5620ea73b13f5bc1c59411d98439ad226e8af03840603796067d87afe130812cf3de24982d0e306f9e61e764e5\" aria-label=\"Banner_Sa\u00fade_PortallavrasTV\"><img src=\"https:\/\/lavras.tv\/site\/wp-content\/uploads\/2025\/03\/Banner_Saude_PortallavrasTV.png\" alt=\"\"  srcset=\"https:\/\/lavras.tv\/site\/wp-content\/uploads\/2025\/03\/Banner_Saude_PortallavrasTV.png 720w, https:\/\/lavras.tv\/site\/wp-content\/uploads\/2025\/03\/Banner_Saude_PortallavrasTV-470x68.png 470w, https:\/\/lavras.tv\/site\/wp-content\/uploads\/2025\/03\/Banner_Saude_PortallavrasTV-170x25.png 170w, https:\/\/lavras.tv\/site\/wp-content\/uploads\/2025\/03\/Banner_Saude_PortallavrasTV-200x29.png 200w\" sizes=\"(max-width: 720px) 100vw, 720px\" width=\"720\" height=\"104\"   \/><\/a><\/li><li><div id=\"lavra-2857382052\" style=\"width:720px;height:104px;background-color:#ddd;overflow:scroll;\">\n\t<strong>Sa\u00edda da depura\u00e7\u00e3o de an\u00fancios<\/strong>\n\t<br><br>\n\tO an\u00fancio n\u00e3o \u00e9 exibido na p\u00e1gina<br><br>post atual: Come\u00e7ou a campanha de multivacina\u00e7\u00e3o para crian\u00e7as e adolescentes, ID: 2341<br><br><span style=\"color: red;\">O post atual n\u00e3o \u00e9 id\u00eantico ao post principal.<\/span><br><br>An\u00fancios: ROXO - TOPO INTERNA - ROTATIVO 2 (197)<br \/>Grupo de an\u00fancios: Princ_Meio01_720x104 (27)<br><br>Condi\u00e7\u00f5es de exibi\u00e7\u00e3o<div style=\"margin-bottom: 20px; white-space: pre-wrap; font-family: monospace; width: 100%; background: #ffe9e9;\"><strong>condi\u00e7\u00f5es gerais<\/strong><table border=\"1\"><thead><tr><th><\/th><th>An\u00fancios<\/th><th>wp_the_query<\/th><\/tr><\/thead><tr><td>is_main_query<\/td><td>1<\/td><td>1<\/td><\/tr><tr><td>is_rest_api<\/td><td>0<\/td><td>1<\/td><\/tr><tr><td>page<\/td><td>0<\/td><td>1<\/td><\/tr><tr><td>numpages<\/td><td>0<\/td><td>1<\/td><\/tr><tr><td>is_archive<\/td><td>1<\/td><td><\/td><\/tr><tr><td>is_search<\/td><td>1<\/td><td><\/td><\/tr><tr><td>is_home<\/td><td>1<\/td><td><\/td><\/tr><tr><td>is_404<\/td><td>1<\/td><td><\/td><\/tr><tr><td>is_attachment<\/td><td>1<\/td><td><\/td><\/tr><tr><td>is_singular<\/td><td>1<\/td><td><\/td><\/tr><tr><td>is_front_page<\/td><td>1<\/td><td><\/td><\/tr><tr><td>is_feed<\/td><td>1<\/td><td><\/td><\/tr><\/table><\/div><br><br><span style=\"color: red;\">Seu site usa HTTPS, mas o c\u00f3digo do an\u00fancio cont\u00e9m HTTP e pode n\u00e3o funcionar.<\/span>\t<br><br>\n\t<a style=\"color: green;\" href=\"https:\/\/wpadvancedads.com\/manual\/ad-debug-mode\/?utm_source=advanced-ads&utm_medium=link&utm_campaign=ad-debug-mode\" target=\"_blank\" rel=\"nofollow\">Encontre solu\u00e7\u00f5es no manual<\/a>\n<\/div>\n<\/li><\/ul><\/div><script>( window.advanced_ads_ready || jQuery( document ).ready ).call( null, function() {var $lavraslider813210489 = jQuery( \".lavra-slider-813210489\" );$lavraslider813210489.on( \"unslider.ready\", function() { jQuery( \"div.custom-slider ul li\" ).css( \"display\", \"block\" ); });$lavraslider813210489.unslider({ delay:4000, autoplay:true, nav:false, arrows:false, infinite:true });$lavraslider813210489.on(\"mouseover\", function() {$lavraslider813210489.unslider(\"stop\");}).on(\"mouseout\", function() {$lavraslider813210489.unslider(\"start\");});});<\/script><\/div><p>Come\u00e7a nesta segunda-feira, dia 19,\u00a0a Campanha Nacional de Multivacina\u00e7\u00e3o 2016.<!--more--> O objetivo \u00a0\u00e9 mobilizar os pais ou respons\u00e1veis a levarem seus filhos para atualizar o cart\u00e3o de vacina\u00e7\u00e3o. Este ano, a a\u00e7\u00e3o ser\u00e1 voltada para menores de cinco anos, para crian\u00e7as de nove anos e adolescentes de 10 a 15 anos incompletos. Para isso, o Minist\u00e9rio da Sa\u00fade enviou 19,2 milh\u00f5es de doses extras de 14 vacinas para os postos de sa\u00fade de todo o pa\u00eds.<br \/>\n\u201cNeste ano, estamos incluindo os adolescentes porque esse grupo priorit\u00e1rio \u00e9 um dos apresenta uma maior resist\u00eancia a se vacinar. Al\u00e9m disso, muitos pais acreditam que n\u00e3o h\u00e1 necessidade de imunizar os filhos nesta faixa et\u00e1ria\u201d explicou o Ministro da Sa\u00fade, Ricardo Barros. Segundo o Ministro, com a campanha ser\u00e3o atualizadas 14 vacinas nesses p\u00fablicos. \u201cIsso servir\u00e1 para reduzir o n\u00famero de n\u00e3o vacinados e aumentar a cobertura vacinal nas crian\u00e7as e adolescentes\u201d, completou. Ricardo Barros refor\u00e7ou que \u00e9 fundamental que toda a popula\u00e7\u00e3o alvo compare\u00e7a aos servi\u00e7os de sa\u00fade levando a caderneta de vacina\u00e7\u00e3o, para que os profissionais de sa\u00fade possam avaliar se h\u00e1 doses que necessitam ser aplicadas.<\/p>\n<p><img fetchpriority=\"high\" decoding=\"async\" class=\"alignnone size-full wp-image-2342\" src=\"http:\/\/lavras.tv\/site\/wp-content\/uploads\/2016\/09\/vacina-crian\u00e7a.jpg\" alt=\"vacina-crianca\" width=\"800\" height=\"492\" srcset=\"https:\/\/lavras.tv\/site\/wp-content\/uploads\/2016\/09\/vacina-crian\u00e7a.jpg 800w, https:\/\/lavras.tv\/site\/wp-content\/uploads\/2016\/09\/vacina-crian\u00e7a-150x92.jpg 150w, https:\/\/lavras.tv\/site\/wp-content\/uploads\/2016\/09\/vacina-crian\u00e7a-300x185.jpg 300w\" sizes=\"(max-width: 800px) 100vw, 800px\" \/><\/p>\n<p>O dia D da mobiliza\u00e7\u00e3o nacional ser\u00e1 no s\u00e1bado, 24 de setembro, mas a campanha vai at\u00e9 30 de setembro.\u00a0Com a campanha de vacina\u00e7\u00e3o, o Minist\u00e9rio espera a redu\u00e7\u00e3o das doen\u00e7as imunopreven\u00edveis no pa\u00eds e diminuir o abandono \u00e0 vacina\u00e7\u00e3o. Como a vacina\u00e7\u00e3o ser\u00e1 de forma seletiva para a popula\u00e7\u00e3o alvo, n\u00e3o h\u00e1 meta a ser alcan\u00e7ada.<\/p>\n<p><strong>MUDAN\u00c7AS NO CALEND\u00c1RIO &#8211; <\/strong>Em janeiro de 2016, o minist\u00e9rio promoveu altera\u00e7\u00e3o no esquema vacinal de quatro vacinas: poliomielite, HPV, meningoc\u00f3cica C (conjugada) e pneumoc\u00f3cica 10 valente. O Calend\u00e1rio Nacional de Vacina\u00e7\u00e3o tem altera\u00e7\u00f5es rotineiras e peri\u00f3dicas em fun\u00e7\u00e3o de mudan\u00e7a na situa\u00e7\u00e3o epidemiol\u00f3gica, nas indica\u00e7\u00f5es das vacinas ou na incorpora\u00e7\u00e3o de novas vacinas. Mudan\u00e7as deste ano:<\/p>\n<p><strong>POLIOMIELITE &#8211; <\/strong>O esquema vacinal contra a poliomielite passou a ser de tr\u00eas doses da vacina injet\u00e1vel \u2013 VIP (2, 4 e 6 meses) e mais duas doses de refor\u00e7o com a vacina oral \u2013 VOP (gotinha). At\u00e9 2015, o esquema era de duas injet\u00e1veis (VIP) e tr\u00eas orais (VOP). A mudan\u00e7a est\u00e1 de acordo com a orienta\u00e7\u00e3o da Organiza\u00e7\u00e3o Mundial de Sa\u00fade (OMS) e como parte do processo de erradica\u00e7\u00e3o mundial da p\u00f3lio. Vale ressaltar que essa substitui\u00e7\u00e3o n\u00e3o prejudica a prote\u00e7\u00e3o das crian\u00e7as, que j\u00e1 ficam imunizadas com as tr\u00eas doses injet\u00e1veis.<\/p>\n<p><strong>HPV &#8211; <\/strong>O esquema vacinal passou de tr\u00eas para duas doses, com intervalo de seis meses entre elas. Os estudos recentes mostram que o esquema com duas doses apresenta uma resposta de anticorpos em meninas saud\u00e1veis de 9 a 14 anos n\u00e3o inferior quando comparada com a resposta imune de mulheres de 15 a 25 anos que receberam tr\u00eas doses. As mulheres vivendo com HIV entre 9 a 26 anos devem continuar recebendo o esquema de tr\u00eas doses.<\/p>\n<p><strong>MENINGOC\u00d3CICA &#8211; <\/strong>O refor\u00e7o, que anteriormente era administrado aos 15 meses, passou a ser administrado aos 12 meses, preferencialmente, podendo ser feito at\u00e9 os 4 anos. As primeiras doses da meningoc\u00f3cica continuam sendo realizadas aos 3 e 5 meses.<\/p>\n<p><strong>PNEUMOC\u00d3CICA- <\/strong>Redu\u00e7\u00e3o de uma dose na vacina pneumoc\u00f3cica 10 valente. Passou a ser administrada em duas doses, aos 2 e 4 meses, com um refor\u00e7o preferencialmente aos 12 meses, que pode ser recebido at\u00e9 os 4 anos. Essa recomenda\u00e7\u00e3o tamb\u00e9m foi tomada em virtude dos estudos mostrarem que o esquema de duas doses mais um refor\u00e7o tem a mesma efetividade do esquema tr\u00eas doses mais um refor\u00e7o.<\/p>\n<p><strong>PNI &#8211; <\/strong>Atualmente, o Programa Nacional de Imuniza\u00e7\u00f5es (PNI) distribui cerca de 300 milh\u00f5es de imunobiol\u00f3gicos anualmente, dentre vacinas e soros, al\u00e9m de oferecer \u00e0 popula\u00e7\u00e3o todas as vacinas recomendadas pela Organiza\u00e7\u00e3o Mundial da Sa\u00fade (OMS) no Calend\u00e1rio Nacional de Vacina\u00e7\u00e3o. Nos \u00faltimos cinco anos, o or\u00e7amento do PNI cresceu mais de 140%, passando de R$ 1,2 bilh\u00e3o, em 2010, para R$ 2,9 bilh\u00f5es, em 2015.<\/p>\n<p>&nbsp;<\/p>\n<p>Fonte: Minist\u00e9rio da Sa\u00fade<\/p>\n","protected":false},"excerpt":{"rendered":"<p>Come\u00e7a nesta segunda-feira, dia 19,\u00a0a Campanha Nacional de Multivacina\u00e7\u00e3o 2016.<\/p>\n","protected":false},"author":2,"featured_media":2342,"comment_status":"closed","ping_status":"open","sticky":false,"template":"","format":"standard","meta":{"advgb_blocks_editor_width":"","advgb_blocks_columns_visual_guide":"","_exactmetrics_skip_tracking":false,"_exactmetrics_sitenote_active":false,"_exactmetrics_sitenote_note":"","_exactmetrics_sitenote_category":0,"footnotes":""},"categories":[7,2],"tags":[161,825,791,826,792],"class_list":["post-2341","post","type-post","status-publish","format-standard","has-post-thumbnail","hentry","category-destaques","category-noticias","tag-adm-publica-ufla","tag-campanha-nacional-de-multivacinacao-2016","tag-carreta-furacao","tag-postos-de-saude","tag-ze-gotinha"],"better_featured_image":{"id":2342,"alt_text":"","caption":"","description":"","media_type":"image","media_details":{"width":800,"height":492,"file":"2016\/09\/vacina-crian\u00e7a.jpg","sizes":{"thumbnail":{"file":"vacina-crian\u00e7a-150x92.jpg","width":150,"height":92,"mime-type":"image\/jpeg","source_url":"https:\/\/lavras.tv\/site\/wp-content\/uploads\/2016\/09\/vacina-crian\u00e7a-150x92.jpg"},"medium":{"file":"vacina-crian\u00e7a-300x185.jpg","width":300,"height":185,"mime-type":"image\/jpeg","source_url":"https:\/\/lavras.tv\/site\/wp-content\/uploads\/2016\/09\/vacina-crian\u00e7a-300x185.jpg"},"featured-slider-img":{"file":"vacina-crian\u00e7a-640x480.jpg","width":640,"height":480,"mime-type":"image\/jpeg","source_url":"https:\/\/lavras.tv\/site\/wp-content\/uploads\/2016\/09\/vacina-crian\u00e7a-640x480.jpg"},"featured-post-img":{"file":"vacina-crian\u00e7a-480x320.jpg","width":480,"height":320,"mime-type":"image\/jpeg","source_url":"https:\/\/lavras.tv\/site\/wp-content\/uploads\/2016\/09\/vacina-crian\u00e7a-480x320.jpg"},"sow-carousel-default":{"file":"vacina-crian\u00e7a-272x182.jpg","width":272,"height":182,"mime-type":"image\/jpeg","source_url":"https:\/\/lavras.tv\/site\/wp-content\/uploads\/2016\/09\/vacina-crian\u00e7a-272x182.jpg"}},"image_meta":{"aperture":"0","credit":"","camera":"","caption":"","created_timestamp":"0","copyright":"","focal_length":"0","iso":"0","shutter_speed":"0","title":"","orientation":"0","keywords":[]}},"post":2341,"source_url":"https:\/\/lavras.tv\/site\/wp-content\/uploads\/2016\/09\/vacina-crian\u00e7a.jpg"},"author_meta":{"display_name":"Lavras TV","author_link":"https:\/\/lavras.tv\/site\/author\/lavrastv\/"},"featured_img":"https:\/\/lavras.tv\/site\/wp-content\/uploads\/2016\/09\/vacina-crian\u00e7a-300x185.jpg","coauthors":[],"tax_additional":{"categories":{"linked":["<a href=\"https:\/\/lavras.tv\/site\/category\/destaques\/\" class=\"advgb-post-tax-term\">Destaques<\/a>","<a href=\"https:\/\/lavras.tv\/site\/category\/noticias\/\" class=\"advgb-post-tax-term\">Not\u00edcias<\/a>"],"unlinked":["<span class=\"advgb-post-tax-term\">Destaques<\/span>","<span class=\"advgb-post-tax-term\">Not\u00edcias<\/span>"]},"tags":{"linked":["<a href=\"https:\/\/lavras.tv\/site\/category\/noticias\/\" class=\"advgb-post-tax-term\">adm publica ufla<\/a>","<a href=\"https:\/\/lavras.tv\/site\/category\/noticias\/\" class=\"advgb-post-tax-term\">Campanha Nacional de Multivacina\u00e7\u00e3o 2016<\/a>","<a href=\"https:\/\/lavras.tv\/site\/category\/noticias\/\" class=\"advgb-post-tax-term\">carreta furac\u00e3o<\/a>","<a href=\"https:\/\/lavras.tv\/site\/category\/noticias\/\" class=\"advgb-post-tax-term\">Postos de Sa\u00fade<\/a>","<a href=\"https:\/\/lavras.tv\/site\/category\/noticias\/\" class=\"advgb-post-tax-term\">z\u00e9 gotinha<\/a>"],"unlinked":["<span class=\"advgb-post-tax-term\">adm publica ufla<\/span>","<span class=\"advgb-post-tax-term\">Campanha Nacional de Multivacina\u00e7\u00e3o 2016<\/span>","<span class=\"advgb-post-tax-term\">carreta furac\u00e3o<\/span>","<span class=\"advgb-post-tax-term\">Postos de Sa\u00fade<\/span>","<span class=\"advgb-post-tax-term\">z\u00e9 gotinha<\/span>"]}},"comment_count":"0","relative_dates":{"created":"Publicado 10 anos atr\u00e1s","modified":"Atualizado 10 anos atr\u00e1s"},"absolute_dates":{"created":"Publicado em 19 de setembro de 2016","modified":"Atualizado em 19 de setembro de 2016"},"absolute_dates_time":{"created":"Publicado em 19 de setembro de 2016 08:45","modified":"Atualizado em 19 de setembro de 2016 08:45"},"featured_img_caption":"","series_order":"","_links":{"self":[{"href":"https:\/\/lavras.tv\/site\/wp-json\/wp\/v2\/posts\/2341","targetHints":{"allow":["GET"]}}],"collection":[{"href":"https:\/\/lavras.tv\/site\/wp-json\/wp\/v2\/posts"}],"about":[{"href":"https:\/\/lavras.tv\/site\/wp-json\/wp\/v2\/types\/post"}],"author":[{"embeddable":true,"href":"https:\/\/lavras.tv\/site\/wp-json\/wp\/v2\/users\/2"}],"replies":[{"embeddable":true,"href":"https:\/\/lavras.tv\/site\/wp-json\/wp\/v2\/comments?post=2341"}],"version-history":[{"count":1,"href":"https:\/\/lavras.tv\/site\/wp-json\/wp\/v2\/posts\/2341\/revisions"}],"predecessor-version":[{"id":2343,"href":"https:\/\/lavras.tv\/site\/wp-json\/wp\/v2\/posts\/2341\/revisions\/2343"}],"wp:featuredmedia":[{"embeddable":true,"href":"https:\/\/lavras.tv\/site\/wp-json\/wp\/v2\/media\/2342"}],"wp:attachment":[{"href":"https:\/\/lavras.tv\/site\/wp-json\/wp\/v2\/media?parent=2341"}],"wp:term":[{"taxonomy":"category","embeddable":true,"href":"https:\/\/lavras.tv\/site\/wp-json\/wp\/v2\/categories?post=2341"},{"taxonomy":"post_tag","embeddable":true,"href":"https:\/\/lavras.tv\/site\/wp-json\/wp\/v2\/tags?post=2341"}],"curies":[{"name":"wp","href":"https:\/\/api.w.org\/{rel}","templated":true}]}}