{"id":2354,"date":"2016-09-19T10:02:28","date_gmt":"2016-09-19T13:02:28","guid":{"rendered":"http:\/\/lavras.tv\/site\/?p=2354"},"modified":"2016-09-23T11:24:50","modified_gmt":"2016-09-23T14:24:50","slug":"informe-publicitario-curso-de-neurociencia-aplicada-a-educacao-esta-com-inscricoes-abertas","status":"publish","type":"post","link":"https:\/\/lavras.tv\/site\/2016\/09\/19\/informe-publicitario-curso-de-neurociencia-aplicada-a-educacao-esta-com-inscricoes-abertas\/","title":{"rendered":"[Informe Publicit\u00e1rio] Curso de Neuroci\u00eancia aplicada \u00e0 educa\u00e7\u00e3o est\u00e1 com inscri\u00e7\u00f5es abertas"},"content":{"rendered":"<div class=\"lavra-antes-do-conteudo_2\" id=\"lavra-834238879\"><div id=\"lavra-slider-27\" class=\"custom-slider lavra-slider-3580312406 lavra-slider\"><ul><li><div style=\"margin-left: auto;margin-right: auto;text-align: center;\" id=\"lavra-1285852551\"><a href=\"https:\/\/sistemas.lavras.mg.gov.br\/portalcidadao\/#df1b1a7c7b2a290bcb31e32771e610784662739a88807c0dacac58ede5f391a7530e299dc302d611ee73cb143fc22eaf93592e53e7b5bdb01b00a0b8d28dae460c141dd2ff83412e4dc1c31b16b25f33144a9e5620ea73b13f5bc1c59411d98439ad226e8af03840603796067d87afe130812cf3de24982d0e306f9e61e764e5\" aria-label=\"Lavras-TV&#8211;720x104px (1) (1)\"><img src=\"https:\/\/lavras.tv\/site\/wp-content\/uploads\/2025\/01\/Lavras-TV-720x104px-1-1.png\" alt=\"\"  srcset=\"https:\/\/lavras.tv\/site\/wp-content\/uploads\/2025\/01\/Lavras-TV-720x104px-1-1.png 720w, https:\/\/lavras.tv\/site\/wp-content\/uploads\/2025\/01\/Lavras-TV-720x104px-1-1-470x68.png 470w, https:\/\/lavras.tv\/site\/wp-content\/uploads\/2025\/01\/Lavras-TV-720x104px-1-1-170x25.png 170w, https:\/\/lavras.tv\/site\/wp-content\/uploads\/2025\/01\/Lavras-TV-720x104px-1-1-200x29.png 200w\" sizes=\"(max-width: 720px) 100vw, 720px\" width=\"720\" height=\"104\"  style=\"display: inline-block;\" \/><\/a><\/div><\/li><li><a href=\"https:\/\/sistemas.lavras.mg.gov.br\/portalcidadao\/#df1b1a7c7b2a290bcb31e32771e610784662739a88807c0dacac58ede5f391a7530e299dc302d611ee73cb143fc22eaf93592e53e7b5bdb01b00a0b8d28dae460c141dd2ff83412e4dc1c31b16b25f33144a9e5620ea73b13f5bc1c59411d98439ad226e8af03840603796067d87afe130812cf3de24982d0e306f9e61e764e5\" aria-label=\"Banner_Emprego_PortallavrasTV\"><img src=\"https:\/\/lavras.tv\/site\/wp-content\/uploads\/2025\/03\/Banner_Emprego_PortallavrasTV.png\" alt=\"\"  srcset=\"https:\/\/lavras.tv\/site\/wp-content\/uploads\/2025\/03\/Banner_Emprego_PortallavrasTV.png 720w, https:\/\/lavras.tv\/site\/wp-content\/uploads\/2025\/03\/Banner_Emprego_PortallavrasTV-470x68.png 470w, https:\/\/lavras.tv\/site\/wp-content\/uploads\/2025\/03\/Banner_Emprego_PortallavrasTV-170x25.png 170w, https:\/\/lavras.tv\/site\/wp-content\/uploads\/2025\/03\/Banner_Emprego_PortallavrasTV-200x29.png 200w\" sizes=\"(max-width: 720px) 100vw, 720px\" width=\"720\" height=\"104\"   \/><\/a><\/li><li><a href=\"https:\/\/sistemas.lavras.mg.gov.br\/portalcidadao\/#df1b1a7c7b2a290bcb31e32771e610784662739a88807c0dacac58ede5f391a7530e299dc302d611ee73cb143fc22eaf93592e53e7b5bdb01b00a0b8d28dae460c141dd2ff83412e4dc1c31b16b25f33144a9e5620ea73b13f5bc1c59411d98439ad226e8af03840603796067d87afe130812cf3de24982d0e306f9e61e764e5\" aria-label=\"Banner_Obras_PortallavrasTV\"><img src=\"https:\/\/lavras.tv\/site\/wp-content\/uploads\/2025\/03\/Banner_Obras_PortallavrasTV.png\" alt=\"\"  srcset=\"https:\/\/lavras.tv\/site\/wp-content\/uploads\/2025\/03\/Banner_Obras_PortallavrasTV.png 720w, https:\/\/lavras.tv\/site\/wp-content\/uploads\/2025\/03\/Banner_Obras_PortallavrasTV-470x68.png 470w, https:\/\/lavras.tv\/site\/wp-content\/uploads\/2025\/03\/Banner_Obras_PortallavrasTV-170x25.png 170w, https:\/\/lavras.tv\/site\/wp-content\/uploads\/2025\/03\/Banner_Obras_PortallavrasTV-200x29.png 200w\" sizes=\"(max-width: 720px) 100vw, 720px\" width=\"720\" height=\"104\"   \/><\/a><\/li><li><div style=\"margin-left: auto;margin-right: auto;text-align: center;\" id=\"lavra-3160397615\"><a href=\"https:\/\/sistemas.lavras.mg.gov.br\/portalcidadao\/#df1b1a7c7b2a290bcb31e32771e610784662739a88807c0dacac58ede5f391a7530e299dc302d611ee73cb143fc22eaf93592e53e7b5bdb01b00a0b8d28dae460c141dd2ff83412e4dc1c31b16b25f33144a9e5620ea73b13f5bc1c59411d98439ad226e8af03840603796067d87afe130812cf3de24982d0e306f9e61e764e5\" aria-label=\"Banner_Educa\u00e7\u00e3o_PortallavrasTV\"><img src=\"https:\/\/lavras.tv\/site\/wp-content\/uploads\/2025\/01\/Banner_Educacao_PortallavrasTV.png\" alt=\"\"  srcset=\"https:\/\/lavras.tv\/site\/wp-content\/uploads\/2025\/01\/Banner_Educacao_PortallavrasTV.png 720w, https:\/\/lavras.tv\/site\/wp-content\/uploads\/2025\/01\/Banner_Educacao_PortallavrasTV-470x68.png 470w, https:\/\/lavras.tv\/site\/wp-content\/uploads\/2025\/01\/Banner_Educacao_PortallavrasTV-170x25.png 170w, https:\/\/lavras.tv\/site\/wp-content\/uploads\/2025\/01\/Banner_Educacao_PortallavrasTV-200x29.png 200w\" sizes=\"(max-width: 720px) 100vw, 720px\" width=\"720\" height=\"104\"  style=\"display: inline-block;\" \/><\/a><\/div><\/li><li><a href=\"https:\/\/sistemas.lavras.mg.gov.br\/portalcidadao\/#df1b1a7c7b2a290bcb31e32771e610784662739a88807c0dacac58ede5f391a7530e299dc302d611ee73cb143fc22eaf93592e53e7b5bdb01b00a0b8d28dae460c141dd2ff83412e4dc1c31b16b25f33144a9e5620ea73b13f5bc1c59411d98439ad226e8af03840603796067d87afe130812cf3de24982d0e306f9e61e764e5\" aria-label=\"Banner_Sa\u00fade_PortallavrasTV\"><img src=\"https:\/\/lavras.tv\/site\/wp-content\/uploads\/2025\/03\/Banner_Saude_PortallavrasTV.png\" alt=\"\"  srcset=\"https:\/\/lavras.tv\/site\/wp-content\/uploads\/2025\/03\/Banner_Saude_PortallavrasTV.png 720w, https:\/\/lavras.tv\/site\/wp-content\/uploads\/2025\/03\/Banner_Saude_PortallavrasTV-470x68.png 470w, https:\/\/lavras.tv\/site\/wp-content\/uploads\/2025\/03\/Banner_Saude_PortallavrasTV-170x25.png 170w, https:\/\/lavras.tv\/site\/wp-content\/uploads\/2025\/03\/Banner_Saude_PortallavrasTV-200x29.png 200w\" sizes=\"(max-width: 720px) 100vw, 720px\" width=\"720\" height=\"104\"   \/><\/a><\/li><li><div id=\"lavra-1090261778\" style=\"width:720px;height:104px;background-color:#ddd;overflow:scroll;\">\n\t<strong>Sa\u00edda da depura\u00e7\u00e3o de an\u00fancios<\/strong>\n\t<br><br>\n\tO an\u00fancio n\u00e3o \u00e9 exibido na p\u00e1gina<br><br>post atual: [Informe Publicit\u00e1rio] Curso de Neuroci\u00eancia aplicada \u00e0 educa\u00e7\u00e3o est\u00e1 com inscri\u00e7\u00f5es abertas, ID: 2354<br><br><span style=\"color: red;\">O post atual n\u00e3o \u00e9 id\u00eantico ao post principal.<\/span><br><br>An\u00fancios: ROXO - TOPO INTERNA - ROTATIVO 2 (197)<br \/>Grupo de an\u00fancios: Princ_Meio01_720x104 (27)<br><br>Condi\u00e7\u00f5es de exibi\u00e7\u00e3o<div style=\"margin-bottom: 20px; white-space: pre-wrap; font-family: monospace; width: 100%; background: #ffe9e9;\"><strong>condi\u00e7\u00f5es gerais<\/strong><table border=\"1\"><thead><tr><th><\/th><th>An\u00fancios<\/th><th>wp_the_query<\/th><\/tr><\/thead><tr><td>is_main_query<\/td><td>1<\/td><td>1<\/td><\/tr><tr><td>is_rest_api<\/td><td>0<\/td><td>1<\/td><\/tr><tr><td>page<\/td><td>0<\/td><td>1<\/td><\/tr><tr><td>numpages<\/td><td>0<\/td><td>1<\/td><\/tr><tr><td>is_archive<\/td><td>1<\/td><td><\/td><\/tr><tr><td>is_search<\/td><td>1<\/td><td><\/td><\/tr><tr><td>is_home<\/td><td>1<\/td><td><\/td><\/tr><tr><td>is_404<\/td><td>1<\/td><td><\/td><\/tr><tr><td>is_attachment<\/td><td>1<\/td><td><\/td><\/tr><tr><td>is_singular<\/td><td>1<\/td><td><\/td><\/tr><tr><td>is_front_page<\/td><td>1<\/td><td><\/td><\/tr><tr><td>is_feed<\/td><td>1<\/td><td><\/td><\/tr><\/table><\/div><br><br><span style=\"color: red;\">Seu site usa HTTPS, mas o c\u00f3digo do an\u00fancio cont\u00e9m HTTP e pode n\u00e3o funcionar.<\/span>\t<br><br>\n\t<a style=\"color: green;\" href=\"https:\/\/wpadvancedads.com\/manual\/ad-debug-mode\/?utm_source=advanced-ads&utm_medium=link&utm_campaign=ad-debug-mode\" target=\"_blank\" rel=\"nofollow\">Encontre solu\u00e7\u00f5es no manual<\/a>\n<\/div>\n<\/li><\/ul><\/div><script>( window.advanced_ads_ready || jQuery( document ).ready ).call( null, function() {var $lavraslider3580312406 = jQuery( \".lavra-slider-3580312406\" );$lavraslider3580312406.on( \"unslider.ready\", function() { jQuery( \"div.custom-slider ul li\" ).css( \"display\", \"block\" ); });$lavraslider3580312406.unslider({ delay:4000, autoplay:true, nav:false, arrows:false, infinite:true });$lavraslider3580312406.on(\"mouseover\", function() {$lavraslider3580312406.unslider(\"stop\");}).on(\"mouseout\", function() {$lavraslider3580312406.unslider(\"start\");});});<\/script><\/div><p>Ol\u00e1! Tudo bem?<\/p>\n<p>Voc\u00ea\u00a0\u00e9 professor, coordenador pedag\u00f3gico, pedagogo, estudante do comportamento humano ou trabalha com educa\u00e7\u00e3o de alguma maneira?<\/p>\n<p>Ent\u00e3o temos uma novidade para voc\u00ea!<\/p>\n<p>Compreender um pouco o funcionamento cerebral, as emo\u00e7\u00f5es, a aprendizagem e as estrat\u00e9gias que favorecem o comportamento dos alunos\u00a0\u00e9 essencial para educadores preocupados com os resultados da aprendizagem e da fideliza\u00e7\u00e3o..<\/p>\n<p>Pensando nisso e por termos a miss\u00e3o de\u00a0<em>Transformar a Vida das Pessoas Atrav\u00e9s da Educa\u00e7\u00e3o<\/em>, n\u00f3s desenvolvemos o\u00a0Curso Presencial\u00a0Neuroci\u00eancia Aplicada \u00e0 Educa\u00e7\u00e3o!<\/p>\n<p><strong>Neuroci\u00eancia<\/strong><\/p>\n<p>A\u00a0Neuroci\u00eancia Aplicada \u00e0 Educa\u00e7\u00e3o tem como objetivo aprofundar o entendimento sobre os mecanismos neurais relacionados ao aprendizado, mem\u00f3ria, aten\u00e7\u00e3o, autorregula\u00e7\u00e3o (comportamentos de risco) e fun\u00e7\u00f5es executivas (tomada de decis\u00e3o, planejamento, racioc\u00ednio l\u00f3gico, entre outros), a fim de melhorar e instrumentalizar a pr\u00e1tica dos profissionais que atuam no contexto educacional.<\/p>\n<p><strong>Simone Paccanaro<\/strong><\/p>\n<p class=\"font_8\">Simone Paccanaro \u00e9 Consultora Educacional e Palestrante.\u00a0 Graduada em Letras, com MBA em Gest\u00e3o de Pessoas, especialista em Programa\u00e7\u00e3o Neurolingu\u00edstica (PNL) e em Neurolingu\u00edstica e Neuroci\u00eancia aplicada \u00e0 Educa\u00e7\u00e3o.Coach certificada pela Sociedade Brasileira de Coaching.\u00a0\u00c9 Consultora e Treinadora, com especializa\u00e7\u00e3o em TESOL pela King George College Canad\u00e1 e Certificado de Profici\u00eancia pela BYU EUA.<\/p>\n<p class=\"font_8\"><u>Temos poucas vagas para a pr\u00f3xima turma de SETEMBRO!\u00a0<strong>Reserve logo a SUA!<\/strong><\/u><\/p>\n<p>Para clientes com o voucher Tutor&amp;All<br \/>\n<strong><span style=\"color: #ff0000;\">50% de b\u00f4nus na sua inscri\u00e7\u00e3o!<\/span><\/strong><br \/>\n(Restam poucas vagas de\u00a0<s>R$\u00a0380,00<\/s>\u00a0por\u00a0<strong>R$180,00\u00a0e tamb\u00e9m\u00a0parcelamos em 2X \u00a0de R$100,00)<\/strong><br \/>\nINFORMA\u00c7\u00d5ES: TEL.: 35 3821-0589<br \/>\nTUTOR&amp;ALL<br \/>\n<strong>Professora:<\/strong>\u00a0Simone Paccanaro (<a href=\"http:\/\/www.simonepaccanaro.com.br\/\" target=\"_blank\" rel=\"noreferrer\" data-saferedirecturl=\"https:\/\/www.google.com\/url?hl=pt-BR&amp;q=http:\/\/www.simonepaccanaro.com.br\/&amp;source=gmail&amp;ust=1474375500876000&amp;usg=AFQjCNGUloImGv7BsGeWk0hcfEHAPe86qA\">www.simonepaccanaro.com.br<\/a>)<\/p>\n<p class=\"font_8\"><img fetchpriority=\"high\" decoding=\"async\" class=\"alignnone size-full wp-image-2355\" src=\"http:\/\/lavras.tv\/site\/wp-content\/uploads\/2016\/09\/CORPO-DE-TEXTO-curso.jpg\" alt=\"corpo-de-texto-curso\" width=\"3508\" height=\"3321\" srcset=\"https:\/\/lavras.tv\/site\/wp-content\/uploads\/2016\/09\/CORPO-DE-TEXTO-curso.jpg 3508w, https:\/\/lavras.tv\/site\/wp-content\/uploads\/2016\/09\/CORPO-DE-TEXTO-curso-150x142.jpg 150w, https:\/\/lavras.tv\/site\/wp-content\/uploads\/2016\/09\/CORPO-DE-TEXTO-curso-300x284.jpg 300w, https:\/\/lavras.tv\/site\/wp-content\/uploads\/2016\/09\/CORPO-DE-TEXTO-curso-1024x969.jpg 1024w\" sizes=\"(max-width: 3508px) 100vw, 3508px\" \/><\/p>\n","protected":false},"excerpt":{"rendered":"<p>Ol\u00e1! Tudo bem? Voc\u00ea\u00a0\u00e9 professor, coordenador pedag\u00f3gico, pedagogo, estudante do comportamento humano ou trabalha com educa\u00e7\u00e3o de alguma maneira? Ent\u00e3o temos uma novidade para voc\u00ea! Compreender um pouco o funcionamento cerebral, as emo\u00e7\u00f5es, a aprendizagem e as estrat\u00e9gias que favorecem o comportamento dos alunos\u00a0\u00e9 essencial para educadores preocupados com os resultados da aprendizagem e da [&hellip;]<\/p>\n","protected":false},"author":2,"featured_media":2359,"comment_status":"closed","ping_status":"open","sticky":false,"template":"","format":"standard","meta":{"advgb_blocks_editor_width":"","advgb_blocks_columns_visual_guide":"","_exactmetrics_skip_tracking":false,"_exactmetrics_sitenote_active":false,"_exactmetrics_sitenote_note":"","_exactmetrics_sitenote_category":0,"footnotes":""},"categories":[7,2],"tags":[833,44,830,831,832],"class_list":["post-2354","post","type-post","status-publish","format-standard","has-post-thumbnail","hentry","category-destaques","category-noticias","tag-admissao-pre-vestibular-e-concursos","tag-lavras-mg","tag-neurociencia-aplicada-a-eduacao","tag-simone-paccanaro","tag-tutorall"],"better_featured_image":{"id":2359,"alt_text":"","caption":"","description":"","media_type":"image","media_details":{"width":1820,"height":1556,"file":"2016\/09\/capa.jpg","sizes":{"thumbnail":{"file":"capa-150x128.jpg","width":150,"height":128,"mime-type":"image\/jpeg","source_url":"https:\/\/lavras.tv\/site\/wp-content\/uploads\/2016\/09\/capa-150x128.jpg"},"medium":{"file":"capa-300x256.jpg","width":300,"height":256,"mime-type":"image\/jpeg","source_url":"https:\/\/lavras.tv\/site\/wp-content\/uploads\/2016\/09\/capa-300x256.jpg"},"large":{"file":"capa-1024x875.jpg","width":1024,"height":875,"mime-type":"image\/jpeg","source_url":"https:\/\/lavras.tv\/site\/wp-content\/uploads\/2016\/09\/capa-1024x875.jpg"},"featured-slider-img":{"file":"capa-640x480.jpg","width":640,"height":480,"mime-type":"image\/jpeg","source_url":"https:\/\/lavras.tv\/site\/wp-content\/uploads\/2016\/09\/capa-640x480.jpg"},"featured-post-img":{"file":"capa-480x320.jpg","width":480,"height":320,"mime-type":"image\/jpeg","source_url":"https:\/\/lavras.tv\/site\/wp-content\/uploads\/2016\/09\/capa-480x320.jpg"},"sow-carousel-default":{"file":"capa-272x182.jpg","width":272,"height":182,"mime-type":"image\/jpeg","source_url":"https:\/\/lavras.tv\/site\/wp-content\/uploads\/2016\/09\/capa-272x182.jpg"}},"image_meta":{"aperture":"0","credit":"","camera":"","caption":"","created_timestamp":"0","copyright":"","focal_length":"0","iso":"0","shutter_speed":"0","title":"","orientation":"0","keywords":[]}},"post":2354,"source_url":"https:\/\/lavras.tv\/site\/wp-content\/uploads\/2016\/09\/capa.jpg"},"author_meta":{"display_name":"Lavras TV","author_link":"https:\/\/lavras.tv\/site\/author\/lavrastv\/"},"featured_img":"https:\/\/lavras.tv\/site\/wp-content\/uploads\/2016\/09\/capa-300x256.jpg","coauthors":[],"tax_additional":{"categories":{"linked":["<a href=\"https:\/\/lavras.tv\/site\/category\/destaques\/\" class=\"advgb-post-tax-term\">Destaques<\/a>","<a href=\"https:\/\/lavras.tv\/site\/category\/noticias\/\" class=\"advgb-post-tax-term\">Not\u00edcias<\/a>"],"unlinked":["<span class=\"advgb-post-tax-term\">Destaques<\/span>","<span class=\"advgb-post-tax-term\">Not\u00edcias<\/span>"]},"tags":{"linked":["<a href=\"https:\/\/lavras.tv\/site\/category\/noticias\/\" class=\"advgb-post-tax-term\">Admiss\u00e3o Pr\u00e9-Vestibular e Concursos<\/a>","<a href=\"https:\/\/lavras.tv\/site\/category\/noticias\/\" class=\"advgb-post-tax-term\">lavras mg<\/a>","<a href=\"https:\/\/lavras.tv\/site\/category\/noticias\/\" class=\"advgb-post-tax-term\">neuroci\u00eancia aplicada \u00e0 edua\u00e7\u00e3o<\/a>","<a href=\"https:\/\/lavras.tv\/site\/category\/noticias\/\" class=\"advgb-post-tax-term\">Simone Paccanaro<\/a>","<a href=\"https:\/\/lavras.tv\/site\/category\/noticias\/\" class=\"advgb-post-tax-term\">Tutor&amp;All<\/a>"],"unlinked":["<span class=\"advgb-post-tax-term\">Admiss\u00e3o Pr\u00e9-Vestibular e Concursos<\/span>","<span class=\"advgb-post-tax-term\">lavras mg<\/span>","<span class=\"advgb-post-tax-term\">neuroci\u00eancia aplicada \u00e0 edua\u00e7\u00e3o<\/span>","<span class=\"advgb-post-tax-term\">Simone Paccanaro<\/span>","<span class=\"advgb-post-tax-term\">Tutor&amp;All<\/span>"]}},"comment_count":"0","relative_dates":{"created":"Publicado 10 anos atr\u00e1s","modified":"Atualizado 10 anos atr\u00e1s"},"absolute_dates":{"created":"Publicado em 19 de setembro de 2016","modified":"Atualizado em 23 de setembro de 2016"},"absolute_dates_time":{"created":"Publicado em 19 de setembro de 2016 10:02","modified":"Atualizado em 23 de setembro de 2016 11:24"},"featured_img_caption":"","series_order":"","_links":{"self":[{"href":"https:\/\/lavras.tv\/site\/wp-json\/wp\/v2\/posts\/2354","targetHints":{"allow":["GET"]}}],"collection":[{"href":"https:\/\/lavras.tv\/site\/wp-json\/wp\/v2\/posts"}],"about":[{"href":"https:\/\/lavras.tv\/site\/wp-json\/wp\/v2\/types\/post"}],"author":[{"embeddable":true,"href":"https:\/\/lavras.tv\/site\/wp-json\/wp\/v2\/users\/2"}],"replies":[{"embeddable":true,"href":"https:\/\/lavras.tv\/site\/wp-json\/wp\/v2\/comments?post=2354"}],"version-history":[{"count":2,"href":"https:\/\/lavras.tv\/site\/wp-json\/wp\/v2\/posts\/2354\/revisions"}],"predecessor-version":[{"id":2358,"href":"https:\/\/lavras.tv\/site\/wp-json\/wp\/v2\/posts\/2354\/revisions\/2358"}],"wp:featuredmedia":[{"embeddable":true,"href":"https:\/\/lavras.tv\/site\/wp-json\/wp\/v2\/media\/2359"}],"wp:attachment":[{"href":"https:\/\/lavras.tv\/site\/wp-json\/wp\/v2\/media?parent=2354"}],"wp:term":[{"taxonomy":"category","embeddable":true,"href":"https:\/\/lavras.tv\/site\/wp-json\/wp\/v2\/categories?post=2354"},{"taxonomy":"post_tag","embeddable":true,"href":"https:\/\/lavras.tv\/site\/wp-json\/wp\/v2\/tags?post=2354"}],"curies":[{"name":"wp","href":"https:\/\/api.w.org\/{rel}","templated":true}]}}