{"id":2408,"date":"2016-09-20T16:16:17","date_gmt":"2016-09-20T19:16:17","guid":{"rendered":"http:\/\/lavras.tv\/site\/?p=2408"},"modified":"2016-09-20T16:16:29","modified_gmt":"2016-09-20T19:16:29","slug":"colinha-para-votacao-ja-esta-disponivel-para-o-eleitor","status":"publish","type":"post","link":"https:\/\/lavras.tv\/site\/2016\/09\/20\/colinha-para-votacao-ja-esta-disponivel-para-o-eleitor\/","title":{"rendered":"Colinha para vota\u00e7\u00e3o j\u00e1 est\u00e1 dispon\u00edvel para o eleitor"},"content":{"rendered":"<div class=\"lavra-antes-do-conteudo_2\" id=\"lavra-891669770\"><div id=\"lavra-slider-27\" class=\"custom-slider lavra-slider-2827645060 lavra-slider\"><ul><li><div style=\"margin-left: auto;margin-right: auto;text-align: center;\" id=\"lavra-1938018801\"><a href=\"https:\/\/sistemas.lavras.mg.gov.br\/portalcidadao\/#df1b1a7c7b2a290bcb31e32771e610784662739a88807c0dacac58ede5f391a7530e299dc302d611ee73cb143fc22eaf93592e53e7b5bdb01b00a0b8d28dae460c141dd2ff83412e4dc1c31b16b25f33144a9e5620ea73b13f5bc1c59411d98439ad226e8af03840603796067d87afe130812cf3de24982d0e306f9e61e764e5\" aria-label=\"Lavras-TV&#8211;720x104px (1) (1)\"><img src=\"https:\/\/lavras.tv\/site\/wp-content\/uploads\/2025\/01\/Lavras-TV-720x104px-1-1.png\" alt=\"\"  srcset=\"https:\/\/lavras.tv\/site\/wp-content\/uploads\/2025\/01\/Lavras-TV-720x104px-1-1.png 720w, https:\/\/lavras.tv\/site\/wp-content\/uploads\/2025\/01\/Lavras-TV-720x104px-1-1-470x68.png 470w, https:\/\/lavras.tv\/site\/wp-content\/uploads\/2025\/01\/Lavras-TV-720x104px-1-1-170x25.png 170w, https:\/\/lavras.tv\/site\/wp-content\/uploads\/2025\/01\/Lavras-TV-720x104px-1-1-200x29.png 200w\" sizes=\"(max-width: 720px) 100vw, 720px\" width=\"720\" height=\"104\"  style=\"display: inline-block;\" \/><\/a><\/div><\/li><li><a href=\"https:\/\/sistemas.lavras.mg.gov.br\/portalcidadao\/#df1b1a7c7b2a290bcb31e32771e610784662739a88807c0dacac58ede5f391a7530e299dc302d611ee73cb143fc22eaf93592e53e7b5bdb01b00a0b8d28dae460c141dd2ff83412e4dc1c31b16b25f33144a9e5620ea73b13f5bc1c59411d98439ad226e8af03840603796067d87afe130812cf3de24982d0e306f9e61e764e5\" aria-label=\"Banner_Emprego_PortallavrasTV\"><img src=\"https:\/\/lavras.tv\/site\/wp-content\/uploads\/2025\/03\/Banner_Emprego_PortallavrasTV.png\" alt=\"\"  srcset=\"https:\/\/lavras.tv\/site\/wp-content\/uploads\/2025\/03\/Banner_Emprego_PortallavrasTV.png 720w, https:\/\/lavras.tv\/site\/wp-content\/uploads\/2025\/03\/Banner_Emprego_PortallavrasTV-470x68.png 470w, https:\/\/lavras.tv\/site\/wp-content\/uploads\/2025\/03\/Banner_Emprego_PortallavrasTV-170x25.png 170w, https:\/\/lavras.tv\/site\/wp-content\/uploads\/2025\/03\/Banner_Emprego_PortallavrasTV-200x29.png 200w\" sizes=\"(max-width: 720px) 100vw, 720px\" width=\"720\" height=\"104\"   \/><\/a><\/li><li><a href=\"https:\/\/sistemas.lavras.mg.gov.br\/portalcidadao\/#df1b1a7c7b2a290bcb31e32771e610784662739a88807c0dacac58ede5f391a7530e299dc302d611ee73cb143fc22eaf93592e53e7b5bdb01b00a0b8d28dae460c141dd2ff83412e4dc1c31b16b25f33144a9e5620ea73b13f5bc1c59411d98439ad226e8af03840603796067d87afe130812cf3de24982d0e306f9e61e764e5\" aria-label=\"Banner_Obras_PortallavrasTV\"><img src=\"https:\/\/lavras.tv\/site\/wp-content\/uploads\/2025\/03\/Banner_Obras_PortallavrasTV.png\" alt=\"\"  srcset=\"https:\/\/lavras.tv\/site\/wp-content\/uploads\/2025\/03\/Banner_Obras_PortallavrasTV.png 720w, https:\/\/lavras.tv\/site\/wp-content\/uploads\/2025\/03\/Banner_Obras_PortallavrasTV-470x68.png 470w, https:\/\/lavras.tv\/site\/wp-content\/uploads\/2025\/03\/Banner_Obras_PortallavrasTV-170x25.png 170w, https:\/\/lavras.tv\/site\/wp-content\/uploads\/2025\/03\/Banner_Obras_PortallavrasTV-200x29.png 200w\" sizes=\"(max-width: 720px) 100vw, 720px\" width=\"720\" height=\"104\"   \/><\/a><\/li><li><div style=\"margin-left: auto;margin-right: auto;text-align: center;\" id=\"lavra-31737011\"><a href=\"https:\/\/sistemas.lavras.mg.gov.br\/portalcidadao\/#df1b1a7c7b2a290bcb31e32771e610784662739a88807c0dacac58ede5f391a7530e299dc302d611ee73cb143fc22eaf93592e53e7b5bdb01b00a0b8d28dae460c141dd2ff83412e4dc1c31b16b25f33144a9e5620ea73b13f5bc1c59411d98439ad226e8af03840603796067d87afe130812cf3de24982d0e306f9e61e764e5\" aria-label=\"Banner_Educa\u00e7\u00e3o_PortallavrasTV\"><img src=\"https:\/\/lavras.tv\/site\/wp-content\/uploads\/2025\/01\/Banner_Educacao_PortallavrasTV.png\" alt=\"\"  srcset=\"https:\/\/lavras.tv\/site\/wp-content\/uploads\/2025\/01\/Banner_Educacao_PortallavrasTV.png 720w, https:\/\/lavras.tv\/site\/wp-content\/uploads\/2025\/01\/Banner_Educacao_PortallavrasTV-470x68.png 470w, https:\/\/lavras.tv\/site\/wp-content\/uploads\/2025\/01\/Banner_Educacao_PortallavrasTV-170x25.png 170w, https:\/\/lavras.tv\/site\/wp-content\/uploads\/2025\/01\/Banner_Educacao_PortallavrasTV-200x29.png 200w\" sizes=\"(max-width: 720px) 100vw, 720px\" width=\"720\" height=\"104\"  style=\"display: inline-block;\" \/><\/a><\/div><\/li><li><a href=\"https:\/\/sistemas.lavras.mg.gov.br\/portalcidadao\/#df1b1a7c7b2a290bcb31e32771e610784662739a88807c0dacac58ede5f391a7530e299dc302d611ee73cb143fc22eaf93592e53e7b5bdb01b00a0b8d28dae460c141dd2ff83412e4dc1c31b16b25f33144a9e5620ea73b13f5bc1c59411d98439ad226e8af03840603796067d87afe130812cf3de24982d0e306f9e61e764e5\" aria-label=\"Banner_Sa\u00fade_PortallavrasTV\"><img src=\"https:\/\/lavras.tv\/site\/wp-content\/uploads\/2025\/03\/Banner_Saude_PortallavrasTV.png\" alt=\"\"  srcset=\"https:\/\/lavras.tv\/site\/wp-content\/uploads\/2025\/03\/Banner_Saude_PortallavrasTV.png 720w, https:\/\/lavras.tv\/site\/wp-content\/uploads\/2025\/03\/Banner_Saude_PortallavrasTV-470x68.png 470w, https:\/\/lavras.tv\/site\/wp-content\/uploads\/2025\/03\/Banner_Saude_PortallavrasTV-170x25.png 170w, https:\/\/lavras.tv\/site\/wp-content\/uploads\/2025\/03\/Banner_Saude_PortallavrasTV-200x29.png 200w\" sizes=\"(max-width: 720px) 100vw, 720px\" width=\"720\" height=\"104\"   \/><\/a><\/li><li><div id=\"lavra-2734656931\" style=\"width:720px;height:104px;background-color:#ddd;overflow:scroll;\">\n\t<strong>Sa\u00edda da depura\u00e7\u00e3o de an\u00fancios<\/strong>\n\t<br><br>\n\tO an\u00fancio n\u00e3o \u00e9 exibido na p\u00e1gina<br><br>post atual: Colinha para vota\u00e7\u00e3o j\u00e1 est\u00e1 dispon\u00edvel para o eleitor, ID: 2408<br><br><span style=\"color: red;\">O post atual n\u00e3o \u00e9 id\u00eantico ao post principal.<\/span><br><br>An\u00fancios: ROXO - TOPO INTERNA - ROTATIVO 2 (197)<br \/>Grupo de an\u00fancios: Princ_Meio01_720x104 (27)<br><br>Condi\u00e7\u00f5es de exibi\u00e7\u00e3o<div style=\"margin-bottom: 20px; white-space: pre-wrap; font-family: monospace; width: 100%; background: #ffe9e9;\"><strong>condi\u00e7\u00f5es gerais<\/strong><table border=\"1\"><thead><tr><th><\/th><th>An\u00fancios<\/th><th>wp_the_query<\/th><\/tr><\/thead><tr><td>is_main_query<\/td><td>1<\/td><td>1<\/td><\/tr><tr><td>is_rest_api<\/td><td>0<\/td><td>1<\/td><\/tr><tr><td>page<\/td><td>0<\/td><td>1<\/td><\/tr><tr><td>numpages<\/td><td>0<\/td><td>1<\/td><\/tr><tr><td>is_archive<\/td><td>1<\/td><td><\/td><\/tr><tr><td>is_search<\/td><td>1<\/td><td><\/td><\/tr><tr><td>is_home<\/td><td>1<\/td><td><\/td><\/tr><tr><td>is_404<\/td><td>1<\/td><td><\/td><\/tr><tr><td>is_attachment<\/td><td>1<\/td><td><\/td><\/tr><tr><td>is_singular<\/td><td>1<\/td><td><\/td><\/tr><tr><td>is_front_page<\/td><td>1<\/td><td><\/td><\/tr><tr><td>is_feed<\/td><td>1<\/td><td><\/td><\/tr><\/table><\/div><br><br><span style=\"color: red;\">Seu site usa HTTPS, mas o c\u00f3digo do an\u00fancio cont\u00e9m HTTP e pode n\u00e3o funcionar.<\/span>\t<br><br>\n\t<a style=\"color: green;\" href=\"https:\/\/wpadvancedads.com\/manual\/ad-debug-mode\/?utm_source=advanced-ads&utm_medium=link&utm_campaign=ad-debug-mode\" target=\"_blank\" rel=\"nofollow\">Encontre solu\u00e7\u00f5es no manual<\/a>\n<\/div>\n<\/li><\/ul><\/div><script>( window.advanced_ads_ready || jQuery( document ).ready ).call( null, function() {var $lavraslider2827645060 = jQuery( \".lavra-slider-2827645060\" );$lavraslider2827645060.on( \"unslider.ready\", function() { jQuery( \"div.custom-slider ul li\" ).css( \"display\", \"block\" ); });$lavraslider2827645060.unslider({ delay:4000, autoplay:true, nav:false, arrows:false, infinite:true });$lavraslider2827645060.on(\"mouseover\", function() {$lavraslider2827645060.unslider(\"stop\");}).on(\"mouseout\", function() {$lavraslider2827645060.unslider(\"start\");});});<\/script><\/div><p class=\" \">No dia 2 de outubro, mais de 15 milh\u00f5es de eleitores em todo o Estado devem ir \u00e0s urnas votar para vereador e prefeito, nessa ordem.<!--more--> Para facilitar ao eleitor e agilizar o tempo dele na cabine de vota\u00e7\u00e3o, o TRE disponibiliza no site e na maioria dos cart\u00f3rios eleitorais uma <a href=\"http:\/\/www.justicaeleitoral.jus.br\/arquivos\/tre-mg-colinha-eleicoes-2016\">\u201ccolinha\u201d<\/a> (formato PDF), que est\u00e1 dentro do link \u201cGuia do Eleitor\u201d. Basta o eleitor escrever os n\u00fameros de seus candidatos e levar a colinha com ele no dia da elei\u00e7\u00e3o.<\/p>\n<p class=\" \">\u00c8 importante que o eleitor fique atento \u00e0 ordem correta da vota\u00e7\u00e3o e tamb\u00e9m que espere aparecerem os dados do candidato escolhido na tela (foto, nome, n\u00famero, partido) para confirmar o voto. H\u00e1 casos de eleitores que erram a ordem, votando para prefeito no lugar de vereador e vice-verso e depois culpam a urna pela suposta folha.<\/p>\n<p class=\" \">Para consultar o n\u00famero dos candidatos, o eleitor pode acessar o sistema <a href=\"http:\/\/www.tse.jus.br\/eleicoes\/eleicoes-2016\/divulgacao-de-candidaturas-e-contas-eleitorais\">Divulga\u00e7\u00e3o de Candidaturas e Contas Eleitorais<\/a>. L\u00e1 tamb\u00e9m est\u00e3o dispon\u00edveis outras informa\u00e7\u00f5es do candidato, como o seu partido, a coliga\u00e7\u00e3o, declara\u00e7\u00e3o de bens, proposta de governo (no caso dos candidatos a prefeito) e detalhes das presta\u00e7\u00f5es de contas. \u00c9 mais uma oportunidade de o eleitor conhecer melhor os candidatos e decidir em quem vai votar.<\/p>\n<p class=\" \"><strong>Simulador de vota\u00e7\u00e3o<\/strong><\/p>\n<p class=\" \">Al\u00e9m de deixar a \u201ccolinha\u201d pronta, o eleitor tamb\u00e9m pode se preparar para o dia 2 de outubro por meio do <a href=\"http:\/\/www.tse.jus.br\/eleicoes\/eleicoes-2016\/simulador-de-votacao\/simulador-de-votacao-na-urna-eletronica\">Simulador de Vota\u00e7\u00e3o na Urna Eletr\u00f4nica<\/a>. L\u00e1, o eleitor pode treinar a vota\u00e7\u00e3o para vereador e prefeito como se estivesse em uma urna eletr\u00f4nica de verdade.<\/p>\n<p>Antes de iniciar a vota\u00e7\u00e3o simulada, o internauta deve selecionar se simular\u00e1 o primeiro ou o segundo turno da elei\u00e7\u00e3o. Ap\u00f3s esta etapa, ser\u00e1 aberta uma urna digital com um teclado virtual id\u00eantico ao teclado real da urna eletr\u00f4nica, contendo, inclusive, as op\u00e7\u00f5es para voto em \u201cBRANCO\u201d, \u201cCORRIGE\u201d e \u201cCONFIRMA\u201d. At\u00e9 o sinal sonoro emitido pelo simulador ap\u00f3s a confirma\u00e7\u00e3o do voto \u00e9 id\u00eantico ao som emitido pela urna eletr\u00f4nica. Por fim, caso o eleitor queira, uma nova simula\u00e7\u00e3o pode ser iniciada; basta clicar no link \u201cnova simula\u00e7\u00e3o\u201d.<\/p>\n<p>O software apresenta uma lista de candidatos e partidos fict\u00edcios para cada cargo. Na rela\u00e7\u00e3o constam cinco partidos (dos Esportes, dos Ritmos Musicais, das Profiss\u00f5es, das Festas Populares e do Folclore), cada um com cinco candidatos a vereador e um a prefeito, com seu respectivo vice. Na hora da vota\u00e7\u00e3o, \u00e9 poss\u00edvel navegar pelos partidos usando as setas para direita e para esquerda na filipeta de candidatos no alto da imagem da urna.<\/p>\n<p>&nbsp;<\/p>\n<p>Fonte: TRE-MG<\/p>\n","protected":false},"excerpt":{"rendered":"<p>No dia 2 de outubro, mais de 15 milh\u00f5es de eleitores em todo o Estado devem ir \u00e0s urnas votar para vereador e prefeito, nessa ordem.<\/p>\n","protected":false},"author":2,"featured_media":951,"comment_status":"closed","ping_status":"open","sticky":false,"template":"","format":"standard","meta":{"advgb_blocks_editor_width":"","advgb_blocks_columns_visual_guide":"","_exactmetrics_skip_tracking":false,"_exactmetrics_sitenote_active":false,"_exactmetrics_sitenote_note":"","_exactmetrics_sitenote_category":0,"footnotes":""},"categories":[7,12],"tags":[859,418],"class_list":["post-2408","post","type-post","status-publish","format-standard","has-post-thumbnail","hentry","category-destaques","category-politica","tag-cola-para-eleitor","tag-eleicoes-2016"],"better_featured_image":{"id":951,"alt_text":"","caption":"","description":"","media_type":"image","media_details":{"width":1181,"height":801,"file":"2016\/07\/urna.jpg","sizes":{"thumbnail":{"file":"urna-150x102.jpg","width":150,"height":102,"mime-type":"image\/jpeg","source_url":"https:\/\/lavras.tv\/site\/wp-content\/uploads\/2016\/07\/urna-150x102.jpg"},"medium":{"file":"urna-300x203.jpg","width":300,"height":203,"mime-type":"image\/jpeg","source_url":"https:\/\/lavras.tv\/site\/wp-content\/uploads\/2016\/07\/urna-300x203.jpg"},"large":{"file":"urna-1024x695.jpg","width":1024,"height":695,"mime-type":"image\/jpeg","source_url":"https:\/\/lavras.tv\/site\/wp-content\/uploads\/2016\/07\/urna-1024x695.jpg"},"featured-slider-img":{"file":"urna-640x480.jpg","width":640,"height":480,"mime-type":"image\/jpeg","source_url":"https:\/\/lavras.tv\/site\/wp-content\/uploads\/2016\/07\/urna-640x480.jpg"},"featured-post-img":{"file":"urna-480x320.jpg","width":480,"height":320,"mime-type":"image\/jpeg","source_url":"https:\/\/lavras.tv\/site\/wp-content\/uploads\/2016\/07\/urna-480x320.jpg"},"sow-carousel-default":{"file":"urna-272x182.jpg","width":272,"height":182,"mime-type":"image\/jpeg","source_url":"https:\/\/lavras.tv\/site\/wp-content\/uploads\/2016\/07\/urna-272x182.jpg"}},"image_meta":{"aperture":"0","credit":"","camera":"","caption":"","created_timestamp":"0","copyright":"","focal_length":"0","iso":"0","shutter_speed":"0","title":"","orientation":"0","keywords":[]}},"post":950,"source_url":"https:\/\/lavras.tv\/site\/wp-content\/uploads\/2016\/07\/urna.jpg"},"author_meta":{"display_name":"Lavras TV","author_link":"https:\/\/lavras.tv\/site\/author\/lavrastv\/"},"featured_img":"https:\/\/lavras.tv\/site\/wp-content\/uploads\/2016\/07\/urna-300x203.jpg","coauthors":[],"tax_additional":{"categories":{"linked":["<a href=\"https:\/\/lavras.tv\/site\/category\/destaques\/\" class=\"advgb-post-tax-term\">Destaques<\/a>","<a href=\"https:\/\/lavras.tv\/site\/category\/politica\/\" class=\"advgb-post-tax-term\">Pol\u00edtica<\/a>"],"unlinked":["<span class=\"advgb-post-tax-term\">Destaques<\/span>","<span class=\"advgb-post-tax-term\">Pol\u00edtica<\/span>"]},"tags":{"linked":["<a href=\"https:\/\/lavras.tv\/site\/category\/politica\/\" class=\"advgb-post-tax-term\">cola para eleitor<\/a>","<a href=\"https:\/\/lavras.tv\/site\/category\/politica\/\" class=\"advgb-post-tax-term\">elei\u00e7\u00f5es 2016<\/a>"],"unlinked":["<span class=\"advgb-post-tax-term\">cola para eleitor<\/span>","<span class=\"advgb-post-tax-term\">elei\u00e7\u00f5es 2016<\/span>"]}},"comment_count":"0","relative_dates":{"created":"Publicado 10 anos atr\u00e1s","modified":"Atualizado 10 anos atr\u00e1s"},"absolute_dates":{"created":"Publicado em 20 de setembro de 2016","modified":"Atualizado em 20 de setembro de 2016"},"absolute_dates_time":{"created":"Publicado em 20 de setembro de 2016 16:16","modified":"Atualizado em 20 de setembro de 2016 16:16"},"featured_img_caption":"","series_order":"","_links":{"self":[{"href":"https:\/\/lavras.tv\/site\/wp-json\/wp\/v2\/posts\/2408","targetHints":{"allow":["GET"]}}],"collection":[{"href":"https:\/\/lavras.tv\/site\/wp-json\/wp\/v2\/posts"}],"about":[{"href":"https:\/\/lavras.tv\/site\/wp-json\/wp\/v2\/types\/post"}],"author":[{"embeddable":true,"href":"https:\/\/lavras.tv\/site\/wp-json\/wp\/v2\/users\/2"}],"replies":[{"embeddable":true,"href":"https:\/\/lavras.tv\/site\/wp-json\/wp\/v2\/comments?post=2408"}],"version-history":[{"count":2,"href":"https:\/\/lavras.tv\/site\/wp-json\/wp\/v2\/posts\/2408\/revisions"}],"predecessor-version":[{"id":2410,"href":"https:\/\/lavras.tv\/site\/wp-json\/wp\/v2\/posts\/2408\/revisions\/2410"}],"wp:featuredmedia":[{"embeddable":true,"href":"https:\/\/lavras.tv\/site\/wp-json\/wp\/v2\/media\/951"}],"wp:attachment":[{"href":"https:\/\/lavras.tv\/site\/wp-json\/wp\/v2\/media?parent=2408"}],"wp:term":[{"taxonomy":"category","embeddable":true,"href":"https:\/\/lavras.tv\/site\/wp-json\/wp\/v2\/categories?post=2408"},{"taxonomy":"post_tag","embeddable":true,"href":"https:\/\/lavras.tv\/site\/wp-json\/wp\/v2\/tags?post=2408"}],"curies":[{"name":"wp","href":"https:\/\/api.w.org\/{rel}","templated":true}]}}