{"id":2461,"date":"2016-09-21T16:45:29","date_gmt":"2016-09-21T19:45:29","guid":{"rendered":"http:\/\/lavras.tv\/site\/?p=2461"},"modified":"2016-09-21T16:50:54","modified_gmt":"2016-09-21T19:50:54","slug":"informe-parlamentar-deputada-damina-recebe-titulo-de-cidada-honoraria-em-para-de-minas","status":"publish","type":"post","link":"https:\/\/lavras.tv\/site\/2016\/09\/21\/informe-parlamentar-deputada-damina-recebe-titulo-de-cidada-honoraria-em-para-de-minas\/","title":{"rendered":"[Informe Parlamentar] Deputada D\u00e2mina recebe t\u00edtulo de cidad\u00e3 honor\u00e1ria em Par\u00e1 de Minas"},"content":{"rendered":"<div class=\"lavra-antes-do-conteudo_2\" id=\"lavra-1251192644\"><div id=\"lavra-slider-27\" class=\"custom-slider lavra-slider-3668953000 lavra-slider\"><ul><li><div style=\"margin-left: auto;margin-right: auto;text-align: center;\" id=\"lavra-3504603194\"><a href=\"https:\/\/sistemas.lavras.mg.gov.br\/portalcidadao\/#df1b1a7c7b2a290bcb31e32771e610784662739a88807c0dacac58ede5f391a7530e299dc302d611ee73cb143fc22eaf93592e53e7b5bdb01b00a0b8d28dae460c141dd2ff83412e4dc1c31b16b25f33144a9e5620ea73b13f5bc1c59411d98439ad226e8af03840603796067d87afe130812cf3de24982d0e306f9e61e764e5\" aria-label=\"Lavras-TV&#8211;720x104px (1) (1)\"><img src=\"https:\/\/lavras.tv\/site\/wp-content\/uploads\/2025\/01\/Lavras-TV-720x104px-1-1.png\" alt=\"\"  srcset=\"https:\/\/lavras.tv\/site\/wp-content\/uploads\/2025\/01\/Lavras-TV-720x104px-1-1.png 720w, https:\/\/lavras.tv\/site\/wp-content\/uploads\/2025\/01\/Lavras-TV-720x104px-1-1-470x68.png 470w, https:\/\/lavras.tv\/site\/wp-content\/uploads\/2025\/01\/Lavras-TV-720x104px-1-1-170x25.png 170w, https:\/\/lavras.tv\/site\/wp-content\/uploads\/2025\/01\/Lavras-TV-720x104px-1-1-200x29.png 200w\" sizes=\"(max-width: 720px) 100vw, 720px\" width=\"720\" height=\"104\"  style=\"display: inline-block;\" \/><\/a><\/div><\/li><li><a href=\"https:\/\/sistemas.lavras.mg.gov.br\/portalcidadao\/#df1b1a7c7b2a290bcb31e32771e610784662739a88807c0dacac58ede5f391a7530e299dc302d611ee73cb143fc22eaf93592e53e7b5bdb01b00a0b8d28dae460c141dd2ff83412e4dc1c31b16b25f33144a9e5620ea73b13f5bc1c59411d98439ad226e8af03840603796067d87afe130812cf3de24982d0e306f9e61e764e5\" aria-label=\"Banner_Emprego_PortallavrasTV\"><img src=\"https:\/\/lavras.tv\/site\/wp-content\/uploads\/2025\/03\/Banner_Emprego_PortallavrasTV.png\" alt=\"\"  srcset=\"https:\/\/lavras.tv\/site\/wp-content\/uploads\/2025\/03\/Banner_Emprego_PortallavrasTV.png 720w, https:\/\/lavras.tv\/site\/wp-content\/uploads\/2025\/03\/Banner_Emprego_PortallavrasTV-470x68.png 470w, https:\/\/lavras.tv\/site\/wp-content\/uploads\/2025\/03\/Banner_Emprego_PortallavrasTV-170x25.png 170w, https:\/\/lavras.tv\/site\/wp-content\/uploads\/2025\/03\/Banner_Emprego_PortallavrasTV-200x29.png 200w\" sizes=\"(max-width: 720px) 100vw, 720px\" width=\"720\" height=\"104\"   \/><\/a><\/li><li><a href=\"https:\/\/sistemas.lavras.mg.gov.br\/portalcidadao\/#df1b1a7c7b2a290bcb31e32771e610784662739a88807c0dacac58ede5f391a7530e299dc302d611ee73cb143fc22eaf93592e53e7b5bdb01b00a0b8d28dae460c141dd2ff83412e4dc1c31b16b25f33144a9e5620ea73b13f5bc1c59411d98439ad226e8af03840603796067d87afe130812cf3de24982d0e306f9e61e764e5\" aria-label=\"Banner_Obras_PortallavrasTV\"><img src=\"https:\/\/lavras.tv\/site\/wp-content\/uploads\/2025\/03\/Banner_Obras_PortallavrasTV.png\" alt=\"\"  srcset=\"https:\/\/lavras.tv\/site\/wp-content\/uploads\/2025\/03\/Banner_Obras_PortallavrasTV.png 720w, https:\/\/lavras.tv\/site\/wp-content\/uploads\/2025\/03\/Banner_Obras_PortallavrasTV-470x68.png 470w, https:\/\/lavras.tv\/site\/wp-content\/uploads\/2025\/03\/Banner_Obras_PortallavrasTV-170x25.png 170w, https:\/\/lavras.tv\/site\/wp-content\/uploads\/2025\/03\/Banner_Obras_PortallavrasTV-200x29.png 200w\" sizes=\"(max-width: 720px) 100vw, 720px\" width=\"720\" height=\"104\"   \/><\/a><\/li><li><div style=\"margin-left: auto;margin-right: auto;text-align: center;\" id=\"lavra-167529672\"><a href=\"https:\/\/sistemas.lavras.mg.gov.br\/portalcidadao\/#df1b1a7c7b2a290bcb31e32771e610784662739a88807c0dacac58ede5f391a7530e299dc302d611ee73cb143fc22eaf93592e53e7b5bdb01b00a0b8d28dae460c141dd2ff83412e4dc1c31b16b25f33144a9e5620ea73b13f5bc1c59411d98439ad226e8af03840603796067d87afe130812cf3de24982d0e306f9e61e764e5\" aria-label=\"Banner_Educa\u00e7\u00e3o_PortallavrasTV\"><img src=\"https:\/\/lavras.tv\/site\/wp-content\/uploads\/2025\/01\/Banner_Educacao_PortallavrasTV.png\" alt=\"\"  srcset=\"https:\/\/lavras.tv\/site\/wp-content\/uploads\/2025\/01\/Banner_Educacao_PortallavrasTV.png 720w, https:\/\/lavras.tv\/site\/wp-content\/uploads\/2025\/01\/Banner_Educacao_PortallavrasTV-470x68.png 470w, https:\/\/lavras.tv\/site\/wp-content\/uploads\/2025\/01\/Banner_Educacao_PortallavrasTV-170x25.png 170w, https:\/\/lavras.tv\/site\/wp-content\/uploads\/2025\/01\/Banner_Educacao_PortallavrasTV-200x29.png 200w\" sizes=\"(max-width: 720px) 100vw, 720px\" width=\"720\" height=\"104\"  style=\"display: inline-block;\" \/><\/a><\/div><\/li><li><a href=\"https:\/\/sistemas.lavras.mg.gov.br\/portalcidadao\/#df1b1a7c7b2a290bcb31e32771e610784662739a88807c0dacac58ede5f391a7530e299dc302d611ee73cb143fc22eaf93592e53e7b5bdb01b00a0b8d28dae460c141dd2ff83412e4dc1c31b16b25f33144a9e5620ea73b13f5bc1c59411d98439ad226e8af03840603796067d87afe130812cf3de24982d0e306f9e61e764e5\" aria-label=\"Banner_Sa\u00fade_PortallavrasTV\"><img src=\"https:\/\/lavras.tv\/site\/wp-content\/uploads\/2025\/03\/Banner_Saude_PortallavrasTV.png\" alt=\"\"  srcset=\"https:\/\/lavras.tv\/site\/wp-content\/uploads\/2025\/03\/Banner_Saude_PortallavrasTV.png 720w, https:\/\/lavras.tv\/site\/wp-content\/uploads\/2025\/03\/Banner_Saude_PortallavrasTV-470x68.png 470w, https:\/\/lavras.tv\/site\/wp-content\/uploads\/2025\/03\/Banner_Saude_PortallavrasTV-170x25.png 170w, https:\/\/lavras.tv\/site\/wp-content\/uploads\/2025\/03\/Banner_Saude_PortallavrasTV-200x29.png 200w\" sizes=\"(max-width: 720px) 100vw, 720px\" width=\"720\" height=\"104\"   \/><\/a><\/li><li><div id=\"lavra-3840189440\" style=\"width:720px;height:104px;background-color:#ddd;overflow:scroll;\">\n\t<strong>Sa\u00edda da depura\u00e7\u00e3o de an\u00fancios<\/strong>\n\t<br><br>\n\tO an\u00fancio n\u00e3o \u00e9 exibido na p\u00e1gina<br><br>post atual: [Informe Parlamentar] Deputada D\u00e2mina recebe t\u00edtulo de cidad\u00e3 honor\u00e1ria em Par\u00e1 de Minas, ID: 2461<br><br><span style=\"color: red;\">O post atual n\u00e3o \u00e9 id\u00eantico ao post principal.<\/span><br><br>An\u00fancios: ROXO - TOPO INTERNA - ROTATIVO 2 (197)<br \/>Grupo de an\u00fancios: Princ_Meio01_720x104 (27)<br><br>Condi\u00e7\u00f5es de exibi\u00e7\u00e3o<div style=\"margin-bottom: 20px; white-space: pre-wrap; font-family: monospace; width: 100%; background: #ffe9e9;\"><strong>condi\u00e7\u00f5es gerais<\/strong><table border=\"1\"><thead><tr><th><\/th><th>An\u00fancios<\/th><th>wp_the_query<\/th><\/tr><\/thead><tr><td>is_main_query<\/td><td>1<\/td><td>1<\/td><\/tr><tr><td>is_rest_api<\/td><td>0<\/td><td>1<\/td><\/tr><tr><td>page<\/td><td>0<\/td><td>1<\/td><\/tr><tr><td>numpages<\/td><td>0<\/td><td>1<\/td><\/tr><tr><td>is_archive<\/td><td>1<\/td><td><\/td><\/tr><tr><td>is_search<\/td><td>1<\/td><td><\/td><\/tr><tr><td>is_home<\/td><td>1<\/td><td><\/td><\/tr><tr><td>is_404<\/td><td>1<\/td><td><\/td><\/tr><tr><td>is_attachment<\/td><td>1<\/td><td><\/td><\/tr><tr><td>is_singular<\/td><td>1<\/td><td><\/td><\/tr><tr><td>is_front_page<\/td><td>1<\/td><td><\/td><\/tr><tr><td>is_feed<\/td><td>1<\/td><td><\/td><\/tr><\/table><\/div><br><br><span style=\"color: red;\">Seu site usa HTTPS, mas o c\u00f3digo do an\u00fancio cont\u00e9m HTTP e pode n\u00e3o funcionar.<\/span>\t<br><br>\n\t<a style=\"color: green;\" href=\"https:\/\/wpadvancedads.com\/manual\/ad-debug-mode\/?utm_source=advanced-ads&utm_medium=link&utm_campaign=ad-debug-mode\" target=\"_blank\" rel=\"nofollow\">Encontre solu\u00e7\u00f5es no manual<\/a>\n<\/div>\n<\/li><\/ul><\/div><script>( window.advanced_ads_ready || jQuery( document ).ready ).call( null, function() {var $lavraslider3668953000 = jQuery( \".lavra-slider-3668953000\" );$lavraslider3668953000.on( \"unslider.ready\", function() { jQuery( \"div.custom-slider ul li\" ).css( \"display\", \"block\" ); });$lavraslider3668953000.unslider({ delay:4000, autoplay:true, nav:false, arrows:false, infinite:true });$lavraslider3668953000.on(\"mouseover\", function() {$lavraslider3668953000.unslider(\"stop\");}).on(\"mouseout\", function() {$lavraslider3668953000.unslider(\"start\");});});<\/script><\/div><p>A C\u00e2mara Municipal de Par\u00e1 de Minas realizou mais uma solenidade de entrega do \u2018T\u00edtulo de Cidadania Honor\u00e1ria\u2019. A deputada federal D\u00e2mina Pereira (PSL\/MG) foi uma das prestigiadas. <!--more-->O t\u00edtulo \u00e9 uma honraria que condecora cidad\u00e3os que prestam servi\u00e7os em defesa do povo do munic\u00edpio ou que contribuam para o desenvolvimento social da regi\u00e3o. A indica\u00e7\u00e3o foi do vereador Geraldo Luiz Batista (Vulgo Doid\u00e3o). O presidente estadual do PSL, Carlos Aberto Pereira participou do evento.<\/p>\n<p>Em seu primeiro mandato na C\u00e2mara Federal, a deputada j\u00e1 empenhou R$250 mil referentes a suas emendas parlamentares para a pavimenta\u00e7\u00e3o de vias em Par\u00e1 de Minas. \u201cMe sinto honrada com essa condecora\u00e7\u00e3o. Minha responsabilidade como parlamentar \u00e9 de sempre contribuir para a melhoria da qualidade de vida dos cidad\u00e3os mineiros\u201d, explicou.<\/p>\n<p>Al\u00e9m da homenagem de T\u00edtulo de Cidadania Honor\u00e1ria, D\u00e2mina j\u00e1 foi condecorada outras vezes. No in\u00edcio do ano ela foi prestigiada com o mesmo t\u00edtulo pela C\u00e2mara Municipal de Santo Ant\u00f4nio do Amparo (MG). Em 2015 recebeu a \u2018Comenda Ambiental Est\u00e2ncia Hidromineral\u2019, da prefeitura municipal de S\u00e3o Louren\u00e7o (MG); foi reverenciada com \u201cVoto de Aplauso\u201d pela C\u00e2mara Municipal de Oliveira (MG) e ainda recebeu uma homenagem do Sindicato dos Policiais Civis em Bras\u00edlia (DF).<\/p>\n<p>A C\u00e2mara Municipal de Par\u00e1 de Minas realiza todos os anos a solenidade de entrega do t\u00edtulo. O evento fez parte da comemora\u00e7\u00e3o aos 157 anos de emancipa\u00e7\u00e3o pol\u00edtica da cidade.<\/p>\n<p>Fonte: Gabinete da deputada federal D\u00e2mina Pereira<\/p>\n<p><img fetchpriority=\"high\" decoding=\"async\" class=\"wp-image-2462 aligncenter\" src=\"http:\/\/lavras.tv\/site\/wp-content\/uploads\/2016\/09\/IMG_1636.jpg\" alt=\"img_1636\" width=\"572\" height=\"381\" srcset=\"https:\/\/lavras.tv\/site\/wp-content\/uploads\/2016\/09\/IMG_1636.jpg 1425w, https:\/\/lavras.tv\/site\/wp-content\/uploads\/2016\/09\/IMG_1636-150x100.jpg 150w, https:\/\/lavras.tv\/site\/wp-content\/uploads\/2016\/09\/IMG_1636-300x200.jpg 300w, https:\/\/lavras.tv\/site\/wp-content\/uploads\/2016\/09\/IMG_1636-1024x683.jpg 1024w, https:\/\/lavras.tv\/site\/wp-content\/uploads\/2016\/09\/IMG_1636-480x320.jpg 480w, https:\/\/lavras.tv\/site\/wp-content\/uploads\/2016\/09\/IMG_1636-272x182.jpg 272w\" sizes=\"(max-width: 572px) 100vw, 572px\" \/><\/p>\n<p><img decoding=\"async\" class=\"wp-image-2463 aligncenter\" src=\"http:\/\/lavras.tv\/site\/wp-content\/uploads\/2016\/09\/IMG_1648.jpg\" alt=\"img_1648\" width=\"569\" height=\"380\" srcset=\"https:\/\/lavras.tv\/site\/wp-content\/uploads\/2016\/09\/IMG_1648.jpg 1425w, https:\/\/lavras.tv\/site\/wp-content\/uploads\/2016\/09\/IMG_1648-150x100.jpg 150w, https:\/\/lavras.tv\/site\/wp-content\/uploads\/2016\/09\/IMG_1648-300x200.jpg 300w, https:\/\/lavras.tv\/site\/wp-content\/uploads\/2016\/09\/IMG_1648-1024x683.jpg 1024w, https:\/\/lavras.tv\/site\/wp-content\/uploads\/2016\/09\/IMG_1648-480x320.jpg 480w, https:\/\/lavras.tv\/site\/wp-content\/uploads\/2016\/09\/IMG_1648-272x182.jpg 272w\" sizes=\"(max-width: 569px) 100vw, 569px\" \/><\/p>\n<p><img decoding=\"async\" class=\"wp-image-2464 aligncenter\" src=\"http:\/\/lavras.tv\/site\/wp-content\/uploads\/2016\/09\/IMG_1690.jpg\" alt=\"img_1690\" width=\"576\" height=\"384\" srcset=\"https:\/\/lavras.tv\/site\/wp-content\/uploads\/2016\/09\/IMG_1690.jpg 1425w, https:\/\/lavras.tv\/site\/wp-content\/uploads\/2016\/09\/IMG_1690-150x100.jpg 150w, https:\/\/lavras.tv\/site\/wp-content\/uploads\/2016\/09\/IMG_1690-300x200.jpg 300w, https:\/\/lavras.tv\/site\/wp-content\/uploads\/2016\/09\/IMG_1690-1024x683.jpg 1024w, https:\/\/lavras.tv\/site\/wp-content\/uploads\/2016\/09\/IMG_1690-480x320.jpg 480w, https:\/\/lavras.tv\/site\/wp-content\/uploads\/2016\/09\/IMG_1690-272x182.jpg 272w\" sizes=\"(max-width: 576px) 100vw, 576px\" \/><\/p>\n<p><img loading=\"lazy\" decoding=\"async\" class=\"wp-image-2465 aligncenter\" src=\"http:\/\/lavras.tv\/site\/wp-content\/uploads\/2016\/09\/IMG_1697.jpg\" alt=\"img_1697\" width=\"576\" height=\"384\" srcset=\"https:\/\/lavras.tv\/site\/wp-content\/uploads\/2016\/09\/IMG_1697.jpg 1425w, https:\/\/lavras.tv\/site\/wp-content\/uploads\/2016\/09\/IMG_1697-150x100.jpg 150w, https:\/\/lavras.tv\/site\/wp-content\/uploads\/2016\/09\/IMG_1697-300x200.jpg 300w, https:\/\/lavras.tv\/site\/wp-content\/uploads\/2016\/09\/IMG_1697-1024x683.jpg 1024w, https:\/\/lavras.tv\/site\/wp-content\/uploads\/2016\/09\/IMG_1697-480x320.jpg 480w, https:\/\/lavras.tv\/site\/wp-content\/uploads\/2016\/09\/IMG_1697-272x182.jpg 272w\" sizes=\"(max-width: 576px) 100vw, 576px\" \/><\/p>\n<p><img loading=\"lazy\" decoding=\"async\" class=\"wp-image-2466 aligncenter\" src=\"http:\/\/lavras.tv\/site\/wp-content\/uploads\/2016\/09\/IMG_1721.jpg\" alt=\"img_1721\" width=\"579\" height=\"386\" srcset=\"https:\/\/lavras.tv\/site\/wp-content\/uploads\/2016\/09\/IMG_1721.jpg 1351w, https:\/\/lavras.tv\/site\/wp-content\/uploads\/2016\/09\/IMG_1721-150x100.jpg 150w, https:\/\/lavras.tv\/site\/wp-content\/uploads\/2016\/09\/IMG_1721-300x200.jpg 300w, https:\/\/lavras.tv\/site\/wp-content\/uploads\/2016\/09\/IMG_1721-1024x683.jpg 1024w, https:\/\/lavras.tv\/site\/wp-content\/uploads\/2016\/09\/IMG_1721-480x320.jpg 480w, https:\/\/lavras.tv\/site\/wp-content\/uploads\/2016\/09\/IMG_1721-272x182.jpg 272w\" sizes=\"(max-width: 579px) 100vw, 579px\" \/><\/p>\n<p><img loading=\"lazy\" decoding=\"async\" class=\"wp-image-2467 aligncenter\" src=\"http:\/\/lavras.tv\/site\/wp-content\/uploads\/2016\/09\/IMG_1723.jpg\" alt=\"img_1723\" width=\"580\" height=\"386\" srcset=\"https:\/\/lavras.tv\/site\/wp-content\/uploads\/2016\/09\/IMG_1723.jpg 1351w, https:\/\/lavras.tv\/site\/wp-content\/uploads\/2016\/09\/IMG_1723-150x100.jpg 150w, https:\/\/lavras.tv\/site\/wp-content\/uploads\/2016\/09\/IMG_1723-300x200.jpg 300w, https:\/\/lavras.tv\/site\/wp-content\/uploads\/2016\/09\/IMG_1723-1024x683.jpg 1024w, https:\/\/lavras.tv\/site\/wp-content\/uploads\/2016\/09\/IMG_1723-480x320.jpg 480w, https:\/\/lavras.tv\/site\/wp-content\/uploads\/2016\/09\/IMG_1723-272x182.jpg 272w\" sizes=\"(max-width: 580px) 100vw, 580px\" \/><\/p>\n<p><img loading=\"lazy\" decoding=\"async\" class=\"wp-image-2468 aligncenter\" src=\"http:\/\/lavras.tv\/site\/wp-content\/uploads\/2016\/09\/IMG_1729.jpg\" alt=\"img_1729\" width=\"583\" height=\"389\" srcset=\"https:\/\/lavras.tv\/site\/wp-content\/uploads\/2016\/09\/IMG_1729.jpg 1351w, https:\/\/lavras.tv\/site\/wp-content\/uploads\/2016\/09\/IMG_1729-150x100.jpg 150w, https:\/\/lavras.tv\/site\/wp-content\/uploads\/2016\/09\/IMG_1729-300x200.jpg 300w, https:\/\/lavras.tv\/site\/wp-content\/uploads\/2016\/09\/IMG_1729-1024x683.jpg 1024w, https:\/\/lavras.tv\/site\/wp-content\/uploads\/2016\/09\/IMG_1729-480x320.jpg 480w, https:\/\/lavras.tv\/site\/wp-content\/uploads\/2016\/09\/IMG_1729-272x182.jpg 272w\" sizes=\"(max-width: 583px) 100vw, 583px\" \/><\/p>\n<p><img loading=\"lazy\" decoding=\"async\" class=\"wp-image-2469 aligncenter\" src=\"http:\/\/lavras.tv\/site\/wp-content\/uploads\/2016\/09\/IMG_1735.jpg\" alt=\"img_1735\" width=\"586\" height=\"391\" srcset=\"https:\/\/lavras.tv\/site\/wp-content\/uploads\/2016\/09\/IMG_1735.jpg 1351w, https:\/\/lavras.tv\/site\/wp-content\/uploads\/2016\/09\/IMG_1735-150x100.jpg 150w, https:\/\/lavras.tv\/site\/wp-content\/uploads\/2016\/09\/IMG_1735-300x200.jpg 300w, https:\/\/lavras.tv\/site\/wp-content\/uploads\/2016\/09\/IMG_1735-1024x683.jpg 1024w, https:\/\/lavras.tv\/site\/wp-content\/uploads\/2016\/09\/IMG_1735-480x320.jpg 480w, https:\/\/lavras.tv\/site\/wp-content\/uploads\/2016\/09\/IMG_1735-272x182.jpg 272w\" sizes=\"(max-width: 586px) 100vw, 586px\" \/><\/p>\n<p><img loading=\"lazy\" decoding=\"async\" class=\"wp-image-2470 aligncenter\" src=\"http:\/\/lavras.tv\/site\/wp-content\/uploads\/2016\/09\/IMG_1737.jpg\" alt=\"img_1737\" width=\"581\" height=\"387\" srcset=\"https:\/\/lavras.tv\/site\/wp-content\/uploads\/2016\/09\/IMG_1737.jpg 1351w, https:\/\/lavras.tv\/site\/wp-content\/uploads\/2016\/09\/IMG_1737-150x100.jpg 150w, https:\/\/lavras.tv\/site\/wp-content\/uploads\/2016\/09\/IMG_1737-300x200.jpg 300w, https:\/\/lavras.tv\/site\/wp-content\/uploads\/2016\/09\/IMG_1737-1024x683.jpg 1024w, https:\/\/lavras.tv\/site\/wp-content\/uploads\/2016\/09\/IMG_1737-480x320.jpg 480w, https:\/\/lavras.tv\/site\/wp-content\/uploads\/2016\/09\/IMG_1737-272x182.jpg 272w\" sizes=\"(max-width: 581px) 100vw, 581px\" \/><\/p>\n<p><img loading=\"lazy\" decoding=\"async\" class=\"wp-image-2471 aligncenter\" src=\"http:\/\/lavras.tv\/site\/wp-content\/uploads\/2016\/09\/IMG_1755.jpg\" alt=\"img_1755\" width=\"577\" height=\"385\" srcset=\"https:\/\/lavras.tv\/site\/wp-content\/uploads\/2016\/09\/IMG_1755.jpg 1351w, https:\/\/lavras.tv\/site\/wp-content\/uploads\/2016\/09\/IMG_1755-150x100.jpg 150w, https:\/\/lavras.tv\/site\/wp-content\/uploads\/2016\/09\/IMG_1755-300x200.jpg 300w, https:\/\/lavras.tv\/site\/wp-content\/uploads\/2016\/09\/IMG_1755-1024x683.jpg 1024w, https:\/\/lavras.tv\/site\/wp-content\/uploads\/2016\/09\/IMG_1755-480x320.jpg 480w, https:\/\/lavras.tv\/site\/wp-content\/uploads\/2016\/09\/IMG_1755-272x182.jpg 272w\" sizes=\"(max-width: 577px) 100vw, 577px\" \/><\/p>\n","protected":false},"excerpt":{"rendered":"<p>A C\u00e2mara Municipal de Par\u00e1 de Minas realizou mais uma solenidade de entrega do \u2018T\u00edtulo de Cidadania Honor\u00e1ria\u2019. A deputada federal D\u00e2mina Pereira (PSL\/MG) foi uma das prestigiadas.<\/p>\n","protected":false},"author":2,"featured_media":2467,"comment_status":"closed","ping_status":"open","sticky":false,"template":"","format":"standard","meta":{"advgb_blocks_editor_width":"","advgb_blocks_columns_visual_guide":"","_exactmetrics_skip_tracking":false,"_exactmetrics_sitenote_active":false,"_exactmetrics_sitenote_note":"","_exactmetrics_sitenote_category":0,"footnotes":""},"categories":[7,12],"tags":[],"class_list":["post-2461","post","type-post","status-publish","format-standard","has-post-thumbnail","hentry","category-destaques","category-politica"],"better_featured_image":{"id":2467,"alt_text":"","caption":"","description":"","media_type":"image","media_details":{"width":1351,"height":901,"file":"2016\/09\/IMG_1723.jpg","sizes":{"thumbnail":{"file":"IMG_1723-150x100.jpg","width":150,"height":100,"mime-type":"image\/jpeg","source_url":"https:\/\/lavras.tv\/site\/wp-content\/uploads\/2016\/09\/IMG_1723-150x100.jpg"},"medium":{"file":"IMG_1723-300x200.jpg","width":300,"height":200,"mime-type":"image\/jpeg","source_url":"https:\/\/lavras.tv\/site\/wp-content\/uploads\/2016\/09\/IMG_1723-300x200.jpg"},"large":{"file":"IMG_1723-1024x683.jpg","width":1024,"height":683,"mime-type":"image\/jpeg","source_url":"https:\/\/lavras.tv\/site\/wp-content\/uploads\/2016\/09\/IMG_1723-1024x683.jpg"},"featured-slider-img":{"file":"IMG_1723-640x480.jpg","width":640,"height":480,"mime-type":"image\/jpeg","source_url":"https:\/\/lavras.tv\/site\/wp-content\/uploads\/2016\/09\/IMG_1723-640x480.jpg"},"featured-post-img":{"file":"IMG_1723-480x320.jpg","width":480,"height":320,"mime-type":"image\/jpeg","source_url":"https:\/\/lavras.tv\/site\/wp-content\/uploads\/2016\/09\/IMG_1723-480x320.jpg"},"sow-carousel-default":{"file":"IMG_1723-272x182.jpg","width":272,"height":182,"mime-type":"image\/jpeg","source_url":"https:\/\/lavras.tv\/site\/wp-content\/uploads\/2016\/09\/IMG_1723-272x182.jpg"}},"image_meta":{"aperture":"0","credit":"","camera":"","caption":"","created_timestamp":"0","copyright":"","focal_length":"0","iso":"0","shutter_speed":"0","title":"","orientation":"0","keywords":[]}},"post":2461,"source_url":"https:\/\/lavras.tv\/site\/wp-content\/uploads\/2016\/09\/IMG_1723.jpg"},"author_meta":{"display_name":"Lavras TV","author_link":"https:\/\/lavras.tv\/site\/author\/lavrastv\/"},"featured_img":"https:\/\/lavras.tv\/site\/wp-content\/uploads\/2016\/09\/IMG_1723-300x200.jpg","coauthors":[],"tax_additional":{"categories":{"linked":["<a href=\"https:\/\/lavras.tv\/site\/category\/destaques\/\" class=\"advgb-post-tax-term\">Destaques<\/a>","<a href=\"https:\/\/lavras.tv\/site\/category\/politica\/\" class=\"advgb-post-tax-term\">Pol\u00edtica<\/a>"],"unlinked":["<span class=\"advgb-post-tax-term\">Destaques<\/span>","<span class=\"advgb-post-tax-term\">Pol\u00edtica<\/span>"]}},"comment_count":"0","relative_dates":{"created":"Publicado 10 anos atr\u00e1s","modified":"Atualizado 10 anos atr\u00e1s"},"absolute_dates":{"created":"Publicado em 21 de setembro de 2016","modified":"Atualizado em 21 de setembro de 2016"},"absolute_dates_time":{"created":"Publicado em 21 de setembro de 2016 16:45","modified":"Atualizado em 21 de setembro de 2016 16:50"},"featured_img_caption":"","series_order":"","_links":{"self":[{"href":"https:\/\/lavras.tv\/site\/wp-json\/wp\/v2\/posts\/2461","targetHints":{"allow":["GET"]}}],"collection":[{"href":"https:\/\/lavras.tv\/site\/wp-json\/wp\/v2\/posts"}],"about":[{"href":"https:\/\/lavras.tv\/site\/wp-json\/wp\/v2\/types\/post"}],"author":[{"embeddable":true,"href":"https:\/\/lavras.tv\/site\/wp-json\/wp\/v2\/users\/2"}],"replies":[{"embeddable":true,"href":"https:\/\/lavras.tv\/site\/wp-json\/wp\/v2\/comments?post=2461"}],"version-history":[{"count":3,"href":"https:\/\/lavras.tv\/site\/wp-json\/wp\/v2\/posts\/2461\/revisions"}],"predecessor-version":[{"id":2474,"href":"https:\/\/lavras.tv\/site\/wp-json\/wp\/v2\/posts\/2461\/revisions\/2474"}],"wp:featuredmedia":[{"embeddable":true,"href":"https:\/\/lavras.tv\/site\/wp-json\/wp\/v2\/media\/2467"}],"wp:attachment":[{"href":"https:\/\/lavras.tv\/site\/wp-json\/wp\/v2\/media?parent=2461"}],"wp:term":[{"taxonomy":"category","embeddable":true,"href":"https:\/\/lavras.tv\/site\/wp-json\/wp\/v2\/categories?post=2461"},{"taxonomy":"post_tag","embeddable":true,"href":"https:\/\/lavras.tv\/site\/wp-json\/wp\/v2\/tags?post=2461"}],"curies":[{"name":"wp","href":"https:\/\/api.w.org\/{rel}","templated":true}]}}