{"id":2483,"date":"2016-09-22T08:30:26","date_gmt":"2016-09-22T11:30:26","guid":{"rendered":"http:\/\/lavras.tv\/site\/?p=2483"},"modified":"2016-09-22T08:30:26","modified_gmt":"2016-09-22T11:30:26","slug":"formulario-de-justificativa-ja-pode-ser-impresso-pelo-site","status":"publish","type":"post","link":"https:\/\/lavras.tv\/site\/2016\/09\/22\/formulario-de-justificativa-ja-pode-ser-impresso-pelo-site\/","title":{"rendered":"Formul\u00e1rio de justificativa j\u00e1 pode ser impresso pelo site"},"content":{"rendered":"<div class=\"lavra-antes-do-conteudo_2\" id=\"lavra-1726977934\"><div id=\"lavra-slider-27\" class=\"custom-slider lavra-slider-974702290 lavra-slider\"><ul><li><div style=\"margin-left: auto;margin-right: auto;text-align: center;\" id=\"lavra-3336457805\"><a href=\"https:\/\/sistemas.lavras.mg.gov.br\/portalcidadao\/#df1b1a7c7b2a290bcb31e32771e610784662739a88807c0dacac58ede5f391a7530e299dc302d611ee73cb143fc22eaf93592e53e7b5bdb01b00a0b8d28dae460c141dd2ff83412e4dc1c31b16b25f33144a9e5620ea73b13f5bc1c59411d98439ad226e8af03840603796067d87afe130812cf3de24982d0e306f9e61e764e5\" aria-label=\"Lavras-TV&#8211;720x104px (1) (1)\"><img src=\"https:\/\/lavras.tv\/site\/wp-content\/uploads\/2025\/01\/Lavras-TV-720x104px-1-1.png\" alt=\"\"  srcset=\"https:\/\/lavras.tv\/site\/wp-content\/uploads\/2025\/01\/Lavras-TV-720x104px-1-1.png 720w, https:\/\/lavras.tv\/site\/wp-content\/uploads\/2025\/01\/Lavras-TV-720x104px-1-1-470x68.png 470w, https:\/\/lavras.tv\/site\/wp-content\/uploads\/2025\/01\/Lavras-TV-720x104px-1-1-170x25.png 170w, https:\/\/lavras.tv\/site\/wp-content\/uploads\/2025\/01\/Lavras-TV-720x104px-1-1-200x29.png 200w\" sizes=\"(max-width: 720px) 100vw, 720px\" width=\"720\" height=\"104\"  style=\"display: inline-block;\" \/><\/a><\/div><\/li><li><a href=\"https:\/\/sistemas.lavras.mg.gov.br\/portalcidadao\/#df1b1a7c7b2a290bcb31e32771e610784662739a88807c0dacac58ede5f391a7530e299dc302d611ee73cb143fc22eaf93592e53e7b5bdb01b00a0b8d28dae460c141dd2ff83412e4dc1c31b16b25f33144a9e5620ea73b13f5bc1c59411d98439ad226e8af03840603796067d87afe130812cf3de24982d0e306f9e61e764e5\" aria-label=\"Banner_Emprego_PortallavrasTV\"><img src=\"https:\/\/lavras.tv\/site\/wp-content\/uploads\/2025\/03\/Banner_Emprego_PortallavrasTV.png\" alt=\"\"  srcset=\"https:\/\/lavras.tv\/site\/wp-content\/uploads\/2025\/03\/Banner_Emprego_PortallavrasTV.png 720w, https:\/\/lavras.tv\/site\/wp-content\/uploads\/2025\/03\/Banner_Emprego_PortallavrasTV-470x68.png 470w, https:\/\/lavras.tv\/site\/wp-content\/uploads\/2025\/03\/Banner_Emprego_PortallavrasTV-170x25.png 170w, https:\/\/lavras.tv\/site\/wp-content\/uploads\/2025\/03\/Banner_Emprego_PortallavrasTV-200x29.png 200w\" sizes=\"(max-width: 720px) 100vw, 720px\" width=\"720\" height=\"104\"   \/><\/a><\/li><li><a href=\"https:\/\/sistemas.lavras.mg.gov.br\/portalcidadao\/#df1b1a7c7b2a290bcb31e32771e610784662739a88807c0dacac58ede5f391a7530e299dc302d611ee73cb143fc22eaf93592e53e7b5bdb01b00a0b8d28dae460c141dd2ff83412e4dc1c31b16b25f33144a9e5620ea73b13f5bc1c59411d98439ad226e8af03840603796067d87afe130812cf3de24982d0e306f9e61e764e5\" aria-label=\"Banner_Obras_PortallavrasTV\"><img src=\"https:\/\/lavras.tv\/site\/wp-content\/uploads\/2025\/03\/Banner_Obras_PortallavrasTV.png\" alt=\"\"  srcset=\"https:\/\/lavras.tv\/site\/wp-content\/uploads\/2025\/03\/Banner_Obras_PortallavrasTV.png 720w, https:\/\/lavras.tv\/site\/wp-content\/uploads\/2025\/03\/Banner_Obras_PortallavrasTV-470x68.png 470w, https:\/\/lavras.tv\/site\/wp-content\/uploads\/2025\/03\/Banner_Obras_PortallavrasTV-170x25.png 170w, https:\/\/lavras.tv\/site\/wp-content\/uploads\/2025\/03\/Banner_Obras_PortallavrasTV-200x29.png 200w\" sizes=\"(max-width: 720px) 100vw, 720px\" width=\"720\" height=\"104\"   \/><\/a><\/li><li><div style=\"margin-left: auto;margin-right: auto;text-align: center;\" id=\"lavra-3699144971\"><a href=\"https:\/\/sistemas.lavras.mg.gov.br\/portalcidadao\/#df1b1a7c7b2a290bcb31e32771e610784662739a88807c0dacac58ede5f391a7530e299dc302d611ee73cb143fc22eaf93592e53e7b5bdb01b00a0b8d28dae460c141dd2ff83412e4dc1c31b16b25f33144a9e5620ea73b13f5bc1c59411d98439ad226e8af03840603796067d87afe130812cf3de24982d0e306f9e61e764e5\" aria-label=\"Banner_Educa\u00e7\u00e3o_PortallavrasTV\"><img src=\"https:\/\/lavras.tv\/site\/wp-content\/uploads\/2025\/01\/Banner_Educacao_PortallavrasTV.png\" alt=\"\"  srcset=\"https:\/\/lavras.tv\/site\/wp-content\/uploads\/2025\/01\/Banner_Educacao_PortallavrasTV.png 720w, https:\/\/lavras.tv\/site\/wp-content\/uploads\/2025\/01\/Banner_Educacao_PortallavrasTV-470x68.png 470w, https:\/\/lavras.tv\/site\/wp-content\/uploads\/2025\/01\/Banner_Educacao_PortallavrasTV-170x25.png 170w, https:\/\/lavras.tv\/site\/wp-content\/uploads\/2025\/01\/Banner_Educacao_PortallavrasTV-200x29.png 200w\" sizes=\"(max-width: 720px) 100vw, 720px\" width=\"720\" height=\"104\"  style=\"display: inline-block;\" \/><\/a><\/div><\/li><li><a href=\"https:\/\/sistemas.lavras.mg.gov.br\/portalcidadao\/#df1b1a7c7b2a290bcb31e32771e610784662739a88807c0dacac58ede5f391a7530e299dc302d611ee73cb143fc22eaf93592e53e7b5bdb01b00a0b8d28dae460c141dd2ff83412e4dc1c31b16b25f33144a9e5620ea73b13f5bc1c59411d98439ad226e8af03840603796067d87afe130812cf3de24982d0e306f9e61e764e5\" aria-label=\"Banner_Sa\u00fade_PortallavrasTV\"><img src=\"https:\/\/lavras.tv\/site\/wp-content\/uploads\/2025\/03\/Banner_Saude_PortallavrasTV.png\" alt=\"\"  srcset=\"https:\/\/lavras.tv\/site\/wp-content\/uploads\/2025\/03\/Banner_Saude_PortallavrasTV.png 720w, https:\/\/lavras.tv\/site\/wp-content\/uploads\/2025\/03\/Banner_Saude_PortallavrasTV-470x68.png 470w, https:\/\/lavras.tv\/site\/wp-content\/uploads\/2025\/03\/Banner_Saude_PortallavrasTV-170x25.png 170w, https:\/\/lavras.tv\/site\/wp-content\/uploads\/2025\/03\/Banner_Saude_PortallavrasTV-200x29.png 200w\" sizes=\"(max-width: 720px) 100vw, 720px\" width=\"720\" height=\"104\"   \/><\/a><\/li><li><div id=\"lavra-3849020716\" style=\"width:720px;height:104px;background-color:#ddd;overflow:scroll;\">\n\t<strong>Sa\u00edda da depura\u00e7\u00e3o de an\u00fancios<\/strong>\n\t<br><br>\n\tO an\u00fancio n\u00e3o \u00e9 exibido na p\u00e1gina<br><br>post atual: Formul\u00e1rio de justificativa j\u00e1 pode ser impresso pelo site, ID: 2483<br><br><span style=\"color: red;\">O post atual n\u00e3o \u00e9 id\u00eantico ao post principal.<\/span><br><br>An\u00fancios: ROXO - TOPO INTERNA - ROTATIVO 2 (197)<br \/>Grupo de an\u00fancios: Princ_Meio01_720x104 (27)<br><br>Condi\u00e7\u00f5es de exibi\u00e7\u00e3o<div style=\"margin-bottom: 20px; white-space: pre-wrap; font-family: monospace; width: 100%; background: #ffe9e9;\"><strong>condi\u00e7\u00f5es gerais<\/strong><table border=\"1\"><thead><tr><th><\/th><th>An\u00fancios<\/th><th>wp_the_query<\/th><\/tr><\/thead><tr><td>is_main_query<\/td><td>1<\/td><td>1<\/td><\/tr><tr><td>is_rest_api<\/td><td>0<\/td><td>1<\/td><\/tr><tr><td>page<\/td><td>0<\/td><td>1<\/td><\/tr><tr><td>numpages<\/td><td>0<\/td><td>1<\/td><\/tr><tr><td>is_archive<\/td><td>1<\/td><td><\/td><\/tr><tr><td>is_search<\/td><td>1<\/td><td><\/td><\/tr><tr><td>is_home<\/td><td>1<\/td><td><\/td><\/tr><tr><td>is_404<\/td><td>1<\/td><td><\/td><\/tr><tr><td>is_attachment<\/td><td>1<\/td><td><\/td><\/tr><tr><td>is_singular<\/td><td>1<\/td><td><\/td><\/tr><tr><td>is_front_page<\/td><td>1<\/td><td><\/td><\/tr><tr><td>is_feed<\/td><td>1<\/td><td><\/td><\/tr><\/table><\/div><br><br><span style=\"color: red;\">Seu site usa HTTPS, mas o c\u00f3digo do an\u00fancio cont\u00e9m HTTP e pode n\u00e3o funcionar.<\/span>\t<br><br>\n\t<a style=\"color: green;\" href=\"https:\/\/wpadvancedads.com\/manual\/ad-debug-mode\/?utm_source=advanced-ads&utm_medium=link&utm_campaign=ad-debug-mode\" target=\"_blank\" rel=\"nofollow\">Encontre solu\u00e7\u00f5es no manual<\/a>\n<\/div>\n<\/li><\/ul><\/div><script>( window.advanced_ads_ready || jQuery( document ).ready ).call( null, function() {var $lavraslider974702290 = jQuery( \".lavra-slider-974702290\" );$lavraslider974702290.on( \"unslider.ready\", function() { jQuery( \"div.custom-slider ul li\" ).css( \"display\", \"block\" ); });$lavraslider974702290.unslider({ delay:4000, autoplay:true, nav:false, arrows:false, infinite:true });$lavraslider974702290.on(\"mouseover\", function() {$lavraslider974702290.unslider(\"stop\");}).on(\"mouseout\", function() {$lavraslider974702290.unslider(\"start\");});});<\/script><\/div><p class=\" \">O eleitor que j\u00e1 sabe que n\u00e3o poder\u00e1 votar no dia 2 de outubro, primeiro turno das Elei\u00e7\u00f5es 2016, pode se programar e imprimir o <a href=\"http:\/\/www.justicaeleitoral.jus.br\/arquivos\/tre-mg-formulario-de-justificativa-eleitoral-2016\">formul\u00e1rio de justificativa<\/a> (formato PDF), que est\u00e1 dispon\u00edvel no site do TRE (em \u201cElei\u00e7\u00f5es 2016\u201d). <!--more-->O formul\u00e1rio tamb\u00e9m pode ser obtido em qualquer cart\u00f3rio ou central de atendimento da Justi\u00e7a Eleitoral, gratuitamente.\u00a0<img fetchpriority=\"high\" decoding=\"async\" class=\" wp-image-2484 alignright\" src=\"http:\/\/lavras.tv\/site\/wp-content\/uploads\/2016\/09\/JUSTRIFICA-VOTO.jpg\" alt=\"justrifica-voto\" width=\"372\" height=\"248\" srcset=\"https:\/\/lavras.tv\/site\/wp-content\/uploads\/2016\/09\/JUSTRIFICA-VOTO.jpg 3456w, https:\/\/lavras.tv\/site\/wp-content\/uploads\/2016\/09\/JUSTRIFICA-VOTO-150x100.jpg 150w, https:\/\/lavras.tv\/site\/wp-content\/uploads\/2016\/09\/JUSTRIFICA-VOTO-300x200.jpg 300w, https:\/\/lavras.tv\/site\/wp-content\/uploads\/2016\/09\/JUSTRIFICA-VOTO-1024x683.jpg 1024w, https:\/\/lavras.tv\/site\/wp-content\/uploads\/2016\/09\/JUSTRIFICA-VOTO-480x320.jpg 480w, https:\/\/lavras.tv\/site\/wp-content\/uploads\/2016\/09\/JUSTRIFICA-VOTO-272x182.jpg 272w\" sizes=\"(max-width: 372px) 100vw, 372px\" \/><\/p>\n<p class=\" \">No dia das elei\u00e7\u00f5es, o eleitor pode justificar sua aus\u00eancia em qualquer local de vota\u00e7\u00e3o ou em um posto de justificativafora da cidade onde vota, das<strong> 8h \u00e0s 17h<\/strong>. Nesse dia, o espa\u00e7o do TRE no audit\u00f3rio da Rodovi\u00e1ria e o \u00f4nibus na entrada principal tamb\u00e9m ficam \u00e0 disposi\u00e7\u00e3o dos eleitores. Haver\u00e1 tamb\u00e9m um \u00f4nibus \u201cTRE Aqui\u201d no Aeroporto Tancredo Neves (Confins) para receber os formul\u00e1rios no dia das elei\u00e7\u00f5es.<\/p>\n<p class=\" \">Para justificar, o eleitor deve levar um documento oficial de identifica\u00e7\u00e3o com foto e entregar o formul\u00e1rio de justificativa preenchido. Os dados devem estar corretos e leg\u00edveis para que a justificativa seja considerada v\u00e1lida. Dentre as informa\u00e7\u00f5es necess\u00e1rias para preencher o formul\u00e1rio est\u00e1 o n\u00famero do t\u00edtulo de eleitor \u2013 que pode ser consultado no <a href=\"http:\/\/www.tre-mg.jus.br\/eleitor\/titulo-e-local-de-votacao\/consulta-por-nome\">site do TRE<\/a> ou pelo Disque-Eleitor (148). \u00c9 importante n\u00e3o deixar para consultar no dia da elei\u00e7\u00e3o, j\u00e1 que o site e as linhas telef\u00f4nicas podem ficar congestionados.<\/p>\n<p class=\" \">Se o eleitor n\u00e3o justificar no dia das elei\u00e7\u00f5es, ele tem o prazo de 60 dias ap\u00f3s o dia da vota\u00e7\u00e3o. O eleitor deve comparecer a qualquer cart\u00f3rio ou central de atendimento da Justi\u00e7a Eleitoral e solicitar a regulariza\u00e7\u00e3o de sua situa\u00e7\u00e3o, com o formul\u00e1rio <a href=\"http:\/\/www.justicaeleitoral.jus.br\/arquivos\/tse-requerimento-de-justificativa-eleitoral-pos-eleicao\">Requerimento de Justificativa Eleitoral<\/a> (formado PDF) \u2013 diferente do utilizado para justificar a aus\u00eancia no dia da vota\u00e7\u00e3o \u2013 preenchido e os documentos que justifiquem a aus\u00eancia, como um atestado m\u00e9dico. Tamb\u00e9m h\u00e1 a possibilidade de enviar o Requerimento preenchido, acompanhado da documenta\u00e7\u00e3o, via postal ao juiz da zona eleitoral na qual o eleitor \u00e9 inscrito. O prazo final para justificar a aus\u00eancia ao primeiro turno das Elei\u00e7\u00f5es 2016 \u00e9 o dia 1\u00ba de dezembro.<\/p>\n<p>No caso do eleitor que estiver no exterior, o prazo para justificativa \u00e9 de 30 dias, a contar da data de retorno ao pa\u00eds. O procedimento \u00e9 o mesmo: preencher o Requerimento e entreg\u00e1-lo em um cart\u00f3rio eleitoral junto de documenta\u00e7\u00e3o que comprove a aus\u00eancia no dia da vota\u00e7\u00e3o, por exemplo, a passagem com a data de retorno ao Brasil.<\/p>\n<p>O eleitor que n\u00e3o votar ou n\u00e3o justificar a sua aus\u00eancia em tr\u00eas elei\u00e7\u00f5es consecutivas sofre algumas consequ\u00eancias, definidas pela legisla\u00e7\u00e3o eleitoral. Dentre elas, a impossibilidade de obter passaporte e de renovar matr\u00edcula em estabelecimento de ensino oficial ou fiscalizado pelo governo.<br \/>\nMais informa\u00e7\u00f5es: Disque-Eleitor (148)<\/p>\n<p>&nbsp;<\/p>\n<p>Fonte: TRE-MG<\/p>\n","protected":false},"excerpt":{"rendered":"<p>O eleitor que j\u00e1 sabe que n\u00e3o poder\u00e1 votar no dia 2 de outubro, primeiro turno das Elei\u00e7\u00f5es 2016, pode se programar e imprimir o formul\u00e1rio de justificativa (formato PDF), que est\u00e1 dispon\u00edvel no site do TRE (em \u201cElei\u00e7\u00f5es 2016\u201d).<\/p>\n","protected":false},"author":2,"featured_media":2484,"comment_status":"closed","ping_status":"open","sticky":false,"template":"","format":"standard","meta":{"advgb_blocks_editor_width":"","advgb_blocks_columns_visual_guide":"","_exactmetrics_skip_tracking":false,"_exactmetrics_sitenote_active":false,"_exactmetrics_sitenote_note":"","_exactmetrics_sitenote_category":0,"footnotes":""},"categories":[7,12],"tags":[418,871,870,461],"class_list":["post-2483","post","type-post","status-publish","format-standard","has-post-thumbnail","hentry","category-destaques","category-politica","tag-eleicoes-2016","tag-formulario","tag-justificativa-de-voto","tag-tre-mg"],"better_featured_image":{"id":2484,"alt_text":"","caption":"","description":"","media_type":"image","media_details":{"width":3456,"height":2304,"file":"2016\/09\/JUSTRIFICA-VOTO.jpg","sizes":{"thumbnail":{"file":"JUSTRIFICA-VOTO-150x100.jpg","width":150,"height":100,"mime-type":"image\/jpeg","source_url":"https:\/\/lavras.tv\/site\/wp-content\/uploads\/2016\/09\/JUSTRIFICA-VOTO-150x100.jpg"},"medium":{"file":"JUSTRIFICA-VOTO-300x200.jpg","width":300,"height":200,"mime-type":"image\/jpeg","source_url":"https:\/\/lavras.tv\/site\/wp-content\/uploads\/2016\/09\/JUSTRIFICA-VOTO-300x200.jpg"},"large":{"file":"JUSTRIFICA-VOTO-1024x683.jpg","width":1024,"height":683,"mime-type":"image\/jpeg","source_url":"https:\/\/lavras.tv\/site\/wp-content\/uploads\/2016\/09\/JUSTRIFICA-VOTO-1024x683.jpg"},"featured-slider-img":{"file":"JUSTRIFICA-VOTO-640x480.jpg","width":640,"height":480,"mime-type":"image\/jpeg","source_url":"https:\/\/lavras.tv\/site\/wp-content\/uploads\/2016\/09\/JUSTRIFICA-VOTO-640x480.jpg"},"featured-post-img":{"file":"JUSTRIFICA-VOTO-480x320.jpg","width":480,"height":320,"mime-type":"image\/jpeg","source_url":"https:\/\/lavras.tv\/site\/wp-content\/uploads\/2016\/09\/JUSTRIFICA-VOTO-480x320.jpg"},"sow-carousel-default":{"file":"JUSTRIFICA-VOTO-272x182.jpg","width":272,"height":182,"mime-type":"image\/jpeg","source_url":"https:\/\/lavras.tv\/site\/wp-content\/uploads\/2016\/09\/JUSTRIFICA-VOTO-272x182.jpg"}},"image_meta":{"aperture":"10","credit":"","camera":"Canon EOS 50D","caption":"","created_timestamp":"1349598859","copyright":"","focal_length":"31","iso":"400","shutter_speed":"0.0166666666667","title":"","orientation":"1","keywords":[]}},"post":2483,"source_url":"https:\/\/lavras.tv\/site\/wp-content\/uploads\/2016\/09\/JUSTRIFICA-VOTO.jpg"},"author_meta":{"display_name":"Lavras TV","author_link":"https:\/\/lavras.tv\/site\/author\/lavrastv\/"},"featured_img":"https:\/\/lavras.tv\/site\/wp-content\/uploads\/2016\/09\/JUSTRIFICA-VOTO-300x200.jpg","coauthors":[],"tax_additional":{"categories":{"linked":["<a href=\"https:\/\/lavras.tv\/site\/category\/destaques\/\" class=\"advgb-post-tax-term\">Destaques<\/a>","<a href=\"https:\/\/lavras.tv\/site\/category\/politica\/\" class=\"advgb-post-tax-term\">Pol\u00edtica<\/a>"],"unlinked":["<span class=\"advgb-post-tax-term\">Destaques<\/span>","<span class=\"advgb-post-tax-term\">Pol\u00edtica<\/span>"]},"tags":{"linked":["<a href=\"https:\/\/lavras.tv\/site\/category\/politica\/\" class=\"advgb-post-tax-term\">elei\u00e7\u00f5es 2016<\/a>","<a href=\"https:\/\/lavras.tv\/site\/category\/politica\/\" class=\"advgb-post-tax-term\">formul\u00e1rio<\/a>","<a href=\"https:\/\/lavras.tv\/site\/category\/politica\/\" class=\"advgb-post-tax-term\">justificativa de voto<\/a>","<a href=\"https:\/\/lavras.tv\/site\/category\/politica\/\" class=\"advgb-post-tax-term\">tre-mg<\/a>"],"unlinked":["<span class=\"advgb-post-tax-term\">elei\u00e7\u00f5es 2016<\/span>","<span class=\"advgb-post-tax-term\">formul\u00e1rio<\/span>","<span class=\"advgb-post-tax-term\">justificativa de voto<\/span>","<span class=\"advgb-post-tax-term\">tre-mg<\/span>"]}},"comment_count":"0","relative_dates":{"created":"Publicado 10 anos atr\u00e1s","modified":"Atualizado 10 anos atr\u00e1s"},"absolute_dates":{"created":"Publicado em 22 de setembro de 2016","modified":"Atualizado em 22 de setembro de 2016"},"absolute_dates_time":{"created":"Publicado em 22 de setembro de 2016 08:30","modified":"Atualizado em 22 de setembro de 2016 08:30"},"featured_img_caption":"","series_order":"","_links":{"self":[{"href":"https:\/\/lavras.tv\/site\/wp-json\/wp\/v2\/posts\/2483","targetHints":{"allow":["GET"]}}],"collection":[{"href":"https:\/\/lavras.tv\/site\/wp-json\/wp\/v2\/posts"}],"about":[{"href":"https:\/\/lavras.tv\/site\/wp-json\/wp\/v2\/types\/post"}],"author":[{"embeddable":true,"href":"https:\/\/lavras.tv\/site\/wp-json\/wp\/v2\/users\/2"}],"replies":[{"embeddable":true,"href":"https:\/\/lavras.tv\/site\/wp-json\/wp\/v2\/comments?post=2483"}],"version-history":[{"count":1,"href":"https:\/\/lavras.tv\/site\/wp-json\/wp\/v2\/posts\/2483\/revisions"}],"predecessor-version":[{"id":2485,"href":"https:\/\/lavras.tv\/site\/wp-json\/wp\/v2\/posts\/2483\/revisions\/2485"}],"wp:featuredmedia":[{"embeddable":true,"href":"https:\/\/lavras.tv\/site\/wp-json\/wp\/v2\/media\/2484"}],"wp:attachment":[{"href":"https:\/\/lavras.tv\/site\/wp-json\/wp\/v2\/media?parent=2483"}],"wp:term":[{"taxonomy":"category","embeddable":true,"href":"https:\/\/lavras.tv\/site\/wp-json\/wp\/v2\/categories?post=2483"},{"taxonomy":"post_tag","embeddable":true,"href":"https:\/\/lavras.tv\/site\/wp-json\/wp\/v2\/tags?post=2483"}],"curies":[{"name":"wp","href":"https:\/\/api.w.org\/{rel}","templated":true}]}}