{"id":2489,"date":"2016-09-22T08:57:25","date_gmt":"2016-09-22T11:57:25","guid":{"rendered":"http:\/\/lavras.tv\/site\/?p=2489"},"modified":"2016-09-22T09:03:22","modified_gmt":"2016-09-22T12:03:22","slug":"oficina-de-astronomia-e-atracao-no-fim-de-semana","status":"publish","type":"post","link":"https:\/\/lavras.tv\/site\/2016\/09\/22\/oficina-de-astronomia-e-atracao-no-fim-de-semana\/","title":{"rendered":"Oficina de Astronomia \u00e9 atra\u00e7\u00e3o no fim de semana"},"content":{"rendered":"<div class=\"lavra-antes-do-conteudo_2\" id=\"lavra-1091134000\"><div id=\"lavra-slider-27\" class=\"custom-slider lavra-slider-833637577 lavra-slider\"><ul><li><div style=\"margin-left: auto;margin-right: auto;text-align: center;\" id=\"lavra-2708083629\"><a href=\"https:\/\/sistemas.lavras.mg.gov.br\/portalcidadao\/#df1b1a7c7b2a290bcb31e32771e610784662739a88807c0dacac58ede5f391a7530e299dc302d611ee73cb143fc22eaf93592e53e7b5bdb01b00a0b8d28dae460c141dd2ff83412e4dc1c31b16b25f33144a9e5620ea73b13f5bc1c59411d98439ad226e8af03840603796067d87afe130812cf3de24982d0e306f9e61e764e5\" aria-label=\"Lavras-TV&#8211;720x104px (1) (1)\"><img src=\"https:\/\/lavras.tv\/site\/wp-content\/uploads\/2025\/01\/Lavras-TV-720x104px-1-1.png\" alt=\"\"  srcset=\"https:\/\/lavras.tv\/site\/wp-content\/uploads\/2025\/01\/Lavras-TV-720x104px-1-1.png 720w, https:\/\/lavras.tv\/site\/wp-content\/uploads\/2025\/01\/Lavras-TV-720x104px-1-1-470x68.png 470w, https:\/\/lavras.tv\/site\/wp-content\/uploads\/2025\/01\/Lavras-TV-720x104px-1-1-170x25.png 170w, https:\/\/lavras.tv\/site\/wp-content\/uploads\/2025\/01\/Lavras-TV-720x104px-1-1-200x29.png 200w\" sizes=\"(max-width: 720px) 100vw, 720px\" width=\"720\" height=\"104\"  style=\"display: inline-block;\" \/><\/a><\/div><\/li><li><a href=\"https:\/\/sistemas.lavras.mg.gov.br\/portalcidadao\/#df1b1a7c7b2a290bcb31e32771e610784662739a88807c0dacac58ede5f391a7530e299dc302d611ee73cb143fc22eaf93592e53e7b5bdb01b00a0b8d28dae460c141dd2ff83412e4dc1c31b16b25f33144a9e5620ea73b13f5bc1c59411d98439ad226e8af03840603796067d87afe130812cf3de24982d0e306f9e61e764e5\" aria-label=\"Banner_Emprego_PortallavrasTV\"><img src=\"https:\/\/lavras.tv\/site\/wp-content\/uploads\/2025\/03\/Banner_Emprego_PortallavrasTV.png\" alt=\"\"  srcset=\"https:\/\/lavras.tv\/site\/wp-content\/uploads\/2025\/03\/Banner_Emprego_PortallavrasTV.png 720w, https:\/\/lavras.tv\/site\/wp-content\/uploads\/2025\/03\/Banner_Emprego_PortallavrasTV-470x68.png 470w, https:\/\/lavras.tv\/site\/wp-content\/uploads\/2025\/03\/Banner_Emprego_PortallavrasTV-170x25.png 170w, https:\/\/lavras.tv\/site\/wp-content\/uploads\/2025\/03\/Banner_Emprego_PortallavrasTV-200x29.png 200w\" sizes=\"(max-width: 720px) 100vw, 720px\" width=\"720\" height=\"104\"   \/><\/a><\/li><li><a href=\"https:\/\/sistemas.lavras.mg.gov.br\/portalcidadao\/#df1b1a7c7b2a290bcb31e32771e610784662739a88807c0dacac58ede5f391a7530e299dc302d611ee73cb143fc22eaf93592e53e7b5bdb01b00a0b8d28dae460c141dd2ff83412e4dc1c31b16b25f33144a9e5620ea73b13f5bc1c59411d98439ad226e8af03840603796067d87afe130812cf3de24982d0e306f9e61e764e5\" aria-label=\"Banner_Obras_PortallavrasTV\"><img src=\"https:\/\/lavras.tv\/site\/wp-content\/uploads\/2025\/03\/Banner_Obras_PortallavrasTV.png\" alt=\"\"  srcset=\"https:\/\/lavras.tv\/site\/wp-content\/uploads\/2025\/03\/Banner_Obras_PortallavrasTV.png 720w, https:\/\/lavras.tv\/site\/wp-content\/uploads\/2025\/03\/Banner_Obras_PortallavrasTV-470x68.png 470w, https:\/\/lavras.tv\/site\/wp-content\/uploads\/2025\/03\/Banner_Obras_PortallavrasTV-170x25.png 170w, https:\/\/lavras.tv\/site\/wp-content\/uploads\/2025\/03\/Banner_Obras_PortallavrasTV-200x29.png 200w\" sizes=\"(max-width: 720px) 100vw, 720px\" width=\"720\" height=\"104\"   \/><\/a><\/li><li><div style=\"margin-left: auto;margin-right: auto;text-align: center;\" id=\"lavra-287976353\"><a href=\"https:\/\/sistemas.lavras.mg.gov.br\/portalcidadao\/#df1b1a7c7b2a290bcb31e32771e610784662739a88807c0dacac58ede5f391a7530e299dc302d611ee73cb143fc22eaf93592e53e7b5bdb01b00a0b8d28dae460c141dd2ff83412e4dc1c31b16b25f33144a9e5620ea73b13f5bc1c59411d98439ad226e8af03840603796067d87afe130812cf3de24982d0e306f9e61e764e5\" aria-label=\"Banner_Educa\u00e7\u00e3o_PortallavrasTV\"><img src=\"https:\/\/lavras.tv\/site\/wp-content\/uploads\/2025\/01\/Banner_Educacao_PortallavrasTV.png\" alt=\"\"  srcset=\"https:\/\/lavras.tv\/site\/wp-content\/uploads\/2025\/01\/Banner_Educacao_PortallavrasTV.png 720w, https:\/\/lavras.tv\/site\/wp-content\/uploads\/2025\/01\/Banner_Educacao_PortallavrasTV-470x68.png 470w, https:\/\/lavras.tv\/site\/wp-content\/uploads\/2025\/01\/Banner_Educacao_PortallavrasTV-170x25.png 170w, https:\/\/lavras.tv\/site\/wp-content\/uploads\/2025\/01\/Banner_Educacao_PortallavrasTV-200x29.png 200w\" sizes=\"(max-width: 720px) 100vw, 720px\" width=\"720\" height=\"104\"  style=\"display: inline-block;\" \/><\/a><\/div><\/li><li><a href=\"https:\/\/sistemas.lavras.mg.gov.br\/portalcidadao\/#df1b1a7c7b2a290bcb31e32771e610784662739a88807c0dacac58ede5f391a7530e299dc302d611ee73cb143fc22eaf93592e53e7b5bdb01b00a0b8d28dae460c141dd2ff83412e4dc1c31b16b25f33144a9e5620ea73b13f5bc1c59411d98439ad226e8af03840603796067d87afe130812cf3de24982d0e306f9e61e764e5\" aria-label=\"Banner_Sa\u00fade_PortallavrasTV\"><img src=\"https:\/\/lavras.tv\/site\/wp-content\/uploads\/2025\/03\/Banner_Saude_PortallavrasTV.png\" alt=\"\"  srcset=\"https:\/\/lavras.tv\/site\/wp-content\/uploads\/2025\/03\/Banner_Saude_PortallavrasTV.png 720w, https:\/\/lavras.tv\/site\/wp-content\/uploads\/2025\/03\/Banner_Saude_PortallavrasTV-470x68.png 470w, https:\/\/lavras.tv\/site\/wp-content\/uploads\/2025\/03\/Banner_Saude_PortallavrasTV-170x25.png 170w, https:\/\/lavras.tv\/site\/wp-content\/uploads\/2025\/03\/Banner_Saude_PortallavrasTV-200x29.png 200w\" sizes=\"(max-width: 720px) 100vw, 720px\" width=\"720\" height=\"104\"   \/><\/a><\/li><li><div id=\"lavra-1199482792\" style=\"width:720px;height:104px;background-color:#ddd;overflow:scroll;\">\n\t<strong>Sa\u00edda da depura\u00e7\u00e3o de an\u00fancios<\/strong>\n\t<br><br>\n\tO an\u00fancio n\u00e3o \u00e9 exibido na p\u00e1gina<br><br>post atual: Oficina de Astronomia \u00e9 atra\u00e7\u00e3o no fim de semana, ID: 2489<br><br><span style=\"color: red;\">O post atual n\u00e3o \u00e9 id\u00eantico ao post principal.<\/span><br><br>An\u00fancios: ROXO - TOPO INTERNA - ROTATIVO 2 (197)<br \/>Grupo de an\u00fancios: Princ_Meio01_720x104 (27)<br><br>Condi\u00e7\u00f5es de exibi\u00e7\u00e3o<div style=\"margin-bottom: 20px; white-space: pre-wrap; font-family: monospace; width: 100%; background: #ffe9e9;\"><strong>condi\u00e7\u00f5es gerais<\/strong><table border=\"1\"><thead><tr><th><\/th><th>An\u00fancios<\/th><th>wp_the_query<\/th><\/tr><\/thead><tr><td>is_main_query<\/td><td>1<\/td><td>1<\/td><\/tr><tr><td>is_rest_api<\/td><td>0<\/td><td>1<\/td><\/tr><tr><td>page<\/td><td>0<\/td><td>1<\/td><\/tr><tr><td>numpages<\/td><td>0<\/td><td>1<\/td><\/tr><tr><td>is_archive<\/td><td>1<\/td><td><\/td><\/tr><tr><td>is_search<\/td><td>1<\/td><td><\/td><\/tr><tr><td>is_home<\/td><td>1<\/td><td><\/td><\/tr><tr><td>is_404<\/td><td>1<\/td><td><\/td><\/tr><tr><td>is_attachment<\/td><td>1<\/td><td><\/td><\/tr><tr><td>is_singular<\/td><td>1<\/td><td><\/td><\/tr><tr><td>is_front_page<\/td><td>1<\/td><td><\/td><\/tr><tr><td>is_feed<\/td><td>1<\/td><td><\/td><\/tr><\/table><\/div><br><br><span style=\"color: red;\">Seu site usa HTTPS, mas o c\u00f3digo do an\u00fancio cont\u00e9m HTTP e pode n\u00e3o funcionar.<\/span>\t<br><br>\n\t<a style=\"color: green;\" href=\"https:\/\/wpadvancedads.com\/manual\/ad-debug-mode\/?utm_source=advanced-ads&utm_medium=link&utm_campaign=ad-debug-mode\" target=\"_blank\" rel=\"nofollow\">Encontre solu\u00e7\u00f5es no manual<\/a>\n<\/div>\n<\/li><\/ul><\/div><script>( window.advanced_ads_ready || jQuery( document ).ready ).call( null, function() {var $lavraslider833637577 = jQuery( \".lavra-slider-833637577\" );$lavraslider833637577.on( \"unslider.ready\", function() { jQuery( \"div.custom-slider ul li\" ).css( \"display\", \"block\" ); });$lavraslider833637577.unslider({ delay:4000, autoplay:true, nav:false, arrows:false, infinite:true });$lavraslider833637577.on(\"mouseover\", function() {$lavraslider833637577.unslider(\"stop\");}).on(\"mouseout\", function() {$lavraslider833637577.unslider(\"start\");});});<\/script><\/div><div>A equipe do Projeto &#8220;A Magia\u00a0da\u00a0F\u00edsica e do Universo&#8221; estar\u00e1 realizando mais uma edi\u00e7\u00e3o\u00a0da\u00a0Oficina de\u00a0Astronomia\u00a0Festa\u00a0das\u00a0Estrel<wbr \/>as.<\/div>\n<p><!--more--><\/p>\n<div>Nessa edi\u00e7\u00e3o especial, que encerra a programa\u00e7\u00e3o da 10a. Primavera dos Museus, o tema abordado ser\u00e3o os \u00a0meteoritos. As observa\u00e7\u00f5es ser\u00e3o feitas no Museu de Hist\u00f3ria Natural da UFLA e haver\u00e1 a possibilidade do p\u00fablico ter contato com a exposi\u00e7\u00e3o de um fragmento do meteorito Sikhote-Alin.<\/div>\n<p>&nbsp;<\/p>\n<div><\/div>\n<div><img fetchpriority=\"high\" decoding=\"async\" class=\"size-full wp-image-2490 aligncenter\" src=\"http:\/\/lavras.tv\/site\/wp-content\/uploads\/2016\/09\/Divulga\u00e7\u00e3o-festa-das-estrelas.jpg\" alt=\"divulgacao-festa-das-estrelas\" width=\"1344\" height=\"1008\" srcset=\"https:\/\/lavras.tv\/site\/wp-content\/uploads\/2016\/09\/Divulga\u00e7\u00e3o-festa-das-estrelas.jpg 1344w, https:\/\/lavras.tv\/site\/wp-content\/uploads\/2016\/09\/Divulga\u00e7\u00e3o-festa-das-estrelas-150x113.jpg 150w, https:\/\/lavras.tv\/site\/wp-content\/uploads\/2016\/09\/Divulga\u00e7\u00e3o-festa-das-estrelas-300x225.jpg 300w, https:\/\/lavras.tv\/site\/wp-content\/uploads\/2016\/09\/Divulga\u00e7\u00e3o-festa-das-estrelas-1024x768.jpg 1024w, https:\/\/lavras.tv\/site\/wp-content\/uploads\/2016\/09\/Divulga\u00e7\u00e3o-festa-das-estrelas-640x480.jpg 640w\" sizes=\"(max-width: 1344px) 100vw, 1344px\" \/><\/div>\n<div><\/div>\n<div>Fonte: Coordenadoria de Museus &#8211; UFLA<\/div>\n","protected":false},"excerpt":{"rendered":"<p>A equipe do Projeto &#8220;A Magia\u00a0da\u00a0F\u00edsica e do Universo&#8221; estar\u00e1 realizando mais uma edi\u00e7\u00e3o\u00a0da\u00a0Oficina de\u00a0Astronomia\u00a0Festa\u00a0das\u00a0Estrelas.<\/p>\n","protected":false},"author":2,"featured_media":2491,"comment_status":"closed","ping_status":"open","sticky":false,"template":"","format":"standard","meta":{"advgb_blocks_editor_width":"","advgb_blocks_columns_visual_guide":"","_exactmetrics_skip_tracking":false,"_exactmetrics_sitenote_active":false,"_exactmetrics_sitenote_note":"","_exactmetrics_sitenote_category":0,"footnotes":""},"categories":[7,2],"tags":[878,879,880,877,807,56],"class_list":["post-2489","post","type-post","status-publish","format-standard","has-post-thumbnail","hentry","category-destaques","category-noticias","tag-magia-da-fisica","tag-meteoritos","tag-museus","tag-oficina-de-astronomia","tag-primavera-dos-museus","tag-ufla"],"better_featured_image":{"id":2491,"alt_text":"","caption":"Dad and three sons on a clear night looking thru a telescope\n\nCheck out this light box with other Astronaut\/Space Images by Nashville Photographer, Dieter Spears, Owner of Inhaus Creative.\n\n[url=http:\/\/www.istockphoto.com\/search\/lightbox\/2459726#898cb29][img]http:\/\/dieterspears.com\/istock\/links\/button_space.jpg[\/img][\/url]","description":"","media_type":"image","media_details":{"width":2716,"height":1810,"file":"2016\/09\/astronomia.jpg","sizes":{"thumbnail":{"file":"astronomia-150x100.jpg","width":150,"height":100,"mime-type":"image\/jpeg","source_url":"https:\/\/lavras.tv\/site\/wp-content\/uploads\/2016\/09\/astronomia-150x100.jpg"},"medium":{"file":"astronomia-300x200.jpg","width":300,"height":200,"mime-type":"image\/jpeg","source_url":"https:\/\/lavras.tv\/site\/wp-content\/uploads\/2016\/09\/astronomia-300x200.jpg"},"large":{"file":"astronomia-1024x682.jpg","width":1024,"height":682,"mime-type":"image\/jpeg","source_url":"https:\/\/lavras.tv\/site\/wp-content\/uploads\/2016\/09\/astronomia-1024x682.jpg"},"featured-slider-img":{"file":"astronomia-640x480.jpg","width":640,"height":480,"mime-type":"image\/jpeg","source_url":"https:\/\/lavras.tv\/site\/wp-content\/uploads\/2016\/09\/astronomia-640x480.jpg"},"featured-post-img":{"file":"astronomia-480x320.jpg","width":480,"height":320,"mime-type":"image\/jpeg","source_url":"https:\/\/lavras.tv\/site\/wp-content\/uploads\/2016\/09\/astronomia-480x320.jpg"},"sow-carousel-default":{"file":"astronomia-272x182.jpg","width":272,"height":182,"mime-type":"image\/jpeg","source_url":"https:\/\/lavras.tv\/site\/wp-content\/uploads\/2016\/09\/astronomia-272x182.jpg"}},"image_meta":{"aperture":"2.8","credit":"Dieter Spears | Inhaus Creative","camera":"Canon EOS 5D Mark III","caption":"Dad and three sons on a clear night looking thru a telescope\r\rCheck out this light box with other Astronaut\/Space Images by Nashville Photographer, Dieter Spears, Owner of Inhaus Creative.\r\r[url=http:\/\/www.istockphoto.com\/search\/lightbox\/2459726#898cb29][img]http:\/\/dieterspears.com\/istock\/links\/button_space.jpg[\/img][\/url]","created_timestamp":"1402093685","copyright":"\u00a9 Inhaus Creative | Dieter Spears","focal_length":"45","iso":"640","shutter_speed":"0.008","title":"Dad and three sons on a clear night looking thru a telescope","orientation":"0","keywords":["Boy","Copy Space","Dusk","Family","Horizontal","Looking","Male","Outside","Sunset","astronomy","clear night","color image","dad","dawn","exploration","four","group","looking through","looking up","night","observation","parent","pointing","showing","silhouette","sons","star","star gazing","sunrise","teaching","teen","telescope"]}},"post":2489,"source_url":"https:\/\/lavras.tv\/site\/wp-content\/uploads\/2016\/09\/astronomia.jpg"},"author_meta":{"display_name":"Lavras TV","author_link":"https:\/\/lavras.tv\/site\/author\/lavrastv\/"},"featured_img":"https:\/\/lavras.tv\/site\/wp-content\/uploads\/2016\/09\/astronomia-300x200.jpg","coauthors":[],"tax_additional":{"categories":{"linked":["<a href=\"https:\/\/lavras.tv\/site\/category\/destaques\/\" class=\"advgb-post-tax-term\">Destaques<\/a>","<a href=\"https:\/\/lavras.tv\/site\/category\/noticias\/\" class=\"advgb-post-tax-term\">Not\u00edcias<\/a>"],"unlinked":["<span class=\"advgb-post-tax-term\">Destaques<\/span>","<span class=\"advgb-post-tax-term\">Not\u00edcias<\/span>"]},"tags":{"linked":["<a href=\"https:\/\/lavras.tv\/site\/category\/noticias\/\" class=\"advgb-post-tax-term\">magia da f\u00edsica<\/a>","<a href=\"https:\/\/lavras.tv\/site\/category\/noticias\/\" class=\"advgb-post-tax-term\">meteoritos<\/a>","<a href=\"https:\/\/lavras.tv\/site\/category\/noticias\/\" class=\"advgb-post-tax-term\">Museus<\/a>","<a href=\"https:\/\/lavras.tv\/site\/category\/noticias\/\" class=\"advgb-post-tax-term\">oficina de astronomia<\/a>","<a href=\"https:\/\/lavras.tv\/site\/category\/noticias\/\" class=\"advgb-post-tax-term\">primavera dos museus<\/a>","<a href=\"https:\/\/lavras.tv\/site\/category\/noticias\/\" class=\"advgb-post-tax-term\">ufla<\/a>"],"unlinked":["<span class=\"advgb-post-tax-term\">magia da f\u00edsica<\/span>","<span class=\"advgb-post-tax-term\">meteoritos<\/span>","<span class=\"advgb-post-tax-term\">Museus<\/span>","<span class=\"advgb-post-tax-term\">oficina de astronomia<\/span>","<span class=\"advgb-post-tax-term\">primavera dos museus<\/span>","<span class=\"advgb-post-tax-term\">ufla<\/span>"]}},"comment_count":"0","relative_dates":{"created":"Publicado 10 anos atr\u00e1s","modified":"Atualizado 10 anos atr\u00e1s"},"absolute_dates":{"created":"Publicado em 22 de setembro de 2016","modified":"Atualizado em 22 de setembro de 2016"},"absolute_dates_time":{"created":"Publicado em 22 de setembro de 2016 08:57","modified":"Atualizado em 22 de setembro de 2016 09:03"},"featured_img_caption":"Dad and three sons on a clear night looking thru a telescope\n\nCheck out this light box with other Astronaut\/Space Images by Nashville Photographer, Dieter Spears, Owner of Inhaus Creative.\n\n[url=http:\/\/www.istockphoto.com\/search\/lightbox\/2459726#898cb29][img]http:\/\/dieterspears.com\/istock\/links\/button_space.jpg[\/img][\/url]","series_order":"","_links":{"self":[{"href":"https:\/\/lavras.tv\/site\/wp-json\/wp\/v2\/posts\/2489","targetHints":{"allow":["GET"]}}],"collection":[{"href":"https:\/\/lavras.tv\/site\/wp-json\/wp\/v2\/posts"}],"about":[{"href":"https:\/\/lavras.tv\/site\/wp-json\/wp\/v2\/types\/post"}],"author":[{"embeddable":true,"href":"https:\/\/lavras.tv\/site\/wp-json\/wp\/v2\/users\/2"}],"replies":[{"embeddable":true,"href":"https:\/\/lavras.tv\/site\/wp-json\/wp\/v2\/comments?post=2489"}],"version-history":[{"count":2,"href":"https:\/\/lavras.tv\/site\/wp-json\/wp\/v2\/posts\/2489\/revisions"}],"predecessor-version":[{"id":2493,"href":"https:\/\/lavras.tv\/site\/wp-json\/wp\/v2\/posts\/2489\/revisions\/2493"}],"wp:featuredmedia":[{"embeddable":true,"href":"https:\/\/lavras.tv\/site\/wp-json\/wp\/v2\/media\/2491"}],"wp:attachment":[{"href":"https:\/\/lavras.tv\/site\/wp-json\/wp\/v2\/media?parent=2489"}],"wp:term":[{"taxonomy":"category","embeddable":true,"href":"https:\/\/lavras.tv\/site\/wp-json\/wp\/v2\/categories?post=2489"},{"taxonomy":"post_tag","embeddable":true,"href":"https:\/\/lavras.tv\/site\/wp-json\/wp\/v2\/tags?post=2489"}],"curies":[{"name":"wp","href":"https:\/\/api.w.org\/{rel}","templated":true}]}}