{"id":2494,"date":"2016-09-22T09:12:17","date_gmt":"2016-09-22T12:12:17","guid":{"rendered":"http:\/\/lavras.tv\/site\/?p=2494"},"modified":"2016-09-22T09:12:17","modified_gmt":"2016-09-22T12:12:17","slug":"terminam-hoje-as-inscricoes-na-2a-mostra-cultural","status":"publish","type":"post","link":"https:\/\/lavras.tv\/site\/2016\/09\/22\/terminam-hoje-as-inscricoes-na-2a-mostra-cultural\/","title":{"rendered":"Terminam hoje as inscri\u00e7\u00f5es na 2\u00aa Mostra Cultural"},"content":{"rendered":"<div class=\"lavra-antes-do-conteudo_2\" id=\"lavra-1918913767\"><div id=\"lavra-slider-27\" class=\"custom-slider lavra-slider-2063031833 lavra-slider\"><ul><li><div style=\"margin-left: auto;margin-right: auto;text-align: center;\" id=\"lavra-3427567817\"><a href=\"https:\/\/sistemas.lavras.mg.gov.br\/portalcidadao\/#df1b1a7c7b2a290bcb31e32771e610784662739a88807c0dacac58ede5f391a7530e299dc302d611ee73cb143fc22eaf93592e53e7b5bdb01b00a0b8d28dae460c141dd2ff83412e4dc1c31b16b25f33144a9e5620ea73b13f5bc1c59411d98439ad226e8af03840603796067d87afe130812cf3de24982d0e306f9e61e764e5\" aria-label=\"Lavras-TV&#8211;720x104px (1) (1)\"><img src=\"https:\/\/lavras.tv\/site\/wp-content\/uploads\/2025\/01\/Lavras-TV-720x104px-1-1.png\" alt=\"\"  srcset=\"https:\/\/lavras.tv\/site\/wp-content\/uploads\/2025\/01\/Lavras-TV-720x104px-1-1.png 720w, https:\/\/lavras.tv\/site\/wp-content\/uploads\/2025\/01\/Lavras-TV-720x104px-1-1-470x68.png 470w, https:\/\/lavras.tv\/site\/wp-content\/uploads\/2025\/01\/Lavras-TV-720x104px-1-1-170x25.png 170w, https:\/\/lavras.tv\/site\/wp-content\/uploads\/2025\/01\/Lavras-TV-720x104px-1-1-200x29.png 200w\" sizes=\"(max-width: 720px) 100vw, 720px\" width=\"720\" height=\"104\"  style=\"display: inline-block;\" \/><\/a><\/div><\/li><li><a href=\"https:\/\/sistemas.lavras.mg.gov.br\/portalcidadao\/#df1b1a7c7b2a290bcb31e32771e610784662739a88807c0dacac58ede5f391a7530e299dc302d611ee73cb143fc22eaf93592e53e7b5bdb01b00a0b8d28dae460c141dd2ff83412e4dc1c31b16b25f33144a9e5620ea73b13f5bc1c59411d98439ad226e8af03840603796067d87afe130812cf3de24982d0e306f9e61e764e5\" aria-label=\"Banner_Emprego_PortallavrasTV\"><img src=\"https:\/\/lavras.tv\/site\/wp-content\/uploads\/2025\/03\/Banner_Emprego_PortallavrasTV.png\" alt=\"\"  srcset=\"https:\/\/lavras.tv\/site\/wp-content\/uploads\/2025\/03\/Banner_Emprego_PortallavrasTV.png 720w, https:\/\/lavras.tv\/site\/wp-content\/uploads\/2025\/03\/Banner_Emprego_PortallavrasTV-470x68.png 470w, https:\/\/lavras.tv\/site\/wp-content\/uploads\/2025\/03\/Banner_Emprego_PortallavrasTV-170x25.png 170w, https:\/\/lavras.tv\/site\/wp-content\/uploads\/2025\/03\/Banner_Emprego_PortallavrasTV-200x29.png 200w\" sizes=\"(max-width: 720px) 100vw, 720px\" width=\"720\" height=\"104\"   \/><\/a><\/li><li><a href=\"https:\/\/sistemas.lavras.mg.gov.br\/portalcidadao\/#df1b1a7c7b2a290bcb31e32771e610784662739a88807c0dacac58ede5f391a7530e299dc302d611ee73cb143fc22eaf93592e53e7b5bdb01b00a0b8d28dae460c141dd2ff83412e4dc1c31b16b25f33144a9e5620ea73b13f5bc1c59411d98439ad226e8af03840603796067d87afe130812cf3de24982d0e306f9e61e764e5\" aria-label=\"Banner_Obras_PortallavrasTV\"><img src=\"https:\/\/lavras.tv\/site\/wp-content\/uploads\/2025\/03\/Banner_Obras_PortallavrasTV.png\" alt=\"\"  srcset=\"https:\/\/lavras.tv\/site\/wp-content\/uploads\/2025\/03\/Banner_Obras_PortallavrasTV.png 720w, https:\/\/lavras.tv\/site\/wp-content\/uploads\/2025\/03\/Banner_Obras_PortallavrasTV-470x68.png 470w, https:\/\/lavras.tv\/site\/wp-content\/uploads\/2025\/03\/Banner_Obras_PortallavrasTV-170x25.png 170w, https:\/\/lavras.tv\/site\/wp-content\/uploads\/2025\/03\/Banner_Obras_PortallavrasTV-200x29.png 200w\" sizes=\"(max-width: 720px) 100vw, 720px\" width=\"720\" height=\"104\"   \/><\/a><\/li><li><div style=\"margin-left: auto;margin-right: auto;text-align: center;\" id=\"lavra-2333220693\"><a href=\"https:\/\/sistemas.lavras.mg.gov.br\/portalcidadao\/#df1b1a7c7b2a290bcb31e32771e610784662739a88807c0dacac58ede5f391a7530e299dc302d611ee73cb143fc22eaf93592e53e7b5bdb01b00a0b8d28dae460c141dd2ff83412e4dc1c31b16b25f33144a9e5620ea73b13f5bc1c59411d98439ad226e8af03840603796067d87afe130812cf3de24982d0e306f9e61e764e5\" aria-label=\"Banner_Educa\u00e7\u00e3o_PortallavrasTV\"><img src=\"https:\/\/lavras.tv\/site\/wp-content\/uploads\/2025\/01\/Banner_Educacao_PortallavrasTV.png\" alt=\"\"  srcset=\"https:\/\/lavras.tv\/site\/wp-content\/uploads\/2025\/01\/Banner_Educacao_PortallavrasTV.png 720w, https:\/\/lavras.tv\/site\/wp-content\/uploads\/2025\/01\/Banner_Educacao_PortallavrasTV-470x68.png 470w, https:\/\/lavras.tv\/site\/wp-content\/uploads\/2025\/01\/Banner_Educacao_PortallavrasTV-170x25.png 170w, https:\/\/lavras.tv\/site\/wp-content\/uploads\/2025\/01\/Banner_Educacao_PortallavrasTV-200x29.png 200w\" sizes=\"(max-width: 720px) 100vw, 720px\" width=\"720\" height=\"104\"  style=\"display: inline-block;\" \/><\/a><\/div><\/li><li><a href=\"https:\/\/sistemas.lavras.mg.gov.br\/portalcidadao\/#df1b1a7c7b2a290bcb31e32771e610784662739a88807c0dacac58ede5f391a7530e299dc302d611ee73cb143fc22eaf93592e53e7b5bdb01b00a0b8d28dae460c141dd2ff83412e4dc1c31b16b25f33144a9e5620ea73b13f5bc1c59411d98439ad226e8af03840603796067d87afe130812cf3de24982d0e306f9e61e764e5\" aria-label=\"Banner_Sa\u00fade_PortallavrasTV\"><img src=\"https:\/\/lavras.tv\/site\/wp-content\/uploads\/2025\/03\/Banner_Saude_PortallavrasTV.png\" alt=\"\"  srcset=\"https:\/\/lavras.tv\/site\/wp-content\/uploads\/2025\/03\/Banner_Saude_PortallavrasTV.png 720w, https:\/\/lavras.tv\/site\/wp-content\/uploads\/2025\/03\/Banner_Saude_PortallavrasTV-470x68.png 470w, https:\/\/lavras.tv\/site\/wp-content\/uploads\/2025\/03\/Banner_Saude_PortallavrasTV-170x25.png 170w, https:\/\/lavras.tv\/site\/wp-content\/uploads\/2025\/03\/Banner_Saude_PortallavrasTV-200x29.png 200w\" sizes=\"(max-width: 720px) 100vw, 720px\" width=\"720\" height=\"104\"   \/><\/a><\/li><li><div id=\"lavra-2884082730\" style=\"width:720px;height:104px;background-color:#ddd;overflow:scroll;\">\n\t<strong>Sa\u00edda da depura\u00e7\u00e3o de an\u00fancios<\/strong>\n\t<br><br>\n\tO an\u00fancio n\u00e3o \u00e9 exibido na p\u00e1gina<br><br>post atual: Terminam hoje as inscri\u00e7\u00f5es na 2\u00aa Mostra Cultural, ID: 2494<br><br><span style=\"color: red;\">O post atual n\u00e3o \u00e9 id\u00eantico ao post principal.<\/span><br><br>An\u00fancios: ROXO - TOPO INTERNA - ROTATIVO 2 (197)<br \/>Grupo de an\u00fancios: Princ_Meio01_720x104 (27)<br><br>Condi\u00e7\u00f5es de exibi\u00e7\u00e3o<div style=\"margin-bottom: 20px; white-space: pre-wrap; font-family: monospace; width: 100%; background: #ffe9e9;\"><strong>condi\u00e7\u00f5es gerais<\/strong><table border=\"1\"><thead><tr><th><\/th><th>An\u00fancios<\/th><th>wp_the_query<\/th><\/tr><\/thead><tr><td>is_main_query<\/td><td>1<\/td><td>1<\/td><\/tr><tr><td>is_rest_api<\/td><td>0<\/td><td>1<\/td><\/tr><tr><td>page<\/td><td>0<\/td><td>1<\/td><\/tr><tr><td>numpages<\/td><td>0<\/td><td>1<\/td><\/tr><tr><td>is_archive<\/td><td>1<\/td><td><\/td><\/tr><tr><td>is_search<\/td><td>1<\/td><td><\/td><\/tr><tr><td>is_home<\/td><td>1<\/td><td><\/td><\/tr><tr><td>is_404<\/td><td>1<\/td><td><\/td><\/tr><tr><td>is_attachment<\/td><td>1<\/td><td><\/td><\/tr><tr><td>is_singular<\/td><td>1<\/td><td><\/td><\/tr><tr><td>is_front_page<\/td><td>1<\/td><td><\/td><\/tr><tr><td>is_feed<\/td><td>1<\/td><td><\/td><\/tr><\/table><\/div><br><br><span style=\"color: red;\">Seu site usa HTTPS, mas o c\u00f3digo do an\u00fancio cont\u00e9m HTTP e pode n\u00e3o funcionar.<\/span>\t<br><br>\n\t<a style=\"color: green;\" href=\"https:\/\/wpadvancedads.com\/manual\/ad-debug-mode\/?utm_source=advanced-ads&utm_medium=link&utm_campaign=ad-debug-mode\" target=\"_blank\" rel=\"nofollow\">Encontre solu\u00e7\u00f5es no manual<\/a>\n<\/div>\n<\/li><\/ul><\/div><script>( window.advanced_ads_ready || jQuery( document ).ready ).call( null, function() {var $lavraslider2063031833 = jQuery( \".lavra-slider-2063031833\" );$lavraslider2063031833.on( \"unslider.ready\", function() { jQuery( \"div.custom-slider ul li\" ).css( \"display\", \"block\" ); });$lavraslider2063031833.unslider({ delay:4000, autoplay:true, nav:false, arrows:false, infinite:true });$lavraslider2063031833.on(\"mouseover\", function() {$lavraslider2063031833.unslider(\"stop\");}).on(\"mouseout\", function() {$lavraslider2063031833.unslider(\"start\");});});<\/script><\/div><p>O Grupo de Pesquisa Rela\u00e7\u00f5es entre a Filosofia e a Educa\u00e7\u00e3o para a Sexualidade na Contemporaneidade: a problem\u00e1tica da forma\u00e7\u00e3o docente \u2013 Fesex, coordenado pela professora do Departamento de Educa\u00e7\u00e3o da Universidade Federal de Lavras (DED\/UFLA), Cl\u00e1udia Ribeiro e o Programa Institucional de Bolsas de Inicia\u00e7\u00e3o \u00e0 Doc\u00eancia \u2013 Pibid Pedagogia da Universidade Federal de Lavras (Ufla) em parceria com S.O.S Educa\u00e7\u00e3o Profissional realizar\u00e3o a II Mostra Cultural \u201cCom Bullying n\u00e3o se brinca\u201d.<\/p>\n<p>A II Mostra tem como objetivo contribuir com a\u00e7\u00f5es para \u201cassegurar medidas de conscientiza\u00e7\u00e3o, preven\u00e7\u00e3o, diagnose e combate \u00e0 viol\u00eancia e intimida\u00e7\u00e3o sistem\u00e1tica (bullying)\u201d, conforme reda\u00e7\u00e3o da Lei n\u00ba 13.185\/16 que institui o Programa de Combate \u00e0 Intimida\u00e7\u00e3o Sistem\u00e1tica. O artigo 5\u00ba da Lei supracitada cita que \u201c\u00e9 dever do estabelecimento de ensino, dos clubes e das agremia\u00e7\u00f5es recreativas assegurar\u201d essas medidas.<\/p>\n<p>A Associa\u00e7\u00e3o Brasileira Multiprofissional de Prote\u00e7\u00e3o \u00e0 Inf\u00e2ncia e Adolesc\u00eancia (Abrapia), na pessoa de seu fundador, o pediatra Lauro Monteiro Filho, afirma que &#8220;a escola n\u00e3o deve ser apenas um local de ensino formal, mas tamb\u00e9m de forma\u00e7\u00e3o cidad\u00e3, de direitos e deveres, amizade, coopera\u00e7\u00e3o e solidariedade. Agir contra o bullying \u00e9 uma forma barata e eficiente de diminuir a viol\u00eancia entre estudantes e na sociedade&#8221;.<\/p>\n<p>Concordando com as palavras do Doutor Lauro e afirmando que a humilha\u00e7\u00e3o, a intimida\u00e7\u00e3o, as ofensas, dentre outros inc\u00f4modos, s\u00e3o processos que referenciam as consequ\u00eancias do Bullying na escola, e apoiados na recente Pesquisa Nacional de Sa\u00fade do Escolar (Pense) 2015, divulgada na primeira semana de setembro de 2016, pelo Instituto Brasileiro de Geografia e Estat\u00edstica (IBGE), revelando que, 7,4% dos estudantes do 9\u00ba ano do ensino fundamental no pa\u00eds com idade entre 13 e 15 anos, afirmaram se sentir humilhados por provoca\u00e7\u00f5es na maior parte do tempo ou sempre. Minas Gerais \u00e9 o segundo estado com o maior percentual de alunos com essa percep\u00e7\u00e3o na Regi\u00e3o Sudeste (7,8%), atr\u00e1s apenas de S\u00e3o Paulo (9%).<\/p>\n<p>Por tudo isso, pensando na sa\u00fade f\u00edsica e emocional dos e das estudantes, no compromisso assumido por professoras e professoras na forma\u00e7\u00e3o cidad\u00e3, que est\u00e3o na escola a maior parte de seu tempo, \u00e9 que conclamamos voc\u00eas educadoras e educadores a participarem com seus estudantes da II Mostra Cultural \u201cCom Bullying n\u00e3o se brinca\u201d.<\/p>\n<p>O prazo para se inscrever termina nesta quinta-feira, dia 22.<\/p>\n<p><img fetchpriority=\"high\" decoding=\"async\" class=\"size-full wp-image-2495 aligncenter\" src=\"http:\/\/lavras.tv\/site\/wp-content\/uploads\/2016\/09\/mostra-cultural.jpg\" alt=\"mostra-cultural\" width=\"1131\" height=\"1600\" \/><\/p>\n<p>Fonte: DED &#8211; UFLA<\/p>\n","protected":false},"excerpt":{"rendered":"<p>O Grupo de Pesquisa Rela\u00e7\u00f5es entre a Filosofia e a Educa\u00e7\u00e3o para a Sexualidade na Contemporaneidade: a problem\u00e1tica da forma\u00e7\u00e3o docente \u2013 Fesex, coordenado pela professora do Departamento de Educa\u00e7\u00e3o da Universidade Federal de Lavras (DED\/UFLA), Cl\u00e1udia Ribeiro e o Programa Institucional de Bolsas de Inicia\u00e7\u00e3o \u00e0 Doc\u00eancia \u2013 Pibid Pedagogia da Universidade Federal de [&hellip;]<\/p>\n","protected":false},"author":2,"featured_media":2495,"comment_status":"closed","ping_status":"open","sticky":false,"template":"","format":"standard","meta":{"advgb_blocks_editor_width":"","advgb_blocks_columns_visual_guide":"","_exactmetrics_skip_tracking":false,"_exactmetrics_sitenote_active":false,"_exactmetrics_sitenote_note":"","_exactmetrics_sitenote_category":0,"footnotes":""},"categories":[7,2],"tags":[883,882,881],"class_list":["post-2494","post","type-post","status-publish","format-standard","has-post-thumbnail","hentry","category-destaques","category-noticias","tag-bullying","tag-ded-ufla","tag-mostra-cultural"],"better_featured_image":{"id":2495,"alt_text":"","caption":"","description":"","media_type":"image","media_details":{"width":984,"height":692,"file":"2016\/09\/mostra-cultural-e1474546311491.jpg","sizes":{"thumbnail":{"file":"mostra-cultural-e1474546311491-150x105.jpg","width":150,"height":105,"mime-type":"image\/jpeg","source_url":"https:\/\/lavras.tv\/site\/wp-content\/uploads\/2016\/09\/mostra-cultural-e1474546311491-150x105.jpg"},"medium":{"file":"mostra-cultural-e1474546311491-300x211.jpg","width":300,"height":211,"mime-type":"image\/jpeg","source_url":"https:\/\/lavras.tv\/site\/wp-content\/uploads\/2016\/09\/mostra-cultural-e1474546311491-300x211.jpg"},"large":{"file":"mostra-cultural-724x1024.jpg","width":724,"height":1024,"mime-type":"image\/jpeg","source_url":"https:\/\/lavras.tv\/site\/wp-content\/uploads\/2016\/09\/mostra-cultural-724x1024.jpg"},"featured-slider-img":{"file":"mostra-cultural-e1474546311491-640x480.jpg","width":640,"height":480,"mime-type":"image\/jpeg","source_url":"https:\/\/lavras.tv\/site\/wp-content\/uploads\/2016\/09\/mostra-cultural-e1474546311491-640x480.jpg"},"featured-post-img":{"file":"mostra-cultural-e1474546311491-480x320.jpg","width":480,"height":320,"mime-type":"image\/jpeg","source_url":"https:\/\/lavras.tv\/site\/wp-content\/uploads\/2016\/09\/mostra-cultural-e1474546311491-480x320.jpg"},"sow-carousel-default":{"file":"mostra-cultural-e1474546311491-272x182.jpg","width":272,"height":182,"mime-type":"image\/jpeg","source_url":"https:\/\/lavras.tv\/site\/wp-content\/uploads\/2016\/09\/mostra-cultural-e1474546311491-272x182.jpg"}},"image_meta":{"aperture":"0","credit":"","camera":"","caption":"","created_timestamp":"0","copyright":"","focal_length":"0","iso":"0","shutter_speed":"0","title":"","orientation":"0","keywords":[]}},"post":2494,"source_url":"https:\/\/lavras.tv\/site\/wp-content\/uploads\/2016\/09\/mostra-cultural-e1474546311491.jpg"},"author_meta":{"display_name":"Lavras TV","author_link":"https:\/\/lavras.tv\/site\/author\/lavrastv\/"},"featured_img":"https:\/\/lavras.tv\/site\/wp-content\/uploads\/2016\/09\/mostra-cultural-e1474546311491-300x211.jpg","coauthors":[],"tax_additional":{"categories":{"linked":["<a href=\"https:\/\/lavras.tv\/site\/category\/destaques\/\" class=\"advgb-post-tax-term\">Destaques<\/a>","<a href=\"https:\/\/lavras.tv\/site\/category\/noticias\/\" class=\"advgb-post-tax-term\">Not\u00edcias<\/a>"],"unlinked":["<span class=\"advgb-post-tax-term\">Destaques<\/span>","<span class=\"advgb-post-tax-term\">Not\u00edcias<\/span>"]},"tags":{"linked":["<a href=\"https:\/\/lavras.tv\/site\/category\/noticias\/\" class=\"advgb-post-tax-term\">Bullying<\/a>","<a href=\"https:\/\/lavras.tv\/site\/category\/noticias\/\" class=\"advgb-post-tax-term\">DED UFLA<\/a>","<a href=\"https:\/\/lavras.tv\/site\/category\/noticias\/\" class=\"advgb-post-tax-term\">Mostra cultural<\/a>"],"unlinked":["<span class=\"advgb-post-tax-term\">Bullying<\/span>","<span class=\"advgb-post-tax-term\">DED UFLA<\/span>","<span class=\"advgb-post-tax-term\">Mostra cultural<\/span>"]}},"comment_count":"0","relative_dates":{"created":"Publicado 10 anos atr\u00e1s","modified":"Atualizado 10 anos atr\u00e1s"},"absolute_dates":{"created":"Publicado em 22 de setembro de 2016","modified":"Atualizado em 22 de setembro de 2016"},"absolute_dates_time":{"created":"Publicado em 22 de setembro de 2016 09:12","modified":"Atualizado em 22 de setembro de 2016 09:12"},"featured_img_caption":"","series_order":"","_links":{"self":[{"href":"https:\/\/lavras.tv\/site\/wp-json\/wp\/v2\/posts\/2494","targetHints":{"allow":["GET"]}}],"collection":[{"href":"https:\/\/lavras.tv\/site\/wp-json\/wp\/v2\/posts"}],"about":[{"href":"https:\/\/lavras.tv\/site\/wp-json\/wp\/v2\/types\/post"}],"author":[{"embeddable":true,"href":"https:\/\/lavras.tv\/site\/wp-json\/wp\/v2\/users\/2"}],"replies":[{"embeddable":true,"href":"https:\/\/lavras.tv\/site\/wp-json\/wp\/v2\/comments?post=2494"}],"version-history":[{"count":2,"href":"https:\/\/lavras.tv\/site\/wp-json\/wp\/v2\/posts\/2494\/revisions"}],"predecessor-version":[{"id":2497,"href":"https:\/\/lavras.tv\/site\/wp-json\/wp\/v2\/posts\/2494\/revisions\/2497"}],"wp:featuredmedia":[{"embeddable":true,"href":"https:\/\/lavras.tv\/site\/wp-json\/wp\/v2\/media\/2495"}],"wp:attachment":[{"href":"https:\/\/lavras.tv\/site\/wp-json\/wp\/v2\/media?parent=2494"}],"wp:term":[{"taxonomy":"category","embeddable":true,"href":"https:\/\/lavras.tv\/site\/wp-json\/wp\/v2\/categories?post=2494"},{"taxonomy":"post_tag","embeddable":true,"href":"https:\/\/lavras.tv\/site\/wp-json\/wp\/v2\/tags?post=2494"}],"curies":[{"name":"wp","href":"https:\/\/api.w.org\/{rel}","templated":true}]}}