{"id":2498,"date":"2016-09-22T11:03:36","date_gmt":"2016-09-22T14:03:36","guid":{"rendered":"http:\/\/lavras.tv\/site\/?p=2498"},"modified":"2016-09-22T11:26:56","modified_gmt":"2016-09-22T14:26:56","slug":"if-sul-de-minas-abre-vestibular-com-mais-de-3-mil-vagas-na-regiao","status":"publish","type":"post","link":"https:\/\/lavras.tv\/site\/2016\/09\/22\/if-sul-de-minas-abre-vestibular-com-mais-de-3-mil-vagas-na-regiao\/","title":{"rendered":"IF Sul de Minas abre vestibular com mais de 3 mil vagas na regi\u00e3o"},"content":{"rendered":"<div class=\"lavra-antes-do-conteudo_2\" id=\"lavra-1940242049\"><div id=\"lavra-slider-27\" class=\"custom-slider lavra-slider-1763224179 lavra-slider\"><ul><li><div style=\"margin-left: auto;margin-right: auto;text-align: center;\" id=\"lavra-1590082630\"><a href=\"https:\/\/sistemas.lavras.mg.gov.br\/portalcidadao\/#df1b1a7c7b2a290bcb31e32771e610784662739a88807c0dacac58ede5f391a7530e299dc302d611ee73cb143fc22eaf93592e53e7b5bdb01b00a0b8d28dae460c141dd2ff83412e4dc1c31b16b25f33144a9e5620ea73b13f5bc1c59411d98439ad226e8af03840603796067d87afe130812cf3de24982d0e306f9e61e764e5\" aria-label=\"Lavras-TV&#8211;720x104px (1) (1)\"><img src=\"https:\/\/lavras.tv\/site\/wp-content\/uploads\/2025\/01\/Lavras-TV-720x104px-1-1.png\" alt=\"\"  srcset=\"https:\/\/lavras.tv\/site\/wp-content\/uploads\/2025\/01\/Lavras-TV-720x104px-1-1.png 720w, https:\/\/lavras.tv\/site\/wp-content\/uploads\/2025\/01\/Lavras-TV-720x104px-1-1-470x68.png 470w, https:\/\/lavras.tv\/site\/wp-content\/uploads\/2025\/01\/Lavras-TV-720x104px-1-1-170x25.png 170w, https:\/\/lavras.tv\/site\/wp-content\/uploads\/2025\/01\/Lavras-TV-720x104px-1-1-200x29.png 200w\" sizes=\"(max-width: 720px) 100vw, 720px\" width=\"720\" height=\"104\"  style=\"display: inline-block;\" \/><\/a><\/div><\/li><li><a href=\"https:\/\/sistemas.lavras.mg.gov.br\/portalcidadao\/#df1b1a7c7b2a290bcb31e32771e610784662739a88807c0dacac58ede5f391a7530e299dc302d611ee73cb143fc22eaf93592e53e7b5bdb01b00a0b8d28dae460c141dd2ff83412e4dc1c31b16b25f33144a9e5620ea73b13f5bc1c59411d98439ad226e8af03840603796067d87afe130812cf3de24982d0e306f9e61e764e5\" aria-label=\"Banner_Emprego_PortallavrasTV\"><img src=\"https:\/\/lavras.tv\/site\/wp-content\/uploads\/2025\/03\/Banner_Emprego_PortallavrasTV.png\" alt=\"\"  srcset=\"https:\/\/lavras.tv\/site\/wp-content\/uploads\/2025\/03\/Banner_Emprego_PortallavrasTV.png 720w, https:\/\/lavras.tv\/site\/wp-content\/uploads\/2025\/03\/Banner_Emprego_PortallavrasTV-470x68.png 470w, https:\/\/lavras.tv\/site\/wp-content\/uploads\/2025\/03\/Banner_Emprego_PortallavrasTV-170x25.png 170w, https:\/\/lavras.tv\/site\/wp-content\/uploads\/2025\/03\/Banner_Emprego_PortallavrasTV-200x29.png 200w\" sizes=\"(max-width: 720px) 100vw, 720px\" width=\"720\" height=\"104\"   \/><\/a><\/li><li><a href=\"https:\/\/sistemas.lavras.mg.gov.br\/portalcidadao\/#df1b1a7c7b2a290bcb31e32771e610784662739a88807c0dacac58ede5f391a7530e299dc302d611ee73cb143fc22eaf93592e53e7b5bdb01b00a0b8d28dae460c141dd2ff83412e4dc1c31b16b25f33144a9e5620ea73b13f5bc1c59411d98439ad226e8af03840603796067d87afe130812cf3de24982d0e306f9e61e764e5\" aria-label=\"Banner_Obras_PortallavrasTV\"><img src=\"https:\/\/lavras.tv\/site\/wp-content\/uploads\/2025\/03\/Banner_Obras_PortallavrasTV.png\" alt=\"\"  srcset=\"https:\/\/lavras.tv\/site\/wp-content\/uploads\/2025\/03\/Banner_Obras_PortallavrasTV.png 720w, https:\/\/lavras.tv\/site\/wp-content\/uploads\/2025\/03\/Banner_Obras_PortallavrasTV-470x68.png 470w, https:\/\/lavras.tv\/site\/wp-content\/uploads\/2025\/03\/Banner_Obras_PortallavrasTV-170x25.png 170w, https:\/\/lavras.tv\/site\/wp-content\/uploads\/2025\/03\/Banner_Obras_PortallavrasTV-200x29.png 200w\" sizes=\"(max-width: 720px) 100vw, 720px\" width=\"720\" height=\"104\"   \/><\/a><\/li><li><div style=\"margin-left: auto;margin-right: auto;text-align: center;\" id=\"lavra-1105662779\"><a href=\"https:\/\/sistemas.lavras.mg.gov.br\/portalcidadao\/#df1b1a7c7b2a290bcb31e32771e610784662739a88807c0dacac58ede5f391a7530e299dc302d611ee73cb143fc22eaf93592e53e7b5bdb01b00a0b8d28dae460c141dd2ff83412e4dc1c31b16b25f33144a9e5620ea73b13f5bc1c59411d98439ad226e8af03840603796067d87afe130812cf3de24982d0e306f9e61e764e5\" aria-label=\"Banner_Educa\u00e7\u00e3o_PortallavrasTV\"><img src=\"https:\/\/lavras.tv\/site\/wp-content\/uploads\/2025\/01\/Banner_Educacao_PortallavrasTV.png\" alt=\"\"  srcset=\"https:\/\/lavras.tv\/site\/wp-content\/uploads\/2025\/01\/Banner_Educacao_PortallavrasTV.png 720w, https:\/\/lavras.tv\/site\/wp-content\/uploads\/2025\/01\/Banner_Educacao_PortallavrasTV-470x68.png 470w, https:\/\/lavras.tv\/site\/wp-content\/uploads\/2025\/01\/Banner_Educacao_PortallavrasTV-170x25.png 170w, https:\/\/lavras.tv\/site\/wp-content\/uploads\/2025\/01\/Banner_Educacao_PortallavrasTV-200x29.png 200w\" sizes=\"(max-width: 720px) 100vw, 720px\" width=\"720\" height=\"104\"  style=\"display: inline-block;\" \/><\/a><\/div><\/li><li><a href=\"https:\/\/sistemas.lavras.mg.gov.br\/portalcidadao\/#df1b1a7c7b2a290bcb31e32771e610784662739a88807c0dacac58ede5f391a7530e299dc302d611ee73cb143fc22eaf93592e53e7b5bdb01b00a0b8d28dae460c141dd2ff83412e4dc1c31b16b25f33144a9e5620ea73b13f5bc1c59411d98439ad226e8af03840603796067d87afe130812cf3de24982d0e306f9e61e764e5\" aria-label=\"Banner_Sa\u00fade_PortallavrasTV\"><img src=\"https:\/\/lavras.tv\/site\/wp-content\/uploads\/2025\/03\/Banner_Saude_PortallavrasTV.png\" alt=\"\"  srcset=\"https:\/\/lavras.tv\/site\/wp-content\/uploads\/2025\/03\/Banner_Saude_PortallavrasTV.png 720w, https:\/\/lavras.tv\/site\/wp-content\/uploads\/2025\/03\/Banner_Saude_PortallavrasTV-470x68.png 470w, https:\/\/lavras.tv\/site\/wp-content\/uploads\/2025\/03\/Banner_Saude_PortallavrasTV-170x25.png 170w, https:\/\/lavras.tv\/site\/wp-content\/uploads\/2025\/03\/Banner_Saude_PortallavrasTV-200x29.png 200w\" sizes=\"(max-width: 720px) 100vw, 720px\" width=\"720\" height=\"104\"   \/><\/a><\/li><li><div id=\"lavra-1402402365\" style=\"width:720px;height:104px;background-color:#ddd;overflow:scroll;\">\n\t<strong>Sa\u00edda da depura\u00e7\u00e3o de an\u00fancios<\/strong>\n\t<br><br>\n\tO an\u00fancio n\u00e3o \u00e9 exibido na p\u00e1gina<br><br>post atual: IF Sul de Minas abre vestibular com mais de 3 mil vagas na regi\u00e3o, ID: 2498<br><br><span style=\"color: red;\">O post atual n\u00e3o \u00e9 id\u00eantico ao post principal.<\/span><br><br>An\u00fancios: ROXO - TOPO INTERNA - ROTATIVO 2 (197)<br \/>Grupo de an\u00fancios: Princ_Meio01_720x104 (27)<br><br>Condi\u00e7\u00f5es de exibi\u00e7\u00e3o<div style=\"margin-bottom: 20px; white-space: pre-wrap; font-family: monospace; width: 100%; background: #ffe9e9;\"><strong>condi\u00e7\u00f5es gerais<\/strong><table border=\"1\"><thead><tr><th><\/th><th>An\u00fancios<\/th><th>wp_the_query<\/th><\/tr><\/thead><tr><td>is_main_query<\/td><td>1<\/td><td>1<\/td><\/tr><tr><td>is_rest_api<\/td><td>0<\/td><td>1<\/td><\/tr><tr><td>page<\/td><td>0<\/td><td>1<\/td><\/tr><tr><td>numpages<\/td><td>0<\/td><td>1<\/td><\/tr><tr><td>is_archive<\/td><td>1<\/td><td><\/td><\/tr><tr><td>is_search<\/td><td>1<\/td><td><\/td><\/tr><tr><td>is_home<\/td><td>1<\/td><td><\/td><\/tr><tr><td>is_404<\/td><td>1<\/td><td><\/td><\/tr><tr><td>is_attachment<\/td><td>1<\/td><td><\/td><\/tr><tr><td>is_singular<\/td><td>1<\/td><td><\/td><\/tr><tr><td>is_front_page<\/td><td>1<\/td><td><\/td><\/tr><tr><td>is_feed<\/td><td>1<\/td><td><\/td><\/tr><\/table><\/div><br><br><span style=\"color: red;\">Seu site usa HTTPS, mas o c\u00f3digo do an\u00fancio cont\u00e9m HTTP e pode n\u00e3o funcionar.<\/span>\t<br><br>\n\t<a style=\"color: green;\" href=\"https:\/\/wpadvancedads.com\/manual\/ad-debug-mode\/?utm_source=advanced-ads&utm_medium=link&utm_campaign=ad-debug-mode\" target=\"_blank\" rel=\"nofollow\">Encontre solu\u00e7\u00f5es no manual<\/a>\n<\/div>\n<\/li><\/ul><\/div><script>( window.advanced_ads_ready || jQuery( document ).ready ).call( null, function() {var $lavraslider1763224179 = jQuery( \".lavra-slider-1763224179\" );$lavraslider1763224179.on( \"unslider.ready\", function() { jQuery( \"div.custom-slider ul li\" ).css( \"display\", \"block\" ); });$lavraslider1763224179.unslider({ delay:4000, autoplay:true, nav:false, arrows:false, infinite:true });$lavraslider1763224179.on(\"mouseover\", function() {$lavraslider1763224179.unslider(\"stop\");}).on(\"mouseout\", function() {$lavraslider1763224179.unslider(\"start\");});});<\/script><\/div><p>O Instituto Federal de Educa\u00e7\u00e3o, Ci\u00eancia e Tecnologia do Sul de Minas (IF Sul de Minas) publicou nesta ter\u00e7a-feira, dia 20, os editais para o Vestibular 2017\/1\u00ba. S\u00e3o 1.805 vagas para cursos t\u00e9cnicos e 1.225 para cursos superiores nos munic\u00edpios de Carmo de Minas (MG), C\u00e1ssia (MG), Inconfidentes (MG), Machado (MG), Muzambinho (MG), Ouro Fino (MG), Passos (MG), Po\u00e7os de Caldas (MG), Pouso Alegre (MG) e Tr\u00eas Cora\u00e7\u00f5es (MG).<\/p>\n<p>Entre as vagas dispon\u00edveis est\u00e3o para os cursos de t\u00e9cnico em alimentos (integrado ao Ensino M\u00e9dio), t\u00e9cnico em agrimensura (integrado ao Ensino M\u00e9dio), t\u00e9cnico em Inform\u00e1tica (integrado ao Ensino M\u00e9dio), t\u00e9cnico em agropecu\u00e1ria (integrado ao Ensino M\u00e9dio), bacharelado em engenharia de alimentos, licenciatura em matem\u00e1tica, entre outras.<\/p>\n<p>As inscri\u00e7\u00f5es podem ser feitas de 3 de outubro a 8 de novembro. Para esta edi\u00e7\u00e3o, o instituto oferece cursos t\u00e9cnicos em duas modalidades de ensino: integrado ao Ensino M\u00e9dio, voltado a alunos que j\u00e1 conclu\u00edram o Ensino Fundamental (9\u00ba ano); e t\u00e9cnico subsequente,\u00a0 destinado a candidatos que j\u00e1 possuem o Ensino M\u00e9dio e buscam uma forma\u00e7\u00e3o mais r\u00e1pida (m\u00e9dia de 2 anos) para o mercado de trabalho.<\/p>\n<p>Para o n\u00edvel superior, s\u00e3o ofertados cursos em tr\u00eas modalidades: os tecn\u00f3logos que t\u00eam forma\u00e7\u00e3o espec\u00edfica para o mercado de trabalho e t\u00eam dura\u00e7\u00e3o m\u00e9dia de tr\u00eas anos; o bacharelado com dura\u00e7\u00e3o de quatro a cinco anos e as licenciaturas para a forma\u00e7\u00e3o de profissionais que queiram exercer a doc\u00eancia.<\/p>\n<p>Os interessados dever\u00e3o acessar a p\u00e1gina do instituto e, preencher um formul\u00e1rio. Ao final do processo \u00e9 necess\u00e1rio emitir a Guia de Recolhimento da Uni\u00e3o (GRU) para pagamento da taxa, no valor de R$ 25 para os cursos t\u00e9cnicos e R$ 50 para cursos superiores. Para os candidatos que n\u00e3o possuem acesso \u00e0 internet, as sedes do IF Sul de Minas disponibilizar\u00e3o acesso a um computador.<\/p>\n<p>As provas do Vestibular 2017\/1\u00ba ser\u00e3o realizadas no dia 4 de dezembro, em um \u00fanico per\u00edodo, das 08h15 \u00e0s 12h15, o local ser\u00e1 indicado de acordo com a escolha do candidato. Nesse dia, o candidato dever\u00e1 apresentar os documentos de identifica\u00e7\u00e3o e o comprovante definitivo de inscri\u00e7\u00e3o (CDI) que estar\u00e1 dispon\u00edvel a partir de 24 de novembro no <a href=\"http:\/\/www.ifsuldeminas.edu.br\/vestibular\">site<\/a>, onde os interessados tamb\u00e9m encontrar\u00e3o o conte\u00fado program\u00e1tico e as provas anteriores.<\/p>\n<p>&nbsp;<\/p>\n<p>Fonte: G1<\/p>\n","protected":false},"excerpt":{"rendered":"<p>O Instituto Federal de Educa\u00e7\u00e3o, Ci\u00eancia e Tecnologia do Sul de Minas (IF Sul de Minas) publicou nesta ter\u00e7a-feira, dia 20, os editais para o Vestibular 2017\/1\u00ba. S\u00e3o 1.805 vagas para cursos t\u00e9cnicos e 1.225 para cursos superiores nos munic\u00edpios de Carmo de Minas (MG), C\u00e1ssia (MG), Inconfidentes (MG), Machado (MG), Muzambinho (MG), Ouro Fino [&hellip;]<\/p>\n","protected":false},"author":2,"featured_media":2499,"comment_status":"closed","ping_status":"open","sticky":false,"template":"","format":"standard","meta":{"advgb_blocks_editor_width":"","advgb_blocks_columns_visual_guide":"","_exactmetrics_skip_tracking":false,"_exactmetrics_sitenote_active":false,"_exactmetrics_sitenote_note":"","_exactmetrics_sitenote_category":0,"footnotes":""},"categories":[2],"tags":[885,884],"class_list":["post-2498","post","type-post","status-publish","format-standard","has-post-thumbnail","hentry","category-noticias","tag-ifsul-de-minas","tag-vestibular-2017"],"better_featured_image":{"id":2499,"alt_text":"","caption":"","description":"","media_type":"image","media_details":{"width":225,"height":225,"file":"2016\/09\/IF-SUL-DE-MINAS.jpg","sizes":{"thumbnail":{"file":"IF-SUL-DE-MINAS-150x150.jpg","width":150,"height":150,"mime-type":"image\/jpeg","source_url":"https:\/\/lavras.tv\/site\/wp-content\/uploads\/2016\/09\/IF-SUL-DE-MINAS-150x150.jpg"},"sow-carousel-default":{"file":"IF-SUL-DE-MINAS-225x182.jpg","width":225,"height":182,"mime-type":"image\/jpeg","source_url":"https:\/\/lavras.tv\/site\/wp-content\/uploads\/2016\/09\/IF-SUL-DE-MINAS-225x182.jpg"}},"image_meta":{"aperture":"0","credit":"","camera":"","caption":"","created_timestamp":"0","copyright":"","focal_length":"0","iso":"0","shutter_speed":"0","title":"","orientation":"0","keywords":[]}},"post":2498,"source_url":"https:\/\/lavras.tv\/site\/wp-content\/uploads\/2016\/09\/IF-SUL-DE-MINAS.jpg"},"author_meta":{"display_name":"Lavras TV","author_link":"https:\/\/lavras.tv\/site\/author\/lavrastv\/"},"featured_img":"https:\/\/lavras.tv\/site\/wp-content\/uploads\/2016\/09\/IF-SUL-DE-MINAS.jpg","coauthors":[],"tax_additional":{"categories":{"linked":["<a href=\"https:\/\/lavras.tv\/site\/category\/noticias\/\" class=\"advgb-post-tax-term\">Not\u00edcias<\/a>"],"unlinked":["<span class=\"advgb-post-tax-term\">Not\u00edcias<\/span>"]},"tags":{"linked":["<a href=\"https:\/\/lavras.tv\/site\/category\/noticias\/\" class=\"advgb-post-tax-term\">IFSUL de Minas<\/a>","<a href=\"https:\/\/lavras.tv\/site\/category\/noticias\/\" class=\"advgb-post-tax-term\">vestibular 2017<\/a>"],"unlinked":["<span class=\"advgb-post-tax-term\">IFSUL de Minas<\/span>","<span class=\"advgb-post-tax-term\">vestibular 2017<\/span>"]}},"comment_count":"0","relative_dates":{"created":"Publicado 10 anos atr\u00e1s","modified":"Atualizado 10 anos atr\u00e1s"},"absolute_dates":{"created":"Publicado em 22 de setembro de 2016","modified":"Atualizado em 22 de setembro de 2016"},"absolute_dates_time":{"created":"Publicado em 22 de setembro de 2016 11:03","modified":"Atualizado em 22 de setembro de 2016 11:26"},"featured_img_caption":"","series_order":"","_links":{"self":[{"href":"https:\/\/lavras.tv\/site\/wp-json\/wp\/v2\/posts\/2498","targetHints":{"allow":["GET"]}}],"collection":[{"href":"https:\/\/lavras.tv\/site\/wp-json\/wp\/v2\/posts"}],"about":[{"href":"https:\/\/lavras.tv\/site\/wp-json\/wp\/v2\/types\/post"}],"author":[{"embeddable":true,"href":"https:\/\/lavras.tv\/site\/wp-json\/wp\/v2\/users\/2"}],"replies":[{"embeddable":true,"href":"https:\/\/lavras.tv\/site\/wp-json\/wp\/v2\/comments?post=2498"}],"version-history":[{"count":1,"href":"https:\/\/lavras.tv\/site\/wp-json\/wp\/v2\/posts\/2498\/revisions"}],"predecessor-version":[{"id":2500,"href":"https:\/\/lavras.tv\/site\/wp-json\/wp\/v2\/posts\/2498\/revisions\/2500"}],"wp:featuredmedia":[{"embeddable":true,"href":"https:\/\/lavras.tv\/site\/wp-json\/wp\/v2\/media\/2499"}],"wp:attachment":[{"href":"https:\/\/lavras.tv\/site\/wp-json\/wp\/v2\/media?parent=2498"}],"wp:term":[{"taxonomy":"category","embeddable":true,"href":"https:\/\/lavras.tv\/site\/wp-json\/wp\/v2\/categories?post=2498"},{"taxonomy":"post_tag","embeddable":true,"href":"https:\/\/lavras.tv\/site\/wp-json\/wp\/v2\/tags?post=2498"}],"curies":[{"name":"wp","href":"https:\/\/api.w.org\/{rel}","templated":true}]}}