{"id":2518,"date":"2016-09-23T11:16:03","date_gmt":"2016-09-23T14:16:03","guid":{"rendered":"http:\/\/lavras.tv\/site\/?p=2518"},"modified":"2016-09-23T11:16:03","modified_gmt":"2016-09-23T14:16:03","slug":"ufla-abre-inscricoes-para-cursos-de-mestrado-e-doutorado","status":"publish","type":"post","link":"https:\/\/lavras.tv\/site\/2016\/09\/23\/ufla-abre-inscricoes-para-cursos-de-mestrado-e-doutorado\/","title":{"rendered":"UFLA abre inscri\u00e7\u00f5es para cursos de Mestrado e Doutorado"},"content":{"rendered":"<div class=\"lavra-antes-do-conteudo_2\" id=\"lavra-1494931476\"><div id=\"lavra-slider-27\" class=\"custom-slider lavra-slider-784936669 lavra-slider\"><ul><li><div style=\"margin-left: auto;margin-right: auto;text-align: center;\" id=\"lavra-1124322707\"><a href=\"https:\/\/sistemas.lavras.mg.gov.br\/portalcidadao\/#df1b1a7c7b2a290bcb31e32771e610784662739a88807c0dacac58ede5f391a7530e299dc302d611ee73cb143fc22eaf93592e53e7b5bdb01b00a0b8d28dae460c141dd2ff83412e4dc1c31b16b25f33144a9e5620ea73b13f5bc1c59411d98439ad226e8af03840603796067d87afe130812cf3de24982d0e306f9e61e764e5\" aria-label=\"Lavras-TV&#8211;720x104px (1) (1)\"><img src=\"https:\/\/lavras.tv\/site\/wp-content\/uploads\/2025\/01\/Lavras-TV-720x104px-1-1.png\" alt=\"\"  srcset=\"https:\/\/lavras.tv\/site\/wp-content\/uploads\/2025\/01\/Lavras-TV-720x104px-1-1.png 720w, https:\/\/lavras.tv\/site\/wp-content\/uploads\/2025\/01\/Lavras-TV-720x104px-1-1-470x68.png 470w, https:\/\/lavras.tv\/site\/wp-content\/uploads\/2025\/01\/Lavras-TV-720x104px-1-1-170x25.png 170w, https:\/\/lavras.tv\/site\/wp-content\/uploads\/2025\/01\/Lavras-TV-720x104px-1-1-200x29.png 200w\" sizes=\"(max-width: 720px) 100vw, 720px\" width=\"720\" height=\"104\"  style=\"display: inline-block;\" \/><\/a><\/div><\/li><li><a href=\"https:\/\/sistemas.lavras.mg.gov.br\/portalcidadao\/#df1b1a7c7b2a290bcb31e32771e610784662739a88807c0dacac58ede5f391a7530e299dc302d611ee73cb143fc22eaf93592e53e7b5bdb01b00a0b8d28dae460c141dd2ff83412e4dc1c31b16b25f33144a9e5620ea73b13f5bc1c59411d98439ad226e8af03840603796067d87afe130812cf3de24982d0e306f9e61e764e5\" aria-label=\"Banner_Emprego_PortallavrasTV\"><img src=\"https:\/\/lavras.tv\/site\/wp-content\/uploads\/2025\/03\/Banner_Emprego_PortallavrasTV.png\" alt=\"\"  srcset=\"https:\/\/lavras.tv\/site\/wp-content\/uploads\/2025\/03\/Banner_Emprego_PortallavrasTV.png 720w, https:\/\/lavras.tv\/site\/wp-content\/uploads\/2025\/03\/Banner_Emprego_PortallavrasTV-470x68.png 470w, https:\/\/lavras.tv\/site\/wp-content\/uploads\/2025\/03\/Banner_Emprego_PortallavrasTV-170x25.png 170w, https:\/\/lavras.tv\/site\/wp-content\/uploads\/2025\/03\/Banner_Emprego_PortallavrasTV-200x29.png 200w\" sizes=\"(max-width: 720px) 100vw, 720px\" width=\"720\" height=\"104\"   \/><\/a><\/li><li><a href=\"https:\/\/sistemas.lavras.mg.gov.br\/portalcidadao\/#df1b1a7c7b2a290bcb31e32771e610784662739a88807c0dacac58ede5f391a7530e299dc302d611ee73cb143fc22eaf93592e53e7b5bdb01b00a0b8d28dae460c141dd2ff83412e4dc1c31b16b25f33144a9e5620ea73b13f5bc1c59411d98439ad226e8af03840603796067d87afe130812cf3de24982d0e306f9e61e764e5\" aria-label=\"Banner_Obras_PortallavrasTV\"><img src=\"https:\/\/lavras.tv\/site\/wp-content\/uploads\/2025\/03\/Banner_Obras_PortallavrasTV.png\" alt=\"\"  srcset=\"https:\/\/lavras.tv\/site\/wp-content\/uploads\/2025\/03\/Banner_Obras_PortallavrasTV.png 720w, https:\/\/lavras.tv\/site\/wp-content\/uploads\/2025\/03\/Banner_Obras_PortallavrasTV-470x68.png 470w, https:\/\/lavras.tv\/site\/wp-content\/uploads\/2025\/03\/Banner_Obras_PortallavrasTV-170x25.png 170w, https:\/\/lavras.tv\/site\/wp-content\/uploads\/2025\/03\/Banner_Obras_PortallavrasTV-200x29.png 200w\" sizes=\"(max-width: 720px) 100vw, 720px\" width=\"720\" height=\"104\"   \/><\/a><\/li><li><div style=\"margin-left: auto;margin-right: auto;text-align: center;\" id=\"lavra-3509650349\"><a href=\"https:\/\/sistemas.lavras.mg.gov.br\/portalcidadao\/#df1b1a7c7b2a290bcb31e32771e610784662739a88807c0dacac58ede5f391a7530e299dc302d611ee73cb143fc22eaf93592e53e7b5bdb01b00a0b8d28dae460c141dd2ff83412e4dc1c31b16b25f33144a9e5620ea73b13f5bc1c59411d98439ad226e8af03840603796067d87afe130812cf3de24982d0e306f9e61e764e5\" aria-label=\"Banner_Educa\u00e7\u00e3o_PortallavrasTV\"><img src=\"https:\/\/lavras.tv\/site\/wp-content\/uploads\/2025\/01\/Banner_Educacao_PortallavrasTV.png\" alt=\"\"  srcset=\"https:\/\/lavras.tv\/site\/wp-content\/uploads\/2025\/01\/Banner_Educacao_PortallavrasTV.png 720w, https:\/\/lavras.tv\/site\/wp-content\/uploads\/2025\/01\/Banner_Educacao_PortallavrasTV-470x68.png 470w, https:\/\/lavras.tv\/site\/wp-content\/uploads\/2025\/01\/Banner_Educacao_PortallavrasTV-170x25.png 170w, https:\/\/lavras.tv\/site\/wp-content\/uploads\/2025\/01\/Banner_Educacao_PortallavrasTV-200x29.png 200w\" sizes=\"(max-width: 720px) 100vw, 720px\" width=\"720\" height=\"104\"  style=\"display: inline-block;\" \/><\/a><\/div><\/li><li><a href=\"https:\/\/sistemas.lavras.mg.gov.br\/portalcidadao\/#df1b1a7c7b2a290bcb31e32771e610784662739a88807c0dacac58ede5f391a7530e299dc302d611ee73cb143fc22eaf93592e53e7b5bdb01b00a0b8d28dae460c141dd2ff83412e4dc1c31b16b25f33144a9e5620ea73b13f5bc1c59411d98439ad226e8af03840603796067d87afe130812cf3de24982d0e306f9e61e764e5\" aria-label=\"Banner_Sa\u00fade_PortallavrasTV\"><img src=\"https:\/\/lavras.tv\/site\/wp-content\/uploads\/2025\/03\/Banner_Saude_PortallavrasTV.png\" alt=\"\"  srcset=\"https:\/\/lavras.tv\/site\/wp-content\/uploads\/2025\/03\/Banner_Saude_PortallavrasTV.png 720w, https:\/\/lavras.tv\/site\/wp-content\/uploads\/2025\/03\/Banner_Saude_PortallavrasTV-470x68.png 470w, https:\/\/lavras.tv\/site\/wp-content\/uploads\/2025\/03\/Banner_Saude_PortallavrasTV-170x25.png 170w, https:\/\/lavras.tv\/site\/wp-content\/uploads\/2025\/03\/Banner_Saude_PortallavrasTV-200x29.png 200w\" sizes=\"(max-width: 720px) 100vw, 720px\" width=\"720\" height=\"104\"   \/><\/a><\/li><li><div id=\"lavra-3814920648\" style=\"width:720px;height:104px;background-color:#ddd;overflow:scroll;\">\n\t<strong>Sa\u00edda da depura\u00e7\u00e3o de an\u00fancios<\/strong>\n\t<br><br>\n\tO an\u00fancio n\u00e3o \u00e9 exibido na p\u00e1gina<br><br>post atual: UFLA abre inscri\u00e7\u00f5es para cursos de Mestrado e Doutorado, ID: 2518<br><br><span style=\"color: red;\">O post atual n\u00e3o \u00e9 id\u00eantico ao post principal.<\/span><br><br>An\u00fancios: ROXO - TOPO INTERNA - ROTATIVO 2 (197)<br \/>Grupo de an\u00fancios: Princ_Meio01_720x104 (27)<br><br>Condi\u00e7\u00f5es de exibi\u00e7\u00e3o<div style=\"margin-bottom: 20px; white-space: pre-wrap; font-family: monospace; width: 100%; background: #ffe9e9;\"><strong>condi\u00e7\u00f5es gerais<\/strong><table border=\"1\"><thead><tr><th><\/th><th>An\u00fancios<\/th><th>wp_the_query<\/th><\/tr><\/thead><tr><td>is_main_query<\/td><td>1<\/td><td>1<\/td><\/tr><tr><td>is_rest_api<\/td><td>0<\/td><td>1<\/td><\/tr><tr><td>page<\/td><td>0<\/td><td>1<\/td><\/tr><tr><td>numpages<\/td><td>0<\/td><td>1<\/td><\/tr><tr><td>is_archive<\/td><td>1<\/td><td><\/td><\/tr><tr><td>is_search<\/td><td>1<\/td><td><\/td><\/tr><tr><td>is_home<\/td><td>1<\/td><td><\/td><\/tr><tr><td>is_404<\/td><td>1<\/td><td><\/td><\/tr><tr><td>is_attachment<\/td><td>1<\/td><td><\/td><\/tr><tr><td>is_singular<\/td><td>1<\/td><td><\/td><\/tr><tr><td>is_front_page<\/td><td>1<\/td><td><\/td><\/tr><tr><td>is_feed<\/td><td>1<\/td><td><\/td><\/tr><\/table><\/div><br><br><span style=\"color: red;\">Seu site usa HTTPS, mas o c\u00f3digo do an\u00fancio cont\u00e9m HTTP e pode n\u00e3o funcionar.<\/span>\t<br><br>\n\t<a style=\"color: green;\" href=\"https:\/\/wpadvancedads.com\/manual\/ad-debug-mode\/?utm_source=advanced-ads&utm_medium=link&utm_campaign=ad-debug-mode\" target=\"_blank\" rel=\"nofollow\">Encontre solu\u00e7\u00f5es no manual<\/a>\n<\/div>\n<\/li><\/ul><\/div><script>( window.advanced_ads_ready || jQuery( document ).ready ).call( null, function() {var $lavraslider784936669 = jQuery( \".lavra-slider-784936669\" );$lavraslider784936669.on( \"unslider.ready\", function() { jQuery( \"div.custom-slider ul li\" ).css( \"display\", \"block\" ); });$lavraslider784936669.unslider({ delay:4000, autoplay:true, nav:false, arrows:false, infinite:true });$lavraslider784936669.on(\"mouseover\", function() {$lavraslider784936669.unslider(\"stop\");}).on(\"mouseout\", function() {$lavraslider784936669.unslider(\"start\");});});<\/script><\/div><p>A Pr\u00f3-Reitoria de P\u00f3s-Gradua\u00e7\u00e3o (PRPG) torna p\u00fablica a abertura das inscri\u00e7\u00f5es para o processo seletivo 2017\/1 de 27 Programas de P\u00f3s-Gradua\u00e7\u00e3o\u00a0<em>Stricto Sensu<\/em>\u00a0(PPGSS) da Universidade Federal de Lavras (UFLA).<!--more--> No total, s\u00e3o ofertadas 303 vagas para o Mestrado e 176 vagas para o Doutorado. <a href=\"http:\/\/www.prpg.ufla.br\/prpg2010\/editais\">O Edital conjunto est\u00e1 dispon\u00edvel no site da\u00a0<strong>PRPG<\/strong>.<\/a><\/p>\n<p>As inscri\u00e7\u00f5es dever\u00e3o ser realizadas, via internet, no site\u00a0<a href=\"http:\/\/www.prpg.ufla.br\/\"><strong>http:\/\/www.prpg.ufla.br<\/strong><\/a>, no per\u00edodo de zero hora do dia 23\/9\/2016 at\u00e9 \u00e0s 18 horas do dia 21\/10\/2016.<img fetchpriority=\"high\" decoding=\"async\" class=\" wp-image-2519 alignright\" src=\"http:\/\/lavras.tv\/site\/wp-content\/uploads\/2016\/09\/pos-graduacao-2017.jpg\" alt=\"pos-graduacao-2017\" width=\"369\" height=\"233\" srcset=\"https:\/\/lavras.tv\/site\/wp-content\/uploads\/2016\/09\/pos-graduacao-2017.jpg 1000w, https:\/\/lavras.tv\/site\/wp-content\/uploads\/2016\/09\/pos-graduacao-2017-150x95.jpg 150w, https:\/\/lavras.tv\/site\/wp-content\/uploads\/2016\/09\/pos-graduacao-2017-300x190.jpg 300w\" sizes=\"(max-width: 369px) 100vw, 369px\" \/><\/p>\n<p>A taxa de R$ 80,00 (oitenta reais) dever\u00e1 ser recolhida ao Banco do Brasil S\/A, por meio de GRU (Guia de Recolhimento da Uni\u00e3o). A guia encontra-se no\u00a0<a href=\"https:\/\/consulta.tesouro.fazenda.gov.br\/gru\/gru_simples.asp\"><strong>site<\/strong><\/a>\u00a0(orienta\u00e7\u00f5es para o preenchimento no Edital). A isen\u00e7\u00e3o dessa taxa dever\u00e1 ser solicitada no ato da inscri\u00e7\u00e3o, no site<a href=\"http:\/\/www.prpg.ufla.br\/\"><strong>http:\/\/www.prpg.ufla.br<\/strong><\/a>, conforme regras previstas no Edital, no per\u00edodo de 26\/9\/2016 at\u00e9 \u00e0s 18 (dezoito) horas do dia 28\/9\/2016. As inscri\u00e7\u00f5es homologadas estar\u00e3o dispon\u00edveis nas p\u00e1ginas dos programas a partir das 18 horas do dia 10 de novembro de 2016.<\/p>\n<p>As c\u00f3pias impressas do formul\u00e1rio de inscri\u00e7\u00e3o \u201con-line\u201d e dos documentos exigidos no Edital dever\u00e3o ser entregues ou encaminhadas \u00e0 respectiva secretaria do Programa de P\u00f3s-Gradua\u00e7\u00e3o ao qual o candidato est\u00e1 se inscrevendo, dentro do per\u00edodo estipulado para a inscri\u00e7\u00e3o. O comprovante de recolhimento da taxa de inscri\u00e7\u00e3o dever\u00e1 ser o original.<\/p>\n<p>O processo de sele\u00e7\u00e3o ser\u00e1 realizado pelo Colegiado do Programa ou por Comiss\u00f5es de Docentes designadas pelo Colegiado, seguindo o calend\u00e1rio estabelecido e previamente divulgado em sua p\u00e1gina da internet. Ao longo do processo de sele\u00e7\u00e3o, todos os documentos estar\u00e3o dispon\u00edveis no site de cada Programa, proporcionando ampla visibilidade e transpar\u00eancia dos procedimentos.<\/p>\n<p>Os crit\u00e9rios de sele\u00e7\u00e3o dos candidatos s\u00e3o estabelecidos pelos Colegiados dos Programas de P\u00f3s-Gradua\u00e7\u00e3o, conforme previsto nos artigos 24, 25 e 27 do Regulamento Geral dos PPGSS, aprovado pela Resolu\u00e7\u00e3o n\u00b0 007, de 22\/1\/2009, do Conselho de Ensino, Pesquisa e Extens\u00e3o (Cepe) e estar\u00e3o dispon\u00edveis na Secretaria do Programa e no endere\u00e7o<a href=\"http:\/\/www.prpg.ufla.br\/\"><strong>http:\/\/www.prpg.ufla.br<\/strong><\/a>.<\/p>\n<p>O Processo obedece ao exposto na Portaria PRPG n\u00ba 582, de 25 de agosto de 2014 e na Instru\u00e7\u00e3o Normativa\/PRPG N\u00ba 001, dispon\u00edveis no endere\u00e7o <a href=\"http:\/\/www.prpg.ufla.br\/\">http:\/\/www.prpg.ufla.br<\/a> e nas p\u00e1ginas dos Programas de P\u00f3s- Gradua\u00e7\u00e3o.<\/p>\n<p><a href=\"http:\/\/www.prpg.ufla.br\/prpg2010\/editais\/selecao\/2016-2\/\"><strong>Confira o Edital na \u00edntegra<\/strong><\/a><\/p>\n<p><a href=\"http:\/\/www.ufla.br\/ascom\/2016\/09\/14\/novo-regulamento-geral-dos-programas-de-pos-graduacao-entra-em-vigor-no-periodo-letivo-20162\/\"><strong>\u00a0Confira o novo regulamento geral dos Programas de P\u00f3s-Gradua\u00e7\u00e3o da UFLA<\/strong><\/a><\/p>\n<p>&nbsp;<\/p>\n<p>Fonte: Diretoria de Comunica\u00e7\u00e3o da UFLA<\/p>\n","protected":false},"excerpt":{"rendered":"<p>A Pr\u00f3-Reitoria de P\u00f3s-Gradua\u00e7\u00e3o (PRPG) torna p\u00fablica a abertura das inscri\u00e7\u00f5es para o processo seletivo 2017\/1 de 27 Programas de P\u00f3s-Gradua\u00e7\u00e3o\u00a0Stricto Sensu\u00a0(PPGSS) da Universidade Federal de Lavras (UFLA).<\/p>\n","protected":false},"author":2,"featured_media":2519,"comment_status":"closed","ping_status":"open","sticky":false,"template":"","format":"standard","meta":{"advgb_blocks_editor_width":"","advgb_blocks_columns_visual_guide":"","_exactmetrics_skip_tracking":false,"_exactmetrics_sitenote_active":false,"_exactmetrics_sitenote_note":"","_exactmetrics_sitenote_category":0,"footnotes":""},"categories":[7,2],"tags":[895,894,893,892,56],"class_list":["post-2518","post","type-post","status-publish","format-standard","has-post-thumbnail","hentry","category-destaques","category-noticias","tag-895","tag-doutorado","tag-mestrado","tag-pos-graduacao","tag-ufla"],"better_featured_image":{"id":2519,"alt_text":"","caption":"","description":"","media_type":"image","media_details":{"width":1000,"height":632,"file":"2016\/09\/pos-graduacao-2017.jpg","sizes":{"thumbnail":{"file":"pos-graduacao-2017-150x95.jpg","width":150,"height":95,"mime-type":"image\/jpeg","source_url":"https:\/\/lavras.tv\/site\/wp-content\/uploads\/2016\/09\/pos-graduacao-2017-150x95.jpg"},"medium":{"file":"pos-graduacao-2017-300x190.jpg","width":300,"height":190,"mime-type":"image\/jpeg","source_url":"https:\/\/lavras.tv\/site\/wp-content\/uploads\/2016\/09\/pos-graduacao-2017-300x190.jpg"},"featured-slider-img":{"file":"pos-graduacao-2017-640x480.jpg","width":640,"height":480,"mime-type":"image\/jpeg","source_url":"https:\/\/lavras.tv\/site\/wp-content\/uploads\/2016\/09\/pos-graduacao-2017-640x480.jpg"},"featured-post-img":{"file":"pos-graduacao-2017-480x320.jpg","width":480,"height":320,"mime-type":"image\/jpeg","source_url":"https:\/\/lavras.tv\/site\/wp-content\/uploads\/2016\/09\/pos-graduacao-2017-480x320.jpg"},"sow-carousel-default":{"file":"pos-graduacao-2017-272x182.jpg","width":272,"height":182,"mime-type":"image\/jpeg","source_url":"https:\/\/lavras.tv\/site\/wp-content\/uploads\/2016\/09\/pos-graduacao-2017-272x182.jpg"}},"image_meta":{"aperture":"0","credit":"Tobias","camera":"","caption":"","created_timestamp":"1474542475","copyright":"","focal_length":"0","iso":"0","shutter_speed":"0","title":"","orientation":"0","keywords":[]}},"post":2518,"source_url":"https:\/\/lavras.tv\/site\/wp-content\/uploads\/2016\/09\/pos-graduacao-2017.jpg"},"author_meta":{"display_name":"Lavras TV","author_link":"https:\/\/lavras.tv\/site\/author\/lavrastv\/"},"featured_img":"https:\/\/lavras.tv\/site\/wp-content\/uploads\/2016\/09\/pos-graduacao-2017-300x190.jpg","coauthors":[],"tax_additional":{"categories":{"linked":["<a href=\"https:\/\/lavras.tv\/site\/category\/destaques\/\" class=\"advgb-post-tax-term\">Destaques<\/a>","<a href=\"https:\/\/lavras.tv\/site\/category\/noticias\/\" class=\"advgb-post-tax-term\">Not\u00edcias<\/a>"],"unlinked":["<span class=\"advgb-post-tax-term\">Destaques<\/span>","<span class=\"advgb-post-tax-term\">Not\u00edcias<\/span>"]},"tags":{"linked":["<a href=\"https:\/\/lavras.tv\/site\/category\/noticias\/\" class=\"advgb-post-tax-term\">2017<\/a>","<a href=\"https:\/\/lavras.tv\/site\/category\/noticias\/\" class=\"advgb-post-tax-term\">doutorado<\/a>","<a href=\"https:\/\/lavras.tv\/site\/category\/noticias\/\" class=\"advgb-post-tax-term\">mestrado<\/a>","<a href=\"https:\/\/lavras.tv\/site\/category\/noticias\/\" class=\"advgb-post-tax-term\">p\u00f3s gradua\u00e7\u00e3o<\/a>","<a href=\"https:\/\/lavras.tv\/site\/category\/noticias\/\" class=\"advgb-post-tax-term\">ufla<\/a>"],"unlinked":["<span class=\"advgb-post-tax-term\">2017<\/span>","<span class=\"advgb-post-tax-term\">doutorado<\/span>","<span class=\"advgb-post-tax-term\">mestrado<\/span>","<span class=\"advgb-post-tax-term\">p\u00f3s gradua\u00e7\u00e3o<\/span>","<span class=\"advgb-post-tax-term\">ufla<\/span>"]}},"comment_count":"0","relative_dates":{"created":"Publicado 10 anos atr\u00e1s","modified":"Atualizado 10 anos atr\u00e1s"},"absolute_dates":{"created":"Publicado em 23 de setembro de 2016","modified":"Atualizado em 23 de setembro de 2016"},"absolute_dates_time":{"created":"Publicado em 23 de setembro de 2016 11:16","modified":"Atualizado em 23 de setembro de 2016 11:16"},"featured_img_caption":"","series_order":"","_links":{"self":[{"href":"https:\/\/lavras.tv\/site\/wp-json\/wp\/v2\/posts\/2518","targetHints":{"allow":["GET"]}}],"collection":[{"href":"https:\/\/lavras.tv\/site\/wp-json\/wp\/v2\/posts"}],"about":[{"href":"https:\/\/lavras.tv\/site\/wp-json\/wp\/v2\/types\/post"}],"author":[{"embeddable":true,"href":"https:\/\/lavras.tv\/site\/wp-json\/wp\/v2\/users\/2"}],"replies":[{"embeddable":true,"href":"https:\/\/lavras.tv\/site\/wp-json\/wp\/v2\/comments?post=2518"}],"version-history":[{"count":1,"href":"https:\/\/lavras.tv\/site\/wp-json\/wp\/v2\/posts\/2518\/revisions"}],"predecessor-version":[{"id":2520,"href":"https:\/\/lavras.tv\/site\/wp-json\/wp\/v2\/posts\/2518\/revisions\/2520"}],"wp:featuredmedia":[{"embeddable":true,"href":"https:\/\/lavras.tv\/site\/wp-json\/wp\/v2\/media\/2519"}],"wp:attachment":[{"href":"https:\/\/lavras.tv\/site\/wp-json\/wp\/v2\/media?parent=2518"}],"wp:term":[{"taxonomy":"category","embeddable":true,"href":"https:\/\/lavras.tv\/site\/wp-json\/wp\/v2\/categories?post=2518"},{"taxonomy":"post_tag","embeddable":true,"href":"https:\/\/lavras.tv\/site\/wp-json\/wp\/v2\/tags?post=2518"}],"curies":[{"name":"wp","href":"https:\/\/api.w.org\/{rel}","templated":true}]}}