{"id":2551,"date":"2016-09-26T09:39:48","date_gmt":"2016-09-26T12:39:48","guid":{"rendered":"http:\/\/lavras.tv\/site\/?p=2551"},"modified":"2016-09-26T09:39:48","modified_gmt":"2016-09-26T12:39:48","slug":"justica-eleitoral-de-minas-inicia-a-preparacao-das-mais-de-53-mil-urnas-das-eleicoes-2016","status":"publish","type":"post","link":"https:\/\/lavras.tv\/site\/2016\/09\/26\/justica-eleitoral-de-minas-inicia-a-preparacao-das-mais-de-53-mil-urnas-das-eleicoes-2016\/","title":{"rendered":"Justi\u00e7a Eleitoral de Minas inicia a prepara\u00e7\u00e3o das mais de 53 mil urnas das Elei\u00e7\u00f5es 2016"},"content":{"rendered":"<div class=\"lavra-antes-do-conteudo_2\" id=\"lavra-363743185\"><div id=\"lavra-slider-27\" class=\"custom-slider lavra-slider-3159229992 lavra-slider\"><ul><li><div style=\"margin-left: auto;margin-right: auto;text-align: center;\" id=\"lavra-1899514096\"><a href=\"https:\/\/sistemas.lavras.mg.gov.br\/portalcidadao\/#df1b1a7c7b2a290bcb31e32771e610784662739a88807c0dacac58ede5f391a7530e299dc302d611ee73cb143fc22eaf93592e53e7b5bdb01b00a0b8d28dae460c141dd2ff83412e4dc1c31b16b25f33144a9e5620ea73b13f5bc1c59411d98439ad226e8af03840603796067d87afe130812cf3de24982d0e306f9e61e764e5\" aria-label=\"Lavras-TV&#8211;720x104px (1) (1)\"><img src=\"https:\/\/lavras.tv\/site\/wp-content\/uploads\/2025\/01\/Lavras-TV-720x104px-1-1.png\" alt=\"\"  srcset=\"https:\/\/lavras.tv\/site\/wp-content\/uploads\/2025\/01\/Lavras-TV-720x104px-1-1.png 720w, https:\/\/lavras.tv\/site\/wp-content\/uploads\/2025\/01\/Lavras-TV-720x104px-1-1-470x68.png 470w, https:\/\/lavras.tv\/site\/wp-content\/uploads\/2025\/01\/Lavras-TV-720x104px-1-1-170x25.png 170w, https:\/\/lavras.tv\/site\/wp-content\/uploads\/2025\/01\/Lavras-TV-720x104px-1-1-200x29.png 200w\" sizes=\"(max-width: 720px) 100vw, 720px\" width=\"720\" height=\"104\"  style=\"display: inline-block;\" \/><\/a><\/div><\/li><li><a href=\"https:\/\/sistemas.lavras.mg.gov.br\/portalcidadao\/#df1b1a7c7b2a290bcb31e32771e610784662739a88807c0dacac58ede5f391a7530e299dc302d611ee73cb143fc22eaf93592e53e7b5bdb01b00a0b8d28dae460c141dd2ff83412e4dc1c31b16b25f33144a9e5620ea73b13f5bc1c59411d98439ad226e8af03840603796067d87afe130812cf3de24982d0e306f9e61e764e5\" aria-label=\"Banner_Emprego_PortallavrasTV\"><img src=\"https:\/\/lavras.tv\/site\/wp-content\/uploads\/2025\/03\/Banner_Emprego_PortallavrasTV.png\" alt=\"\"  srcset=\"https:\/\/lavras.tv\/site\/wp-content\/uploads\/2025\/03\/Banner_Emprego_PortallavrasTV.png 720w, https:\/\/lavras.tv\/site\/wp-content\/uploads\/2025\/03\/Banner_Emprego_PortallavrasTV-470x68.png 470w, https:\/\/lavras.tv\/site\/wp-content\/uploads\/2025\/03\/Banner_Emprego_PortallavrasTV-170x25.png 170w, https:\/\/lavras.tv\/site\/wp-content\/uploads\/2025\/03\/Banner_Emprego_PortallavrasTV-200x29.png 200w\" sizes=\"(max-width: 720px) 100vw, 720px\" width=\"720\" height=\"104\"   \/><\/a><\/li><li><a href=\"https:\/\/sistemas.lavras.mg.gov.br\/portalcidadao\/#df1b1a7c7b2a290bcb31e32771e610784662739a88807c0dacac58ede5f391a7530e299dc302d611ee73cb143fc22eaf93592e53e7b5bdb01b00a0b8d28dae460c141dd2ff83412e4dc1c31b16b25f33144a9e5620ea73b13f5bc1c59411d98439ad226e8af03840603796067d87afe130812cf3de24982d0e306f9e61e764e5\" aria-label=\"Banner_Obras_PortallavrasTV\"><img src=\"https:\/\/lavras.tv\/site\/wp-content\/uploads\/2025\/03\/Banner_Obras_PortallavrasTV.png\" alt=\"\"  srcset=\"https:\/\/lavras.tv\/site\/wp-content\/uploads\/2025\/03\/Banner_Obras_PortallavrasTV.png 720w, https:\/\/lavras.tv\/site\/wp-content\/uploads\/2025\/03\/Banner_Obras_PortallavrasTV-470x68.png 470w, https:\/\/lavras.tv\/site\/wp-content\/uploads\/2025\/03\/Banner_Obras_PortallavrasTV-170x25.png 170w, https:\/\/lavras.tv\/site\/wp-content\/uploads\/2025\/03\/Banner_Obras_PortallavrasTV-200x29.png 200w\" sizes=\"(max-width: 720px) 100vw, 720px\" width=\"720\" height=\"104\"   \/><\/a><\/li><li><div style=\"margin-left: auto;margin-right: auto;text-align: center;\" id=\"lavra-3633204911\"><a href=\"https:\/\/sistemas.lavras.mg.gov.br\/portalcidadao\/#df1b1a7c7b2a290bcb31e32771e610784662739a88807c0dacac58ede5f391a7530e299dc302d611ee73cb143fc22eaf93592e53e7b5bdb01b00a0b8d28dae460c141dd2ff83412e4dc1c31b16b25f33144a9e5620ea73b13f5bc1c59411d98439ad226e8af03840603796067d87afe130812cf3de24982d0e306f9e61e764e5\" aria-label=\"Banner_Educa\u00e7\u00e3o_PortallavrasTV\"><img src=\"https:\/\/lavras.tv\/site\/wp-content\/uploads\/2025\/01\/Banner_Educacao_PortallavrasTV.png\" alt=\"\"  srcset=\"https:\/\/lavras.tv\/site\/wp-content\/uploads\/2025\/01\/Banner_Educacao_PortallavrasTV.png 720w, https:\/\/lavras.tv\/site\/wp-content\/uploads\/2025\/01\/Banner_Educacao_PortallavrasTV-470x68.png 470w, https:\/\/lavras.tv\/site\/wp-content\/uploads\/2025\/01\/Banner_Educacao_PortallavrasTV-170x25.png 170w, https:\/\/lavras.tv\/site\/wp-content\/uploads\/2025\/01\/Banner_Educacao_PortallavrasTV-200x29.png 200w\" sizes=\"(max-width: 720px) 100vw, 720px\" width=\"720\" height=\"104\"  style=\"display: inline-block;\" \/><\/a><\/div><\/li><li><a href=\"https:\/\/sistemas.lavras.mg.gov.br\/portalcidadao\/#df1b1a7c7b2a290bcb31e32771e610784662739a88807c0dacac58ede5f391a7530e299dc302d611ee73cb143fc22eaf93592e53e7b5bdb01b00a0b8d28dae460c141dd2ff83412e4dc1c31b16b25f33144a9e5620ea73b13f5bc1c59411d98439ad226e8af03840603796067d87afe130812cf3de24982d0e306f9e61e764e5\" aria-label=\"Banner_Sa\u00fade_PortallavrasTV\"><img src=\"https:\/\/lavras.tv\/site\/wp-content\/uploads\/2025\/03\/Banner_Saude_PortallavrasTV.png\" alt=\"\"  srcset=\"https:\/\/lavras.tv\/site\/wp-content\/uploads\/2025\/03\/Banner_Saude_PortallavrasTV.png 720w, https:\/\/lavras.tv\/site\/wp-content\/uploads\/2025\/03\/Banner_Saude_PortallavrasTV-470x68.png 470w, https:\/\/lavras.tv\/site\/wp-content\/uploads\/2025\/03\/Banner_Saude_PortallavrasTV-170x25.png 170w, https:\/\/lavras.tv\/site\/wp-content\/uploads\/2025\/03\/Banner_Saude_PortallavrasTV-200x29.png 200w\" sizes=\"(max-width: 720px) 100vw, 720px\" width=\"720\" height=\"104\"   \/><\/a><\/li><li><div id=\"lavra-886572226\" style=\"width:720px;height:104px;background-color:#ddd;overflow:scroll;\">\n\t<strong>Sa\u00edda da depura\u00e7\u00e3o de an\u00fancios<\/strong>\n\t<br><br>\n\tO an\u00fancio n\u00e3o \u00e9 exibido na p\u00e1gina<br><br>post atual: Justi\u00e7a Eleitoral de Minas inicia a prepara\u00e7\u00e3o das mais de 53 mil urnas das Elei\u00e7\u00f5es 2016, ID: 2551<br><br><span style=\"color: red;\">O post atual n\u00e3o \u00e9 id\u00eantico ao post principal.<\/span><br><br>An\u00fancios: ROXO - TOPO INTERNA - ROTATIVO 2 (197)<br \/>Grupo de an\u00fancios: Princ_Meio01_720x104 (27)<br><br>Condi\u00e7\u00f5es de exibi\u00e7\u00e3o<div style=\"margin-bottom: 20px; white-space: pre-wrap; font-family: monospace; width: 100%; background: #ffe9e9;\"><strong>condi\u00e7\u00f5es gerais<\/strong><table border=\"1\"><thead><tr><th><\/th><th>An\u00fancios<\/th><th>wp_the_query<\/th><\/tr><\/thead><tr><td>is_main_query<\/td><td>1<\/td><td>1<\/td><\/tr><tr><td>is_rest_api<\/td><td>0<\/td><td>1<\/td><\/tr><tr><td>page<\/td><td>0<\/td><td>1<\/td><\/tr><tr><td>numpages<\/td><td>0<\/td><td>1<\/td><\/tr><tr><td>is_archive<\/td><td>1<\/td><td><\/td><\/tr><tr><td>is_search<\/td><td>1<\/td><td><\/td><\/tr><tr><td>is_home<\/td><td>1<\/td><td><\/td><\/tr><tr><td>is_404<\/td><td>1<\/td><td><\/td><\/tr><tr><td>is_attachment<\/td><td>1<\/td><td><\/td><\/tr><tr><td>is_singular<\/td><td>1<\/td><td><\/td><\/tr><tr><td>is_front_page<\/td><td>1<\/td><td><\/td><\/tr><tr><td>is_feed<\/td><td>1<\/td><td><\/td><\/tr><\/table><\/div><br><br><span style=\"color: red;\">Seu site usa HTTPS, mas o c\u00f3digo do an\u00fancio cont\u00e9m HTTP e pode n\u00e3o funcionar.<\/span>\t<br><br>\n\t<a style=\"color: green;\" href=\"https:\/\/wpadvancedads.com\/manual\/ad-debug-mode\/?utm_source=advanced-ads&utm_medium=link&utm_campaign=ad-debug-mode\" target=\"_blank\" rel=\"nofollow\">Encontre solu\u00e7\u00f5es no manual<\/a>\n<\/div>\n<\/li><\/ul><\/div><script>( window.advanced_ads_ready || jQuery( document ).ready ).call( null, function() {var $lavraslider3159229992 = jQuery( \".lavra-slider-3159229992\" );$lavraslider3159229992.on( \"unslider.ready\", function() { jQuery( \"div.custom-slider ul li\" ).css( \"display\", \"block\" ); });$lavraslider3159229992.unslider({ delay:4000, autoplay:true, nav:false, arrows:false, infinite:true });$lavraslider3159229992.on(\"mouseover\", function() {$lavraslider3159229992.unslider(\"stop\");}).on(\"mouseout\", function() {$lavraslider3159229992.unslider(\"start\");});});<\/script><\/div><p>As zonas eleitorais de todo o estado j\u00e1 come\u00e7aram a preparar as urnas para a vota\u00e7\u00e3o no 1\u00ba turno. <!--more-->Durante audi\u00eancia p\u00fablica, para a qual s\u00e3o convidados o Minist\u00e9rio P\u00fablico e representantes de partidos pol\u00edticos, as urnas recebem\u00a0 os dados de candidatos e eleitores e s\u00e3o carregadas com o software de vota\u00e7\u00e3o e a m\u00eddia onde ser\u00e3o gravados os resultados. Al\u00e9m disso, s\u00e3o realizados v\u00e1rios testes nos equipamentos e, ao final do procedimento, as urnas passam por uma auditoria e s\u00e3o lacradas. A partir da\u00ed, n\u00e3o pode ser feita nenhuma mudan\u00e7a nos dados.<\/p>\n<p><img fetchpriority=\"high\" decoding=\"async\" class=\"alignnone size-full wp-image-2552\" src=\"http:\/\/lavras.tv\/site\/wp-content\/uploads\/2016\/09\/urnas.jpeg\" alt=\"urnas\" width=\"543\" height=\"263\" srcset=\"https:\/\/lavras.tv\/site\/wp-content\/uploads\/2016\/09\/urnas.jpeg 543w, https:\/\/lavras.tv\/site\/wp-content\/uploads\/2016\/09\/urnas-150x73.jpeg 150w, https:\/\/lavras.tv\/site\/wp-content\/uploads\/2016\/09\/urnas-300x145.jpeg 300w\" sizes=\"(max-width: 543px) 100vw, 543px\" \/><\/p>\n<p>Nas Elei\u00e7\u00f5es 2016, 53.208 urnas eletr\u00f4nicas ser\u00e3o utilizadas nos 10.323 locais de vota\u00e7\u00e3o em todo o estado. Desse total, 6.334 s\u00e3o urnas de reserva. Urnas de reserva s\u00e3o utilizadas para substitui\u00e7\u00e3o, caso alguma urna tenha algum defeito de funcionamento. Nas Elei\u00e7\u00f5es 2012, 164 equipamentos foram substitu\u00eddos, por outras urnas. Em 2014, foram substitu\u00eddas 411.<\/p>\n<p>Nas urnas de Minas Gerais ser\u00e3o inseridas as informa\u00e7\u00f5es de 75.717 candidatos, sendo 2.378 que concorrem ao cargo de prefeito, outros 2.378 a vice-prefeito e 70.961 que disputam uma vaga de vereador. Em Belo Horizonte, s\u00e3o 1.419 candidatos. Desses, onze disputam o cargo de prefeito, 11 concorrem para vice-prefeito e 1.397 est\u00e3o em busca de uma vaga de vereador. Nesse total, est\u00e3o todos os candidatos considerados, no momento, aptos a disputar a elei\u00e7\u00e3o. Al\u00e9m dos deferidos, enquadram-se nessa situa\u00e7\u00e3o aqueles que est\u00e3o sub-judice (mais detalhes da situa\u00e7\u00e3o dos candidatos podem ser verificados no sistema de estat\u00edstica de candidaturas).<\/p>\n<p>As urnas da capital mineira ficar\u00e3o armazenadas no Centro de Apoio do Tribunal e, a partir do dia 29, ser\u00e3o transferidas para \u00a0a guarda da Pol\u00edcia Militar, de onde saem para serem distribu\u00eddas entre os locais de vota\u00e7\u00e3o, na madrugada do dia 2 de outubro. No interior, cada zona eleitoral tem os seus procedimentos para guarda e distribui\u00e7\u00e3o das urnas, sempre com o apoio de institui\u00e7\u00f5es que garantam a seguran\u00e7a.<\/p>\n<p>Este ano, todas as urnas eletr\u00f4nicas j\u00e1 possuem o m\u00f3dulo de identifica\u00e7\u00e3o biom\u00e9trica, mas a <a href=\"http:\/\/www.tre-mg.jus.br\/eleicoes\/biometria-em-minas-gerais\">biometria<\/a>, por enquanto, est\u00e1 em apenas 249 munic\u00edpios do Estado, sendo que em 80 deles a vota\u00e7\u00e3o ser\u00e1 totalmente biom\u00e9trica e em 169 a vota\u00e7\u00e3o ser\u00e1 mista (ou h\u00edbrida), ou seja, o eleitor que n\u00e3o fez o recadastramento biom\u00e9trico poder\u00e1 votar da maneira tradicional.<\/p>\n<p>&nbsp;<\/p>\n<p>Fonte: TRE-MG<\/p>\n","protected":false},"excerpt":{"rendered":"<p>As zonas eleitorais de todo o estado j\u00e1 come\u00e7aram a preparar as urnas para a vota\u00e7\u00e3o no 1\u00ba turno.<\/p>\n","protected":false},"author":2,"featured_media":2552,"comment_status":"closed","ping_status":"open","sticky":false,"template":"","format":"standard","meta":{"advgb_blocks_editor_width":"","advgb_blocks_columns_visual_guide":"","_exactmetrics_skip_tracking":false,"_exactmetrics_sitenote_active":false,"_exactmetrics_sitenote_note":"","_exactmetrics_sitenote_category":0,"footnotes":""},"categories":[7,12],"tags":[418,558],"class_list":["post-2551","post","type-post","status-publish","format-standard","has-post-thumbnail","hentry","category-destaques","category-politica","tag-eleicoes-2016","tag-urnas-eletronicas"],"better_featured_image":{"id":2552,"alt_text":"","caption":"","description":"","media_type":"image","media_details":{"width":543,"height":263,"file":"2016\/09\/urnas.jpeg","sizes":{"thumbnail":{"file":"urnas-150x73.jpeg","width":150,"height":73,"mime-type":"image\/jpeg","source_url":"https:\/\/lavras.tv\/site\/wp-content\/uploads\/2016\/09\/urnas-150x73.jpeg"},"medium":{"file":"urnas-300x145.jpeg","width":300,"height":145,"mime-type":"image\/jpeg","source_url":"https:\/\/lavras.tv\/site\/wp-content\/uploads\/2016\/09\/urnas-300x145.jpeg"},"featured-post-img":{"file":"urnas-480x263.jpeg","width":480,"height":263,"mime-type":"image\/jpeg","source_url":"https:\/\/lavras.tv\/site\/wp-content\/uploads\/2016\/09\/urnas-480x263.jpeg"},"sow-carousel-default":{"file":"urnas-272x182.jpeg","width":272,"height":182,"mime-type":"image\/jpeg","source_url":"https:\/\/lavras.tv\/site\/wp-content\/uploads\/2016\/09\/urnas-272x182.jpeg"}},"image_meta":{"aperture":"0","credit":"","camera":"","caption":"","created_timestamp":"0","copyright":"","focal_length":"0","iso":"0","shutter_speed":"0","title":"","orientation":"0","keywords":[]}},"post":2551,"source_url":"https:\/\/lavras.tv\/site\/wp-content\/uploads\/2016\/09\/urnas.jpeg"},"author_meta":{"display_name":"Lavras TV","author_link":"https:\/\/lavras.tv\/site\/author\/lavrastv\/"},"featured_img":"https:\/\/lavras.tv\/site\/wp-content\/uploads\/2016\/09\/urnas-300x145.jpeg","coauthors":[],"tax_additional":{"categories":{"linked":["<a href=\"https:\/\/lavras.tv\/site\/category\/destaques\/\" class=\"advgb-post-tax-term\">Destaques<\/a>","<a href=\"https:\/\/lavras.tv\/site\/category\/politica\/\" class=\"advgb-post-tax-term\">Pol\u00edtica<\/a>"],"unlinked":["<span class=\"advgb-post-tax-term\">Destaques<\/span>","<span class=\"advgb-post-tax-term\">Pol\u00edtica<\/span>"]},"tags":{"linked":["<a href=\"https:\/\/lavras.tv\/site\/category\/politica\/\" class=\"advgb-post-tax-term\">elei\u00e7\u00f5es 2016<\/a>","<a href=\"https:\/\/lavras.tv\/site\/category\/politica\/\" class=\"advgb-post-tax-term\">urnas eletronicas<\/a>"],"unlinked":["<span class=\"advgb-post-tax-term\">elei\u00e7\u00f5es 2016<\/span>","<span class=\"advgb-post-tax-term\">urnas eletronicas<\/span>"]}},"comment_count":"0","relative_dates":{"created":"Publicado 10 anos atr\u00e1s","modified":"Atualizado 10 anos atr\u00e1s"},"absolute_dates":{"created":"Publicado em 26 de setembro de 2016","modified":"Atualizado em 26 de setembro de 2016"},"absolute_dates_time":{"created":"Publicado em 26 de setembro de 2016 09:39","modified":"Atualizado em 26 de setembro de 2016 09:39"},"featured_img_caption":"","series_order":"","_links":{"self":[{"href":"https:\/\/lavras.tv\/site\/wp-json\/wp\/v2\/posts\/2551","targetHints":{"allow":["GET"]}}],"collection":[{"href":"https:\/\/lavras.tv\/site\/wp-json\/wp\/v2\/posts"}],"about":[{"href":"https:\/\/lavras.tv\/site\/wp-json\/wp\/v2\/types\/post"}],"author":[{"embeddable":true,"href":"https:\/\/lavras.tv\/site\/wp-json\/wp\/v2\/users\/2"}],"replies":[{"embeddable":true,"href":"https:\/\/lavras.tv\/site\/wp-json\/wp\/v2\/comments?post=2551"}],"version-history":[{"count":1,"href":"https:\/\/lavras.tv\/site\/wp-json\/wp\/v2\/posts\/2551\/revisions"}],"predecessor-version":[{"id":2553,"href":"https:\/\/lavras.tv\/site\/wp-json\/wp\/v2\/posts\/2551\/revisions\/2553"}],"wp:featuredmedia":[{"embeddable":true,"href":"https:\/\/lavras.tv\/site\/wp-json\/wp\/v2\/media\/2552"}],"wp:attachment":[{"href":"https:\/\/lavras.tv\/site\/wp-json\/wp\/v2\/media?parent=2551"}],"wp:term":[{"taxonomy":"category","embeddable":true,"href":"https:\/\/lavras.tv\/site\/wp-json\/wp\/v2\/categories?post=2551"},{"taxonomy":"post_tag","embeddable":true,"href":"https:\/\/lavras.tv\/site\/wp-json\/wp\/v2\/tags?post=2551"}],"curies":[{"name":"wp","href":"https:\/\/api.w.org\/{rel}","templated":true}]}}