{"id":2554,"date":"2016-09-26T10:03:55","date_gmt":"2016-09-26T13:03:55","guid":{"rendered":"http:\/\/lavras.tv\/site\/?p=2554"},"modified":"2016-09-26T10:03:55","modified_gmt":"2016-09-26T13:03:55","slug":"marcelo-relembra-vitoria-com-gol-de-goleiro-e-faz-alerta-para-reencontro-entre-atletico-e-juventude","status":"publish","type":"post","link":"https:\/\/lavras.tv\/site\/2016\/09\/26\/marcelo-relembra-vitoria-com-gol-de-goleiro-e-faz-alerta-para-reencontro-entre-atletico-e-juventude\/","title":{"rendered":"Marcelo relembra vit\u00f3ria com gol de goleiro e faz alerta para reencontro entre Atl\u00e9tico e Juventude"},"content":{"rendered":"<div class=\"lavra-antes-do-conteudo_2\" id=\"lavra-1572865951\"><div id=\"lavra-slider-27\" class=\"custom-slider lavra-slider-1326399838 lavra-slider\"><ul><li><div style=\"margin-left: auto;margin-right: auto;text-align: center;\" id=\"lavra-3777139761\"><a href=\"https:\/\/sistemas.lavras.mg.gov.br\/portalcidadao\/#df1b1a7c7b2a290bcb31e32771e610784662739a88807c0dacac58ede5f391a7530e299dc302d611ee73cb143fc22eaf93592e53e7b5bdb01b00a0b8d28dae460c141dd2ff83412e4dc1c31b16b25f33144a9e5620ea73b13f5bc1c59411d98439ad226e8af03840603796067d87afe130812cf3de24982d0e306f9e61e764e5\" aria-label=\"Lavras-TV&#8211;720x104px (1) (1)\"><img src=\"https:\/\/lavras.tv\/site\/wp-content\/uploads\/2025\/01\/Lavras-TV-720x104px-1-1.png\" alt=\"\"  srcset=\"https:\/\/lavras.tv\/site\/wp-content\/uploads\/2025\/01\/Lavras-TV-720x104px-1-1.png 720w, https:\/\/lavras.tv\/site\/wp-content\/uploads\/2025\/01\/Lavras-TV-720x104px-1-1-470x68.png 470w, https:\/\/lavras.tv\/site\/wp-content\/uploads\/2025\/01\/Lavras-TV-720x104px-1-1-170x25.png 170w, https:\/\/lavras.tv\/site\/wp-content\/uploads\/2025\/01\/Lavras-TV-720x104px-1-1-200x29.png 200w\" sizes=\"(max-width: 720px) 100vw, 720px\" width=\"720\" height=\"104\"  style=\"display: inline-block;\" \/><\/a><\/div><\/li><li><a href=\"https:\/\/sistemas.lavras.mg.gov.br\/portalcidadao\/#df1b1a7c7b2a290bcb31e32771e610784662739a88807c0dacac58ede5f391a7530e299dc302d611ee73cb143fc22eaf93592e53e7b5bdb01b00a0b8d28dae460c141dd2ff83412e4dc1c31b16b25f33144a9e5620ea73b13f5bc1c59411d98439ad226e8af03840603796067d87afe130812cf3de24982d0e306f9e61e764e5\" aria-label=\"Banner_Emprego_PortallavrasTV\"><img src=\"https:\/\/lavras.tv\/site\/wp-content\/uploads\/2025\/03\/Banner_Emprego_PortallavrasTV.png\" alt=\"\"  srcset=\"https:\/\/lavras.tv\/site\/wp-content\/uploads\/2025\/03\/Banner_Emprego_PortallavrasTV.png 720w, https:\/\/lavras.tv\/site\/wp-content\/uploads\/2025\/03\/Banner_Emprego_PortallavrasTV-470x68.png 470w, https:\/\/lavras.tv\/site\/wp-content\/uploads\/2025\/03\/Banner_Emprego_PortallavrasTV-170x25.png 170w, https:\/\/lavras.tv\/site\/wp-content\/uploads\/2025\/03\/Banner_Emprego_PortallavrasTV-200x29.png 200w\" sizes=\"(max-width: 720px) 100vw, 720px\" width=\"720\" height=\"104\"   \/><\/a><\/li><li><a href=\"https:\/\/sistemas.lavras.mg.gov.br\/portalcidadao\/#df1b1a7c7b2a290bcb31e32771e610784662739a88807c0dacac58ede5f391a7530e299dc302d611ee73cb143fc22eaf93592e53e7b5bdb01b00a0b8d28dae460c141dd2ff83412e4dc1c31b16b25f33144a9e5620ea73b13f5bc1c59411d98439ad226e8af03840603796067d87afe130812cf3de24982d0e306f9e61e764e5\" aria-label=\"Banner_Obras_PortallavrasTV\"><img src=\"https:\/\/lavras.tv\/site\/wp-content\/uploads\/2025\/03\/Banner_Obras_PortallavrasTV.png\" alt=\"\"  srcset=\"https:\/\/lavras.tv\/site\/wp-content\/uploads\/2025\/03\/Banner_Obras_PortallavrasTV.png 720w, https:\/\/lavras.tv\/site\/wp-content\/uploads\/2025\/03\/Banner_Obras_PortallavrasTV-470x68.png 470w, https:\/\/lavras.tv\/site\/wp-content\/uploads\/2025\/03\/Banner_Obras_PortallavrasTV-170x25.png 170w, https:\/\/lavras.tv\/site\/wp-content\/uploads\/2025\/03\/Banner_Obras_PortallavrasTV-200x29.png 200w\" sizes=\"(max-width: 720px) 100vw, 720px\" width=\"720\" height=\"104\"   \/><\/a><\/li><li><div style=\"margin-left: auto;margin-right: auto;text-align: center;\" id=\"lavra-2922347329\"><a href=\"https:\/\/sistemas.lavras.mg.gov.br\/portalcidadao\/#df1b1a7c7b2a290bcb31e32771e610784662739a88807c0dacac58ede5f391a7530e299dc302d611ee73cb143fc22eaf93592e53e7b5bdb01b00a0b8d28dae460c141dd2ff83412e4dc1c31b16b25f33144a9e5620ea73b13f5bc1c59411d98439ad226e8af03840603796067d87afe130812cf3de24982d0e306f9e61e764e5\" aria-label=\"Banner_Educa\u00e7\u00e3o_PortallavrasTV\"><img src=\"https:\/\/lavras.tv\/site\/wp-content\/uploads\/2025\/01\/Banner_Educacao_PortallavrasTV.png\" alt=\"\"  srcset=\"https:\/\/lavras.tv\/site\/wp-content\/uploads\/2025\/01\/Banner_Educacao_PortallavrasTV.png 720w, https:\/\/lavras.tv\/site\/wp-content\/uploads\/2025\/01\/Banner_Educacao_PortallavrasTV-470x68.png 470w, https:\/\/lavras.tv\/site\/wp-content\/uploads\/2025\/01\/Banner_Educacao_PortallavrasTV-170x25.png 170w, https:\/\/lavras.tv\/site\/wp-content\/uploads\/2025\/01\/Banner_Educacao_PortallavrasTV-200x29.png 200w\" sizes=\"(max-width: 720px) 100vw, 720px\" width=\"720\" height=\"104\"  style=\"display: inline-block;\" \/><\/a><\/div><\/li><li><a href=\"https:\/\/sistemas.lavras.mg.gov.br\/portalcidadao\/#df1b1a7c7b2a290bcb31e32771e610784662739a88807c0dacac58ede5f391a7530e299dc302d611ee73cb143fc22eaf93592e53e7b5bdb01b00a0b8d28dae460c141dd2ff83412e4dc1c31b16b25f33144a9e5620ea73b13f5bc1c59411d98439ad226e8af03840603796067d87afe130812cf3de24982d0e306f9e61e764e5\" aria-label=\"Banner_Sa\u00fade_PortallavrasTV\"><img src=\"https:\/\/lavras.tv\/site\/wp-content\/uploads\/2025\/03\/Banner_Saude_PortallavrasTV.png\" alt=\"\"  srcset=\"https:\/\/lavras.tv\/site\/wp-content\/uploads\/2025\/03\/Banner_Saude_PortallavrasTV.png 720w, https:\/\/lavras.tv\/site\/wp-content\/uploads\/2025\/03\/Banner_Saude_PortallavrasTV-470x68.png 470w, https:\/\/lavras.tv\/site\/wp-content\/uploads\/2025\/03\/Banner_Saude_PortallavrasTV-170x25.png 170w, https:\/\/lavras.tv\/site\/wp-content\/uploads\/2025\/03\/Banner_Saude_PortallavrasTV-200x29.png 200w\" sizes=\"(max-width: 720px) 100vw, 720px\" width=\"720\" height=\"104\"   \/><\/a><\/li><li><div id=\"lavra-2273939122\" style=\"width:720px;height:104px;background-color:#ddd;overflow:scroll;\">\n\t<strong>Sa\u00edda da depura\u00e7\u00e3o de an\u00fancios<\/strong>\n\t<br><br>\n\tO an\u00fancio n\u00e3o \u00e9 exibido na p\u00e1gina<br><br>post atual: Marcelo relembra vit\u00f3ria com gol de goleiro e faz alerta para reencontro entre Atl\u00e9tico e Juventude, ID: 2554<br><br><span style=\"color: red;\">O post atual n\u00e3o \u00e9 id\u00eantico ao post principal.<\/span><br><br>An\u00fancios: ROXO - TOPO INTERNA - ROTATIVO 2 (197)<br \/>Grupo de an\u00fancios: Princ_Meio01_720x104 (27)<br><br>Condi\u00e7\u00f5es de exibi\u00e7\u00e3o<div style=\"margin-bottom: 20px; white-space: pre-wrap; font-family: monospace; width: 100%; background: #ffe9e9;\"><strong>condi\u00e7\u00f5es gerais<\/strong><table border=\"1\"><thead><tr><th><\/th><th>An\u00fancios<\/th><th>wp_the_query<\/th><\/tr><\/thead><tr><td>is_main_query<\/td><td>1<\/td><td>1<\/td><\/tr><tr><td>is_rest_api<\/td><td>0<\/td><td>1<\/td><\/tr><tr><td>page<\/td><td>0<\/td><td>1<\/td><\/tr><tr><td>numpages<\/td><td>0<\/td><td>1<\/td><\/tr><tr><td>is_archive<\/td><td>1<\/td><td><\/td><\/tr><tr><td>is_search<\/td><td>1<\/td><td><\/td><\/tr><tr><td>is_home<\/td><td>1<\/td><td><\/td><\/tr><tr><td>is_404<\/td><td>1<\/td><td><\/td><\/tr><tr><td>is_attachment<\/td><td>1<\/td><td><\/td><\/tr><tr><td>is_singular<\/td><td>1<\/td><td><\/td><\/tr><tr><td>is_front_page<\/td><td>1<\/td><td><\/td><\/tr><tr><td>is_feed<\/td><td>1<\/td><td><\/td><\/tr><\/table><\/div><br><br><span style=\"color: red;\">Seu site usa HTTPS, mas o c\u00f3digo do an\u00fancio cont\u00e9m HTTP e pode n\u00e3o funcionar.<\/span>\t<br><br>\n\t<a style=\"color: green;\" href=\"https:\/\/wpadvancedads.com\/manual\/ad-debug-mode\/?utm_source=advanced-ads&utm_medium=link&utm_campaign=ad-debug-mode\" target=\"_blank\" rel=\"nofollow\">Encontre solu\u00e7\u00f5es no manual<\/a>\n<\/div>\n<\/li><\/ul><\/div><script>( window.advanced_ads_ready || jQuery( document ).ready ).call( null, function() {var $lavraslider1326399838 = jQuery( \".lavra-slider-1326399838\" );$lavraslider1326399838.on( \"unslider.ready\", function() { jQuery( \"div.custom-slider ul li\" ).css( \"display\", \"block\" ); });$lavraslider1326399838.unslider({ delay:4000, autoplay:true, nav:false, arrows:false, infinite:true });$lavraslider1326399838.on(\"mouseover\", function() {$lavraslider1326399838.unslider(\"stop\");}).on(\"mouseout\", function() {$lavraslider1326399838.unslider(\"start\");});});<\/script><\/div><p>Em toda a hist\u00f3ria, Atl\u00e9tico e Juventude j\u00e1 se enfrentaram 17 vezes. <!--more-->Um dos duelos mais memor\u00e1veis foi disputado no Campeonato Brasileiro de 2003, quando o Galo venceu por 2 a 1, com um gol marcado pelo goleiro Eduardo aos 46 minutos do segundo tempo. Assim como acontecer\u00e1 no confronto pelas quartas de final da Copa do Brasil de 2016, Marcelo Oliveira era o treinador do time alvinegro naquele jogo.<\/p>\n<p><img fetchpriority=\"high\" decoding=\"async\" class=\" wp-image-2555 aligncenter\" src=\"http:\/\/lavras.tv\/site\/wp-content\/uploads\/2016\/09\/galo.jpg\" alt=\"galo\" width=\"601\" height=\"401\" srcset=\"https:\/\/lavras.tv\/site\/wp-content\/uploads\/2016\/09\/galo.jpg 750w, https:\/\/lavras.tv\/site\/wp-content\/uploads\/2016\/09\/galo-150x100.jpg 150w, https:\/\/lavras.tv\/site\/wp-content\/uploads\/2016\/09\/galo-300x200.jpg 300w, https:\/\/lavras.tv\/site\/wp-content\/uploads\/2016\/09\/galo-480x320.jpg 480w, https:\/\/lavras.tv\/site\/wp-content\/uploads\/2016\/09\/galo-272x182.jpg 272w\" sizes=\"(max-width: 601px) 100vw, 601px\" \/><\/p>\n<p>\u201cNaquele momento, algu\u00e9m tamb\u00e9m podia pensar que poder\u00edamos ganhar o jogo sem complica\u00e7\u00e3o no Mineir\u00e3o, diante da torcida. Foi um jogo dur\u00edssimo at\u00e9 o final. N\u00e3o s\u00f3 foi um gol de goleiro, mas foi no \u00faltimo minuto. Foi uma vit\u00f3ria muito festejada por todas essas circunst\u00e2ncias. Esperamos impor nossa condi\u00e7\u00e3o desta vez, para buscar outra vit\u00f3ria\u201d, destacou Marcelo Oliveira.<\/p>\n<p>No jogo citado, o Atl\u00e9tico fez 1 a 0 com o volante Marcelo Silva, enquanto Geuffer empatou para o Juventude. J\u00e1 nos acr\u00e9scimos, o goleiro Eduardo foi para a \u00e1rea advers\u00e1ria num escanteio e cabeceou para as redes, assegurando o triunfo do Galo em jogo ainda do primeiro turno do Campeonato Brasileiro.<\/p>\n<p>Agora, Atl\u00e9tico e Juventude se reencontrar\u00e3o em confronto pelas quartas de final da Copa do Brasil. Enquanto o Galo briga pelo t\u00edtulo da S\u00e9rie A, o time ga\u00facho luta pelo acesso \u00e0 S\u00e9rie B. Embora o advers\u00e1rio dispute a Terceira Divis\u00e3o do futebol nacional, Marcelo Oliveira faz um alerta para seus comandados.<\/p>\n<p>\u201c\u00c9 uma situa\u00e7\u00e3o que precisamos estar atentos, n\u00e3o nos deixar contagiar dentro do clube, porque, fora, h\u00e1 a ideia de um advers\u00e1rio com mais facilidade. O futebol n\u00e3o funciona assim, tanto \u00e9 que o Juventude eliminou o S\u00e3o Paulo, um supercampe\u00e3o\u201d, destacou.<\/p>\n<p>&nbsp;<\/p>\n<p><strong>Foco dividido<\/strong><\/p>\n<p>O Atl\u00e9tico abrir\u00e1 o duelo com o Juventude nesta quarta-feira, \u00e0s 19h30. Com expectativa de grande p\u00fablico, a diretoria optou por utilizar o Mineir\u00e3o, em decis\u00e3o que foi apoiada por Marcelo Oliveira. \u201cNo est\u00e1gio em que est\u00e1 a Copa do Brasil, \u00e9 poss\u00edvel que v\u00e1 um grande p\u00fablico, e o Mineir\u00e3o ser\u00e1 interessante. O Atl\u00e9tico tem de se impor como campe\u00e3o em qualquer est\u00e1dio. Nesse jogo que tem uma ideia de um p\u00fablico maior, \u00e9 sempre melhor no Mineir\u00e3o\u201d, analisou.<\/p>\n<p>O vencedor do confronto entre Atl\u00e9tico e Juventude enfrentar\u00e1 nas semifinais a equipe classificada no duelo disputado por Santos e Internacional. Do outro lado da chave, as quartas de final ter\u00e3o Cruzeiro x Corinthians e Palmeiras x Gr\u00eamio.<\/p>\n<p>\u00c0 frente do Atl\u00e9tico, Marcelo Oliveira tenta chegar \u00e0 final da Copa do Brasil pela quinta vez em seis anos. Todavia, ele busca tamb\u00e9m seu terceiro t\u00edtulo do Campeonato Brasileiro. Por enquanto, o treinador evita priorizar e quer o time alvinegro na briga pelo t\u00edtulo das duas competi\u00e7\u00f5es nacionais. \u201cEstamos olhando com a mesma intensidade para as duas competi\u00e7\u00f5es, tanto \u00e9 que essa classifica\u00e7\u00e3o comemorada pela torcida \u00e9 um indicativo de que a Copa do Brasil \u00e9 muito importante. E no Campeonato Brasileiro, certamente, muita coisa pode acontecer\u201d, destacou.<\/p>\n<p>&nbsp;<\/p>\n<p>Fonte: SuperEsportes<\/p>\n","protected":false},"excerpt":{"rendered":"<p>Em toda a hist\u00f3ria, Atl\u00e9tico e Juventude j\u00e1 se enfrentaram 17 vezes.<\/p>\n","protected":false},"author":2,"featured_media":2555,"comment_status":"closed","ping_status":"open","sticky":false,"template":"","format":"standard","meta":{"advgb_blocks_editor_width":"","advgb_blocks_columns_visual_guide":"","_exactmetrics_skip_tracking":false,"_exactmetrics_sitenote_active":false,"_exactmetrics_sitenote_note":"","_exactmetrics_sitenote_category":0,"footnotes":""},"categories":[3],"tags":[907],"class_list":["post-2554","post","type-post","status-publish","format-standard","has-post-thumbnail","hentry","category-esportes","tag-atletico-mg"],"better_featured_image":{"id":2555,"alt_text":"","caption":"","description":"","media_type":"image","media_details":{"width":750,"height":500,"file":"2016\/09\/galo.jpg","sizes":{"thumbnail":{"file":"galo-150x100.jpg","width":150,"height":100,"mime-type":"image\/jpeg","source_url":"https:\/\/lavras.tv\/site\/wp-content\/uploads\/2016\/09\/galo-150x100.jpg"},"medium":{"file":"galo-300x200.jpg","width":300,"height":200,"mime-type":"image\/jpeg","source_url":"https:\/\/lavras.tv\/site\/wp-content\/uploads\/2016\/09\/galo-300x200.jpg"},"featured-slider-img":{"file":"galo-640x480.jpg","width":640,"height":480,"mime-type":"image\/jpeg","source_url":"https:\/\/lavras.tv\/site\/wp-content\/uploads\/2016\/09\/galo-640x480.jpg"},"featured-post-img":{"file":"galo-480x320.jpg","width":480,"height":320,"mime-type":"image\/jpeg","source_url":"https:\/\/lavras.tv\/site\/wp-content\/uploads\/2016\/09\/galo-480x320.jpg"},"sow-carousel-default":{"file":"galo-272x182.jpg","width":272,"height":182,"mime-type":"image\/jpeg","source_url":"https:\/\/lavras.tv\/site\/wp-content\/uploads\/2016\/09\/galo-272x182.jpg"}},"image_meta":{"aperture":"0","credit":"","camera":"","caption":"","created_timestamp":"0","copyright":"","focal_length":"0","iso":"0","shutter_speed":"0","title":"","orientation":"0","keywords":[]}},"post":2554,"source_url":"https:\/\/lavras.tv\/site\/wp-content\/uploads\/2016\/09\/galo.jpg"},"author_meta":{"display_name":"Lavras TV","author_link":"https:\/\/lavras.tv\/site\/author\/lavrastv\/"},"featured_img":"https:\/\/lavras.tv\/site\/wp-content\/uploads\/2016\/09\/galo-300x200.jpg","coauthors":[],"tax_additional":{"categories":{"linked":["<a href=\"https:\/\/lavras.tv\/site\/category\/esportes\/\" class=\"advgb-post-tax-term\">Esportes<\/a>"],"unlinked":["<span class=\"advgb-post-tax-term\">Esportes<\/span>"]},"tags":{"linked":["<a href=\"https:\/\/lavras.tv\/site\/category\/esportes\/\" class=\"advgb-post-tax-term\">atl\u00e9tico mg<\/a>"],"unlinked":["<span class=\"advgb-post-tax-term\">atl\u00e9tico mg<\/span>"]}},"comment_count":"0","relative_dates":{"created":"Publicado 10 anos atr\u00e1s","modified":"Atualizado 10 anos atr\u00e1s"},"absolute_dates":{"created":"Publicado em 26 de setembro de 2016","modified":"Atualizado em 26 de setembro de 2016"},"absolute_dates_time":{"created":"Publicado em 26 de setembro de 2016 10:03","modified":"Atualizado em 26 de setembro de 2016 10:03"},"featured_img_caption":"","series_order":"","_links":{"self":[{"href":"https:\/\/lavras.tv\/site\/wp-json\/wp\/v2\/posts\/2554","targetHints":{"allow":["GET"]}}],"collection":[{"href":"https:\/\/lavras.tv\/site\/wp-json\/wp\/v2\/posts"}],"about":[{"href":"https:\/\/lavras.tv\/site\/wp-json\/wp\/v2\/types\/post"}],"author":[{"embeddable":true,"href":"https:\/\/lavras.tv\/site\/wp-json\/wp\/v2\/users\/2"}],"replies":[{"embeddable":true,"href":"https:\/\/lavras.tv\/site\/wp-json\/wp\/v2\/comments?post=2554"}],"version-history":[{"count":2,"href":"https:\/\/lavras.tv\/site\/wp-json\/wp\/v2\/posts\/2554\/revisions"}],"predecessor-version":[{"id":2557,"href":"https:\/\/lavras.tv\/site\/wp-json\/wp\/v2\/posts\/2554\/revisions\/2557"}],"wp:featuredmedia":[{"embeddable":true,"href":"https:\/\/lavras.tv\/site\/wp-json\/wp\/v2\/media\/2555"}],"wp:attachment":[{"href":"https:\/\/lavras.tv\/site\/wp-json\/wp\/v2\/media?parent=2554"}],"wp:term":[{"taxonomy":"category","embeddable":true,"href":"https:\/\/lavras.tv\/site\/wp-json\/wp\/v2\/categories?post=2554"},{"taxonomy":"post_tag","embeddable":true,"href":"https:\/\/lavras.tv\/site\/wp-json\/wp\/v2\/tags?post=2554"}],"curies":[{"name":"wp","href":"https:\/\/api.w.org\/{rel}","templated":true}]}}