{"id":25747,"date":"2019-06-10T09:07:38","date_gmt":"2019-06-10T12:07:38","guid":{"rendered":"http:\/\/lavras.tv\/site\/?p=25747"},"modified":"2019-06-10T09:07:38","modified_gmt":"2019-06-10T12:07:38","slug":"almg-adota-postura-mais-dura-com-o-governador-romeu-zema","status":"publish","type":"post","link":"https:\/\/lavras.tv\/site\/2019\/06\/10\/almg-adota-postura-mais-dura-com-o-governador-romeu-zema\/","title":{"rendered":"ALMG adota postura mais dura com o governador Romeu Zema"},"content":{"rendered":"<div class=\"lavra-antes-do-conteudo_2\" id=\"lavra-2495555981\"><div id=\"lavra-slider-27\" class=\"custom-slider lavra-slider-2901930541 lavra-slider\"><ul><li><div style=\"margin-left: auto;margin-right: auto;text-align: center;\" id=\"lavra-1237176055\"><a href=\"https:\/\/sistemas.lavras.mg.gov.br\/portalcidadao\/#df1b1a7c7b2a290bcb31e32771e610784662739a88807c0dacac58ede5f391a7530e299dc302d611ee73cb143fc22eaf93592e53e7b5bdb01b00a0b8d28dae460c141dd2ff83412e4dc1c31b16b25f33144a9e5620ea73b13f5bc1c59411d98439ad226e8af03840603796067d87afe130812cf3de24982d0e306f9e61e764e5\" aria-label=\"Lavras-TV&#8211;720x104px (1) (1)\"><img src=\"https:\/\/lavras.tv\/site\/wp-content\/uploads\/2025\/01\/Lavras-TV-720x104px-1-1.png\" alt=\"\"  srcset=\"https:\/\/lavras.tv\/site\/wp-content\/uploads\/2025\/01\/Lavras-TV-720x104px-1-1.png 720w, https:\/\/lavras.tv\/site\/wp-content\/uploads\/2025\/01\/Lavras-TV-720x104px-1-1-470x68.png 470w, https:\/\/lavras.tv\/site\/wp-content\/uploads\/2025\/01\/Lavras-TV-720x104px-1-1-170x25.png 170w, https:\/\/lavras.tv\/site\/wp-content\/uploads\/2025\/01\/Lavras-TV-720x104px-1-1-200x29.png 200w\" sizes=\"(max-width: 720px) 100vw, 720px\" width=\"720\" height=\"104\"  style=\"display: inline-block;\" \/><\/a><\/div><\/li><li><a href=\"https:\/\/sistemas.lavras.mg.gov.br\/portalcidadao\/#df1b1a7c7b2a290bcb31e32771e610784662739a88807c0dacac58ede5f391a7530e299dc302d611ee73cb143fc22eaf93592e53e7b5bdb01b00a0b8d28dae460c141dd2ff83412e4dc1c31b16b25f33144a9e5620ea73b13f5bc1c59411d98439ad226e8af03840603796067d87afe130812cf3de24982d0e306f9e61e764e5\" aria-label=\"Banner_Emprego_PortallavrasTV\"><img src=\"https:\/\/lavras.tv\/site\/wp-content\/uploads\/2025\/03\/Banner_Emprego_PortallavrasTV.png\" alt=\"\"  srcset=\"https:\/\/lavras.tv\/site\/wp-content\/uploads\/2025\/03\/Banner_Emprego_PortallavrasTV.png 720w, https:\/\/lavras.tv\/site\/wp-content\/uploads\/2025\/03\/Banner_Emprego_PortallavrasTV-470x68.png 470w, https:\/\/lavras.tv\/site\/wp-content\/uploads\/2025\/03\/Banner_Emprego_PortallavrasTV-170x25.png 170w, https:\/\/lavras.tv\/site\/wp-content\/uploads\/2025\/03\/Banner_Emprego_PortallavrasTV-200x29.png 200w\" sizes=\"(max-width: 720px) 100vw, 720px\" width=\"720\" height=\"104\"   \/><\/a><\/li><li><a href=\"https:\/\/sistemas.lavras.mg.gov.br\/portalcidadao\/#df1b1a7c7b2a290bcb31e32771e610784662739a88807c0dacac58ede5f391a7530e299dc302d611ee73cb143fc22eaf93592e53e7b5bdb01b00a0b8d28dae460c141dd2ff83412e4dc1c31b16b25f33144a9e5620ea73b13f5bc1c59411d98439ad226e8af03840603796067d87afe130812cf3de24982d0e306f9e61e764e5\" aria-label=\"Banner_Obras_PortallavrasTV\"><img src=\"https:\/\/lavras.tv\/site\/wp-content\/uploads\/2025\/03\/Banner_Obras_PortallavrasTV.png\" alt=\"\"  srcset=\"https:\/\/lavras.tv\/site\/wp-content\/uploads\/2025\/03\/Banner_Obras_PortallavrasTV.png 720w, https:\/\/lavras.tv\/site\/wp-content\/uploads\/2025\/03\/Banner_Obras_PortallavrasTV-470x68.png 470w, https:\/\/lavras.tv\/site\/wp-content\/uploads\/2025\/03\/Banner_Obras_PortallavrasTV-170x25.png 170w, https:\/\/lavras.tv\/site\/wp-content\/uploads\/2025\/03\/Banner_Obras_PortallavrasTV-200x29.png 200w\" sizes=\"(max-width: 720px) 100vw, 720px\" width=\"720\" height=\"104\"   \/><\/a><\/li><li><div style=\"margin-left: auto;margin-right: auto;text-align: center;\" id=\"lavra-1397814251\"><a href=\"https:\/\/sistemas.lavras.mg.gov.br\/portalcidadao\/#df1b1a7c7b2a290bcb31e32771e610784662739a88807c0dacac58ede5f391a7530e299dc302d611ee73cb143fc22eaf93592e53e7b5bdb01b00a0b8d28dae460c141dd2ff83412e4dc1c31b16b25f33144a9e5620ea73b13f5bc1c59411d98439ad226e8af03840603796067d87afe130812cf3de24982d0e306f9e61e764e5\" aria-label=\"Banner_Educa\u00e7\u00e3o_PortallavrasTV\"><img src=\"https:\/\/lavras.tv\/site\/wp-content\/uploads\/2025\/01\/Banner_Educacao_PortallavrasTV.png\" alt=\"\"  srcset=\"https:\/\/lavras.tv\/site\/wp-content\/uploads\/2025\/01\/Banner_Educacao_PortallavrasTV.png 720w, https:\/\/lavras.tv\/site\/wp-content\/uploads\/2025\/01\/Banner_Educacao_PortallavrasTV-470x68.png 470w, https:\/\/lavras.tv\/site\/wp-content\/uploads\/2025\/01\/Banner_Educacao_PortallavrasTV-170x25.png 170w, https:\/\/lavras.tv\/site\/wp-content\/uploads\/2025\/01\/Banner_Educacao_PortallavrasTV-200x29.png 200w\" sizes=\"(max-width: 720px) 100vw, 720px\" width=\"720\" height=\"104\"  style=\"display: inline-block;\" \/><\/a><\/div><\/li><li><a href=\"https:\/\/sistemas.lavras.mg.gov.br\/portalcidadao\/#df1b1a7c7b2a290bcb31e32771e610784662739a88807c0dacac58ede5f391a7530e299dc302d611ee73cb143fc22eaf93592e53e7b5bdb01b00a0b8d28dae460c141dd2ff83412e4dc1c31b16b25f33144a9e5620ea73b13f5bc1c59411d98439ad226e8af03840603796067d87afe130812cf3de24982d0e306f9e61e764e5\" aria-label=\"Banner_Sa\u00fade_PortallavrasTV\"><img src=\"https:\/\/lavras.tv\/site\/wp-content\/uploads\/2025\/03\/Banner_Saude_PortallavrasTV.png\" alt=\"\"  srcset=\"https:\/\/lavras.tv\/site\/wp-content\/uploads\/2025\/03\/Banner_Saude_PortallavrasTV.png 720w, https:\/\/lavras.tv\/site\/wp-content\/uploads\/2025\/03\/Banner_Saude_PortallavrasTV-470x68.png 470w, https:\/\/lavras.tv\/site\/wp-content\/uploads\/2025\/03\/Banner_Saude_PortallavrasTV-170x25.png 170w, https:\/\/lavras.tv\/site\/wp-content\/uploads\/2025\/03\/Banner_Saude_PortallavrasTV-200x29.png 200w\" sizes=\"(max-width: 720px) 100vw, 720px\" width=\"720\" height=\"104\"   \/><\/a><\/li><li><div id=\"lavra-3656111593\" style=\"width:720px;height:104px;background-color:#ddd;overflow:scroll;\">\n\t<strong>Sa\u00edda da depura\u00e7\u00e3o de an\u00fancios<\/strong>\n\t<br><br>\n\tO an\u00fancio n\u00e3o \u00e9 exibido na p\u00e1gina<br><br>post atual: ALMG adota postura mais dura com o governador Romeu Zema, ID: 25747<br><br><span style=\"color: red;\">O post atual n\u00e3o \u00e9 id\u00eantico ao post principal.<\/span><br><br>An\u00fancios: ROXO - TOPO INTERNA - ROTATIVO 2 (197)<br \/>Grupo de an\u00fancios: Princ_Meio01_720x104 (27)<br><br>Condi\u00e7\u00f5es de exibi\u00e7\u00e3o<div style=\"margin-bottom: 20px; white-space: pre-wrap; font-family: monospace; width: 100%; background: #ffe9e9;\"><strong>condi\u00e7\u00f5es gerais<\/strong><table border=\"1\"><thead><tr><th><\/th><th>An\u00fancios<\/th><th>wp_the_query<\/th><\/tr><\/thead><tr><td>is_main_query<\/td><td>1<\/td><td>1<\/td><\/tr><tr><td>is_rest_api<\/td><td>0<\/td><td>1<\/td><\/tr><tr><td>page<\/td><td>0<\/td><td>1<\/td><\/tr><tr><td>numpages<\/td><td>0<\/td><td>1<\/td><\/tr><tr><td>is_archive<\/td><td>1<\/td><td><\/td><\/tr><tr><td>is_search<\/td><td>1<\/td><td><\/td><\/tr><tr><td>is_home<\/td><td>1<\/td><td><\/td><\/tr><tr><td>is_404<\/td><td>1<\/td><td><\/td><\/tr><tr><td>is_attachment<\/td><td>1<\/td><td><\/td><\/tr><tr><td>is_singular<\/td><td>1<\/td><td><\/td><\/tr><tr><td>is_front_page<\/td><td>1<\/td><td><\/td><\/tr><tr><td>is_feed<\/td><td>1<\/td><td><\/td><\/tr><\/table><\/div><br><br><span style=\"color: red;\">Seu site usa HTTPS, mas o c\u00f3digo do an\u00fancio cont\u00e9m HTTP e pode n\u00e3o funcionar.<\/span>\t<br><br>\n\t<a style=\"color: green;\" href=\"https:\/\/wpadvancedads.com\/manual\/ad-debug-mode\/?utm_source=advanced-ads&utm_medium=link&utm_campaign=ad-debug-mode\" target=\"_blank\" rel=\"nofollow\">Encontre solu\u00e7\u00f5es no manual<\/a>\n<\/div>\n<\/li><\/ul><\/div><script>( window.advanced_ads_ready || jQuery( document ).ready ).call( null, function() {var $lavraslider2901930541 = jQuery( \".lavra-slider-2901930541\" );$lavraslider2901930541.on( \"unslider.ready\", function() { jQuery( \"div.custom-slider ul li\" ).css( \"display\", \"block\" ); });$lavraslider2901930541.unslider({ delay:4000, autoplay:true, nav:false, arrows:false, infinite:true });$lavraslider2901930541.on(\"mouseover\", function() {$lavraslider2901930541.unslider(\"stop\");}).on(\"mouseout\", function() {$lavraslider2901930541.unslider(\"start\");});});<\/script><\/div><p>Pautada nos \u00faltimos anos pelos projetos do Executivo e pela agenda de libera\u00e7\u00e3o de emendas parlamentares, a\u00a0Assembleia Legislativa de Minas Gerais\u00a0inaugurou com o governo Romeu\u00a0Zema\u00a0(Novo) uma postura mais dura em rela\u00e7\u00e3o \u00e0 administra\u00e7\u00e3o estadual.<\/p>\n<p>O \u201cempoderamento\u201d \u2013 que segue a linha do que vem ocorrendo em Bras\u00edlia, onde j\u00e1 se fala em \u201cparlamentarismo branco\u201d \u2013 \u00e9 resultado da combina\u00e7\u00e3o do resultado das urnas com a implanta\u00e7\u00e3o dos\u00a0or\u00e7amentos impositivos,\u00a0que tornaram obrigat\u00f3rio o pagamento dos recursos pedidos pelos deputados para as bases.<\/p>\n<p>&nbsp;<\/p>\n<figure id=\"attachment_25748\" aria-describedby=\"caption-attachment-25748\" style=\"width: 820px\" class=\"wp-caption aligncenter\"><img fetchpriority=\"high\" decoding=\"async\" class=\"size-full wp-image-25748\" src=\"http:\/\/lavras.tv\/site\/wp-content\/uploads\/2019\/06\/almg.jpg\" alt=\"\" width=\"820\" height=\"492\" srcset=\"https:\/\/lavras.tv\/site\/wp-content\/uploads\/2019\/06\/almg.jpg 820w, https:\/\/lavras.tv\/site\/wp-content\/uploads\/2019\/06\/almg-150x90.jpg 150w, https:\/\/lavras.tv\/site\/wp-content\/uploads\/2019\/06\/almg-300x180.jpg 300w\" sizes=\"(max-width: 820px) 100vw, 820px\" \/><figcaption id=\"caption-attachment-25748\" class=\"wp-caption-text\">Foto: Clarissa Bar\u00e7ante &#8211; ALMG<\/figcaption><\/figure>\n<p>Desde fevereiro, os\u00a0deputados mineiros\u00a0j\u00e1 derrubaram vetos, aprovaram emendas inc\u00f4modas ao principal projeto do governador na Casa \u2013 a reforma administrativa \u2013 e apresentaram medidas que restringem a atua\u00e7\u00e3o ou fazem exig\u00eancias ao governo.<\/p>\n<p>Para al\u00e9m do teor das propostas, a defini\u00e7\u00e3o da pauta de vota\u00e7\u00e3o do\u00a0plen\u00e1rio\u00a0muitas vezes em cima da hora tem incomodado o Executivo por atrapalhar o acompanhamento dos\u00a0projetos.<\/p>\n<p>Nas \u00faltimas semanas, a ordem do dia, que lista os projetos a serem votados em plen\u00e1rio, chegou a ser disponibilizada no site da Assembleia depois das 22h para uma reuni\u00e3o \u00e0s 9h do dia seguinte.<\/p>\n<p>Entre as primeiras medidas da Casa, uma proposta de emenda \u00e0 Constitui\u00e7\u00e3o (<strong>PEC<\/strong>), aprovada no primeiro m\u00eas da Legislatura, passou a obrigar os secret\u00e1rios a comparecerem na Assembleia a prestar contas pelo menos tr\u00eas vezes por ano.<\/p>\n<p>A primeira convoca\u00e7\u00e3o fruto da proposta de autoria do presidente da CasaAgostinho Patrus\u00a0(PV) foi marcada para esta semana. Integrante do partido de Agostinho, o deputado Hely Tarquinio apresentou proposta determinando que os bancos repassem diretamente os recursos da arrecada\u00e7\u00e3o de ICMS, IPVA e Fundeb para os munic\u00edpios, tirando do estado o poder de reter a verba.<\/p>\n<p>O texto j\u00e1 foi aprovado em primeiro turno. Na mesma linha, o deputado Mauro Tramonte (PRB) apresentou projeto permitindo aos munic\u00edpios descontar eventuais d\u00edvidas que tenham com o Banco de Desenvolvimento de Minas Gerais <strong>(BDMG<\/strong>) dos valores que o Executivo mineiro deixou de repassar aos cofres municipais at\u00e9 2018.<\/p>\n<p>Na \u00faltima semana, mais dois projetos come\u00e7aram a tramitar impondo regras ao Executivo. Uma PEC estabelece que parte das emendas dos deputados ao\u00a0<strong>or\u00e7amento\u00a0<\/strong>possam ser pagas aos prefeitos sem a necessidade de celebrar conv\u00eanios.<\/p>\n<p>Isso tornaria autom\u00e1tica a execu\u00e7\u00e3o, que hoje depende de v\u00e1rios documentos e contratos. O outro projeto fixa prazo de 30 dias para que \u00f3rg\u00e3o da administra\u00e7\u00e3o respondam a pedidos de informa\u00e7\u00e3o feitos pelos deputados. Ambos s\u00e3o de autoria do deputado Raul Bel\u00e9m (PSC), que comp\u00f5e a base governista.<\/p>\n<p>O crescimento do Legislativo frente ao Executivo come\u00e7ou no \u00faltimo ano do governo\u00a0Fernando Pimentel\u00a0(<strong>PT<\/strong>). Diante da fragilidade do governo petista, que n\u00e3o conseguiu impedir que um pedido de impeachment contra ele come\u00e7asse a tramitar, a Assembleia aprovou texto que obriga o Executivo a executar as emendas apresentadas por eles ao or\u00e7amento. At\u00e9 ent\u00e3o, eles dependiam da \u201cboa vontade\u201d do governo para liberar as verbas.<\/p>\n<h2>\u2018FISCALIZAR\u2019<\/h2>\n<p>O presidente da Assembleia, Agostinho Patrus, afirmou que as a\u00e7\u00f5es da Casa neste in\u00edcio de mandato fazem parte das fun\u00e7\u00f5es do Legislativo e que os projetos que afetam diretamente o Executivo representam 1% entre os mais de 500 apresentados.<\/p>\n<p>\u201cEles acabam tendo mais repercuss\u00e3o porque s\u00e3o mais pol\u00eamicos neste sentido de que a Assembleia tem que estar alinhada com o governo. Fica parecendo que \u00e9 uma afronta, mas n\u00e3o; \u00e9 o desejo de fiscalizar\u201d, disse.<\/p>\n<p>De acordo com Patrus, as propostas refletem reivindica\u00e7\u00f5es de prefeitos, lideran\u00e7as e integrantes da sociedade feitas nas viagens dos deputados ao interior. Para ele, as exig\u00eancias para os secret\u00e1rios e membros do governo fazem parte da fun\u00e7\u00e3o do Legislativo de fiscalizar.<\/p>\n<p>\u201cO que queremos com isso \u00e9 sugerir solu\u00e7\u00f5es, apresentar alternativas e fazer com que os gestores possam discutir assuntos que estavam desconsiderados. Embora pare\u00e7a que a Assembleia est\u00e1 mais atuante ou incisiva, a realidade \u00e9 que estamos no mesmo sentido, pensando no cidad\u00e3o\u201d, disse.<\/p>\n<p>Sobre as pautas divulgadas em cima da hora das sess\u00f5es, Agostinho Patrus disse depender de assessoria para a prepara\u00e7\u00e3o. \u201c\u00c9 regimental, a pauta pode ser divulgada at\u00e9 as 23h59 do dia anterior da vota\u00e7\u00e3o.&#8221;<\/p>\n<p>Fonte: Hoje em Dia<\/p>\n","protected":false},"excerpt":{"rendered":"<p>Pautada nos \u00faltimos anos pelos projetos do Executivo e pela agenda de libera\u00e7\u00e3o de emendas parlamentares, a\u00a0Assembleia Legislativa de Minas Gerais\u00a0inaugurou com o governo Romeu\u00a0Zema\u00a0(Novo) uma postura mais dura em rela\u00e7\u00e3o \u00e0 administra\u00e7\u00e3o estadual. O \u201cempoderamento\u201d \u2013 que segue a linha do que vem ocorrendo em Bras\u00edlia, onde j\u00e1 se fala em \u201cparlamentarismo branco\u201d \u2013 [&hellip;]<\/p>\n","protected":false},"author":2,"featured_media":25748,"comment_status":"closed","ping_status":"open","sticky":false,"template":"","format":"standard","meta":{"advgb_blocks_editor_width":"","advgb_blocks_columns_visual_guide":"","_exactmetrics_skip_tracking":false,"_exactmetrics_sitenote_active":false,"_exactmetrics_sitenote_note":"","_exactmetrics_sitenote_category":0,"footnotes":""},"categories":[7,12],"tags":[],"class_list":["post-25747","post","type-post","status-publish","format-standard","has-post-thumbnail","hentry","category-destaques","category-politica"],"better_featured_image":{"id":25748,"alt_text":"","caption":"Foto: Clarissa Bar\u00e7ante - ALMG","description":"","media_type":"image","media_details":{"width":820,"height":492,"file":"2019\/06\/almg.jpg","sizes":{"thumbnail":{"file":"almg-150x90.jpg","width":150,"height":90,"mime-type":"image\/jpeg","source_url":"https:\/\/lavras.tv\/site\/wp-content\/uploads\/2019\/06\/almg-150x90.jpg"},"medium":{"file":"almg-300x180.jpg","width":300,"height":180,"mime-type":"image\/jpeg","source_url":"https:\/\/lavras.tv\/site\/wp-content\/uploads\/2019\/06\/almg-300x180.jpg"},"featured-slider-img":{"file":"almg-640x480.jpg","width":640,"height":480,"mime-type":"image\/jpeg","source_url":"https:\/\/lavras.tv\/site\/wp-content\/uploads\/2019\/06\/almg-640x480.jpg"},"featured-post-img":{"file":"almg-480x320.jpg","width":480,"height":320,"mime-type":"image\/jpeg","source_url":"https:\/\/lavras.tv\/site\/wp-content\/uploads\/2019\/06\/almg-480x320.jpg"},"sow-carousel-default":{"file":"almg-272x182.jpg","width":272,"height":182,"mime-type":"image\/jpeg","source_url":"https:\/\/lavras.tv\/site\/wp-content\/uploads\/2019\/06\/almg-272x182.jpg"}},"image_meta":{"aperture":"0","credit":"","camera":"","caption":"","created_timestamp":"0","copyright":"","focal_length":"0","iso":"0","shutter_speed":"0","title":"","orientation":"0","keywords":[]}},"post":25747,"source_url":"https:\/\/lavras.tv\/site\/wp-content\/uploads\/2019\/06\/almg.jpg"},"author_meta":{"display_name":"Lavras TV","author_link":"https:\/\/lavras.tv\/site\/author\/lavrastv\/"},"featured_img":"https:\/\/lavras.tv\/site\/wp-content\/uploads\/2019\/06\/almg-300x180.jpg","coauthors":[],"tax_additional":{"categories":{"linked":["<a href=\"https:\/\/lavras.tv\/site\/category\/destaques\/\" class=\"advgb-post-tax-term\">Destaques<\/a>","<a href=\"https:\/\/lavras.tv\/site\/category\/politica\/\" class=\"advgb-post-tax-term\">Pol\u00edtica<\/a>"],"unlinked":["<span class=\"advgb-post-tax-term\">Destaques<\/span>","<span class=\"advgb-post-tax-term\">Pol\u00edtica<\/span>"]}},"comment_count":"0","relative_dates":{"created":"Publicado 7 anos atr\u00e1s","modified":"Atualizado 7 anos atr\u00e1s"},"absolute_dates":{"created":"Publicado em 10 de junho de 2019","modified":"Atualizado em 10 de junho de 2019"},"absolute_dates_time":{"created":"Publicado em 10 de junho de 2019 09:07","modified":"Atualizado em 10 de junho de 2019 09:07"},"featured_img_caption":"Foto: Clarissa Bar\u00e7ante - ALMG","series_order":"","_links":{"self":[{"href":"https:\/\/lavras.tv\/site\/wp-json\/wp\/v2\/posts\/25747","targetHints":{"allow":["GET"]}}],"collection":[{"href":"https:\/\/lavras.tv\/site\/wp-json\/wp\/v2\/posts"}],"about":[{"href":"https:\/\/lavras.tv\/site\/wp-json\/wp\/v2\/types\/post"}],"author":[{"embeddable":true,"href":"https:\/\/lavras.tv\/site\/wp-json\/wp\/v2\/users\/2"}],"replies":[{"embeddable":true,"href":"https:\/\/lavras.tv\/site\/wp-json\/wp\/v2\/comments?post=25747"}],"version-history":[{"count":1,"href":"https:\/\/lavras.tv\/site\/wp-json\/wp\/v2\/posts\/25747\/revisions"}],"predecessor-version":[{"id":25749,"href":"https:\/\/lavras.tv\/site\/wp-json\/wp\/v2\/posts\/25747\/revisions\/25749"}],"wp:featuredmedia":[{"embeddable":true,"href":"https:\/\/lavras.tv\/site\/wp-json\/wp\/v2\/media\/25748"}],"wp:attachment":[{"href":"https:\/\/lavras.tv\/site\/wp-json\/wp\/v2\/media?parent=25747"}],"wp:term":[{"taxonomy":"category","embeddable":true,"href":"https:\/\/lavras.tv\/site\/wp-json\/wp\/v2\/categories?post=25747"},{"taxonomy":"post_tag","embeddable":true,"href":"https:\/\/lavras.tv\/site\/wp-json\/wp\/v2\/tags?post=25747"}],"curies":[{"name":"wp","href":"https:\/\/api.w.org\/{rel}","templated":true}]}}