{"id":2601,"date":"2016-09-28T07:58:21","date_gmt":"2016-09-28T10:58:21","guid":{"rendered":"http:\/\/lavras.tv\/site\/?p=2601"},"modified":"2016-09-28T07:58:21","modified_gmt":"2016-09-28T10:58:21","slug":"ufla-realiza-campanhas-sobre-a-representatividade-surda-a-doacao-de-orgaos-e-o-suicidio","status":"publish","type":"post","link":"https:\/\/lavras.tv\/site\/2016\/09\/28\/ufla-realiza-campanhas-sobre-a-representatividade-surda-a-doacao-de-orgaos-e-o-suicidio\/","title":{"rendered":"UFLA realiza campanhas sobre a representatividade surda, a doa\u00e7\u00e3o de \u00f3rg\u00e3os e o suic\u00eddio"},"content":{"rendered":"<div class=\"lavra-antes-do-conteudo_2\" id=\"lavra-212702118\"><div id=\"lavra-slider-27\" class=\"custom-slider lavra-slider-2052407380 lavra-slider\"><ul><li><div style=\"margin-left: auto;margin-right: auto;text-align: center;\" id=\"lavra-511280263\"><a href=\"https:\/\/sistemas.lavras.mg.gov.br\/portalcidadao\/#df1b1a7c7b2a290bcb31e32771e610784662739a88807c0dacac58ede5f391a7530e299dc302d611ee73cb143fc22eaf93592e53e7b5bdb01b00a0b8d28dae460c141dd2ff83412e4dc1c31b16b25f33144a9e5620ea73b13f5bc1c59411d98439ad226e8af03840603796067d87afe130812cf3de24982d0e306f9e61e764e5\" aria-label=\"Lavras-TV&#8211;720x104px (1) (1)\"><img src=\"https:\/\/lavras.tv\/site\/wp-content\/uploads\/2025\/01\/Lavras-TV-720x104px-1-1.png\" alt=\"\"  srcset=\"https:\/\/lavras.tv\/site\/wp-content\/uploads\/2025\/01\/Lavras-TV-720x104px-1-1.png 720w, https:\/\/lavras.tv\/site\/wp-content\/uploads\/2025\/01\/Lavras-TV-720x104px-1-1-470x68.png 470w, https:\/\/lavras.tv\/site\/wp-content\/uploads\/2025\/01\/Lavras-TV-720x104px-1-1-170x25.png 170w, https:\/\/lavras.tv\/site\/wp-content\/uploads\/2025\/01\/Lavras-TV-720x104px-1-1-200x29.png 200w\" sizes=\"(max-width: 720px) 100vw, 720px\" width=\"720\" height=\"104\"  style=\"display: inline-block;\" \/><\/a><\/div><\/li><li><a href=\"https:\/\/sistemas.lavras.mg.gov.br\/portalcidadao\/#df1b1a7c7b2a290bcb31e32771e610784662739a88807c0dacac58ede5f391a7530e299dc302d611ee73cb143fc22eaf93592e53e7b5bdb01b00a0b8d28dae460c141dd2ff83412e4dc1c31b16b25f33144a9e5620ea73b13f5bc1c59411d98439ad226e8af03840603796067d87afe130812cf3de24982d0e306f9e61e764e5\" aria-label=\"Banner_Emprego_PortallavrasTV\"><img src=\"https:\/\/lavras.tv\/site\/wp-content\/uploads\/2025\/03\/Banner_Emprego_PortallavrasTV.png\" alt=\"\"  srcset=\"https:\/\/lavras.tv\/site\/wp-content\/uploads\/2025\/03\/Banner_Emprego_PortallavrasTV.png 720w, https:\/\/lavras.tv\/site\/wp-content\/uploads\/2025\/03\/Banner_Emprego_PortallavrasTV-470x68.png 470w, https:\/\/lavras.tv\/site\/wp-content\/uploads\/2025\/03\/Banner_Emprego_PortallavrasTV-170x25.png 170w, https:\/\/lavras.tv\/site\/wp-content\/uploads\/2025\/03\/Banner_Emprego_PortallavrasTV-200x29.png 200w\" sizes=\"(max-width: 720px) 100vw, 720px\" width=\"720\" height=\"104\"   \/><\/a><\/li><li><a href=\"https:\/\/sistemas.lavras.mg.gov.br\/portalcidadao\/#df1b1a7c7b2a290bcb31e32771e610784662739a88807c0dacac58ede5f391a7530e299dc302d611ee73cb143fc22eaf93592e53e7b5bdb01b00a0b8d28dae460c141dd2ff83412e4dc1c31b16b25f33144a9e5620ea73b13f5bc1c59411d98439ad226e8af03840603796067d87afe130812cf3de24982d0e306f9e61e764e5\" aria-label=\"Banner_Obras_PortallavrasTV\"><img src=\"https:\/\/lavras.tv\/site\/wp-content\/uploads\/2025\/03\/Banner_Obras_PortallavrasTV.png\" alt=\"\"  srcset=\"https:\/\/lavras.tv\/site\/wp-content\/uploads\/2025\/03\/Banner_Obras_PortallavrasTV.png 720w, https:\/\/lavras.tv\/site\/wp-content\/uploads\/2025\/03\/Banner_Obras_PortallavrasTV-470x68.png 470w, https:\/\/lavras.tv\/site\/wp-content\/uploads\/2025\/03\/Banner_Obras_PortallavrasTV-170x25.png 170w, https:\/\/lavras.tv\/site\/wp-content\/uploads\/2025\/03\/Banner_Obras_PortallavrasTV-200x29.png 200w\" sizes=\"(max-width: 720px) 100vw, 720px\" width=\"720\" height=\"104\"   \/><\/a><\/li><li><div style=\"margin-left: auto;margin-right: auto;text-align: center;\" id=\"lavra-1799898630\"><a href=\"https:\/\/sistemas.lavras.mg.gov.br\/portalcidadao\/#df1b1a7c7b2a290bcb31e32771e610784662739a88807c0dacac58ede5f391a7530e299dc302d611ee73cb143fc22eaf93592e53e7b5bdb01b00a0b8d28dae460c141dd2ff83412e4dc1c31b16b25f33144a9e5620ea73b13f5bc1c59411d98439ad226e8af03840603796067d87afe130812cf3de24982d0e306f9e61e764e5\" aria-label=\"Banner_Educa\u00e7\u00e3o_PortallavrasTV\"><img src=\"https:\/\/lavras.tv\/site\/wp-content\/uploads\/2025\/01\/Banner_Educacao_PortallavrasTV.png\" alt=\"\"  srcset=\"https:\/\/lavras.tv\/site\/wp-content\/uploads\/2025\/01\/Banner_Educacao_PortallavrasTV.png 720w, https:\/\/lavras.tv\/site\/wp-content\/uploads\/2025\/01\/Banner_Educacao_PortallavrasTV-470x68.png 470w, https:\/\/lavras.tv\/site\/wp-content\/uploads\/2025\/01\/Banner_Educacao_PortallavrasTV-170x25.png 170w, https:\/\/lavras.tv\/site\/wp-content\/uploads\/2025\/01\/Banner_Educacao_PortallavrasTV-200x29.png 200w\" sizes=\"(max-width: 720px) 100vw, 720px\" width=\"720\" height=\"104\"  style=\"display: inline-block;\" \/><\/a><\/div><\/li><li><a href=\"https:\/\/sistemas.lavras.mg.gov.br\/portalcidadao\/#df1b1a7c7b2a290bcb31e32771e610784662739a88807c0dacac58ede5f391a7530e299dc302d611ee73cb143fc22eaf93592e53e7b5bdb01b00a0b8d28dae460c141dd2ff83412e4dc1c31b16b25f33144a9e5620ea73b13f5bc1c59411d98439ad226e8af03840603796067d87afe130812cf3de24982d0e306f9e61e764e5\" aria-label=\"Banner_Sa\u00fade_PortallavrasTV\"><img src=\"https:\/\/lavras.tv\/site\/wp-content\/uploads\/2025\/03\/Banner_Saude_PortallavrasTV.png\" alt=\"\"  srcset=\"https:\/\/lavras.tv\/site\/wp-content\/uploads\/2025\/03\/Banner_Saude_PortallavrasTV.png 720w, https:\/\/lavras.tv\/site\/wp-content\/uploads\/2025\/03\/Banner_Saude_PortallavrasTV-470x68.png 470w, https:\/\/lavras.tv\/site\/wp-content\/uploads\/2025\/03\/Banner_Saude_PortallavrasTV-170x25.png 170w, https:\/\/lavras.tv\/site\/wp-content\/uploads\/2025\/03\/Banner_Saude_PortallavrasTV-200x29.png 200w\" sizes=\"(max-width: 720px) 100vw, 720px\" width=\"720\" height=\"104\"   \/><\/a><\/li><li><div id=\"lavra-1619980527\" style=\"width:720px;height:104px;background-color:#ddd;overflow:scroll;\">\n\t<strong>Sa\u00edda da depura\u00e7\u00e3o de an\u00fancios<\/strong>\n\t<br><br>\n\tO an\u00fancio n\u00e3o \u00e9 exibido na p\u00e1gina<br><br>post atual: UFLA realiza campanhas sobre a representatividade surda, a doa\u00e7\u00e3o de \u00f3rg\u00e3os e o suic\u00eddio, ID: 2601<br><br><span style=\"color: red;\">O post atual n\u00e3o \u00e9 id\u00eantico ao post principal.<\/span><br><br>An\u00fancios: ROXO - TOPO INTERNA - ROTATIVO 2 (197)<br \/>Grupo de an\u00fancios: Princ_Meio01_720x104 (27)<br><br>Condi\u00e7\u00f5es de exibi\u00e7\u00e3o<div style=\"margin-bottom: 20px; white-space: pre-wrap; font-family: monospace; width: 100%; background: #ffe9e9;\"><strong>condi\u00e7\u00f5es gerais<\/strong><table border=\"1\"><thead><tr><th><\/th><th>An\u00fancios<\/th><th>wp_the_query<\/th><\/tr><\/thead><tr><td>is_main_query<\/td><td>1<\/td><td>1<\/td><\/tr><tr><td>is_rest_api<\/td><td>0<\/td><td>1<\/td><\/tr><tr><td>page<\/td><td>0<\/td><td>1<\/td><\/tr><tr><td>numpages<\/td><td>0<\/td><td>1<\/td><\/tr><tr><td>is_archive<\/td><td>1<\/td><td><\/td><\/tr><tr><td>is_search<\/td><td>1<\/td><td><\/td><\/tr><tr><td>is_home<\/td><td>1<\/td><td><\/td><\/tr><tr><td>is_404<\/td><td>1<\/td><td><\/td><\/tr><tr><td>is_attachment<\/td><td>1<\/td><td><\/td><\/tr><tr><td>is_singular<\/td><td>1<\/td><td><\/td><\/tr><tr><td>is_front_page<\/td><td>1<\/td><td><\/td><\/tr><tr><td>is_feed<\/td><td>1<\/td><td><\/td><\/tr><\/table><\/div><br><br><span style=\"color: red;\">Seu site usa HTTPS, mas o c\u00f3digo do an\u00fancio cont\u00e9m HTTP e pode n\u00e3o funcionar.<\/span>\t<br><br>\n\t<a style=\"color: green;\" href=\"https:\/\/wpadvancedads.com\/manual\/ad-debug-mode\/?utm_source=advanced-ads&utm_medium=link&utm_campaign=ad-debug-mode\" target=\"_blank\" rel=\"nofollow\">Encontre solu\u00e7\u00f5es no manual<\/a>\n<\/div>\n<\/li><\/ul><\/div><script>( window.advanced_ads_ready || jQuery( document ).ready ).call( null, function() {var $lavraslider2052407380 = jQuery( \".lavra-slider-2052407380\" );$lavraslider2052407380.on( \"unslider.ready\", function() { jQuery( \"div.custom-slider ul li\" ).css( \"display\", \"block\" ); });$lavraslider2052407380.unslider({ delay:4000, autoplay:true, nav:false, arrows:false, infinite:true });$lavraslider2052407380.on(\"mouseover\", function() {$lavraslider2052407380.unslider(\"stop\");}).on(\"mouseout\", function() {$lavraslider2052407380.unslider(\"start\");});});<\/script><\/div><p>A Universidade Federal de Lavras (UFLA) realizou nesta ter\u00e7a-feira, dia 27, \u00a0as campanhas\u00a0<a href=\"http:\/\/www.setembroamarelo.org.br\/\"><strong>Setembro Amarelo<\/strong><\/a>\u00a0e <strong>Setembro Verde<\/strong>.<!--more--><img decoding=\"async\" class=\"alignleft\" src=\"http:\/\/www.ufla.br\/ascom\/wp-content\/uploads\/2016\/09\/IMG_0017-249x166.jpg\" alt=\"img_0017\" \/> A primeira tem como foco a preven\u00e7\u00e3o do suic\u00eddio e, a segunda, o incentivo \u00e0 doa\u00e7\u00e3o de \u00f3rg\u00e3os. Um trabalho conjunto da Pr\u00f3-Reitoria de Assuntos Estudantis e Comunit\u00e1rios (Praec) \u2013 Coordenadoria de Sa\u00fade e Coordenadoria de Programas Sociais, e o apoio da Diretoria de Comunica\u00e7\u00e3o (DCOM).<\/p>\n<p>A mobiliza\u00e7\u00e3o foi no Centro de Conviv\u00eancia abordando o lema <strong>\u201cFalar \u00e9 a melhor solu\u00e7\u00e3o, enquanto voc\u00ea pensa em desistir, muitos est\u00e3o lutando para viver\u201d<\/strong>. Durante o movimento foi realizada a distribui\u00e7\u00e3o de la\u00e7os nas cores verde e amarelo, al\u00e9m de panfletos<em>,<\/em>\u00a0com orienta\u00e7\u00f5es m\u00e9dicas e psicol\u00f3gicas.<\/p>\n<p>Tamb\u00e9m \u00e9 realizada nesta quarta-feira, dia 28, a campanha <strong>Setembro Azul<\/strong>, uma mobiliza\u00e7\u00e3o em defesa \u00e0s escolas bil\u00edngue para surdos, realizada na UFLA pela Coordenadoria de Acessibilidade da Praec. Al\u00e9m da distribui\u00e7\u00e3o de la\u00e7os azuis e panfletos no Centro de Conviv\u00eancia, haver\u00e1 o semin\u00e1rio \u201c<strong>Representatividade Surda em meio a um mar de l\u00ednguas faladas<\/strong>\u201d, das 7h \u00e0s 11h30, no Sal\u00e3o de Conven\u00e7\u00f5es.<img decoding=\"async\" class=\"alignright\" src=\"http:\/\/www.ufla.br\/ascom\/wp-content\/uploads\/2016\/09\/IMG_0028-249x166.jpg\" alt=\"img_0028\" \/><\/p>\n<p><strong>Atendimento psicossocial na UFLA<\/strong><\/p>\n<p>De acordo com a Organiza\u00e7\u00e3o Mundial da Sa\u00fade (OMS), 90% dos suic\u00eddios poderiam ser evitados, por isso, \u00f3rg\u00e3os e entidades p\u00fablicas t\u00eam se engajado cada vez mais em campanhas. \u00a0Segundo especialistas, o suic\u00eddio est\u00e1 ligado a uma profunda depress\u00e3o emocional, que pode ser provocada por situa\u00e7\u00f5es estressantes, fatores como alcoolismo, ansiedade e s\u00edndrome do p\u00e2nico. Um dos primeiros passos para o tratamento da depress\u00e3o e preven\u00e7\u00e3o ao suic\u00eddio \u00e9 o aconselhamento profissional.<\/p>\n<p>O aconselhamento profissional na UFLA \u00e9 realizado por meio do programa de atendimento psicossocial individual, com o principal objetivo de atender o indiv\u00edduo em seus problemas imediatos, al\u00e9m de a\u00e7\u00f5es de aconselhamento. Os atendimentos s\u00e3o feitos pela equipe de psic\u00f3logas e assistentes sociais da Praec e s\u00e3o gratuitos.<\/p>\n<p>Estudantes de gradua\u00e7\u00e3o e p\u00f3s-gradua\u00e7\u00e3o dos cursos presenciais da Universidade, regularmente matriculados, bem como servidores do quadro, poder\u00e3o solicitar o atendimento psicol\u00f3gico ou de servi\u00e7o social atrav\u00e9s de agendamento pr\u00e9vio, na Secretaria da Coordenadoria de Programas Sociais.<\/p>\n<p><strong>Os agendamentos devem ser feitos pelo telefone: 3829.1582.<\/strong><\/p>\n<p>&nbsp;<\/p>\n<p>Fonte: Diretoria de Comunica\u00e7\u00e3o &#8211; UFLA<\/p>\n","protected":false},"excerpt":{"rendered":"<p>A Universidade Federal de Lavras (UFLA) realizou nesta ter\u00e7a-feira, dia 27, \u00a0as campanhas\u00a0Setembro Amarelo\u00a0e Setembro Verde.<\/p>\n","protected":false},"author":2,"featured_media":2602,"comment_status":"closed","ping_status":"open","sticky":false,"template":"","format":"standard","meta":{"advgb_blocks_editor_width":"","advgb_blocks_columns_visual_guide":"","_exactmetrics_skip_tracking":false,"_exactmetrics_sitenote_active":false,"_exactmetrics_sitenote_note":"","_exactmetrics_sitenote_category":0,"footnotes":""},"categories":[7,2],"tags":[921,919,917,918,920,906,56],"class_list":["post-2601","post","type-post","status-publish","format-standard","has-post-thumbnail","hentry","category-destaques","category-noticias","tag-doacao-de-orgaos","tag-setembro-amarelo","tag-setembro-verde","tag-setembroazul","tag-suicidio","tag-surdos","tag-ufla"],"better_featured_image":{"id":2602,"alt_text":"","caption":"","description":"","media_type":"image","media_details":{"width":612,"height":408,"file":"2016\/09\/ufla-verde-e-amarela.jpg","sizes":{"thumbnail":{"file":"ufla-verde-e-amarela-150x100.jpg","width":150,"height":100,"mime-type":"image\/jpeg","source_url":"https:\/\/lavras.tv\/site\/wp-content\/uploads\/2016\/09\/ufla-verde-e-amarela-150x100.jpg"},"medium":{"file":"ufla-verde-e-amarela-300x200.jpg","width":300,"height":200,"mime-type":"image\/jpeg","source_url":"https:\/\/lavras.tv\/site\/wp-content\/uploads\/2016\/09\/ufla-verde-e-amarela-300x200.jpg"},"featured-post-img":{"file":"ufla-verde-e-amarela-480x320.jpg","width":480,"height":320,"mime-type":"image\/jpeg","source_url":"https:\/\/lavras.tv\/site\/wp-content\/uploads\/2016\/09\/ufla-verde-e-amarela-480x320.jpg"},"sow-carousel-default":{"file":"ufla-verde-e-amarela-272x182.jpg","width":272,"height":182,"mime-type":"image\/jpeg","source_url":"https:\/\/lavras.tv\/site\/wp-content\/uploads\/2016\/09\/ufla-verde-e-amarela-272x182.jpg"}},"image_meta":{"aperture":"0","credit":"","camera":"","caption":"","created_timestamp":"0","copyright":"","focal_length":"0","iso":"0","shutter_speed":"0","title":"","orientation":"0","keywords":[]}},"post":2601,"source_url":"https:\/\/lavras.tv\/site\/wp-content\/uploads\/2016\/09\/ufla-verde-e-amarela.jpg"},"author_meta":{"display_name":"Lavras TV","author_link":"https:\/\/lavras.tv\/site\/author\/lavrastv\/"},"featured_img":"https:\/\/lavras.tv\/site\/wp-content\/uploads\/2016\/09\/ufla-verde-e-amarela-300x200.jpg","coauthors":[],"tax_additional":{"categories":{"linked":["<a href=\"https:\/\/lavras.tv\/site\/category\/destaques\/\" class=\"advgb-post-tax-term\">Destaques<\/a>","<a href=\"https:\/\/lavras.tv\/site\/category\/noticias\/\" class=\"advgb-post-tax-term\">Not\u00edcias<\/a>"],"unlinked":["<span class=\"advgb-post-tax-term\">Destaques<\/span>","<span class=\"advgb-post-tax-term\">Not\u00edcias<\/span>"]},"tags":{"linked":["<a href=\"https:\/\/lavras.tv\/site\/category\/noticias\/\" class=\"advgb-post-tax-term\">doa\u00e7\u00e3o de \u00f3rg\u00e3os<\/a>","<a href=\"https:\/\/lavras.tv\/site\/category\/noticias\/\" class=\"advgb-post-tax-term\">setembro amarelo<\/a>","<a href=\"https:\/\/lavras.tv\/site\/category\/noticias\/\" class=\"advgb-post-tax-term\">setembro verde<\/a>","<a href=\"https:\/\/lavras.tv\/site\/category\/noticias\/\" class=\"advgb-post-tax-term\">setembroazul<\/a>","<a href=\"https:\/\/lavras.tv\/site\/category\/noticias\/\" class=\"advgb-post-tax-term\">suic\u00eddio<\/a>","<a href=\"https:\/\/lavras.tv\/site\/category\/noticias\/\" class=\"advgb-post-tax-term\">surdos<\/a>","<a href=\"https:\/\/lavras.tv\/site\/category\/noticias\/\" class=\"advgb-post-tax-term\">ufla<\/a>"],"unlinked":["<span class=\"advgb-post-tax-term\">doa\u00e7\u00e3o de \u00f3rg\u00e3os<\/span>","<span class=\"advgb-post-tax-term\">setembro amarelo<\/span>","<span class=\"advgb-post-tax-term\">setembro verde<\/span>","<span class=\"advgb-post-tax-term\">setembroazul<\/span>","<span class=\"advgb-post-tax-term\">suic\u00eddio<\/span>","<span class=\"advgb-post-tax-term\">surdos<\/span>","<span class=\"advgb-post-tax-term\">ufla<\/span>"]}},"comment_count":"0","relative_dates":{"created":"Publicado 10 anos atr\u00e1s","modified":"Atualizado 10 anos atr\u00e1s"},"absolute_dates":{"created":"Publicado em 28 de setembro de 2016","modified":"Atualizado em 28 de setembro de 2016"},"absolute_dates_time":{"created":"Publicado em 28 de setembro de 2016 07:58","modified":"Atualizado em 28 de setembro de 2016 07:58"},"featured_img_caption":"","series_order":"","_links":{"self":[{"href":"https:\/\/lavras.tv\/site\/wp-json\/wp\/v2\/posts\/2601","targetHints":{"allow":["GET"]}}],"collection":[{"href":"https:\/\/lavras.tv\/site\/wp-json\/wp\/v2\/posts"}],"about":[{"href":"https:\/\/lavras.tv\/site\/wp-json\/wp\/v2\/types\/post"}],"author":[{"embeddable":true,"href":"https:\/\/lavras.tv\/site\/wp-json\/wp\/v2\/users\/2"}],"replies":[{"embeddable":true,"href":"https:\/\/lavras.tv\/site\/wp-json\/wp\/v2\/comments?post=2601"}],"version-history":[{"count":1,"href":"https:\/\/lavras.tv\/site\/wp-json\/wp\/v2\/posts\/2601\/revisions"}],"predecessor-version":[{"id":2603,"href":"https:\/\/lavras.tv\/site\/wp-json\/wp\/v2\/posts\/2601\/revisions\/2603"}],"wp:featuredmedia":[{"embeddable":true,"href":"https:\/\/lavras.tv\/site\/wp-json\/wp\/v2\/media\/2602"}],"wp:attachment":[{"href":"https:\/\/lavras.tv\/site\/wp-json\/wp\/v2\/media?parent=2601"}],"wp:term":[{"taxonomy":"category","embeddable":true,"href":"https:\/\/lavras.tv\/site\/wp-json\/wp\/v2\/categories?post=2601"},{"taxonomy":"post_tag","embeddable":true,"href":"https:\/\/lavras.tv\/site\/wp-json\/wp\/v2\/tags?post=2601"}],"curies":[{"name":"wp","href":"https:\/\/api.w.org\/{rel}","templated":true}]}}