{"id":2607,"date":"2016-09-28T08:36:43","date_gmt":"2016-09-28T11:36:43","guid":{"rendered":"http:\/\/lavras.tv\/site\/?p=2607"},"modified":"2016-09-28T08:36:43","modified_gmt":"2016-09-28T11:36:43","slug":"greve-dos-bancarios-completa-3-semanas","status":"publish","type":"post","link":"https:\/\/lavras.tv\/site\/2016\/09\/28\/greve-dos-bancarios-completa-3-semanas\/","title":{"rendered":"Greve dos banc\u00e1rios completa 3 semanas"},"content":{"rendered":"<div class=\"lavra-antes-do-conteudo_2\" id=\"lavra-3237918706\"><div id=\"lavra-slider-27\" class=\"custom-slider lavra-slider-1474722733 lavra-slider\"><ul><li><div style=\"margin-left: auto;margin-right: auto;text-align: center;\" id=\"lavra-3624841773\"><a href=\"https:\/\/sistemas.lavras.mg.gov.br\/portalcidadao\/#df1b1a7c7b2a290bcb31e32771e610784662739a88807c0dacac58ede5f391a7530e299dc302d611ee73cb143fc22eaf93592e53e7b5bdb01b00a0b8d28dae460c141dd2ff83412e4dc1c31b16b25f33144a9e5620ea73b13f5bc1c59411d98439ad226e8af03840603796067d87afe130812cf3de24982d0e306f9e61e764e5\" aria-label=\"Lavras-TV&#8211;720x104px (1) (1)\"><img src=\"https:\/\/lavras.tv\/site\/wp-content\/uploads\/2025\/01\/Lavras-TV-720x104px-1-1.png\" alt=\"\"  srcset=\"https:\/\/lavras.tv\/site\/wp-content\/uploads\/2025\/01\/Lavras-TV-720x104px-1-1.png 720w, https:\/\/lavras.tv\/site\/wp-content\/uploads\/2025\/01\/Lavras-TV-720x104px-1-1-470x68.png 470w, https:\/\/lavras.tv\/site\/wp-content\/uploads\/2025\/01\/Lavras-TV-720x104px-1-1-170x25.png 170w, https:\/\/lavras.tv\/site\/wp-content\/uploads\/2025\/01\/Lavras-TV-720x104px-1-1-200x29.png 200w\" sizes=\"(max-width: 720px) 100vw, 720px\" width=\"720\" height=\"104\"  style=\"display: inline-block;\" \/><\/a><\/div><\/li><li><a href=\"https:\/\/sistemas.lavras.mg.gov.br\/portalcidadao\/#df1b1a7c7b2a290bcb31e32771e610784662739a88807c0dacac58ede5f391a7530e299dc302d611ee73cb143fc22eaf93592e53e7b5bdb01b00a0b8d28dae460c141dd2ff83412e4dc1c31b16b25f33144a9e5620ea73b13f5bc1c59411d98439ad226e8af03840603796067d87afe130812cf3de24982d0e306f9e61e764e5\" aria-label=\"Banner_Emprego_PortallavrasTV\"><img src=\"https:\/\/lavras.tv\/site\/wp-content\/uploads\/2025\/03\/Banner_Emprego_PortallavrasTV.png\" alt=\"\"  srcset=\"https:\/\/lavras.tv\/site\/wp-content\/uploads\/2025\/03\/Banner_Emprego_PortallavrasTV.png 720w, https:\/\/lavras.tv\/site\/wp-content\/uploads\/2025\/03\/Banner_Emprego_PortallavrasTV-470x68.png 470w, https:\/\/lavras.tv\/site\/wp-content\/uploads\/2025\/03\/Banner_Emprego_PortallavrasTV-170x25.png 170w, https:\/\/lavras.tv\/site\/wp-content\/uploads\/2025\/03\/Banner_Emprego_PortallavrasTV-200x29.png 200w\" sizes=\"(max-width: 720px) 100vw, 720px\" width=\"720\" height=\"104\"   \/><\/a><\/li><li><a href=\"https:\/\/sistemas.lavras.mg.gov.br\/portalcidadao\/#df1b1a7c7b2a290bcb31e32771e610784662739a88807c0dacac58ede5f391a7530e299dc302d611ee73cb143fc22eaf93592e53e7b5bdb01b00a0b8d28dae460c141dd2ff83412e4dc1c31b16b25f33144a9e5620ea73b13f5bc1c59411d98439ad226e8af03840603796067d87afe130812cf3de24982d0e306f9e61e764e5\" aria-label=\"Banner_Obras_PortallavrasTV\"><img src=\"https:\/\/lavras.tv\/site\/wp-content\/uploads\/2025\/03\/Banner_Obras_PortallavrasTV.png\" alt=\"\"  srcset=\"https:\/\/lavras.tv\/site\/wp-content\/uploads\/2025\/03\/Banner_Obras_PortallavrasTV.png 720w, https:\/\/lavras.tv\/site\/wp-content\/uploads\/2025\/03\/Banner_Obras_PortallavrasTV-470x68.png 470w, https:\/\/lavras.tv\/site\/wp-content\/uploads\/2025\/03\/Banner_Obras_PortallavrasTV-170x25.png 170w, https:\/\/lavras.tv\/site\/wp-content\/uploads\/2025\/03\/Banner_Obras_PortallavrasTV-200x29.png 200w\" sizes=\"(max-width: 720px) 100vw, 720px\" width=\"720\" height=\"104\"   \/><\/a><\/li><li><div style=\"margin-left: auto;margin-right: auto;text-align: center;\" id=\"lavra-4068740391\"><a href=\"https:\/\/sistemas.lavras.mg.gov.br\/portalcidadao\/#df1b1a7c7b2a290bcb31e32771e610784662739a88807c0dacac58ede5f391a7530e299dc302d611ee73cb143fc22eaf93592e53e7b5bdb01b00a0b8d28dae460c141dd2ff83412e4dc1c31b16b25f33144a9e5620ea73b13f5bc1c59411d98439ad226e8af03840603796067d87afe130812cf3de24982d0e306f9e61e764e5\" aria-label=\"Banner_Educa\u00e7\u00e3o_PortallavrasTV\"><img src=\"https:\/\/lavras.tv\/site\/wp-content\/uploads\/2025\/01\/Banner_Educacao_PortallavrasTV.png\" alt=\"\"  srcset=\"https:\/\/lavras.tv\/site\/wp-content\/uploads\/2025\/01\/Banner_Educacao_PortallavrasTV.png 720w, https:\/\/lavras.tv\/site\/wp-content\/uploads\/2025\/01\/Banner_Educacao_PortallavrasTV-470x68.png 470w, https:\/\/lavras.tv\/site\/wp-content\/uploads\/2025\/01\/Banner_Educacao_PortallavrasTV-170x25.png 170w, https:\/\/lavras.tv\/site\/wp-content\/uploads\/2025\/01\/Banner_Educacao_PortallavrasTV-200x29.png 200w\" sizes=\"(max-width: 720px) 100vw, 720px\" width=\"720\" height=\"104\"  style=\"display: inline-block;\" \/><\/a><\/div><\/li><li><a href=\"https:\/\/sistemas.lavras.mg.gov.br\/portalcidadao\/#df1b1a7c7b2a290bcb31e32771e610784662739a88807c0dacac58ede5f391a7530e299dc302d611ee73cb143fc22eaf93592e53e7b5bdb01b00a0b8d28dae460c141dd2ff83412e4dc1c31b16b25f33144a9e5620ea73b13f5bc1c59411d98439ad226e8af03840603796067d87afe130812cf3de24982d0e306f9e61e764e5\" aria-label=\"Banner_Sa\u00fade_PortallavrasTV\"><img src=\"https:\/\/lavras.tv\/site\/wp-content\/uploads\/2025\/03\/Banner_Saude_PortallavrasTV.png\" alt=\"\"  srcset=\"https:\/\/lavras.tv\/site\/wp-content\/uploads\/2025\/03\/Banner_Saude_PortallavrasTV.png 720w, https:\/\/lavras.tv\/site\/wp-content\/uploads\/2025\/03\/Banner_Saude_PortallavrasTV-470x68.png 470w, https:\/\/lavras.tv\/site\/wp-content\/uploads\/2025\/03\/Banner_Saude_PortallavrasTV-170x25.png 170w, https:\/\/lavras.tv\/site\/wp-content\/uploads\/2025\/03\/Banner_Saude_PortallavrasTV-200x29.png 200w\" sizes=\"(max-width: 720px) 100vw, 720px\" width=\"720\" height=\"104\"   \/><\/a><\/li><li><div id=\"lavra-898043655\" style=\"width:720px;height:104px;background-color:#ddd;overflow:scroll;\">\n\t<strong>Sa\u00edda da depura\u00e7\u00e3o de an\u00fancios<\/strong>\n\t<br><br>\n\tO an\u00fancio n\u00e3o \u00e9 exibido na p\u00e1gina<br><br>post atual: Greve dos banc\u00e1rios completa 3 semanas, ID: 2607<br><br><span style=\"color: red;\">O post atual n\u00e3o \u00e9 id\u00eantico ao post principal.<\/span><br><br>An\u00fancios: ROXO - TOPO INTERNA - ROTATIVO 2 (197)<br \/>Grupo de an\u00fancios: Princ_Meio01_720x104 (27)<br><br>Condi\u00e7\u00f5es de exibi\u00e7\u00e3o<div style=\"margin-bottom: 20px; white-space: pre-wrap; font-family: monospace; width: 100%; background: #ffe9e9;\"><strong>condi\u00e7\u00f5es gerais<\/strong><table border=\"1\"><thead><tr><th><\/th><th>An\u00fancios<\/th><th>wp_the_query<\/th><\/tr><\/thead><tr><td>is_main_query<\/td><td>1<\/td><td>1<\/td><\/tr><tr><td>is_rest_api<\/td><td>0<\/td><td>1<\/td><\/tr><tr><td>page<\/td><td>0<\/td><td>1<\/td><\/tr><tr><td>numpages<\/td><td>0<\/td><td>1<\/td><\/tr><tr><td>is_archive<\/td><td>1<\/td><td><\/td><\/tr><tr><td>is_search<\/td><td>1<\/td><td><\/td><\/tr><tr><td>is_home<\/td><td>1<\/td><td><\/td><\/tr><tr><td>is_404<\/td><td>1<\/td><td><\/td><\/tr><tr><td>is_attachment<\/td><td>1<\/td><td><\/td><\/tr><tr><td>is_singular<\/td><td>1<\/td><td><\/td><\/tr><tr><td>is_front_page<\/td><td>1<\/td><td><\/td><\/tr><tr><td>is_feed<\/td><td>1<\/td><td><\/td><\/tr><\/table><\/div><br><br><span style=\"color: red;\">Seu site usa HTTPS, mas o c\u00f3digo do an\u00fancio cont\u00e9m HTTP e pode n\u00e3o funcionar.<\/span>\t<br><br>\n\t<a style=\"color: green;\" href=\"https:\/\/wpadvancedads.com\/manual\/ad-debug-mode\/?utm_source=advanced-ads&utm_medium=link&utm_campaign=ad-debug-mode\" target=\"_blank\" rel=\"nofollow\">Encontre solu\u00e7\u00f5es no manual<\/a>\n<\/div>\n<\/li><\/ul><\/div><script>( window.advanced_ads_ready || jQuery( document ).ready ).call( null, function() {var $lavraslider1474722733 = jQuery( \".lavra-slider-1474722733\" );$lavraslider1474722733.on( \"unslider.ready\", function() { jQuery( \"div.custom-slider ul li\" ).css( \"display\", \"block\" ); });$lavraslider1474722733.unslider({ delay:4000, autoplay:true, nav:false, arrows:false, infinite:true });$lavraslider1474722733.on(\"mouseover\", function() {$lavraslider1474722733.unslider(\"stop\");}).on(\"mouseout\", function() {$lavraslider1474722733.unslider(\"start\");});});<\/script><\/div><p>A greve dos banc\u00e1rios completou tr\u00eas semanas de paralisa\u00e7\u00f5es nesta ter\u00e7a-feira, dia 27.<!--more--> Aqui no Sul de Minas, 107 cidades s\u00e3o afetadas pelo movimento em ag\u00eancias de bancos p\u00fablicos e privados, o que representa cerca de 80% dos munic\u00edpios com servi\u00e7os banc\u00e1rios.<img fetchpriority=\"high\" decoding=\"async\" class=\"wp-image-2073 alignright\" src=\"http:\/\/lavras.tv\/site\/wp-content\/uploads\/2016\/09\/bancarios.jpg\" alt=\"bancarios\" width=\"351\" height=\"209\" srcset=\"https:\/\/lavras.tv\/site\/wp-content\/uploads\/2016\/09\/bancarios.jpg 1181w, https:\/\/lavras.tv\/site\/wp-content\/uploads\/2016\/09\/bancarios-150x89.jpg 150w, https:\/\/lavras.tv\/site\/wp-content\/uploads\/2016\/09\/bancarios-300x179.jpg 300w, https:\/\/lavras.tv\/site\/wp-content\/uploads\/2016\/09\/bancarios-1024x610.jpg 1024w\" sizes=\"(max-width: 351px) 100vw, 351px\" \/><\/p>\n<p>De acordo com as lideran\u00e7as sindicais na regi\u00e3o, ainda n\u00e3o h\u00e1 perspectiva para o encerramento das paralisa\u00e7\u00f5es, que j\u00e1 atingem 14 mil ag\u00eancias em todo o pa\u00eds, conforme dados da Confedera\u00e7\u00e3o Nacional dos Trabalhadores do Ramo Financeiro (Contraf-CUT).<\/p>\n<p><strong>\u00a0<\/strong><\/p>\n<p><strong>Negocia\u00e7\u00e3o<\/strong><\/p>\n<p>Os banc\u00e1rios pedem reposi\u00e7\u00e3o da infla\u00e7\u00e3o mais 5% de aumento real, valoriza\u00e7\u00e3o do piso salarial, participa\u00e7\u00e3o nos lucros e resultados (PLR) de tr\u00eas sal\u00e1rios mais R$ 8.317,90, al\u00e9m de outras reivindica\u00e7\u00f5es, como melhores condi\u00e7\u00f5es de trabalho.<\/p>\n<p>A Fenaban, que vem mantendo a oferta de reajuste de 7% no sal\u00e1rio, PLR e nos aux\u00edlios refei\u00e7\u00e3o, alimenta\u00e7\u00e3o, creche, al\u00e9m de abono de R$ 3,3 mil, n\u00e3o informou se deve melhorar a proposta com a reabertura das negocia\u00e7\u00f5es.<\/p>\n<p><strong>\u00a0<\/strong><\/p>\n<p><strong>Servi\u00e7os afetados<\/strong><\/p>\n<p>A Federa\u00e7\u00e3o Brasileira de Bancos (Febraban), representante dos bancos, informou que os clientes podem usar os caixas eletr\u00f4nicos para agendamento e pagamento de contas (desde que n\u00e3o vencidas), saques, dep\u00f3sitos, emiss\u00e3o de folhas de cheques, transfer\u00eancias e saques de benef\u00edcios sociais.<\/p>\n<p>O cliente ainda tem a possibilidade de usar os correspondentes banc\u00e1rios, existentes em postos dos Correios e casas lot\u00e9ricas, para pagar contas e faturas de concession\u00e1rias de servi\u00e7os p\u00fablicos, sacar benef\u00edcios e fazer dep\u00f3sitos, entre outros servi\u00e7os.<\/p>\n<p>&nbsp;<\/p>\n<p>Fonte: G1<\/p>\n","protected":false},"excerpt":{"rendered":"<p>A greve dos banc\u00e1rios completou tr\u00eas semanas de paralisa\u00e7\u00f5es nesta ter\u00e7a-feira, dia 27.<\/p>\n","protected":false},"author":2,"featured_media":2073,"comment_status":"closed","ping_status":"open","sticky":false,"template":"","format":"standard","meta":{"advgb_blocks_editor_width":"","advgb_blocks_columns_visual_guide":"","_exactmetrics_skip_tracking":false,"_exactmetrics_sitenote_active":false,"_exactmetrics_sitenote_note":"","_exactmetrics_sitenote_category":0,"footnotes":""},"categories":[7,2],"tags":[708,70],"class_list":["post-2607","post","type-post","status-publish","format-standard","has-post-thumbnail","hentry","category-destaques","category-noticias","tag-greve-bancarios","tag-sul-de-minas"],"better_featured_image":{"id":2073,"alt_text":"","caption":"","description":"","media_type":"image","media_details":{"width":1181,"height":703,"file":"2016\/09\/bancarios.jpg","sizes":{"thumbnail":{"file":"bancarios-150x89.jpg","width":150,"height":89,"mime-type":"image\/jpeg","source_url":"https:\/\/lavras.tv\/site\/wp-content\/uploads\/2016\/09\/bancarios-150x89.jpg"},"medium":{"file":"bancarios-300x179.jpg","width":300,"height":179,"mime-type":"image\/jpeg","source_url":"https:\/\/lavras.tv\/site\/wp-content\/uploads\/2016\/09\/bancarios-300x179.jpg"},"large":{"file":"bancarios-1024x610.jpg","width":1024,"height":610,"mime-type":"image\/jpeg","source_url":"https:\/\/lavras.tv\/site\/wp-content\/uploads\/2016\/09\/bancarios-1024x610.jpg"},"featured-slider-img":{"file":"bancarios-640x480.jpg","width":640,"height":480,"mime-type":"image\/jpeg","source_url":"https:\/\/lavras.tv\/site\/wp-content\/uploads\/2016\/09\/bancarios-640x480.jpg"},"featured-post-img":{"file":"bancarios-480x320.jpg","width":480,"height":320,"mime-type":"image\/jpeg","source_url":"https:\/\/lavras.tv\/site\/wp-content\/uploads\/2016\/09\/bancarios-480x320.jpg"},"sow-carousel-default":{"file":"bancarios-272x182.jpg","width":272,"height":182,"mime-type":"image\/jpeg","source_url":"https:\/\/lavras.tv\/site\/wp-content\/uploads\/2016\/09\/bancarios-272x182.jpg"}},"image_meta":{"aperture":"0","credit":"","camera":"","caption":"","created_timestamp":"0","copyright":"","focal_length":"0","iso":"0","shutter_speed":"0","title":"","orientation":"0","keywords":[]}},"post":2072,"source_url":"https:\/\/lavras.tv\/site\/wp-content\/uploads\/2016\/09\/bancarios.jpg"},"author_meta":{"display_name":"Lavras TV","author_link":"https:\/\/lavras.tv\/site\/author\/lavrastv\/"},"featured_img":"https:\/\/lavras.tv\/site\/wp-content\/uploads\/2016\/09\/bancarios-300x179.jpg","coauthors":[],"tax_additional":{"categories":{"linked":["<a href=\"https:\/\/lavras.tv\/site\/category\/destaques\/\" class=\"advgb-post-tax-term\">Destaques<\/a>","<a href=\"https:\/\/lavras.tv\/site\/category\/noticias\/\" class=\"advgb-post-tax-term\">Not\u00edcias<\/a>"],"unlinked":["<span class=\"advgb-post-tax-term\">Destaques<\/span>","<span class=\"advgb-post-tax-term\">Not\u00edcias<\/span>"]},"tags":{"linked":["<a href=\"https:\/\/lavras.tv\/site\/category\/noticias\/\" class=\"advgb-post-tax-term\">greve banc\u00e1rios<\/a>","<a href=\"https:\/\/lavras.tv\/site\/category\/noticias\/\" class=\"advgb-post-tax-term\">sul de minas<\/a>"],"unlinked":["<span class=\"advgb-post-tax-term\">greve banc\u00e1rios<\/span>","<span class=\"advgb-post-tax-term\">sul de minas<\/span>"]}},"comment_count":"0","relative_dates":{"created":"Publicado 10 anos atr\u00e1s","modified":"Atualizado 10 anos atr\u00e1s"},"absolute_dates":{"created":"Publicado em 28 de setembro de 2016","modified":"Atualizado em 28 de setembro de 2016"},"absolute_dates_time":{"created":"Publicado em 28 de setembro de 2016 08:36","modified":"Atualizado em 28 de setembro de 2016 08:36"},"featured_img_caption":"","series_order":"","_links":{"self":[{"href":"https:\/\/lavras.tv\/site\/wp-json\/wp\/v2\/posts\/2607","targetHints":{"allow":["GET"]}}],"collection":[{"href":"https:\/\/lavras.tv\/site\/wp-json\/wp\/v2\/posts"}],"about":[{"href":"https:\/\/lavras.tv\/site\/wp-json\/wp\/v2\/types\/post"}],"author":[{"embeddable":true,"href":"https:\/\/lavras.tv\/site\/wp-json\/wp\/v2\/users\/2"}],"replies":[{"embeddable":true,"href":"https:\/\/lavras.tv\/site\/wp-json\/wp\/v2\/comments?post=2607"}],"version-history":[{"count":1,"href":"https:\/\/lavras.tv\/site\/wp-json\/wp\/v2\/posts\/2607\/revisions"}],"predecessor-version":[{"id":2608,"href":"https:\/\/lavras.tv\/site\/wp-json\/wp\/v2\/posts\/2607\/revisions\/2608"}],"wp:featuredmedia":[{"embeddable":true,"href":"https:\/\/lavras.tv\/site\/wp-json\/wp\/v2\/media\/2073"}],"wp:attachment":[{"href":"https:\/\/lavras.tv\/site\/wp-json\/wp\/v2\/media?parent=2607"}],"wp:term":[{"taxonomy":"category","embeddable":true,"href":"https:\/\/lavras.tv\/site\/wp-json\/wp\/v2\/categories?post=2607"},{"taxonomy":"post_tag","embeddable":true,"href":"https:\/\/lavras.tv\/site\/wp-json\/wp\/v2\/tags?post=2607"}],"curies":[{"name":"wp","href":"https:\/\/api.w.org\/{rel}","templated":true}]}}