{"id":2611,"date":"2016-09-28T09:38:25","date_gmt":"2016-09-28T12:38:25","guid":{"rendered":"http:\/\/lavras.tv\/site\/?p=2611"},"modified":"2016-09-28T09:38:25","modified_gmt":"2016-09-28T12:38:25","slug":"atletico-e-cruzeiro-entram-em-campo-hoje-pela-copa-do-brasil","status":"publish","type":"post","link":"https:\/\/lavras.tv\/site\/2016\/09\/28\/atletico-e-cruzeiro-entram-em-campo-hoje-pela-copa-do-brasil\/","title":{"rendered":"Atl\u00e9tico e Cruzeiro entram em campo hoje pela Copa do Brasil"},"content":{"rendered":"<div class=\"lavra-antes-do-conteudo_2\" id=\"lavra-2129295857\"><div id=\"lavra-slider-27\" class=\"custom-slider lavra-slider-2632204231 lavra-slider\"><ul><li><div style=\"margin-left: auto;margin-right: auto;text-align: center;\" id=\"lavra-2504633199\"><a href=\"https:\/\/sistemas.lavras.mg.gov.br\/portalcidadao\/#df1b1a7c7b2a290bcb31e32771e610784662739a88807c0dacac58ede5f391a7530e299dc302d611ee73cb143fc22eaf93592e53e7b5bdb01b00a0b8d28dae460c141dd2ff83412e4dc1c31b16b25f33144a9e5620ea73b13f5bc1c59411d98439ad226e8af03840603796067d87afe130812cf3de24982d0e306f9e61e764e5\" aria-label=\"Lavras-TV&#8211;720x104px (1) (1)\"><img src=\"https:\/\/lavras.tv\/site\/wp-content\/uploads\/2025\/01\/Lavras-TV-720x104px-1-1.png\" alt=\"\"  srcset=\"https:\/\/lavras.tv\/site\/wp-content\/uploads\/2025\/01\/Lavras-TV-720x104px-1-1.png 720w, https:\/\/lavras.tv\/site\/wp-content\/uploads\/2025\/01\/Lavras-TV-720x104px-1-1-470x68.png 470w, https:\/\/lavras.tv\/site\/wp-content\/uploads\/2025\/01\/Lavras-TV-720x104px-1-1-170x25.png 170w, https:\/\/lavras.tv\/site\/wp-content\/uploads\/2025\/01\/Lavras-TV-720x104px-1-1-200x29.png 200w\" sizes=\"(max-width: 720px) 100vw, 720px\" width=\"720\" height=\"104\"  style=\"display: inline-block;\" \/><\/a><\/div><\/li><li><a href=\"https:\/\/sistemas.lavras.mg.gov.br\/portalcidadao\/#df1b1a7c7b2a290bcb31e32771e610784662739a88807c0dacac58ede5f391a7530e299dc302d611ee73cb143fc22eaf93592e53e7b5bdb01b00a0b8d28dae460c141dd2ff83412e4dc1c31b16b25f33144a9e5620ea73b13f5bc1c59411d98439ad226e8af03840603796067d87afe130812cf3de24982d0e306f9e61e764e5\" aria-label=\"Banner_Emprego_PortallavrasTV\"><img src=\"https:\/\/lavras.tv\/site\/wp-content\/uploads\/2025\/03\/Banner_Emprego_PortallavrasTV.png\" alt=\"\"  srcset=\"https:\/\/lavras.tv\/site\/wp-content\/uploads\/2025\/03\/Banner_Emprego_PortallavrasTV.png 720w, https:\/\/lavras.tv\/site\/wp-content\/uploads\/2025\/03\/Banner_Emprego_PortallavrasTV-470x68.png 470w, https:\/\/lavras.tv\/site\/wp-content\/uploads\/2025\/03\/Banner_Emprego_PortallavrasTV-170x25.png 170w, https:\/\/lavras.tv\/site\/wp-content\/uploads\/2025\/03\/Banner_Emprego_PortallavrasTV-200x29.png 200w\" sizes=\"(max-width: 720px) 100vw, 720px\" width=\"720\" height=\"104\"   \/><\/a><\/li><li><a href=\"https:\/\/sistemas.lavras.mg.gov.br\/portalcidadao\/#df1b1a7c7b2a290bcb31e32771e610784662739a88807c0dacac58ede5f391a7530e299dc302d611ee73cb143fc22eaf93592e53e7b5bdb01b00a0b8d28dae460c141dd2ff83412e4dc1c31b16b25f33144a9e5620ea73b13f5bc1c59411d98439ad226e8af03840603796067d87afe130812cf3de24982d0e306f9e61e764e5\" aria-label=\"Banner_Obras_PortallavrasTV\"><img src=\"https:\/\/lavras.tv\/site\/wp-content\/uploads\/2025\/03\/Banner_Obras_PortallavrasTV.png\" alt=\"\"  srcset=\"https:\/\/lavras.tv\/site\/wp-content\/uploads\/2025\/03\/Banner_Obras_PortallavrasTV.png 720w, https:\/\/lavras.tv\/site\/wp-content\/uploads\/2025\/03\/Banner_Obras_PortallavrasTV-470x68.png 470w, https:\/\/lavras.tv\/site\/wp-content\/uploads\/2025\/03\/Banner_Obras_PortallavrasTV-170x25.png 170w, https:\/\/lavras.tv\/site\/wp-content\/uploads\/2025\/03\/Banner_Obras_PortallavrasTV-200x29.png 200w\" sizes=\"(max-width: 720px) 100vw, 720px\" width=\"720\" height=\"104\"   \/><\/a><\/li><li><div style=\"margin-left: auto;margin-right: auto;text-align: center;\" id=\"lavra-391619750\"><a href=\"https:\/\/sistemas.lavras.mg.gov.br\/portalcidadao\/#df1b1a7c7b2a290bcb31e32771e610784662739a88807c0dacac58ede5f391a7530e299dc302d611ee73cb143fc22eaf93592e53e7b5bdb01b00a0b8d28dae460c141dd2ff83412e4dc1c31b16b25f33144a9e5620ea73b13f5bc1c59411d98439ad226e8af03840603796067d87afe130812cf3de24982d0e306f9e61e764e5\" aria-label=\"Banner_Educa\u00e7\u00e3o_PortallavrasTV\"><img src=\"https:\/\/lavras.tv\/site\/wp-content\/uploads\/2025\/01\/Banner_Educacao_PortallavrasTV.png\" alt=\"\"  srcset=\"https:\/\/lavras.tv\/site\/wp-content\/uploads\/2025\/01\/Banner_Educacao_PortallavrasTV.png 720w, https:\/\/lavras.tv\/site\/wp-content\/uploads\/2025\/01\/Banner_Educacao_PortallavrasTV-470x68.png 470w, https:\/\/lavras.tv\/site\/wp-content\/uploads\/2025\/01\/Banner_Educacao_PortallavrasTV-170x25.png 170w, https:\/\/lavras.tv\/site\/wp-content\/uploads\/2025\/01\/Banner_Educacao_PortallavrasTV-200x29.png 200w\" sizes=\"(max-width: 720px) 100vw, 720px\" width=\"720\" height=\"104\"  style=\"display: inline-block;\" \/><\/a><\/div><\/li><li><a href=\"https:\/\/sistemas.lavras.mg.gov.br\/portalcidadao\/#df1b1a7c7b2a290bcb31e32771e610784662739a88807c0dacac58ede5f391a7530e299dc302d611ee73cb143fc22eaf93592e53e7b5bdb01b00a0b8d28dae460c141dd2ff83412e4dc1c31b16b25f33144a9e5620ea73b13f5bc1c59411d98439ad226e8af03840603796067d87afe130812cf3de24982d0e306f9e61e764e5\" aria-label=\"Banner_Sa\u00fade_PortallavrasTV\"><img src=\"https:\/\/lavras.tv\/site\/wp-content\/uploads\/2025\/03\/Banner_Saude_PortallavrasTV.png\" alt=\"\"  srcset=\"https:\/\/lavras.tv\/site\/wp-content\/uploads\/2025\/03\/Banner_Saude_PortallavrasTV.png 720w, https:\/\/lavras.tv\/site\/wp-content\/uploads\/2025\/03\/Banner_Saude_PortallavrasTV-470x68.png 470w, https:\/\/lavras.tv\/site\/wp-content\/uploads\/2025\/03\/Banner_Saude_PortallavrasTV-170x25.png 170w, https:\/\/lavras.tv\/site\/wp-content\/uploads\/2025\/03\/Banner_Saude_PortallavrasTV-200x29.png 200w\" sizes=\"(max-width: 720px) 100vw, 720px\" width=\"720\" height=\"104\"   \/><\/a><\/li><li><div id=\"lavra-1304681088\" style=\"width:720px;height:104px;background-color:#ddd;overflow:scroll;\">\n\t<strong>Sa\u00edda da depura\u00e7\u00e3o de an\u00fancios<\/strong>\n\t<br><br>\n\tO an\u00fancio n\u00e3o \u00e9 exibido na p\u00e1gina<br><br>post atual: Atl\u00e9tico e Cruzeiro entram em campo hoje pela Copa do Brasil, ID: 2611<br><br><span style=\"color: red;\">O post atual n\u00e3o \u00e9 id\u00eantico ao post principal.<\/span><br><br>An\u00fancios: ROXO - TOPO INTERNA - ROTATIVO 2 (197)<br \/>Grupo de an\u00fancios: Princ_Meio01_720x104 (27)<br><br>Condi\u00e7\u00f5es de exibi\u00e7\u00e3o<div style=\"margin-bottom: 20px; white-space: pre-wrap; font-family: monospace; width: 100%; background: #ffe9e9;\"><strong>condi\u00e7\u00f5es gerais<\/strong><table border=\"1\"><thead><tr><th><\/th><th>An\u00fancios<\/th><th>wp_the_query<\/th><\/tr><\/thead><tr><td>is_main_query<\/td><td>1<\/td><td>1<\/td><\/tr><tr><td>is_rest_api<\/td><td>0<\/td><td>1<\/td><\/tr><tr><td>page<\/td><td>0<\/td><td>1<\/td><\/tr><tr><td>numpages<\/td><td>0<\/td><td>1<\/td><\/tr><tr><td>is_archive<\/td><td>1<\/td><td><\/td><\/tr><tr><td>is_search<\/td><td>1<\/td><td><\/td><\/tr><tr><td>is_home<\/td><td>1<\/td><td><\/td><\/tr><tr><td>is_404<\/td><td>1<\/td><td><\/td><\/tr><tr><td>is_attachment<\/td><td>1<\/td><td><\/td><\/tr><tr><td>is_singular<\/td><td>1<\/td><td><\/td><\/tr><tr><td>is_front_page<\/td><td>1<\/td><td><\/td><\/tr><tr><td>is_feed<\/td><td>1<\/td><td><\/td><\/tr><\/table><\/div><br><br><span style=\"color: red;\">Seu site usa HTTPS, mas o c\u00f3digo do an\u00fancio cont\u00e9m HTTP e pode n\u00e3o funcionar.<\/span>\t<br><br>\n\t<a style=\"color: green;\" href=\"https:\/\/wpadvancedads.com\/manual\/ad-debug-mode\/?utm_source=advanced-ads&utm_medium=link&utm_campaign=ad-debug-mode\" target=\"_blank\" rel=\"nofollow\">Encontre solu\u00e7\u00f5es no manual<\/a>\n<\/div>\n<\/li><\/ul><\/div><script>( window.advanced_ads_ready || jQuery( document ).ready ).call( null, function() {var $lavraslider2632204231 = jQuery( \".lavra-slider-2632204231\" );$lavraslider2632204231.on( \"unslider.ready\", function() { jQuery( \"div.custom-slider ul li\" ).css( \"display\", \"block\" ); });$lavraslider2632204231.unslider({ delay:4000, autoplay:true, nav:false, arrows:false, infinite:true });$lavraslider2632204231.on(\"mouseover\", function() {$lavraslider2632204231.unslider(\"stop\");}).on(\"mouseout\", function() {$lavraslider2632204231.unslider(\"start\");});});<\/script><\/div><p>Depois de obter uma classifica\u00e7\u00e3o suada em Campinas, o Atl\u00e9tico manteve vivo o sonho do bicampeonato da Copa do Brasil e agora ter\u00e1 pela frente uma equipe da S\u00e9rie C do Campeonato Brasileiro. Nesta quarta-feira, o advers\u00e1rio atleticano ser\u00e1 o Juventude, \u00e0s 19h30, no Mineir\u00e3o, pelo jogo de ida das quartas de final do torneio.<img decoding=\"async\" class=\"aligncenter\" src=\"http:\/\/www.itatiaia.com.br\/uploads\/redactor_assets\/pictures\/18385\/Galo_2_INT.jpg\" \/><\/p>\n<p>Tradicional equipe do futebol brasileiro, que teve seu auge na d\u00e9cada de 1990 e in\u00edcio dos anos 2000, o Juventude j\u00e1 foi campe\u00e3o da Copa do Brasil em 1999. O clube ga\u00facho, no entanto, n\u00e3o conseguiu manter o rendimento na Elite e hoje disputa a Terceira Divis\u00e3o do Brasileiro.<\/p>\n<p>Por conta dos rebaixamentos do Juventude, a equipe alviverde n\u00e3o enfrenta o Atl\u00e9tico desde 2007. No \u00faltimo encontro, goleada do Galo por 4 a 1, no Mineir\u00e3o, pelo Campeonato Brasileiro. Os gols alvinegros foram marcados por Leandro Almeida, Thiago Feltri, Marinho e Eder Lu\u00eds.<\/p>\n<p>Em Belo Horizonte, o Atl\u00e9tico tem um excelente retrospecto contra o Juventude. Em sete jogos disputados desde 1997, o time alvinegro venceu seis e empatou um. No entanto, os placares preocupam para o duelo da Copa do Brasil, j\u00e1 que em apenas um confronto o Galo n\u00e3o levou gol em casa, um crit\u00e9rio importante de desempate no torneio mata-mata<\/p>\n<p>O jogo de volta, em Caxias do Sul (RS), est\u00e1 marcado para o dia 19 de outubro. O vencedor do confronto entre Atl\u00e9tico e Juventude pegar\u00e1 nas semifinais o ganhador do duelo entre Santos e Internacional.<\/p>\n<p>\u201cA responsabilidade toda a gente sabe que \u00e9 nossa, por enfrentar uma equipe de uma divis\u00e3o inferior. A responsabilidade aumenta, mas a gente sabe que vai enfrentar uma equipe que eliminou time grande e merece todo respeito do mundo porque a gente sabe como funciona o futebol. Precisamos ter muito respeito ao Juventude porque eles vir\u00e3o querendo nos complicar, ent\u00e3o, temos que entrar com pensamento de vit\u00f3ria\u201d, comentou o volante Rafael Carioca, que devido ao cansa\u00e7o dos jogos seguidos talvez seja poupado.<\/p>\n<p>Poupado do treino de segunda-feira, com dores no joelho direito, o zagueiro Erazo participou normalmente da atividade nesta ter\u00e7a e foi relacionado para a partida. Caso o t\u00e9cnico Marcelo Oliveira queira preservar o equatoriano, o jovem Gabriel, que atuou na vit\u00f3ria sobre o Internacional no \u00faltimo fim de semana, ser\u00e1 mantido na zaga.<\/p>\n<p>O volante Rafael Carioca acusou cansa\u00e7o nesta ter\u00e7a-feira devido \u00e0 sequ\u00eancia de jogos e tamb\u00e9m pode ser poupado. Se n\u00e3o jogar, Leandro Donizete entra no time. De resto, a equipe que vai a campo s\u00f3 ter\u00e1 o desfalque de Fred, que n\u00e3o poder\u00e1 jogar por j\u00e1 ter defendido o Fluminense na Copa do Brasil.<\/p>\n<p>&nbsp;<\/p>\n<p><strong>Cruzeiro<\/strong><\/p>\n<p>Em situa\u00e7\u00e3o dif\u00edcil no Campeonato Brasileiro, onde voltou para a zona de rebaixamento no \u00faltimo fim de semana, o Cruzeiro tenta esquecer um pouco as preocupa\u00e7\u00f5es com a competi\u00e7\u00e3o por pontos corridos para se dedicar \u00e0 Copa do Brasil. Nesta quarta-feira, \u00e0s 21h45, o time celeste enfrenta o Corinthians, em Itaquera, no primeiro duelo pelas quartas de final do torneio.<img decoding=\"async\" class=\"aligncenter\" src=\"http:\/\/www.itatiaia.com.br\/uploads\/redactor_assets\/pictures\/18386\/cruzeiro_INT.jpg\" \/><\/p>\n<p>O maior desafio do Cruzeiro no confronto contra os paulistas ser\u00e1 manter o foco no jogo, j\u00e1 que o time n\u00e3o pode ter baixas durante a partida. Na 17\u00aa posi\u00e7\u00e3o no Brasileir\u00e3o, com 30 pontos, um atr\u00e1s do Figueirense, primeiro time fora do Z4, a Raposa tem compromisso j\u00e1 no s\u00e1bado contra o Gr\u00eamio, pela 28\u00aa rodada.<\/p>\n<p>Apesar de toda apreens\u00e3o pela situa\u00e7\u00e3o no Brasileiro, o time celeste mant\u00e9m uma boa regularidade na Copa do Brasil, onde est\u00e1 invicto. Em sete jogos, s\u00e3o seis vit\u00f3rias e um empate.<\/p>\n<p>&#8220;Temos elenco para recuperar no Brasileiro e tamb\u00e9m chegarmos fortes na Copa do Brasil. Precisamos sair da zona de rebaixamento, o foco \u00e9 este, mas vamos trabalhar tamb\u00e9m pela Copa do Brasil. \u00c9 um torneio diferente, de mata-mata. Temos grandes jogadores, um bom elenco. Esperamos fazer uma grande partida, sabemos que \u00e9 dif\u00edcil, mas temos qualidade e vamos em busca de um resultado positivo&#8221;, disse o zagueiro Bruno Rodrigo, que n\u00e3o treinou nesta ter\u00e7a-feira com dores na panturrilha direita, mas viajou com a delega\u00e7\u00e3o para S\u00e3o Paulo.<\/p>\n<p>J\u00e1 o volante Lucas Romero, poupado na segunda-feira devido a uma tor\u00e7\u00e3o no tornozelo esquerdo, treinou normalmente nesta ter\u00e7a e tamb\u00e9m foi relacionado para a partida. A novidade entre os reservas \u00e9 o meia-atacante Alisson, recuperado de dores lombares que o tirou do jogo contra o Flamengo no \u00faltimo domingo.<\/p>\n<p>Os desfalques de Mano para a partida s\u00e3o o goleiro Elisson, o lateral-direito Ezequiel e o lateral-esquerdo Bryan, que j\u00e1 defenderam outros clubes na Copa do Brasil.<\/p>\n<p>Pelo fato de jogar fora de casa, \u00e9 importante para o Cruzeiro tentar marcar gol para dar maior tranquilidade no duelo de volta, no Mineir\u00e3o, que acontecer\u00e1 no dia 19 de outubro. O vencedor enfrentar\u00e1 nas semifinais o ganhador do confronto entre Palmeiras e Gr\u00eamio, que se enfrentam na outra chave das quartas de final.<\/p>\n<p>No Corinthians, o t\u00e9cnico F\u00e1bio Carille n\u00e3o poder\u00e1 contar novamente com o goleiro C\u00e1ssio que continua sentindo dores no ombro direito e est\u00e1 vetado. Assim, Walter segue no gol alvinegro.<\/p>\n<p>A presen\u00e7a de Walter faz o t\u00e9cnico interino F\u00e1bio Carille repetir a escala\u00e7\u00e3o usada no \u00faltimo domingo, na derrota por 1 a 0 para o Fluminense, pelo Campeonato Brasileiro.<\/p>\n<p>&nbsp;<\/p>\n<p>Fonte: Itatiaia<\/p>\n","protected":false},"excerpt":{"rendered":"<p>Depois de obter uma classifica\u00e7\u00e3o suada em Campinas, o Atl\u00e9tico manteve vivo o sonho do bicampeonato da Copa do Brasil e agora ter\u00e1 pela frente uma equipe da S\u00e9rie C do Campeonato Brasileiro. Nesta quarta-feira, o advers\u00e1rio atleticano ser\u00e1 o Juventude, \u00e0s 19h30, no Mineir\u00e3o, pelo jogo de ida das quartas de final do torneio. [&hellip;]<\/p>\n","protected":false},"author":2,"featured_media":2612,"comment_status":"closed","ping_status":"open","sticky":false,"template":"","format":"standard","meta":{"advgb_blocks_editor_width":"","advgb_blocks_columns_visual_guide":"","_exactmetrics_skip_tracking":false,"_exactmetrics_sitenote_active":false,"_exactmetrics_sitenote_note":"","_exactmetrics_sitenote_category":0,"footnotes":""},"categories":[3],"tags":[923,922,908],"class_list":["post-2611","post","type-post","status-publish","format-standard","has-post-thumbnail","hentry","category-esportes","tag-atletico","tag-copa-do-brasil","tag-cruzeiro"],"better_featured_image":{"id":2612,"alt_text":"","caption":"","description":"","media_type":"image","media_details":{"width":620,"height":413,"file":"2016\/09\/copa-do-brasil.png","sizes":{"thumbnail":{"file":"copa-do-brasil-150x100.png","width":150,"height":100,"mime-type":"image\/png","source_url":"https:\/\/lavras.tv\/site\/wp-content\/uploads\/2016\/09\/copa-do-brasil-150x100.png"},"medium":{"file":"copa-do-brasil-300x200.png","width":300,"height":200,"mime-type":"image\/png","source_url":"https:\/\/lavras.tv\/site\/wp-content\/uploads\/2016\/09\/copa-do-brasil-300x200.png"},"featured-post-img":{"file":"copa-do-brasil-480x320.png","width":480,"height":320,"mime-type":"image\/png","source_url":"https:\/\/lavras.tv\/site\/wp-content\/uploads\/2016\/09\/copa-do-brasil-480x320.png"},"sow-carousel-default":{"file":"copa-do-brasil-272x182.png","width":272,"height":182,"mime-type":"image\/png","source_url":"https:\/\/lavras.tv\/site\/wp-content\/uploads\/2016\/09\/copa-do-brasil-272x182.png"}},"image_meta":{"aperture":"0","credit":"","camera":"","caption":"","created_timestamp":"0","copyright":"","focal_length":"0","iso":"0","shutter_speed":"0","title":"","orientation":"0","keywords":[]}},"post":2611,"source_url":"https:\/\/lavras.tv\/site\/wp-content\/uploads\/2016\/09\/copa-do-brasil.png"},"author_meta":{"display_name":"Lavras TV","author_link":"https:\/\/lavras.tv\/site\/author\/lavrastv\/"},"featured_img":"https:\/\/lavras.tv\/site\/wp-content\/uploads\/2016\/09\/copa-do-brasil-300x200.png","coauthors":[],"tax_additional":{"categories":{"linked":["<a href=\"https:\/\/lavras.tv\/site\/category\/esportes\/\" class=\"advgb-post-tax-term\">Esportes<\/a>"],"unlinked":["<span class=\"advgb-post-tax-term\">Esportes<\/span>"]},"tags":{"linked":["<a href=\"https:\/\/lavras.tv\/site\/category\/esportes\/\" class=\"advgb-post-tax-term\">atl\u00e9tico<\/a>","<a href=\"https:\/\/lavras.tv\/site\/category\/esportes\/\" class=\"advgb-post-tax-term\">copa do brasil<\/a>","<a href=\"https:\/\/lavras.tv\/site\/category\/esportes\/\" class=\"advgb-post-tax-term\">cruzeiro<\/a>"],"unlinked":["<span class=\"advgb-post-tax-term\">atl\u00e9tico<\/span>","<span class=\"advgb-post-tax-term\">copa do brasil<\/span>","<span class=\"advgb-post-tax-term\">cruzeiro<\/span>"]}},"comment_count":"0","relative_dates":{"created":"Publicado 10 anos atr\u00e1s","modified":"Atualizado 10 anos atr\u00e1s"},"absolute_dates":{"created":"Publicado em 28 de setembro de 2016","modified":"Atualizado em 28 de setembro de 2016"},"absolute_dates_time":{"created":"Publicado em 28 de setembro de 2016 09:38","modified":"Atualizado em 28 de setembro de 2016 09:38"},"featured_img_caption":"","series_order":"","_links":{"self":[{"href":"https:\/\/lavras.tv\/site\/wp-json\/wp\/v2\/posts\/2611","targetHints":{"allow":["GET"]}}],"collection":[{"href":"https:\/\/lavras.tv\/site\/wp-json\/wp\/v2\/posts"}],"about":[{"href":"https:\/\/lavras.tv\/site\/wp-json\/wp\/v2\/types\/post"}],"author":[{"embeddable":true,"href":"https:\/\/lavras.tv\/site\/wp-json\/wp\/v2\/users\/2"}],"replies":[{"embeddable":true,"href":"https:\/\/lavras.tv\/site\/wp-json\/wp\/v2\/comments?post=2611"}],"version-history":[{"count":1,"href":"https:\/\/lavras.tv\/site\/wp-json\/wp\/v2\/posts\/2611\/revisions"}],"predecessor-version":[{"id":2613,"href":"https:\/\/lavras.tv\/site\/wp-json\/wp\/v2\/posts\/2611\/revisions\/2613"}],"wp:featuredmedia":[{"embeddable":true,"href":"https:\/\/lavras.tv\/site\/wp-json\/wp\/v2\/media\/2612"}],"wp:attachment":[{"href":"https:\/\/lavras.tv\/site\/wp-json\/wp\/v2\/media?parent=2611"}],"wp:term":[{"taxonomy":"category","embeddable":true,"href":"https:\/\/lavras.tv\/site\/wp-json\/wp\/v2\/categories?post=2611"},{"taxonomy":"post_tag","embeddable":true,"href":"https:\/\/lavras.tv\/site\/wp-json\/wp\/v2\/tags?post=2611"}],"curies":[{"name":"wp","href":"https:\/\/api.w.org\/{rel}","templated":true}]}}