{"id":2624,"date":"2016-09-28T15:42:49","date_gmt":"2016-09-28T18:42:49","guid":{"rendered":"http:\/\/lavras.tv\/site\/?p=2624"},"modified":"2016-09-28T15:42:49","modified_gmt":"2016-09-28T18:42:49","slug":"sesc-divulga-programacao-do-outubro-rosa-em-lavras","status":"publish","type":"post","link":"https:\/\/lavras.tv\/site\/2016\/09\/28\/sesc-divulga-programacao-do-outubro-rosa-em-lavras\/","title":{"rendered":"SESC divulga programa\u00e7\u00e3o do Outubro Rosa em Lavras"},"content":{"rendered":"<div class=\"lavra-antes-do-conteudo_2\" id=\"lavra-3620120404\"><div id=\"lavra-slider-27\" class=\"custom-slider lavra-slider-779908511 lavra-slider\"><ul><li><div style=\"margin-left: auto;margin-right: auto;text-align: center;\" id=\"lavra-1109693810\"><a href=\"https:\/\/sistemas.lavras.mg.gov.br\/portalcidadao\/#df1b1a7c7b2a290bcb31e32771e610784662739a88807c0dacac58ede5f391a7530e299dc302d611ee73cb143fc22eaf93592e53e7b5bdb01b00a0b8d28dae460c141dd2ff83412e4dc1c31b16b25f33144a9e5620ea73b13f5bc1c59411d98439ad226e8af03840603796067d87afe130812cf3de24982d0e306f9e61e764e5\" aria-label=\"Lavras-TV&#8211;720x104px (1) (1)\"><img src=\"https:\/\/lavras.tv\/site\/wp-content\/uploads\/2025\/01\/Lavras-TV-720x104px-1-1.png\" alt=\"\"  srcset=\"https:\/\/lavras.tv\/site\/wp-content\/uploads\/2025\/01\/Lavras-TV-720x104px-1-1.png 720w, https:\/\/lavras.tv\/site\/wp-content\/uploads\/2025\/01\/Lavras-TV-720x104px-1-1-470x68.png 470w, https:\/\/lavras.tv\/site\/wp-content\/uploads\/2025\/01\/Lavras-TV-720x104px-1-1-170x25.png 170w, https:\/\/lavras.tv\/site\/wp-content\/uploads\/2025\/01\/Lavras-TV-720x104px-1-1-200x29.png 200w\" sizes=\"(max-width: 720px) 100vw, 720px\" width=\"720\" height=\"104\"  style=\"display: inline-block;\" \/><\/a><\/div><\/li><li><a href=\"https:\/\/sistemas.lavras.mg.gov.br\/portalcidadao\/#df1b1a7c7b2a290bcb31e32771e610784662739a88807c0dacac58ede5f391a7530e299dc302d611ee73cb143fc22eaf93592e53e7b5bdb01b00a0b8d28dae460c141dd2ff83412e4dc1c31b16b25f33144a9e5620ea73b13f5bc1c59411d98439ad226e8af03840603796067d87afe130812cf3de24982d0e306f9e61e764e5\" aria-label=\"Banner_Emprego_PortallavrasTV\"><img src=\"https:\/\/lavras.tv\/site\/wp-content\/uploads\/2025\/03\/Banner_Emprego_PortallavrasTV.png\" alt=\"\"  srcset=\"https:\/\/lavras.tv\/site\/wp-content\/uploads\/2025\/03\/Banner_Emprego_PortallavrasTV.png 720w, https:\/\/lavras.tv\/site\/wp-content\/uploads\/2025\/03\/Banner_Emprego_PortallavrasTV-470x68.png 470w, https:\/\/lavras.tv\/site\/wp-content\/uploads\/2025\/03\/Banner_Emprego_PortallavrasTV-170x25.png 170w, https:\/\/lavras.tv\/site\/wp-content\/uploads\/2025\/03\/Banner_Emprego_PortallavrasTV-200x29.png 200w\" sizes=\"(max-width: 720px) 100vw, 720px\" width=\"720\" height=\"104\"   \/><\/a><\/li><li><a href=\"https:\/\/sistemas.lavras.mg.gov.br\/portalcidadao\/#df1b1a7c7b2a290bcb31e32771e610784662739a88807c0dacac58ede5f391a7530e299dc302d611ee73cb143fc22eaf93592e53e7b5bdb01b00a0b8d28dae460c141dd2ff83412e4dc1c31b16b25f33144a9e5620ea73b13f5bc1c59411d98439ad226e8af03840603796067d87afe130812cf3de24982d0e306f9e61e764e5\" aria-label=\"Banner_Obras_PortallavrasTV\"><img src=\"https:\/\/lavras.tv\/site\/wp-content\/uploads\/2025\/03\/Banner_Obras_PortallavrasTV.png\" alt=\"\"  srcset=\"https:\/\/lavras.tv\/site\/wp-content\/uploads\/2025\/03\/Banner_Obras_PortallavrasTV.png 720w, https:\/\/lavras.tv\/site\/wp-content\/uploads\/2025\/03\/Banner_Obras_PortallavrasTV-470x68.png 470w, https:\/\/lavras.tv\/site\/wp-content\/uploads\/2025\/03\/Banner_Obras_PortallavrasTV-170x25.png 170w, https:\/\/lavras.tv\/site\/wp-content\/uploads\/2025\/03\/Banner_Obras_PortallavrasTV-200x29.png 200w\" sizes=\"(max-width: 720px) 100vw, 720px\" width=\"720\" height=\"104\"   \/><\/a><\/li><li><div style=\"margin-left: auto;margin-right: auto;text-align: center;\" id=\"lavra-1670106169\"><a href=\"https:\/\/sistemas.lavras.mg.gov.br\/portalcidadao\/#df1b1a7c7b2a290bcb31e32771e610784662739a88807c0dacac58ede5f391a7530e299dc302d611ee73cb143fc22eaf93592e53e7b5bdb01b00a0b8d28dae460c141dd2ff83412e4dc1c31b16b25f33144a9e5620ea73b13f5bc1c59411d98439ad226e8af03840603796067d87afe130812cf3de24982d0e306f9e61e764e5\" aria-label=\"Banner_Educa\u00e7\u00e3o_PortallavrasTV\"><img src=\"https:\/\/lavras.tv\/site\/wp-content\/uploads\/2025\/01\/Banner_Educacao_PortallavrasTV.png\" alt=\"\"  srcset=\"https:\/\/lavras.tv\/site\/wp-content\/uploads\/2025\/01\/Banner_Educacao_PortallavrasTV.png 720w, https:\/\/lavras.tv\/site\/wp-content\/uploads\/2025\/01\/Banner_Educacao_PortallavrasTV-470x68.png 470w, https:\/\/lavras.tv\/site\/wp-content\/uploads\/2025\/01\/Banner_Educacao_PortallavrasTV-170x25.png 170w, https:\/\/lavras.tv\/site\/wp-content\/uploads\/2025\/01\/Banner_Educacao_PortallavrasTV-200x29.png 200w\" sizes=\"(max-width: 720px) 100vw, 720px\" width=\"720\" height=\"104\"  style=\"display: inline-block;\" \/><\/a><\/div><\/li><li><a href=\"https:\/\/sistemas.lavras.mg.gov.br\/portalcidadao\/#df1b1a7c7b2a290bcb31e32771e610784662739a88807c0dacac58ede5f391a7530e299dc302d611ee73cb143fc22eaf93592e53e7b5bdb01b00a0b8d28dae460c141dd2ff83412e4dc1c31b16b25f33144a9e5620ea73b13f5bc1c59411d98439ad226e8af03840603796067d87afe130812cf3de24982d0e306f9e61e764e5\" aria-label=\"Banner_Sa\u00fade_PortallavrasTV\"><img src=\"https:\/\/lavras.tv\/site\/wp-content\/uploads\/2025\/03\/Banner_Saude_PortallavrasTV.png\" alt=\"\"  srcset=\"https:\/\/lavras.tv\/site\/wp-content\/uploads\/2025\/03\/Banner_Saude_PortallavrasTV.png 720w, https:\/\/lavras.tv\/site\/wp-content\/uploads\/2025\/03\/Banner_Saude_PortallavrasTV-470x68.png 470w, https:\/\/lavras.tv\/site\/wp-content\/uploads\/2025\/03\/Banner_Saude_PortallavrasTV-170x25.png 170w, https:\/\/lavras.tv\/site\/wp-content\/uploads\/2025\/03\/Banner_Saude_PortallavrasTV-200x29.png 200w\" sizes=\"(max-width: 720px) 100vw, 720px\" width=\"720\" height=\"104\"   \/><\/a><\/li><li><div id=\"lavra-3427232238\" style=\"width:720px;height:104px;background-color:#ddd;overflow:scroll;\">\n\t<strong>Sa\u00edda da depura\u00e7\u00e3o de an\u00fancios<\/strong>\n\t<br><br>\n\tO an\u00fancio n\u00e3o \u00e9 exibido na p\u00e1gina<br><br>post atual: SESC divulga programa\u00e7\u00e3o do Outubro Rosa em Lavras, ID: 2624<br><br><span style=\"color: red;\">O post atual n\u00e3o \u00e9 id\u00eantico ao post principal.<\/span><br><br>An\u00fancios: ROXO - TOPO INTERNA - ROTATIVO 2 (197)<br \/>Grupo de an\u00fancios: Princ_Meio01_720x104 (27)<br><br>Condi\u00e7\u00f5es de exibi\u00e7\u00e3o<div style=\"margin-bottom: 20px; white-space: pre-wrap; font-family: monospace; width: 100%; background: #ffe9e9;\"><strong>condi\u00e7\u00f5es gerais<\/strong><table border=\"1\"><thead><tr><th><\/th><th>An\u00fancios<\/th><th>wp_the_query<\/th><\/tr><\/thead><tr><td>is_main_query<\/td><td>1<\/td><td>1<\/td><\/tr><tr><td>is_rest_api<\/td><td>0<\/td><td>1<\/td><\/tr><tr><td>page<\/td><td>0<\/td><td>1<\/td><\/tr><tr><td>numpages<\/td><td>0<\/td><td>1<\/td><\/tr><tr><td>is_archive<\/td><td>1<\/td><td><\/td><\/tr><tr><td>is_search<\/td><td>1<\/td><td><\/td><\/tr><tr><td>is_home<\/td><td>1<\/td><td><\/td><\/tr><tr><td>is_404<\/td><td>1<\/td><td><\/td><\/tr><tr><td>is_attachment<\/td><td>1<\/td><td><\/td><\/tr><tr><td>is_singular<\/td><td>1<\/td><td><\/td><\/tr><tr><td>is_front_page<\/td><td>1<\/td><td><\/td><\/tr><tr><td>is_feed<\/td><td>1<\/td><td><\/td><\/tr><\/table><\/div><br><br><span style=\"color: red;\">Seu site usa HTTPS, mas o c\u00f3digo do an\u00fancio cont\u00e9m HTTP e pode n\u00e3o funcionar.<\/span>\t<br><br>\n\t<a style=\"color: green;\" href=\"https:\/\/wpadvancedads.com\/manual\/ad-debug-mode\/?utm_source=advanced-ads&utm_medium=link&utm_campaign=ad-debug-mode\" target=\"_blank\" rel=\"nofollow\">Encontre solu\u00e7\u00f5es no manual<\/a>\n<\/div>\n<\/li><\/ul><\/div><script>( window.advanced_ads_ready || jQuery( document ).ready ).call( null, function() {var $lavraslider779908511 = jQuery( \".lavra-slider-779908511\" );$lavraslider779908511.on( \"unslider.ready\", function() { jQuery( \"div.custom-slider ul li\" ).css( \"display\", \"block\" ); });$lavraslider779908511.unslider({ delay:4000, autoplay:true, nav:false, arrows:false, infinite:true });$lavraslider779908511.on(\"mouseover\", function() {$lavraslider779908511.unslider(\"stop\");}).on(\"mouseout\", function() {$lavraslider779908511.unslider(\"start\");});});<\/script><\/div><p>Sentir-se bem com o seu corpo e escolher se cuidar todos os dias. <!--more-->Essa \u00e9 a mensagem da campanha Outubro Rosa Sesc deste ano. Para refor\u00e7ar a import\u00e2ncia do cuidado com a sa\u00fade da mulher, durante todo o m\u00eas de outubro, a unidade do Sesc em Lavras promover\u00e1 uma s\u00e9rie de atividades gratuitas de educa\u00e7\u00e3o em sa\u00fade para o trabalhador do com\u00e9rcio de bens, servi\u00e7os e turismo e para a sociedade em geral.<img fetchpriority=\"high\" decoding=\"async\" class=\" wp-image-2625 alignright\" src=\"http:\/\/lavras.tv\/site\/wp-content\/uploads\/2016\/09\/Outubro-Rosa.png\" alt=\"outubro-rosa\" width=\"573\" height=\"340\" srcset=\"https:\/\/lavras.tv\/site\/wp-content\/uploads\/2016\/09\/Outubro-Rosa.png 2478w, https:\/\/lavras.tv\/site\/wp-content\/uploads\/2016\/09\/Outubro-Rosa-150x89.png 150w, https:\/\/lavras.tv\/site\/wp-content\/uploads\/2016\/09\/Outubro-Rosa-300x178.png 300w, https:\/\/lavras.tv\/site\/wp-content\/uploads\/2016\/09\/Outubro-Rosa-1024x607.png 1024w\" sizes=\"(max-width: 573px) 100vw, 573px\" \/><\/p>\n<p>Ser\u00e3o palestras, apresenta\u00e7\u00e3o teatral, rodas de conversa, din\u00e2micas, blitzes educativas, apresenta\u00e7\u00f5es art\u00edsticas e muito mais.<\/p>\n<p>O c\u00e2ncer de mama \u00e9 o segundo tipo mais frequente no mundo, al\u00e9m de ser o mais incidente na popula\u00e7\u00e3o feminina. Simples cuidados e pequenas atitudes podem fazer a diferen\u00e7a. Ir ao m\u00e9dico e realizar os exames cl\u00ednicos periodicamente pode ser o primeiro passo para um alerta. Quanto antes diagnosticado, o tratamento \u00e9 mais eficiente.<\/p>\n<p><b>Outubro Rosa<\/b><\/p>\n<p>O movimento mundial de luta contra o c\u00e2ncer de mama surgiu nos Estados Unidos, nos anos 90. No Brasil, a primeira iniciativa aconteceu em 2002, quando o monumento Mausol\u00e9u do Soldado Constitucionalista, em S\u00e3o Paulo, foi iluminado na cor rosa. O Sesc aderiu \u00e0 campanha em 2012 como forma de trabalhar a orienta\u00e7\u00e3o e preven\u00e7\u00e3o do c\u00e2ncer de mama junto \u00e0 popula\u00e7\u00e3o em geral, uma vez que esse tipo de c\u00e2ncer \u00e9 o mais frequente no mundo e o mais comum entre as mulheres, correspondendo a 22% dos novos casos a cada ano. A boa not\u00edcia \u00e9: se detectada precocemente, as chances de cura para a doen\u00e7a s\u00e3o de 90%.<\/p>\n<p>Por isso, na campanha deste ano, o alerta do Sesc \u00e9 para a import\u00e2ncia de se cuidar todos os dias. Nossa sa\u00fade pode depender s\u00f3 de uma atitude nossa: a escolha.<\/p>\n<p><strong>Confira a programa\u00e7\u00e3o do \u201cOutubro Rosa\u201d em Lavras<\/strong><\/p>\n<p><strong>03\/out<\/strong><\/p>\n<p>Palestra Educativa<br \/>\nHor\u00e1rio: 8h e 19h<br \/>\nLocal: Escola Estadual Azarias Ribeiro<\/p>\n<p><strong>04\/out\u00a0<\/strong><\/p>\n<p>Palestra Educativa<br \/>\nHor\u00e1rio: 8h e 19h<br \/>\nLocal: Escola Municipal Dra Damina<br \/>\nBlitz com Distribui\u00e7\u00e3o de Folders<br \/>\nHor\u00e1rio: 13h.<\/p>\n<p>Local: Portaria da Universidade Federal de Lavras<\/p>\n<p><strong>Dia 05\/10<\/strong><\/p>\n<p>Palestra Educativa<br \/>\nHor\u00e1rio: 8h e 19h<br \/>\nLocal: Escola Municipal Umbelina Azevedo Avellar<\/p>\n<p><strong>Dia 06\/10<\/strong><\/p>\n<p>Palestra Educativa<br \/>\nHor\u00e1rio: 7h<br \/>\nLocal: FADMinas<br \/>\nOficina Alunos PHE<br \/>\nHor\u00e1rio: 9h25 e 15h25 Local: Ag\u00eancia Sesc Lavras<\/p>\n<p><strong>08\/10<\/strong><\/p>\n<p>Blitz com Distribui\u00e7\u00e3o de Folders<br \/>\nHor\u00e1rio: 8h \u00e0s 11h<br \/>\nLocal: Rua Francisco Sales<\/p>\n<p><strong>Dia 08\/10<\/strong><\/p>\n<p>Mobiliza\u00e7\u00e3o e apresenta\u00e7\u00e3o art\u00edstica<br \/>\nHor\u00e1rio: 21h<br \/>\nLocal: Shopping Lavras<\/p>\n<p><strong>Dia 09\/10<\/strong><\/p>\n<p>Mobiliza\u00e7\u00e3o, Apresenta\u00e7\u00e3o Art\u00edstica, aferi\u00e7\u00e3o de glicemia, PA,orienta\u00e7\u00f5es e ponto para fotos<br \/>\nHor\u00e1rio: 8h \u00e0s 13h<br \/>\nLocal: Pra\u00e7a Dr. Augusto Silva<\/p>\n<p><strong>Dia 10\/10<\/strong><\/p>\n<p>Vitrine Rosa e Orienta\u00e7\u00f5es<br \/>\nHor\u00e1rio: 9h<br \/>\nLocal: Com\u00e9rcios de Lavras<\/p>\n<p><strong>Dia 11\/10<\/strong><\/p>\n<p>Roda de Conversa e orienta\u00e7\u00f5es em sa\u00fade<br \/>\nLocal: Supermercado Rex<br \/>\nHor\u00e1rio: 7h e 14h<\/p>\n<p><strong>Dia 14\/10<\/strong><\/p>\n<p>Palestra Educativa<br \/>\nLocal: Educativa GF Supermercados<br \/>\nHor\u00e1rio: 7h<\/p>\n<p><strong>Dia 17\/10<\/strong><\/p>\n<p>Palestra Educativa<br \/>\nLocal: Escola Estadual Jo\u00e3o Batista Hermeto<br \/>\nHor\u00e1rio: 8h<\/p>\n<p><strong>Dia 18\/10<\/strong><\/p>\n<p>Palestra Educativa<br \/>\nLocal: Escola Estadual Cristiano de Souza<br \/>\nHor\u00e1rio: 8h e 19h<\/p>\n<p><strong>19\/10<\/strong><\/p>\n<p>Palestra Educativa<br \/>\nLocal: Escola Estadual Mauricio Zackia \u2013 Ijaci<br \/>\nHor\u00e1rio: 8h<\/p>\n<p><strong>20\/out<\/strong><\/p>\n<p>Roda de Conversa e Orienta\u00e7\u00f5es<br \/>\nLocal: ABC Supermercados<br \/>\nHor\u00e1rio: 7h<\/p>\n<p>Caminhada Rosa<\/p>\n<p>Local: Pra\u00e7a Governador Valadares, Santo Ant\u00f4nio do Amparo<br \/>\nHor\u00e1rio: 15h<\/p>\n<p><strong>Dia 22\/10<\/strong><\/p>\n<p>Roda de Conversa<br \/>\nLocal: Loj\u00e3o das F\u00e1bricas<br \/>\nHor\u00e1rio: 8h<\/p>\n<p><strong>Dia 23\/10<\/strong><\/p>\n<p>Passeio de Bicicleta<br \/>\nLocal: Pra\u00e7a Dr. Jorge \u00e0 ag\u00eancia do Sesc<br \/>\nHor\u00e1rio: 10h<\/p>\n<p><strong>Dia 31\/10<\/strong><\/p>\n<p>Palestra Educativa<br \/>\nLocal: Escola Estadual Tiradentes<br \/>\nHor\u00e1rio: 8h<br \/>\nPalestra Educativa<br \/>\nLocal: Escola Estadual Cinira de Carvalho<br \/>\nHor\u00e1rio: 10h<br \/>\nRoda de Conversa<br \/>\nLocal: Sesc Lavras<br \/>\nHor\u00e1rio: 19h<\/p>\n","protected":false},"excerpt":{"rendered":"<p>Sentir-se bem com o seu corpo e escolher se cuidar todos os dias.<\/p>\n","protected":false},"author":2,"featured_media":2626,"comment_status":"closed","ping_status":"open","sticky":false,"template":"","format":"standard","meta":{"advgb_blocks_editor_width":"","advgb_blocks_columns_visual_guide":"","_exactmetrics_skip_tracking":false,"_exactmetrics_sitenote_active":false,"_exactmetrics_sitenote_note":"","_exactmetrics_sitenote_category":0,"footnotes":""},"categories":[7,2],"tags":[34,927,926],"class_list":["post-2624","post","type-post","status-publish","format-standard","has-post-thumbnail","hentry","category-destaques","category-noticias","tag-lavras","tag-outubro-rosa","tag-sesc"],"better_featured_image":{"id":2626,"alt_text":"","caption":"","description":"","media_type":"image","media_details":{"width":2364,"height":1772,"file":"2016\/09\/Outubro-Rosa.jpg","sizes":{"thumbnail":{"file":"Outubro-Rosa-150x112.jpg","width":150,"height":112,"mime-type":"image\/jpeg","source_url":"https:\/\/lavras.tv\/site\/wp-content\/uploads\/2016\/09\/Outubro-Rosa-150x112.jpg"},"medium":{"file":"Outubro-Rosa-300x225.jpg","width":300,"height":225,"mime-type":"image\/jpeg","source_url":"https:\/\/lavras.tv\/site\/wp-content\/uploads\/2016\/09\/Outubro-Rosa-300x225.jpg"},"large":{"file":"Outubro-Rosa-1024x768.jpg","width":1024,"height":768,"mime-type":"image\/jpeg","source_url":"https:\/\/lavras.tv\/site\/wp-content\/uploads\/2016\/09\/Outubro-Rosa-1024x768.jpg"},"featured-slider-img":{"file":"Outubro-Rosa-640x480.jpg","width":640,"height":480,"mime-type":"image\/jpeg","source_url":"https:\/\/lavras.tv\/site\/wp-content\/uploads\/2016\/09\/Outubro-Rosa-640x480.jpg"},"featured-post-img":{"file":"Outubro-Rosa-480x320.jpg","width":480,"height":320,"mime-type":"image\/jpeg","source_url":"https:\/\/lavras.tv\/site\/wp-content\/uploads\/2016\/09\/Outubro-Rosa-480x320.jpg"},"sow-carousel-default":{"file":"Outubro-Rosa-272x182.jpg","width":272,"height":182,"mime-type":"image\/jpeg","source_url":"https:\/\/lavras.tv\/site\/wp-content\/uploads\/2016\/09\/Outubro-Rosa-272x182.jpg"}},"image_meta":{"aperture":"0","credit":"Walter Carneiro Leal Neto","camera":"","caption":"","created_timestamp":"1349343297","copyright":"","focal_length":"0","iso":"0","shutter_speed":"0","title":"","orientation":"0","keywords":[]}},"post":2624,"source_url":"https:\/\/lavras.tv\/site\/wp-content\/uploads\/2016\/09\/Outubro-Rosa.jpg"},"author_meta":{"display_name":"Lavras TV","author_link":"https:\/\/lavras.tv\/site\/author\/lavrastv\/"},"featured_img":"https:\/\/lavras.tv\/site\/wp-content\/uploads\/2016\/09\/Outubro-Rosa-300x225.jpg","coauthors":[],"tax_additional":{"categories":{"linked":["<a href=\"https:\/\/lavras.tv\/site\/category\/destaques\/\" class=\"advgb-post-tax-term\">Destaques<\/a>","<a href=\"https:\/\/lavras.tv\/site\/category\/noticias\/\" class=\"advgb-post-tax-term\">Not\u00edcias<\/a>"],"unlinked":["<span class=\"advgb-post-tax-term\">Destaques<\/span>","<span class=\"advgb-post-tax-term\">Not\u00edcias<\/span>"]},"tags":{"linked":["<a href=\"https:\/\/lavras.tv\/site\/category\/noticias\/\" class=\"advgb-post-tax-term\">lavras<\/a>","<a href=\"https:\/\/lavras.tv\/site\/category\/noticias\/\" class=\"advgb-post-tax-term\">Outubro Rosa<\/a>","<a href=\"https:\/\/lavras.tv\/site\/category\/noticias\/\" class=\"advgb-post-tax-term\">SESC<\/a>"],"unlinked":["<span class=\"advgb-post-tax-term\">lavras<\/span>","<span class=\"advgb-post-tax-term\">Outubro Rosa<\/span>","<span class=\"advgb-post-tax-term\">SESC<\/span>"]}},"comment_count":"0","relative_dates":{"created":"Publicado 10 anos atr\u00e1s","modified":"Atualizado 10 anos atr\u00e1s"},"absolute_dates":{"created":"Publicado em 28 de setembro de 2016","modified":"Atualizado em 28 de setembro de 2016"},"absolute_dates_time":{"created":"Publicado em 28 de setembro de 2016 15:42","modified":"Atualizado em 28 de setembro de 2016 15:42"},"featured_img_caption":"","series_order":"","_links":{"self":[{"href":"https:\/\/lavras.tv\/site\/wp-json\/wp\/v2\/posts\/2624","targetHints":{"allow":["GET"]}}],"collection":[{"href":"https:\/\/lavras.tv\/site\/wp-json\/wp\/v2\/posts"}],"about":[{"href":"https:\/\/lavras.tv\/site\/wp-json\/wp\/v2\/types\/post"}],"author":[{"embeddable":true,"href":"https:\/\/lavras.tv\/site\/wp-json\/wp\/v2\/users\/2"}],"replies":[{"embeddable":true,"href":"https:\/\/lavras.tv\/site\/wp-json\/wp\/v2\/comments?post=2624"}],"version-history":[{"count":1,"href":"https:\/\/lavras.tv\/site\/wp-json\/wp\/v2\/posts\/2624\/revisions"}],"predecessor-version":[{"id":2627,"href":"https:\/\/lavras.tv\/site\/wp-json\/wp\/v2\/posts\/2624\/revisions\/2627"}],"wp:featuredmedia":[{"embeddable":true,"href":"https:\/\/lavras.tv\/site\/wp-json\/wp\/v2\/media\/2626"}],"wp:attachment":[{"href":"https:\/\/lavras.tv\/site\/wp-json\/wp\/v2\/media?parent=2624"}],"wp:term":[{"taxonomy":"category","embeddable":true,"href":"https:\/\/lavras.tv\/site\/wp-json\/wp\/v2\/categories?post=2624"},{"taxonomy":"post_tag","embeddable":true,"href":"https:\/\/lavras.tv\/site\/wp-json\/wp\/v2\/tags?post=2624"}],"curies":[{"name":"wp","href":"https:\/\/api.w.org\/{rel}","templated":true}]}}