{"id":2686,"date":"2016-09-30T08:26:37","date_gmt":"2016-09-30T11:26:37","guid":{"rendered":"http:\/\/lavras.tv\/site\/?p=2686"},"modified":"2016-09-30T08:26:37","modified_gmt":"2016-09-30T11:26:37","slug":"eleitor-deve-se-preparar-para-participar-das-eleicoes","status":"publish","type":"post","link":"https:\/\/lavras.tv\/site\/2016\/09\/30\/eleitor-deve-se-preparar-para-participar-das-eleicoes\/","title":{"rendered":"Eleitor deve se preparar para participar das elei\u00e7\u00f5es"},"content":{"rendered":"<div class=\"lavra-antes-do-conteudo_2\" id=\"lavra-1832445408\"><div id=\"lavra-slider-27\" class=\"custom-slider lavra-slider-137264253 lavra-slider\"><ul><li><div style=\"margin-left: auto;margin-right: auto;text-align: center;\" id=\"lavra-3598235228\"><a href=\"https:\/\/sistemas.lavras.mg.gov.br\/portalcidadao\/#df1b1a7c7b2a290bcb31e32771e610784662739a88807c0dacac58ede5f391a7530e299dc302d611ee73cb143fc22eaf93592e53e7b5bdb01b00a0b8d28dae460c141dd2ff83412e4dc1c31b16b25f33144a9e5620ea73b13f5bc1c59411d98439ad226e8af03840603796067d87afe130812cf3de24982d0e306f9e61e764e5\" aria-label=\"Lavras-TV&#8211;720x104px (1) (1)\"><img src=\"https:\/\/lavras.tv\/site\/wp-content\/uploads\/2025\/01\/Lavras-TV-720x104px-1-1.png\" alt=\"\"  srcset=\"https:\/\/lavras.tv\/site\/wp-content\/uploads\/2025\/01\/Lavras-TV-720x104px-1-1.png 720w, https:\/\/lavras.tv\/site\/wp-content\/uploads\/2025\/01\/Lavras-TV-720x104px-1-1-470x68.png 470w, https:\/\/lavras.tv\/site\/wp-content\/uploads\/2025\/01\/Lavras-TV-720x104px-1-1-170x25.png 170w, https:\/\/lavras.tv\/site\/wp-content\/uploads\/2025\/01\/Lavras-TV-720x104px-1-1-200x29.png 200w\" sizes=\"(max-width: 720px) 100vw, 720px\" width=\"720\" height=\"104\"  style=\"display: inline-block;\" \/><\/a><\/div><\/li><li><a href=\"https:\/\/sistemas.lavras.mg.gov.br\/portalcidadao\/#df1b1a7c7b2a290bcb31e32771e610784662739a88807c0dacac58ede5f391a7530e299dc302d611ee73cb143fc22eaf93592e53e7b5bdb01b00a0b8d28dae460c141dd2ff83412e4dc1c31b16b25f33144a9e5620ea73b13f5bc1c59411d98439ad226e8af03840603796067d87afe130812cf3de24982d0e306f9e61e764e5\" aria-label=\"Banner_Emprego_PortallavrasTV\"><img src=\"https:\/\/lavras.tv\/site\/wp-content\/uploads\/2025\/03\/Banner_Emprego_PortallavrasTV.png\" alt=\"\"  srcset=\"https:\/\/lavras.tv\/site\/wp-content\/uploads\/2025\/03\/Banner_Emprego_PortallavrasTV.png 720w, https:\/\/lavras.tv\/site\/wp-content\/uploads\/2025\/03\/Banner_Emprego_PortallavrasTV-470x68.png 470w, https:\/\/lavras.tv\/site\/wp-content\/uploads\/2025\/03\/Banner_Emprego_PortallavrasTV-170x25.png 170w, https:\/\/lavras.tv\/site\/wp-content\/uploads\/2025\/03\/Banner_Emprego_PortallavrasTV-200x29.png 200w\" sizes=\"(max-width: 720px) 100vw, 720px\" width=\"720\" height=\"104\"   \/><\/a><\/li><li><a href=\"https:\/\/sistemas.lavras.mg.gov.br\/portalcidadao\/#df1b1a7c7b2a290bcb31e32771e610784662739a88807c0dacac58ede5f391a7530e299dc302d611ee73cb143fc22eaf93592e53e7b5bdb01b00a0b8d28dae460c141dd2ff83412e4dc1c31b16b25f33144a9e5620ea73b13f5bc1c59411d98439ad226e8af03840603796067d87afe130812cf3de24982d0e306f9e61e764e5\" aria-label=\"Banner_Obras_PortallavrasTV\"><img src=\"https:\/\/lavras.tv\/site\/wp-content\/uploads\/2025\/03\/Banner_Obras_PortallavrasTV.png\" alt=\"\"  srcset=\"https:\/\/lavras.tv\/site\/wp-content\/uploads\/2025\/03\/Banner_Obras_PortallavrasTV.png 720w, https:\/\/lavras.tv\/site\/wp-content\/uploads\/2025\/03\/Banner_Obras_PortallavrasTV-470x68.png 470w, https:\/\/lavras.tv\/site\/wp-content\/uploads\/2025\/03\/Banner_Obras_PortallavrasTV-170x25.png 170w, https:\/\/lavras.tv\/site\/wp-content\/uploads\/2025\/03\/Banner_Obras_PortallavrasTV-200x29.png 200w\" sizes=\"(max-width: 720px) 100vw, 720px\" width=\"720\" height=\"104\"   \/><\/a><\/li><li><div style=\"margin-left: auto;margin-right: auto;text-align: center;\" id=\"lavra-1839370731\"><a href=\"https:\/\/sistemas.lavras.mg.gov.br\/portalcidadao\/#df1b1a7c7b2a290bcb31e32771e610784662739a88807c0dacac58ede5f391a7530e299dc302d611ee73cb143fc22eaf93592e53e7b5bdb01b00a0b8d28dae460c141dd2ff83412e4dc1c31b16b25f33144a9e5620ea73b13f5bc1c59411d98439ad226e8af03840603796067d87afe130812cf3de24982d0e306f9e61e764e5\" aria-label=\"Banner_Educa\u00e7\u00e3o_PortallavrasTV\"><img src=\"https:\/\/lavras.tv\/site\/wp-content\/uploads\/2025\/01\/Banner_Educacao_PortallavrasTV.png\" alt=\"\"  srcset=\"https:\/\/lavras.tv\/site\/wp-content\/uploads\/2025\/01\/Banner_Educacao_PortallavrasTV.png 720w, https:\/\/lavras.tv\/site\/wp-content\/uploads\/2025\/01\/Banner_Educacao_PortallavrasTV-470x68.png 470w, https:\/\/lavras.tv\/site\/wp-content\/uploads\/2025\/01\/Banner_Educacao_PortallavrasTV-170x25.png 170w, https:\/\/lavras.tv\/site\/wp-content\/uploads\/2025\/01\/Banner_Educacao_PortallavrasTV-200x29.png 200w\" sizes=\"(max-width: 720px) 100vw, 720px\" width=\"720\" height=\"104\"  style=\"display: inline-block;\" \/><\/a><\/div><\/li><li><a href=\"https:\/\/sistemas.lavras.mg.gov.br\/portalcidadao\/#df1b1a7c7b2a290bcb31e32771e610784662739a88807c0dacac58ede5f391a7530e299dc302d611ee73cb143fc22eaf93592e53e7b5bdb01b00a0b8d28dae460c141dd2ff83412e4dc1c31b16b25f33144a9e5620ea73b13f5bc1c59411d98439ad226e8af03840603796067d87afe130812cf3de24982d0e306f9e61e764e5\" aria-label=\"Banner_Sa\u00fade_PortallavrasTV\"><img src=\"https:\/\/lavras.tv\/site\/wp-content\/uploads\/2025\/03\/Banner_Saude_PortallavrasTV.png\" alt=\"\"  srcset=\"https:\/\/lavras.tv\/site\/wp-content\/uploads\/2025\/03\/Banner_Saude_PortallavrasTV.png 720w, https:\/\/lavras.tv\/site\/wp-content\/uploads\/2025\/03\/Banner_Saude_PortallavrasTV-470x68.png 470w, https:\/\/lavras.tv\/site\/wp-content\/uploads\/2025\/03\/Banner_Saude_PortallavrasTV-170x25.png 170w, https:\/\/lavras.tv\/site\/wp-content\/uploads\/2025\/03\/Banner_Saude_PortallavrasTV-200x29.png 200w\" sizes=\"(max-width: 720px) 100vw, 720px\" width=\"720\" height=\"104\"   \/><\/a><\/li><li><div id=\"lavra-1580090897\" style=\"width:720px;height:104px;background-color:#ddd;overflow:scroll;\">\n\t<strong>Sa\u00edda da depura\u00e7\u00e3o de an\u00fancios<\/strong>\n\t<br><br>\n\tO an\u00fancio n\u00e3o \u00e9 exibido na p\u00e1gina<br><br>post atual: Eleitor deve se preparar para participar das elei\u00e7\u00f5es, ID: 2686<br><br><span style=\"color: red;\">O post atual n\u00e3o \u00e9 id\u00eantico ao post principal.<\/span><br><br>An\u00fancios: ROXO - TOPO INTERNA - ROTATIVO 2 (197)<br \/>Grupo de an\u00fancios: Princ_Meio01_720x104 (27)<br><br>Condi\u00e7\u00f5es de exibi\u00e7\u00e3o<div style=\"margin-bottom: 20px; white-space: pre-wrap; font-family: monospace; width: 100%; background: #ffe9e9;\"><strong>condi\u00e7\u00f5es gerais<\/strong><table border=\"1\"><thead><tr><th><\/th><th>An\u00fancios<\/th><th>wp_the_query<\/th><\/tr><\/thead><tr><td>is_main_query<\/td><td>1<\/td><td>1<\/td><\/tr><tr><td>is_rest_api<\/td><td>0<\/td><td>1<\/td><\/tr><tr><td>page<\/td><td>0<\/td><td>1<\/td><\/tr><tr><td>numpages<\/td><td>0<\/td><td>1<\/td><\/tr><tr><td>is_archive<\/td><td>1<\/td><td><\/td><\/tr><tr><td>is_search<\/td><td>1<\/td><td><\/td><\/tr><tr><td>is_home<\/td><td>1<\/td><td><\/td><\/tr><tr><td>is_404<\/td><td>1<\/td><td><\/td><\/tr><tr><td>is_attachment<\/td><td>1<\/td><td><\/td><\/tr><tr><td>is_singular<\/td><td>1<\/td><td><\/td><\/tr><tr><td>is_front_page<\/td><td>1<\/td><td><\/td><\/tr><tr><td>is_feed<\/td><td>1<\/td><td><\/td><\/tr><\/table><\/div><br><br><span style=\"color: red;\">Seu site usa HTTPS, mas o c\u00f3digo do an\u00fancio cont\u00e9m HTTP e pode n\u00e3o funcionar.<\/span>\t<br><br>\n\t<a style=\"color: green;\" href=\"https:\/\/wpadvancedads.com\/manual\/ad-debug-mode\/?utm_source=advanced-ads&utm_medium=link&utm_campaign=ad-debug-mode\" target=\"_blank\" rel=\"nofollow\">Encontre solu\u00e7\u00f5es no manual<\/a>\n<\/div>\n<\/li><\/ul><\/div><script>( window.advanced_ads_ready || jQuery( document ).ready ).call( null, function() {var $lavraslider137264253 = jQuery( \".lavra-slider-137264253\" );$lavraslider137264253.on( \"unslider.ready\", function() { jQuery( \"div.custom-slider ul li\" ).css( \"display\", \"block\" ); });$lavraslider137264253.unslider({ delay:4000, autoplay:true, nav:false, arrows:false, infinite:true });$lavraslider137264253.on(\"mouseover\", function() {$lavraslider137264253.unslider(\"stop\");}).on(\"mouseout\", function() {$lavraslider137264253.unslider(\"start\");});});<\/script><\/div><p>No dia 2 de outubro, <b>mais de 15 milh\u00f5es de eleitores <\/b>devem ir \u00e0s urnas em Minas Gerais escolher os prefeitos, vice-prefeitos e vereadores. Com a proximidade das elei\u00e7\u00f5es, \u00e9 comum surgirem <b>d\u00favidas<\/b> com rela\u00e7\u00e3o a temas como a documenta\u00e7\u00e3o necess\u00e1ria para votar, o hor\u00e1rio de vota\u00e7\u00e3o, como fazer para justificar, o que pode ser feito no dia etc.<\/p>\n<p><b>Hor\u00e1rio de vota\u00e7\u00e3o e documenta\u00e7\u00e3o<\/b><\/p>\n<p>No domingo (2), a vota\u00e7\u00e3o tem in\u00edcio \u00e0s <b>8h e vai at\u00e9 as 17h<\/b>. Para votar, o eleitor n\u00e3o precisa levar seu t\u00edtulo, mas \u00e9 imprescind\u00edvel que compare\u00e7a \u00e0 se\u00e7\u00e3o eleitoral com um <b>documento oficial de identifica\u00e7\u00e3o com foto, mesmo no caso de quem fez o cadastramento biom\u00e9trico<\/b>. S\u00e3o aceitos: carteira de identidade, certificado de reservista, carteira de trabalho, carteira nacional de habilita\u00e7\u00e3o com foto, identidades funcionais e o passaporte. Caso o eleitor n\u00e3o possua um documento com foto, n\u00e3o poder\u00e1 votar usando certid\u00e3o de nascimento ou de casamento. O t\u00edtulo de eleitor n\u00e3o \u00e9 obrigat\u00f3rio para que o cidad\u00e3o possa votar, mas a Justi\u00e7a Eleitoral recomenda que ele seja levado para facilitar a localiza\u00e7\u00e3o da se\u00e7\u00e3o no local de vota\u00e7\u00e3o.<\/p>\n<p>Tamb\u00e9m antes de sair de casa, o eleitor deve conferir onde fica <b>seu local de vota\u00e7\u00e3o, qual \u00e9 a sua se\u00e7\u00e3o e os n\u00fameros dos candidatos <\/b>escolhidos. Para saber esses dados, basta <b>consultar o <\/b><a class=\"external-link\" title=\"\" href=\"http:\/\/www.tre-mg.jus.br\/eleitor\/titulo-e-local-de-votacao\/titulo-e-local-de-votacao\" target=\"_blank\">site<\/a><a class=\"external-link\" title=\"\" href=\"http:\/\/www.tre-mg.jus.br\/eleitor\/titulo-e-local-de-votacao\/titulo-e-local-de-votacao\" target=\"_blank\"> do TRE-MG<\/a> ou o Disque-Eleitor (148). Para evitar contratempos e esquecimentos durante a vota\u00e7\u00e3o, o eleitor deve levar <a href=\"http:\/\/www.justicaeleitoral.jus.br\/arquivos\/tre-mg-colinha-eleicoes-2016\">colinha<\/a> (formato PDF) para garantir seu voto.<\/p>\n<p>Al\u00e9m disso, ficar atento ao hor\u00e1rio que a vota\u00e7\u00e3o finaliza \u00e9 imprescind\u00edvel. Vai poder votar somente o eleitor que chegar \u00e0 se\u00e7\u00e3o eleitoral at\u00e9 as 17 horas. Nesse hor\u00e1rio, caso ainda haja, na <b>fila<\/b>, pessoas para votar, elas v\u00e3o receber senha e v\u00e3o poder votar. Mas se o eleitor se atrasar e chegar ap\u00f3s a entrega das <b>senhas<\/b> n\u00e3o poder\u00e1 votar.<\/p>\n<p>&nbsp;<\/p>\n<p><b>O que o eleitor pode e n\u00e3o pode no dia da elei\u00e7\u00e3o<\/b><\/p>\n<p>O <b>dia das elei\u00e7\u00f5es<\/b> requer ao eleitor aten\u00e7\u00e3o a algumas <b>regras<\/b> estabelecidas na legisla\u00e7\u00e3o eleitoral. Na <b>cabina de vota\u00e7\u00e3o<\/b>\u00e9 <b>vedado<\/b> ao eleitor portar aparelho de telefonia celular, m\u00e1quinas fotogr\u00e1ficas, filmadoras, equipamento de radiocomunica\u00e7\u00e3o, ou qualquer instrumento que possa comprometer o sigilo do voto, devendo ficar retidos na Mesa Receptora enquanto o eleitor estiver votando (<a href=\"http:\/\/www.tse.jus.br\/legislacao\/codigo-eleitoral\/lei-das-eleicoes\/lei-das-eleicoes-lei-nb0-9.504-de-30-de-setembro-de-1997\">Lei n\u00b0 9.504\/97<\/a>, artigo 91-A, par\u00e1grafo \u00fanico).<\/p>\n<p>Durante sua participa\u00e7\u00e3o na vota\u00e7\u00e3o, \u00e9 <b>permitida<\/b> ao eleitor a\u00a0manifesta\u00e7\u00e3o <b>individual e silenciosa<\/b> da prefer\u00eancia do eleitor, revelada exclusivamente pelo uso de bandeiras, broches e adesivos. J\u00e1 a aglomera\u00e7\u00e3o de pessoas em qualquer local p\u00fablico ou aberto ao p\u00fablico portando vestu\u00e1rio padronizado, caracterizando manifesta\u00e7\u00e3o coletiva, \u00e9 proibida no dia da elei\u00e7\u00e3o.<\/p>\n<p>Apesar de a legisla\u00e7\u00e3o permitir a manifesta\u00e7\u00e3o do eleitor, ela n\u00e3o pode se transformar em <b>propaganda de boca de urna ou pedido de votos<\/b>. A arregimenta\u00e7\u00e3o (o recrutamento) de eleitores ou a propaganda de boca de urna \u00e9 crime eleitoral (Lei n\u00ba 9.504\/97, art. 39, \u00a7 5\u00ba, I a III).<\/p>\n<p>&nbsp;<\/p>\n<p><b>Justificativa<\/b><\/p>\n<p>O\u00a0eleitor que estiver <b>fora de sua cidade<\/b> pode <b>justificar a aus\u00eancia<\/b> em qualquer local de vota\u00e7\u00e3o, das <b>8h \u00e0s 17h<\/b>. Para justificar no dia da elei\u00e7\u00e3o, o eleitor dever\u00e1 ter o n\u00famero do t\u00edtulo, um documento de identifica\u00e7\u00e3o <b>com foto<\/b> e o <a href=\"http:\/\/www.justicaeleitoral.jus.br\/arquivos\/tre-mg-formulario-de-justificativa-eleitoral-2016\">formul\u00e1rio de justificativa<\/a> \u00a0preenchido. Se o eleitor n\u00e3o se justificar no dia das elei\u00e7\u00f5es, tem <b>at\u00e9 60 dias<\/b> para faz\u00ea-lo (at\u00e9 1\u00ba de dezembro de 2016, com rela\u00e7\u00e3o ao primeiro turno e at\u00e9 29 de dezembro de 2016, com rela\u00e7\u00e3o ao segundo turno), em qualquer cart\u00f3rio eleitoral, apresentando documento que justifique a aus\u00eancia, por exemplo, atestado m\u00e9dico.<\/p>\n<p>N\u00e3o precisa justificar, caso n\u00e3o vote, o eleitor facultativo (analfabetos, os maiores de 70 anos e para quem tem\u00a016\u00a0ou 17 anos).<\/p>\n<p><b>Justificativa do eleitor no exterior<\/b><\/p>\n<p>Para o eleitor que estiver <b>fora do pa\u00eds no dia das elei\u00e7\u00f5es<\/b>, a justificativa pode ser feita em <b>at\u00e9 30 dias<\/b>, a contar do seu retorno ao Brasil, devendo apresentar c\u00f3pia do documento oficial de identifica\u00e7\u00e3o e comprovante dos motivos alegados para justificar a impossibilidade do exerc\u00edcio do voto.<\/p>\n<p><a href=\"http:\/\/www.tre-mg.jus.br\/eleitor\/justificativa-eleitoral\/justificativa-eleitoral-1\">Acesse aqui<\/a> todas as informa\u00e7\u00f5es sobre justificativa eleitoral.<\/p>\n<p><b>\u00a0<\/b><\/p>\n<p>D\u00favidas podem ser esclarecidas tamb\u00e9m pelo Disque-Eleitor (148).<\/p>\n<p>&nbsp;<\/p>\n<p>Fonte: TRE-MG<\/p>\n","protected":false},"excerpt":{"rendered":"<p>No dia 2 de outubro, mais de 15 milh\u00f5es de eleitores devem ir \u00e0s urnas em Minas Gerais escolher os prefeitos, vice-prefeitos e vereadores. Com a proximidade das elei\u00e7\u00f5es, \u00e9 comum surgirem d\u00favidas com rela\u00e7\u00e3o a temas como a documenta\u00e7\u00e3o necess\u00e1ria para votar, o hor\u00e1rio de vota\u00e7\u00e3o, como fazer para justificar, o que pode ser [&hellip;]<\/p>\n","protected":false},"author":2,"featured_media":951,"comment_status":"closed","ping_status":"open","sticky":false,"template":"","format":"standard","meta":{"advgb_blocks_editor_width":"","advgb_blocks_columns_visual_guide":"","_exactmetrics_skip_tracking":false,"_exactmetrics_sitenote_active":false,"_exactmetrics_sitenote_note":"","_exactmetrics_sitenote_category":0,"footnotes":""},"categories":[7,12],"tags":[418],"class_list":["post-2686","post","type-post","status-publish","format-standard","has-post-thumbnail","hentry","category-destaques","category-politica","tag-eleicoes-2016"],"better_featured_image":{"id":951,"alt_text":"","caption":"","description":"","media_type":"image","media_details":{"width":1181,"height":801,"file":"2016\/07\/urna.jpg","sizes":{"thumbnail":{"file":"urna-150x102.jpg","width":150,"height":102,"mime-type":"image\/jpeg","source_url":"https:\/\/lavras.tv\/site\/wp-content\/uploads\/2016\/07\/urna-150x102.jpg"},"medium":{"file":"urna-300x203.jpg","width":300,"height":203,"mime-type":"image\/jpeg","source_url":"https:\/\/lavras.tv\/site\/wp-content\/uploads\/2016\/07\/urna-300x203.jpg"},"large":{"file":"urna-1024x695.jpg","width":1024,"height":695,"mime-type":"image\/jpeg","source_url":"https:\/\/lavras.tv\/site\/wp-content\/uploads\/2016\/07\/urna-1024x695.jpg"},"featured-slider-img":{"file":"urna-640x480.jpg","width":640,"height":480,"mime-type":"image\/jpeg","source_url":"https:\/\/lavras.tv\/site\/wp-content\/uploads\/2016\/07\/urna-640x480.jpg"},"featured-post-img":{"file":"urna-480x320.jpg","width":480,"height":320,"mime-type":"image\/jpeg","source_url":"https:\/\/lavras.tv\/site\/wp-content\/uploads\/2016\/07\/urna-480x320.jpg"},"sow-carousel-default":{"file":"urna-272x182.jpg","width":272,"height":182,"mime-type":"image\/jpeg","source_url":"https:\/\/lavras.tv\/site\/wp-content\/uploads\/2016\/07\/urna-272x182.jpg"}},"image_meta":{"aperture":"0","credit":"","camera":"","caption":"","created_timestamp":"0","copyright":"","focal_length":"0","iso":"0","shutter_speed":"0","title":"","orientation":"0","keywords":[]}},"post":950,"source_url":"https:\/\/lavras.tv\/site\/wp-content\/uploads\/2016\/07\/urna.jpg"},"author_meta":{"display_name":"Lavras TV","author_link":"https:\/\/lavras.tv\/site\/author\/lavrastv\/"},"featured_img":"https:\/\/lavras.tv\/site\/wp-content\/uploads\/2016\/07\/urna-300x203.jpg","coauthors":[],"tax_additional":{"categories":{"linked":["<a href=\"https:\/\/lavras.tv\/site\/category\/destaques\/\" class=\"advgb-post-tax-term\">Destaques<\/a>","<a href=\"https:\/\/lavras.tv\/site\/category\/politica\/\" class=\"advgb-post-tax-term\">Pol\u00edtica<\/a>"],"unlinked":["<span class=\"advgb-post-tax-term\">Destaques<\/span>","<span class=\"advgb-post-tax-term\">Pol\u00edtica<\/span>"]},"tags":{"linked":["<a href=\"https:\/\/lavras.tv\/site\/category\/politica\/\" class=\"advgb-post-tax-term\">elei\u00e7\u00f5es 2016<\/a>"],"unlinked":["<span class=\"advgb-post-tax-term\">elei\u00e7\u00f5es 2016<\/span>"]}},"comment_count":"0","relative_dates":{"created":"Publicado 10 anos atr\u00e1s","modified":"Atualizado 10 anos atr\u00e1s"},"absolute_dates":{"created":"Publicado em 30 de setembro de 2016","modified":"Atualizado em 30 de setembro de 2016"},"absolute_dates_time":{"created":"Publicado em 30 de setembro de 2016 08:26","modified":"Atualizado em 30 de setembro de 2016 08:26"},"featured_img_caption":"","series_order":"","_links":{"self":[{"href":"https:\/\/lavras.tv\/site\/wp-json\/wp\/v2\/posts\/2686","targetHints":{"allow":["GET"]}}],"collection":[{"href":"https:\/\/lavras.tv\/site\/wp-json\/wp\/v2\/posts"}],"about":[{"href":"https:\/\/lavras.tv\/site\/wp-json\/wp\/v2\/types\/post"}],"author":[{"embeddable":true,"href":"https:\/\/lavras.tv\/site\/wp-json\/wp\/v2\/users\/2"}],"replies":[{"embeddable":true,"href":"https:\/\/lavras.tv\/site\/wp-json\/wp\/v2\/comments?post=2686"}],"version-history":[{"count":1,"href":"https:\/\/lavras.tv\/site\/wp-json\/wp\/v2\/posts\/2686\/revisions"}],"predecessor-version":[{"id":2687,"href":"https:\/\/lavras.tv\/site\/wp-json\/wp\/v2\/posts\/2686\/revisions\/2687"}],"wp:featuredmedia":[{"embeddable":true,"href":"https:\/\/lavras.tv\/site\/wp-json\/wp\/v2\/media\/951"}],"wp:attachment":[{"href":"https:\/\/lavras.tv\/site\/wp-json\/wp\/v2\/media?parent=2686"}],"wp:term":[{"taxonomy":"category","embeddable":true,"href":"https:\/\/lavras.tv\/site\/wp-json\/wp\/v2\/categories?post=2686"},{"taxonomy":"post_tag","embeddable":true,"href":"https:\/\/lavras.tv\/site\/wp-json\/wp\/v2\/tags?post=2686"}],"curies":[{"name":"wp","href":"https:\/\/api.w.org\/{rel}","templated":true}]}}