{"id":2691,"date":"2016-09-30T08:39:21","date_gmt":"2016-09-30T11:39:21","guid":{"rendered":"http:\/\/lavras.tv\/site\/?p=2691"},"modified":"2016-09-30T08:39:21","modified_gmt":"2016-09-30T11:39:21","slug":"eleicoes-2016-saiba-como-acompanhar-a-apuracao-dos-votos","status":"publish","type":"post","link":"https:\/\/lavras.tv\/site\/2016\/09\/30\/eleicoes-2016-saiba-como-acompanhar-a-apuracao-dos-votos\/","title":{"rendered":"Elei\u00e7\u00f5es 2016 &#8211; Saiba como acompanhar a apura\u00e7\u00e3o dos votos"},"content":{"rendered":"<div class=\"lavra-antes-do-conteudo_2\" id=\"lavra-1750716181\"><div id=\"lavra-slider-27\" class=\"custom-slider lavra-slider-545445444 lavra-slider\"><ul><li><div style=\"margin-left: auto;margin-right: auto;text-align: center;\" id=\"lavra-2873804599\"><a href=\"https:\/\/sistemas.lavras.mg.gov.br\/portalcidadao\/#df1b1a7c7b2a290bcb31e32771e610784662739a88807c0dacac58ede5f391a7530e299dc302d611ee73cb143fc22eaf93592e53e7b5bdb01b00a0b8d28dae460c141dd2ff83412e4dc1c31b16b25f33144a9e5620ea73b13f5bc1c59411d98439ad226e8af03840603796067d87afe130812cf3de24982d0e306f9e61e764e5\" aria-label=\"Lavras-TV&#8211;720x104px (1) (1)\"><img src=\"https:\/\/lavras.tv\/site\/wp-content\/uploads\/2025\/01\/Lavras-TV-720x104px-1-1.png\" alt=\"\"  srcset=\"https:\/\/lavras.tv\/site\/wp-content\/uploads\/2025\/01\/Lavras-TV-720x104px-1-1.png 720w, https:\/\/lavras.tv\/site\/wp-content\/uploads\/2025\/01\/Lavras-TV-720x104px-1-1-470x68.png 470w, https:\/\/lavras.tv\/site\/wp-content\/uploads\/2025\/01\/Lavras-TV-720x104px-1-1-170x25.png 170w, https:\/\/lavras.tv\/site\/wp-content\/uploads\/2025\/01\/Lavras-TV-720x104px-1-1-200x29.png 200w\" sizes=\"(max-width: 720px) 100vw, 720px\" width=\"720\" height=\"104\"  style=\"display: inline-block;\" \/><\/a><\/div><\/li><li><a href=\"https:\/\/sistemas.lavras.mg.gov.br\/portalcidadao\/#df1b1a7c7b2a290bcb31e32771e610784662739a88807c0dacac58ede5f391a7530e299dc302d611ee73cb143fc22eaf93592e53e7b5bdb01b00a0b8d28dae460c141dd2ff83412e4dc1c31b16b25f33144a9e5620ea73b13f5bc1c59411d98439ad226e8af03840603796067d87afe130812cf3de24982d0e306f9e61e764e5\" aria-label=\"Banner_Emprego_PortallavrasTV\"><img src=\"https:\/\/lavras.tv\/site\/wp-content\/uploads\/2025\/03\/Banner_Emprego_PortallavrasTV.png\" alt=\"\"  srcset=\"https:\/\/lavras.tv\/site\/wp-content\/uploads\/2025\/03\/Banner_Emprego_PortallavrasTV.png 720w, https:\/\/lavras.tv\/site\/wp-content\/uploads\/2025\/03\/Banner_Emprego_PortallavrasTV-470x68.png 470w, https:\/\/lavras.tv\/site\/wp-content\/uploads\/2025\/03\/Banner_Emprego_PortallavrasTV-170x25.png 170w, https:\/\/lavras.tv\/site\/wp-content\/uploads\/2025\/03\/Banner_Emprego_PortallavrasTV-200x29.png 200w\" sizes=\"(max-width: 720px) 100vw, 720px\" width=\"720\" height=\"104\"   \/><\/a><\/li><li><a href=\"https:\/\/sistemas.lavras.mg.gov.br\/portalcidadao\/#df1b1a7c7b2a290bcb31e32771e610784662739a88807c0dacac58ede5f391a7530e299dc302d611ee73cb143fc22eaf93592e53e7b5bdb01b00a0b8d28dae460c141dd2ff83412e4dc1c31b16b25f33144a9e5620ea73b13f5bc1c59411d98439ad226e8af03840603796067d87afe130812cf3de24982d0e306f9e61e764e5\" aria-label=\"Banner_Obras_PortallavrasTV\"><img src=\"https:\/\/lavras.tv\/site\/wp-content\/uploads\/2025\/03\/Banner_Obras_PortallavrasTV.png\" alt=\"\"  srcset=\"https:\/\/lavras.tv\/site\/wp-content\/uploads\/2025\/03\/Banner_Obras_PortallavrasTV.png 720w, https:\/\/lavras.tv\/site\/wp-content\/uploads\/2025\/03\/Banner_Obras_PortallavrasTV-470x68.png 470w, https:\/\/lavras.tv\/site\/wp-content\/uploads\/2025\/03\/Banner_Obras_PortallavrasTV-170x25.png 170w, https:\/\/lavras.tv\/site\/wp-content\/uploads\/2025\/03\/Banner_Obras_PortallavrasTV-200x29.png 200w\" sizes=\"(max-width: 720px) 100vw, 720px\" width=\"720\" height=\"104\"   \/><\/a><\/li><li><div style=\"margin-left: auto;margin-right: auto;text-align: center;\" id=\"lavra-2341987983\"><a href=\"https:\/\/sistemas.lavras.mg.gov.br\/portalcidadao\/#df1b1a7c7b2a290bcb31e32771e610784662739a88807c0dacac58ede5f391a7530e299dc302d611ee73cb143fc22eaf93592e53e7b5bdb01b00a0b8d28dae460c141dd2ff83412e4dc1c31b16b25f33144a9e5620ea73b13f5bc1c59411d98439ad226e8af03840603796067d87afe130812cf3de24982d0e306f9e61e764e5\" aria-label=\"Banner_Educa\u00e7\u00e3o_PortallavrasTV\"><img src=\"https:\/\/lavras.tv\/site\/wp-content\/uploads\/2025\/01\/Banner_Educacao_PortallavrasTV.png\" alt=\"\"  srcset=\"https:\/\/lavras.tv\/site\/wp-content\/uploads\/2025\/01\/Banner_Educacao_PortallavrasTV.png 720w, https:\/\/lavras.tv\/site\/wp-content\/uploads\/2025\/01\/Banner_Educacao_PortallavrasTV-470x68.png 470w, https:\/\/lavras.tv\/site\/wp-content\/uploads\/2025\/01\/Banner_Educacao_PortallavrasTV-170x25.png 170w, https:\/\/lavras.tv\/site\/wp-content\/uploads\/2025\/01\/Banner_Educacao_PortallavrasTV-200x29.png 200w\" sizes=\"(max-width: 720px) 100vw, 720px\" width=\"720\" height=\"104\"  style=\"display: inline-block;\" \/><\/a><\/div><\/li><li><a href=\"https:\/\/sistemas.lavras.mg.gov.br\/portalcidadao\/#df1b1a7c7b2a290bcb31e32771e610784662739a88807c0dacac58ede5f391a7530e299dc302d611ee73cb143fc22eaf93592e53e7b5bdb01b00a0b8d28dae460c141dd2ff83412e4dc1c31b16b25f33144a9e5620ea73b13f5bc1c59411d98439ad226e8af03840603796067d87afe130812cf3de24982d0e306f9e61e764e5\" aria-label=\"Banner_Sa\u00fade_PortallavrasTV\"><img src=\"https:\/\/lavras.tv\/site\/wp-content\/uploads\/2025\/03\/Banner_Saude_PortallavrasTV.png\" alt=\"\"  srcset=\"https:\/\/lavras.tv\/site\/wp-content\/uploads\/2025\/03\/Banner_Saude_PortallavrasTV.png 720w, https:\/\/lavras.tv\/site\/wp-content\/uploads\/2025\/03\/Banner_Saude_PortallavrasTV-470x68.png 470w, https:\/\/lavras.tv\/site\/wp-content\/uploads\/2025\/03\/Banner_Saude_PortallavrasTV-170x25.png 170w, https:\/\/lavras.tv\/site\/wp-content\/uploads\/2025\/03\/Banner_Saude_PortallavrasTV-200x29.png 200w\" sizes=\"(max-width: 720px) 100vw, 720px\" width=\"720\" height=\"104\"   \/><\/a><\/li><li><div id=\"lavra-574793725\" style=\"width:720px;height:104px;background-color:#ddd;overflow:scroll;\">\n\t<strong>Sa\u00edda da depura\u00e7\u00e3o de an\u00fancios<\/strong>\n\t<br><br>\n\tO an\u00fancio n\u00e3o \u00e9 exibido na p\u00e1gina<br><br>post atual: Elei\u00e7\u00f5es 2016 - Saiba como acompanhar a apura\u00e7\u00e3o dos votos, ID: 2691<br><br><span style=\"color: red;\">O post atual n\u00e3o \u00e9 id\u00eantico ao post principal.<\/span><br><br>An\u00fancios: ROXO - TOPO INTERNA - ROTATIVO 2 (197)<br \/>Grupo de an\u00fancios: Princ_Meio01_720x104 (27)<br><br>Condi\u00e7\u00f5es de exibi\u00e7\u00e3o<div style=\"margin-bottom: 20px; white-space: pre-wrap; font-family: monospace; width: 100%; background: #ffe9e9;\"><strong>condi\u00e7\u00f5es gerais<\/strong><table border=\"1\"><thead><tr><th><\/th><th>An\u00fancios<\/th><th>wp_the_query<\/th><\/tr><\/thead><tr><td>is_main_query<\/td><td>1<\/td><td>1<\/td><\/tr><tr><td>is_rest_api<\/td><td>0<\/td><td>1<\/td><\/tr><tr><td>page<\/td><td>0<\/td><td>1<\/td><\/tr><tr><td>numpages<\/td><td>0<\/td><td>1<\/td><\/tr><tr><td>is_archive<\/td><td>1<\/td><td><\/td><\/tr><tr><td>is_search<\/td><td>1<\/td><td><\/td><\/tr><tr><td>is_home<\/td><td>1<\/td><td><\/td><\/tr><tr><td>is_404<\/td><td>1<\/td><td><\/td><\/tr><tr><td>is_attachment<\/td><td>1<\/td><td><\/td><\/tr><tr><td>is_singular<\/td><td>1<\/td><td><\/td><\/tr><tr><td>is_front_page<\/td><td>1<\/td><td><\/td><\/tr><tr><td>is_feed<\/td><td>1<\/td><td><\/td><\/tr><\/table><\/div><br><br><span style=\"color: red;\">Seu site usa HTTPS, mas o c\u00f3digo do an\u00fancio cont\u00e9m HTTP e pode n\u00e3o funcionar.<\/span>\t<br><br>\n\t<a style=\"color: green;\" href=\"https:\/\/wpadvancedads.com\/manual\/ad-debug-mode\/?utm_source=advanced-ads&utm_medium=link&utm_campaign=ad-debug-mode\" target=\"_blank\" rel=\"nofollow\">Encontre solu\u00e7\u00f5es no manual<\/a>\n<\/div>\n<\/li><\/ul><\/div><script>( window.advanced_ads_ready || jQuery( document ).ready ).call( null, function() {var $lavraslider545445444 = jQuery( \".lavra-slider-545445444\" );$lavraslider545445444.on( \"unslider.ready\", function() { jQuery( \"div.custom-slider ul li\" ).css( \"display\", \"block\" ); });$lavraslider545445444.unslider({ delay:4000, autoplay:true, nav:false, arrows:false, infinite:true });$lavraslider545445444.on(\"mouseover\", function() {$lavraslider545445444.unslider(\"stop\");}).on(\"mouseout\", function() {$lavraslider545445444.unslider(\"start\");});});<\/script><\/div><p>O eleitor vai poder acompanhar em tempo real a apura\u00e7\u00e3o dos resultados das Elei\u00e7\u00f5es Municipais 2016 de v\u00e1rias formas diferentes. <!--more-->A primeira delas pelo \u201cDivulga\u201d, sistema produzido pela Justi\u00e7a Eleitoral, como em outras elei\u00e7\u00f5es, para o acompanhamento dos resultados de vota\u00e7\u00e3o de candidatos, partidos e coliga\u00e7\u00f5es das elei\u00e7\u00f5es.<img fetchpriority=\"high\" decoding=\"async\" class=\" wp-image-2692 alignright\" src=\"http:\/\/lavras.tv\/site\/wp-content\/uploads\/2016\/09\/eleicoes-2016-resultado-apuracao.jpg\" alt=\"eleicoes-2016-resultado-apuracao\" width=\"399\" height=\"249\" srcset=\"https:\/\/lavras.tv\/site\/wp-content\/uploads\/2016\/09\/eleicoes-2016-resultado-apuracao.jpg 460w, https:\/\/lavras.tv\/site\/wp-content\/uploads\/2016\/09\/eleicoes-2016-resultado-apuracao-150x94.jpg 150w, https:\/\/lavras.tv\/site\/wp-content\/uploads\/2016\/09\/eleicoes-2016-resultado-apuracao-300x187.jpg 300w\" sizes=\"(max-width: 399px) 100vw, 399px\" \/><\/p>\n<p>O \u201cDivulga\u201d permite a visualiza\u00e7\u00e3o dos dados por meio de v\u00e1rias consultas. Na vers\u00e3o desktop, o Divulga oferece maior gama de informa\u00e7\u00f5es, permitindo ao usu\u00e1rio consultar os resultados de todos os munic\u00edpios. \u201cO Divulga \u00e9 um\u00a0<em>software<\/em>instal\u00e1vel, que se encontra dispon\u00edvel para\u00a0<em>download<\/em>\u00a0gratuito na p\u00e1gina do Tribunal Superior Eleitoral (TSE) em vers\u00f5es para<a title=\"\" href=\"http:\/\/divulga.tse.jus.br\/downloads\/divulga-16.9.5-WINDOWS.zip\" target=\"_blank\">Windows<\/a>\u00a0e\u00a0<a title=\"\" href=\"http:\/\/divulga.tse.jus.br\/downloads\/divulga-16.9.5-LINUX.zip\" target=\"_blank\">Linux<\/a>\u201d, explica o chefe da Se\u00e7\u00e3o de Totaliza\u00e7\u00e3o e Divulga\u00e7\u00e3o de Resultados do TSE, J\u00falio Valente.<\/p>\n<p>&nbsp;<\/p>\n<p><strong>App Resultados<\/strong><\/p>\n<p>Outra forma de acompanhar a apura\u00e7\u00e3o dos resultados em tempo real \u00e9 pelo aplicativo (App) \u201cResultados\u201d. O App desenvolvido para <em>tablets<\/em>\u00a0e\u00a0<em>smartphones<\/em>, que poder\u00e1 ser baixado gratuitamente nas lojas\u00a0<a title=\"\" href=\"https:\/\/play.google.com\/store\/apps?hl=pt_BR\" target=\"_blank\">Google Play<\/a>\u00a0(Android) e\u00a0<a title=\"\" href=\"https:\/\/itunes.apple.com\/br\/app\/apple-store\/id375380948?mt=8\" target=\"_blank\">Apple Store<\/a> (IOS). Por meio dele, \u00e9 poss\u00edvel acompanhar os dados de cada munic\u00edpio com a indica\u00e7\u00e3o dos eleitos ou dos que foram para o segundo turno (no caso dos munic\u00edpios com mais de 200 mil habitantes). Os resultados do primeiro turno ser\u00e3o divulgados a partir das 17h (hor\u00e1rio local) do dia 2 de outubro.<\/p>\n<p>&nbsp;<\/p>\n<p><strong>DivWeb<\/strong><\/p>\n<p><strong>\u00a0<\/strong>O DivWeb (<a href=\"http:\/\/divulga.tse.jus.br\/\">http:\/\/divulga.tse.jus.br<\/a>) apresenta o mesmo conte\u00fado do aplicativo \u201cResultados\u201d. Embora com menor disponibilidade de consultas, ele permite ao usu\u00e1rio acompanhar a apura\u00e7\u00e3o do resultado das elei\u00e7\u00f5es pela internet sem necessidade de instala\u00e7\u00e3o de qualquer software adicional em seu computador.<\/p>\n<p>&nbsp;<\/p>\n<p>Fonte: TRE-MG<\/p>\n","protected":false},"excerpt":{"rendered":"<p>O eleitor vai poder acompanhar em tempo real a apura\u00e7\u00e3o dos resultados das Elei\u00e7\u00f5es Municipais 2016 de v\u00e1rias formas diferentes.<\/p>\n","protected":false},"author":2,"featured_media":2692,"comment_status":"closed","ping_status":"open","sticky":false,"template":"","format":"standard","meta":{"advgb_blocks_editor_width":"","advgb_blocks_columns_visual_guide":"","_exactmetrics_skip_tracking":false,"_exactmetrics_sitenote_active":false,"_exactmetrics_sitenote_note":"","_exactmetrics_sitenote_category":0,"footnotes":""},"categories":[7,12],"tags":[948,418],"class_list":["post-2691","post","type-post","status-publish","format-standard","has-post-thumbnail","hentry","category-destaques","category-politica","tag-apuracao-de-votos","tag-eleicoes-2016"],"better_featured_image":{"id":2692,"alt_text":"","caption":"","description":"","media_type":"image","media_details":{"width":460,"height":287,"file":"2016\/09\/eleicoes-2016-resultado-apuracao.jpg","sizes":{"thumbnail":{"file":"eleicoes-2016-resultado-apuracao-150x94.jpg","width":150,"height":94,"mime-type":"image\/jpeg","source_url":"https:\/\/lavras.tv\/site\/wp-content\/uploads\/2016\/09\/eleicoes-2016-resultado-apuracao-150x94.jpg"},"medium":{"file":"eleicoes-2016-resultado-apuracao-300x187.jpg","width":300,"height":187,"mime-type":"image\/jpeg","source_url":"https:\/\/lavras.tv\/site\/wp-content\/uploads\/2016\/09\/eleicoes-2016-resultado-apuracao-300x187.jpg"},"sow-carousel-default":{"file":"eleicoes-2016-resultado-apuracao-272x182.jpg","width":272,"height":182,"mime-type":"image\/jpeg","source_url":"https:\/\/lavras.tv\/site\/wp-content\/uploads\/2016\/09\/eleicoes-2016-resultado-apuracao-272x182.jpg"}},"image_meta":{"aperture":"0","credit":"Deny","camera":"","caption":"","created_timestamp":"1453401052","copyright":"","focal_length":"0","iso":"0","shutter_speed":"0","title":"","orientation":"0","keywords":[]}},"post":2691,"source_url":"https:\/\/lavras.tv\/site\/wp-content\/uploads\/2016\/09\/eleicoes-2016-resultado-apuracao.jpg"},"author_meta":{"display_name":"Lavras TV","author_link":"https:\/\/lavras.tv\/site\/author\/lavrastv\/"},"featured_img":"https:\/\/lavras.tv\/site\/wp-content\/uploads\/2016\/09\/eleicoes-2016-resultado-apuracao-300x187.jpg","coauthors":[],"tax_additional":{"categories":{"linked":["<a href=\"https:\/\/lavras.tv\/site\/category\/destaques\/\" class=\"advgb-post-tax-term\">Destaques<\/a>","<a href=\"https:\/\/lavras.tv\/site\/category\/politica\/\" class=\"advgb-post-tax-term\">Pol\u00edtica<\/a>"],"unlinked":["<span class=\"advgb-post-tax-term\">Destaques<\/span>","<span class=\"advgb-post-tax-term\">Pol\u00edtica<\/span>"]},"tags":{"linked":["<a href=\"https:\/\/lavras.tv\/site\/category\/politica\/\" class=\"advgb-post-tax-term\">apura\u00e7\u00e3o de votos<\/a>","<a href=\"https:\/\/lavras.tv\/site\/category\/politica\/\" class=\"advgb-post-tax-term\">elei\u00e7\u00f5es 2016<\/a>"],"unlinked":["<span class=\"advgb-post-tax-term\">apura\u00e7\u00e3o de votos<\/span>","<span class=\"advgb-post-tax-term\">elei\u00e7\u00f5es 2016<\/span>"]}},"comment_count":"0","relative_dates":{"created":"Publicado 10 anos atr\u00e1s","modified":"Atualizado 10 anos atr\u00e1s"},"absolute_dates":{"created":"Publicado em 30 de setembro de 2016","modified":"Atualizado em 30 de setembro de 2016"},"absolute_dates_time":{"created":"Publicado em 30 de setembro de 2016 08:39","modified":"Atualizado em 30 de setembro de 2016 08:39"},"featured_img_caption":"","series_order":"","_links":{"self":[{"href":"https:\/\/lavras.tv\/site\/wp-json\/wp\/v2\/posts\/2691","targetHints":{"allow":["GET"]}}],"collection":[{"href":"https:\/\/lavras.tv\/site\/wp-json\/wp\/v2\/posts"}],"about":[{"href":"https:\/\/lavras.tv\/site\/wp-json\/wp\/v2\/types\/post"}],"author":[{"embeddable":true,"href":"https:\/\/lavras.tv\/site\/wp-json\/wp\/v2\/users\/2"}],"replies":[{"embeddable":true,"href":"https:\/\/lavras.tv\/site\/wp-json\/wp\/v2\/comments?post=2691"}],"version-history":[{"count":1,"href":"https:\/\/lavras.tv\/site\/wp-json\/wp\/v2\/posts\/2691\/revisions"}],"predecessor-version":[{"id":2693,"href":"https:\/\/lavras.tv\/site\/wp-json\/wp\/v2\/posts\/2691\/revisions\/2693"}],"wp:featuredmedia":[{"embeddable":true,"href":"https:\/\/lavras.tv\/site\/wp-json\/wp\/v2\/media\/2692"}],"wp:attachment":[{"href":"https:\/\/lavras.tv\/site\/wp-json\/wp\/v2\/media?parent=2691"}],"wp:term":[{"taxonomy":"category","embeddable":true,"href":"https:\/\/lavras.tv\/site\/wp-json\/wp\/v2\/categories?post=2691"},{"taxonomy":"post_tag","embeddable":true,"href":"https:\/\/lavras.tv\/site\/wp-json\/wp\/v2\/tags?post=2691"}],"curies":[{"name":"wp","href":"https:\/\/api.w.org\/{rel}","templated":true}]}}