{"id":2694,"date":"2016-09-30T15:09:06","date_gmt":"2016-09-30T18:09:06","guid":{"rendered":"http:\/\/lavras.tv\/site\/?p=2694"},"modified":"2016-09-30T15:09:06","modified_gmt":"2016-09-30T18:09:06","slug":"neste-fim-de-semana-tem-teatro-em-lavras","status":"publish","type":"post","link":"https:\/\/lavras.tv\/site\/2016\/09\/30\/neste-fim-de-semana-tem-teatro-em-lavras\/","title":{"rendered":"Neste fim de semana tem teatro em Lavras"},"content":{"rendered":"<div class=\"lavra-antes-do-conteudo_2\" id=\"lavra-3511784373\"><div id=\"lavra-slider-27\" class=\"custom-slider lavra-slider-1122683641 lavra-slider\"><ul><li><div style=\"margin-left: auto;margin-right: auto;text-align: center;\" id=\"lavra-30255149\"><a href=\"https:\/\/sistemas.lavras.mg.gov.br\/portalcidadao\/#df1b1a7c7b2a290bcb31e32771e610784662739a88807c0dacac58ede5f391a7530e299dc302d611ee73cb143fc22eaf93592e53e7b5bdb01b00a0b8d28dae460c141dd2ff83412e4dc1c31b16b25f33144a9e5620ea73b13f5bc1c59411d98439ad226e8af03840603796067d87afe130812cf3de24982d0e306f9e61e764e5\" aria-label=\"Lavras-TV&#8211;720x104px (1) (1)\"><img src=\"https:\/\/lavras.tv\/site\/wp-content\/uploads\/2025\/01\/Lavras-TV-720x104px-1-1.png\" alt=\"\"  srcset=\"https:\/\/lavras.tv\/site\/wp-content\/uploads\/2025\/01\/Lavras-TV-720x104px-1-1.png 720w, https:\/\/lavras.tv\/site\/wp-content\/uploads\/2025\/01\/Lavras-TV-720x104px-1-1-470x68.png 470w, https:\/\/lavras.tv\/site\/wp-content\/uploads\/2025\/01\/Lavras-TV-720x104px-1-1-170x25.png 170w, https:\/\/lavras.tv\/site\/wp-content\/uploads\/2025\/01\/Lavras-TV-720x104px-1-1-200x29.png 200w\" sizes=\"(max-width: 720px) 100vw, 720px\" width=\"720\" height=\"104\"  style=\"display: inline-block;\" \/><\/a><\/div><\/li><li><a href=\"https:\/\/sistemas.lavras.mg.gov.br\/portalcidadao\/#df1b1a7c7b2a290bcb31e32771e610784662739a88807c0dacac58ede5f391a7530e299dc302d611ee73cb143fc22eaf93592e53e7b5bdb01b00a0b8d28dae460c141dd2ff83412e4dc1c31b16b25f33144a9e5620ea73b13f5bc1c59411d98439ad226e8af03840603796067d87afe130812cf3de24982d0e306f9e61e764e5\" aria-label=\"Banner_Emprego_PortallavrasTV\"><img src=\"https:\/\/lavras.tv\/site\/wp-content\/uploads\/2025\/03\/Banner_Emprego_PortallavrasTV.png\" alt=\"\"  srcset=\"https:\/\/lavras.tv\/site\/wp-content\/uploads\/2025\/03\/Banner_Emprego_PortallavrasTV.png 720w, https:\/\/lavras.tv\/site\/wp-content\/uploads\/2025\/03\/Banner_Emprego_PortallavrasTV-470x68.png 470w, https:\/\/lavras.tv\/site\/wp-content\/uploads\/2025\/03\/Banner_Emprego_PortallavrasTV-170x25.png 170w, https:\/\/lavras.tv\/site\/wp-content\/uploads\/2025\/03\/Banner_Emprego_PortallavrasTV-200x29.png 200w\" sizes=\"(max-width: 720px) 100vw, 720px\" width=\"720\" height=\"104\"   \/><\/a><\/li><li><a href=\"https:\/\/sistemas.lavras.mg.gov.br\/portalcidadao\/#df1b1a7c7b2a290bcb31e32771e610784662739a88807c0dacac58ede5f391a7530e299dc302d611ee73cb143fc22eaf93592e53e7b5bdb01b00a0b8d28dae460c141dd2ff83412e4dc1c31b16b25f33144a9e5620ea73b13f5bc1c59411d98439ad226e8af03840603796067d87afe130812cf3de24982d0e306f9e61e764e5\" aria-label=\"Banner_Obras_PortallavrasTV\"><img src=\"https:\/\/lavras.tv\/site\/wp-content\/uploads\/2025\/03\/Banner_Obras_PortallavrasTV.png\" alt=\"\"  srcset=\"https:\/\/lavras.tv\/site\/wp-content\/uploads\/2025\/03\/Banner_Obras_PortallavrasTV.png 720w, https:\/\/lavras.tv\/site\/wp-content\/uploads\/2025\/03\/Banner_Obras_PortallavrasTV-470x68.png 470w, https:\/\/lavras.tv\/site\/wp-content\/uploads\/2025\/03\/Banner_Obras_PortallavrasTV-170x25.png 170w, https:\/\/lavras.tv\/site\/wp-content\/uploads\/2025\/03\/Banner_Obras_PortallavrasTV-200x29.png 200w\" sizes=\"(max-width: 720px) 100vw, 720px\" width=\"720\" height=\"104\"   \/><\/a><\/li><li><div style=\"margin-left: auto;margin-right: auto;text-align: center;\" id=\"lavra-4076477734\"><a href=\"https:\/\/sistemas.lavras.mg.gov.br\/portalcidadao\/#df1b1a7c7b2a290bcb31e32771e610784662739a88807c0dacac58ede5f391a7530e299dc302d611ee73cb143fc22eaf93592e53e7b5bdb01b00a0b8d28dae460c141dd2ff83412e4dc1c31b16b25f33144a9e5620ea73b13f5bc1c59411d98439ad226e8af03840603796067d87afe130812cf3de24982d0e306f9e61e764e5\" aria-label=\"Banner_Educa\u00e7\u00e3o_PortallavrasTV\"><img src=\"https:\/\/lavras.tv\/site\/wp-content\/uploads\/2025\/01\/Banner_Educacao_PortallavrasTV.png\" alt=\"\"  srcset=\"https:\/\/lavras.tv\/site\/wp-content\/uploads\/2025\/01\/Banner_Educacao_PortallavrasTV.png 720w, https:\/\/lavras.tv\/site\/wp-content\/uploads\/2025\/01\/Banner_Educacao_PortallavrasTV-470x68.png 470w, https:\/\/lavras.tv\/site\/wp-content\/uploads\/2025\/01\/Banner_Educacao_PortallavrasTV-170x25.png 170w, https:\/\/lavras.tv\/site\/wp-content\/uploads\/2025\/01\/Banner_Educacao_PortallavrasTV-200x29.png 200w\" sizes=\"(max-width: 720px) 100vw, 720px\" width=\"720\" height=\"104\"  style=\"display: inline-block;\" \/><\/a><\/div><\/li><li><a href=\"https:\/\/sistemas.lavras.mg.gov.br\/portalcidadao\/#df1b1a7c7b2a290bcb31e32771e610784662739a88807c0dacac58ede5f391a7530e299dc302d611ee73cb143fc22eaf93592e53e7b5bdb01b00a0b8d28dae460c141dd2ff83412e4dc1c31b16b25f33144a9e5620ea73b13f5bc1c59411d98439ad226e8af03840603796067d87afe130812cf3de24982d0e306f9e61e764e5\" aria-label=\"Banner_Sa\u00fade_PortallavrasTV\"><img src=\"https:\/\/lavras.tv\/site\/wp-content\/uploads\/2025\/03\/Banner_Saude_PortallavrasTV.png\" alt=\"\"  srcset=\"https:\/\/lavras.tv\/site\/wp-content\/uploads\/2025\/03\/Banner_Saude_PortallavrasTV.png 720w, https:\/\/lavras.tv\/site\/wp-content\/uploads\/2025\/03\/Banner_Saude_PortallavrasTV-470x68.png 470w, https:\/\/lavras.tv\/site\/wp-content\/uploads\/2025\/03\/Banner_Saude_PortallavrasTV-170x25.png 170w, https:\/\/lavras.tv\/site\/wp-content\/uploads\/2025\/03\/Banner_Saude_PortallavrasTV-200x29.png 200w\" sizes=\"(max-width: 720px) 100vw, 720px\" width=\"720\" height=\"104\"   \/><\/a><\/li><li><div id=\"lavra-2686655189\" style=\"width:720px;height:104px;background-color:#ddd;overflow:scroll;\">\n\t<strong>Sa\u00edda da depura\u00e7\u00e3o de an\u00fancios<\/strong>\n\t<br><br>\n\tO an\u00fancio n\u00e3o \u00e9 exibido na p\u00e1gina<br><br>post atual: Neste fim de semana tem teatro em Lavras, ID: 2694<br><br><span style=\"color: red;\">O post atual n\u00e3o \u00e9 id\u00eantico ao post principal.<\/span><br><br>An\u00fancios: ROXO - TOPO INTERNA - ROTATIVO 2 (197)<br \/>Grupo de an\u00fancios: Princ_Meio01_720x104 (27)<br><br>Condi\u00e7\u00f5es de exibi\u00e7\u00e3o<div style=\"margin-bottom: 20px; white-space: pre-wrap; font-family: monospace; width: 100%; background: #ffe9e9;\"><strong>condi\u00e7\u00f5es gerais<\/strong><table border=\"1\"><thead><tr><th><\/th><th>An\u00fancios<\/th><th>wp_the_query<\/th><\/tr><\/thead><tr><td>is_main_query<\/td><td>1<\/td><td>1<\/td><\/tr><tr><td>is_rest_api<\/td><td>0<\/td><td>1<\/td><\/tr><tr><td>page<\/td><td>0<\/td><td>1<\/td><\/tr><tr><td>numpages<\/td><td>0<\/td><td>1<\/td><\/tr><tr><td>is_archive<\/td><td>1<\/td><td><\/td><\/tr><tr><td>is_search<\/td><td>1<\/td><td><\/td><\/tr><tr><td>is_home<\/td><td>1<\/td><td><\/td><\/tr><tr><td>is_404<\/td><td>1<\/td><td><\/td><\/tr><tr><td>is_attachment<\/td><td>1<\/td><td><\/td><\/tr><tr><td>is_singular<\/td><td>1<\/td><td><\/td><\/tr><tr><td>is_front_page<\/td><td>1<\/td><td><\/td><\/tr><tr><td>is_feed<\/td><td>1<\/td><td><\/td><\/tr><\/table><\/div><br><br><span style=\"color: red;\">Seu site usa HTTPS, mas o c\u00f3digo do an\u00fancio cont\u00e9m HTTP e pode n\u00e3o funcionar.<\/span>\t<br><br>\n\t<a style=\"color: green;\" href=\"https:\/\/wpadvancedads.com\/manual\/ad-debug-mode\/?utm_source=advanced-ads&utm_medium=link&utm_campaign=ad-debug-mode\" target=\"_blank\" rel=\"nofollow\">Encontre solu\u00e7\u00f5es no manual<\/a>\n<\/div>\n<\/li><\/ul><\/div><script>( window.advanced_ads_ready || jQuery( document ).ready ).call( null, function() {var $lavraslider1122683641 = jQuery( \".lavra-slider-1122683641\" );$lavraslider1122683641.on( \"unslider.ready\", function() { jQuery( \"div.custom-slider ul li\" ).css( \"display\", \"block\" ); });$lavraslider1122683641.unslider({ delay:4000, autoplay:true, nav:false, arrows:false, infinite:true });$lavraslider1122683641.on(\"mouseover\", function() {$lavraslider1122683641.unslider(\"stop\");}).on(\"mouseout\", function() {$lavraslider1122683641.unslider(\"start\");});});<\/script><\/div><p>Espet\u00e1culo dirigido por Grace Pass\u00f4 resultou de uma ampla pesquisa da Zula sobre o universo feminino e a maternidade.\u00a0<!--more-->No in\u00edcio do ano de 2015, a <strong>Zula Cia. de Teatro<\/strong> realizou a campanha \u201cMadre\u201d, uma pesquisa sobre o universo feminino, a maternidade e o Teatro Document\u00e1rio, na qual convidou mulheres de diferentes faixas et\u00e1rias e condi\u00e7\u00f5es sociais a narrarem suas hist\u00f3rias pessoais sobre a maternidade. Em novembro de 2016 a cia. estreou o espet\u00e1culo que resultou de toda essa pesquisa: <strong>MAM\u00c1!<\/strong><\/p>\n<figure id=\"attachment_2695\" aria-describedby=\"caption-attachment-2695\" style=\"width: 499px\" class=\"wp-caption alignleft\"><img fetchpriority=\"high\" decoding=\"async\" class=\" wp-image-2695\" src=\"http:\/\/lavras.tv\/site\/wp-content\/uploads\/2016\/09\/teatro-mama.jpg\" alt=\"Mam\u00e1!\" width=\"499\" height=\"349\" \/><figcaption id=\"caption-attachment-2695\" class=\"wp-caption-text\">Mam\u00e1!<\/figcaption><\/figure>\n<p>Com dire\u00e7\u00e3o de Grace Pass\u00f4 e dramaturgia de Assis Benevenuto, <strong>MAM\u00c1! <\/strong>faz um mergulho nestes depoimentos e, a partir deles, fala da Mulher, da evolu\u00e7\u00e3o da vida, da transitoriedade da dor e da perman\u00eancia inexor\u00e1vel do amor. No elenco, as integrantes\/fundadoras da Zula, Andr\u00e9ia Quaresma e Talita Braga.<\/p>\n<p><strong>MAM\u00c1! <\/strong>\u00e9 o terceiro trabalho da Zula Cia. de Teatro<strong>, <\/strong>grupo que impactou a cena teatral mineira com premiada cena curta e depois o espet\u00e1culo <strong>\u201cAs Rosas no Jardim de Zula\u201d<\/strong>, que contou a hist\u00f3ria real de Ros\u00e2ngela, mulher que um dia abandonou o marido e os filhos e foi viver nas ruas durante dois anos. O espet\u00e1culo foi apresentado em Belo Horizonte e cidades do interior de Minas Gerais, em S\u00e3o Paulo e em Buenos Aires, Argentina. A pe\u00e7a concorreu ao Pr\u00eamio SINPARC (MG), nas categorias \u201cMelhor Texto In\u00e9dito\u201d e \u201cMelhor Atriz\u201d e foi ganhadora do Pr\u00eamio de Teatro Myriam Muniz\/2013.<\/p>\n<p><strong>MAM\u00c1!<\/strong> conta com profissionais de destaque na ficha t\u00e9cnica: Grace Pass\u00f4 na dire\u00e7\u00e3o; Assis Benevenuto na dramaturgia; Cristiano Ara\u00fajo na assist\u00eancia de dire\u00e7\u00e3o e cria\u00e7\u00e3o de luz; Eduardo F\u00e9lix na cenografia e figurino; Joaquim Elias na prepara\u00e7\u00e3o corporal; e Andr\u00e9 Veloso (da banda Constantina) na trilha sonora.\u00a0MAM\u00c1! foi contemplado pelo Pr\u00eamio de Teatro Myriam Muniz 2014 e pelo Fundo de Projetos Culturais da Lei Municipal de Incentivo \u00e0 Cultura de Belo Horizonte, edital 2013.<\/p>\n<p>O presente projeto visa a circula\u00e7\u00e3o do espet\u00e1culo MAM\u00c1! e a realiza\u00e7\u00e3o do workshop M\u00e3e,<\/p>\n<p>Mulher?, pelas cidades de S\u00e3o Jo\u00e3o Del Rei e Lavras, ambas no territ\u00f3rio Vertentes, que registra a\u00a0 8 maior taxa de mortalidade infantil do estado.<\/p>\n<p>Atrav\u00e9s da apresenta\u00e7\u00e3o e do workshop, a Cia. ir\u00e1 difundir no territ\u00f3rio Vertentes uma pesquisa atual e de grande relev\u00e2ncia conceitual. Um trabalho que coloca a MULHER como protagonista da hist\u00f3ria e da voz as suas quest\u00f5es.<\/p>\n<p>Al\u00e9m das apresenta\u00e7\u00f5es do espet\u00e1culo, este projeto realizar\u00e1, gratuitamente,\u00a0 o workshop \u201cM\u00e3e, mulher?\u201d<\/p>\n<p><strong>WORKSHOP: \u201c M\u00c3E, MULHER?\u201d<\/strong><\/p>\n<p>Nesta oficina os participantes presentes ir\u00e3o relatar passagens de suas vidas referentes ao universo materno, atrav\u00e9s de exerc\u00edcios pr\u00e1ticos de express\u00e3o corporal, leitura de textos, narra\u00e7\u00e3o e cria\u00e7\u00e3o de imagens.\u00a0 O encontro com estes participantes\u00a0 tamb\u00e9m ser\u00e1 material para a continuidade da pesquisa da Cia. sobre o universo materno.<\/p>\n<p>CARGA HOR\u00c1RIA: 03 horas<\/p>\n<p>N\u00daMERO DE PARTICIPANTES: 30 por oficina<\/p>\n<p>PERFIL DOS ALUNOS: homens e mulheres interessados pelo tema maternidade e pela pesquisa de teatros do real<\/p>\n<p>NECESSIDADES T\u00c9CNICAS: espa\u00e7o amplo \u2013 com capacidade para 30 pessoas, TV com DVD e aparelho de som com CD.<\/p>\n<p>MATERIAL A SER PROVIDENCIADO PELO ALUNO: roupas leves e confort\u00e1veis<\/p>\n<p><strong>MAM\u00c1!<br \/>\nZULA CIA. DE TEATRO<\/strong><\/p>\n<p><strong>G\u00eanero: Teatro Document\u00e1rio<br \/>\nDura\u00e7\u00e3o: 1h<br \/>\nClassifica\u00e7\u00e3o: 14 anos<\/strong><\/p>\n<p><strong>TEMPORADA EM LAVRAS<\/strong><\/p>\n<p>LOCAL: SESC LAVRAS<\/p>\n<p>DATA: 01 E 02 DE OUTUBRO<\/p>\n<p>HOR\u00c1RIO: S\u00c1BADO 20H \u2013 DOMINGO 19H<\/p>\n<p>WORKSHOP \u201c M\u00c3E, MULHER?\u201d : 14H \u00c0S 17H DO DIA 02 DE OUTUBRO<\/p>\n<p>ENDERE\u00c7O:\u00a0 RUA OTAC\u00cdLIO NEGR\u00c3O DE LIMA, 344, CENTRO<\/p>\n<p>INGRESSO PARA O ESPET\u00c1CULO: 1 KG DE ALIMENTO N\u00c3O PEREC\u00cdVEL<\/p>\n<p>WORKSHOP SER\u00c1 GRATUITO<\/p>\n<p>INFORMA\u00c7\u00d5ES: (35) 3826-4424<\/p>\n<p><img decoding=\"async\" class=\" wp-image-1835\" src=\"http:\/\/i2.wp.com\/tvulavras.com.br\/wp-content\/uploads\/2016\/09\/Mam%C3%A1_1705_20151204_0489.jpg?resize=342%2C239\" sizes=\"(max-width: 342px) 100vw, 342px\" srcset=\"http:\/\/i2.wp.com\/tvulavras.com.br\/wp-content\/uploads\/2016\/09\/Mam\u00e1_1705_20151204_0489.jpg?resize=300%2C210 300w, http:\/\/i2.wp.com\/tvulavras.com.br\/wp-content\/uploads\/2016\/09\/Mam\u00e1_1705_20151204_0489.jpg?resize=768%2C538 768w, http:\/\/i2.wp.com\/tvulavras.com.br\/wp-content\/uploads\/2016\/09\/Mam\u00e1_1705_20151204_0489.jpg?resize=1024%2C717 1024w, http:\/\/i2.wp.com\/tvulavras.com.br\/wp-content\/uploads\/2016\/09\/Mam\u00e1_1705_20151204_0489.jpg?resize=130%2C90 130w, http:\/\/i2.wp.com\/tvulavras.com.br\/wp-content\/uploads\/2016\/09\/Mam\u00e1_1705_20151204_0489.jpg?w=1600 1600w, http:\/\/i2.wp.com\/tvulavras.com.br\/wp-content\/uploads\/2016\/09\/Mam\u00e1_1705_20151204_0489.jpg?w=2400 2400w\" alt=\"Mam\u00e1!\" width=\"342\" height=\"240\" \/><\/p>\n<p><em>Fonte:\u00a0<span id=\"DWT798\" class=\"ZmSearchResult\">Sesc<\/span> Servi\u00e7os Lavras<\/em><\/p>\n","protected":false},"excerpt":{"rendered":"<p>Espet\u00e1culo dirigido por Grace Pass\u00f4 resultou de uma ampla pesquisa da Zula sobre o universo feminino e a maternidade.\u00a0<\/p>\n","protected":false},"author":2,"featured_media":2695,"comment_status":"closed","ping_status":"open","sticky":false,"template":"","format":"standard","meta":{"advgb_blocks_editor_width":"","advgb_blocks_columns_visual_guide":"","_exactmetrics_skip_tracking":false,"_exactmetrics_sitenote_active":false,"_exactmetrics_sitenote_note":"","_exactmetrics_sitenote_category":0,"footnotes":""},"categories":[7,2,21],"tags":[950,822,949],"class_list":["post-2694","post","type-post","status-publish","format-standard","has-post-thumbnail","hentry","category-destaques","category-noticias","category-vem-ai","tag-mama","tag-sesc-lavras","tag-zual-teatro"],"better_featured_image":{"id":2695,"alt_text":"","caption":"Mam\u00e1!","description":"","media_type":"image","media_details":{"width":620,"height":404,"file":"2016\/09\/teatro-mama-e1475258883309.jpg","sizes":{"thumbnail":{"file":"teatro-mama-e1475258883309-150x98.jpg","width":150,"height":98,"mime-type":"image\/jpeg","source_url":"https:\/\/lavras.tv\/site\/wp-content\/uploads\/2016\/09\/teatro-mama-e1475258883309-150x98.jpg"},"medium":{"file":"teatro-mama-e1475258883309-300x195.jpg","width":300,"height":195,"mime-type":"image\/jpeg","source_url":"https:\/\/lavras.tv\/site\/wp-content\/uploads\/2016\/09\/teatro-mama-e1475258883309-300x195.jpg"},"featured-post-img":{"file":"teatro-mama-e1475258883309-480x320.jpg","width":480,"height":320,"mime-type":"image\/jpeg","source_url":"https:\/\/lavras.tv\/site\/wp-content\/uploads\/2016\/09\/teatro-mama-e1475258883309-480x320.jpg"},"sow-carousel-default":{"file":"teatro-mama-e1475258883309-272x182.jpg","width":272,"height":182,"mime-type":"image\/jpeg","source_url":"https:\/\/lavras.tv\/site\/wp-content\/uploads\/2016\/09\/teatro-mama-e1475258883309-272x182.jpg"}},"image_meta":{"aperture":"4","credit":"Realiza\u00e7\u00e3o: Zula Cia. de Teatr","camera":"Canon EOS 5D Mark III","caption":"Mam\u00e1!","created_timestamp":"1447707965","copyright":"\u00a9 Guto Muniz (Foco in Cena)","focal_length":"75","iso":"12800","shutter_speed":"0.008","title":"1705","orientation":"1","keywords":[]}},"post":2694,"source_url":"https:\/\/lavras.tv\/site\/wp-content\/uploads\/2016\/09\/teatro-mama-e1475258883309.jpg"},"author_meta":{"display_name":"Lavras TV","author_link":"https:\/\/lavras.tv\/site\/author\/lavrastv\/"},"featured_img":"https:\/\/lavras.tv\/site\/wp-content\/uploads\/2016\/09\/teatro-mama-e1475258883309-300x195.jpg","coauthors":[],"tax_additional":{"categories":{"linked":["<a href=\"https:\/\/lavras.tv\/site\/category\/destaques\/\" class=\"advgb-post-tax-term\">Destaques<\/a>","<a href=\"https:\/\/lavras.tv\/site\/category\/noticias\/\" class=\"advgb-post-tax-term\">Not\u00edcias<\/a>","<a href=\"https:\/\/lavras.tv\/site\/category\/vem-ai\/\" class=\"advgb-post-tax-term\">Vem a\u00ed<\/a>"],"unlinked":["<span class=\"advgb-post-tax-term\">Destaques<\/span>","<span class=\"advgb-post-tax-term\">Not\u00edcias<\/span>","<span class=\"advgb-post-tax-term\">Vem a\u00ed<\/span>"]},"tags":{"linked":["<a href=\"https:\/\/lavras.tv\/site\/category\/vem-ai\/\" class=\"advgb-post-tax-term\">mam\u00e1<\/a>","<a href=\"https:\/\/lavras.tv\/site\/category\/vem-ai\/\" class=\"advgb-post-tax-term\">SESC Lavras<\/a>","<a href=\"https:\/\/lavras.tv\/site\/category\/vem-ai\/\" class=\"advgb-post-tax-term\">zual teatro<\/a>"],"unlinked":["<span class=\"advgb-post-tax-term\">mam\u00e1<\/span>","<span class=\"advgb-post-tax-term\">SESC Lavras<\/span>","<span class=\"advgb-post-tax-term\">zual teatro<\/span>"]}},"comment_count":"0","relative_dates":{"created":"Publicado 10 anos atr\u00e1s","modified":"Atualizado 10 anos atr\u00e1s"},"absolute_dates":{"created":"Publicado em 30 de setembro de 2016","modified":"Atualizado em 30 de setembro de 2016"},"absolute_dates_time":{"created":"Publicado em 30 de setembro de 2016 15:09","modified":"Atualizado em 30 de setembro de 2016 15:09"},"featured_img_caption":"Mam\u00e1!","series_order":"","_links":{"self":[{"href":"https:\/\/lavras.tv\/site\/wp-json\/wp\/v2\/posts\/2694","targetHints":{"allow":["GET"]}}],"collection":[{"href":"https:\/\/lavras.tv\/site\/wp-json\/wp\/v2\/posts"}],"about":[{"href":"https:\/\/lavras.tv\/site\/wp-json\/wp\/v2\/types\/post"}],"author":[{"embeddable":true,"href":"https:\/\/lavras.tv\/site\/wp-json\/wp\/v2\/users\/2"}],"replies":[{"embeddable":true,"href":"https:\/\/lavras.tv\/site\/wp-json\/wp\/v2\/comments?post=2694"}],"version-history":[{"count":1,"href":"https:\/\/lavras.tv\/site\/wp-json\/wp\/v2\/posts\/2694\/revisions"}],"predecessor-version":[{"id":2696,"href":"https:\/\/lavras.tv\/site\/wp-json\/wp\/v2\/posts\/2694\/revisions\/2696"}],"wp:featuredmedia":[{"embeddable":true,"href":"https:\/\/lavras.tv\/site\/wp-json\/wp\/v2\/media\/2695"}],"wp:attachment":[{"href":"https:\/\/lavras.tv\/site\/wp-json\/wp\/v2\/media?parent=2694"}],"wp:term":[{"taxonomy":"category","embeddable":true,"href":"https:\/\/lavras.tv\/site\/wp-json\/wp\/v2\/categories?post=2694"},{"taxonomy":"post_tag","embeddable":true,"href":"https:\/\/lavras.tv\/site\/wp-json\/wp\/v2\/tags?post=2694"}],"curies":[{"name":"wp","href":"https:\/\/api.w.org\/{rel}","templated":true}]}}