{"id":2749,"date":"2016-10-04T08:26:58","date_gmt":"2016-10-04T11:26:58","guid":{"rendered":"http:\/\/lavras.tv\/site\/?p=2749"},"modified":"2016-10-04T08:26:58","modified_gmt":"2016-10-04T11:26:58","slug":"escalonamento-no-pagamento-de-salarios-do-estado-segue-ate-dezembro","status":"publish","type":"post","link":"https:\/\/lavras.tv\/site\/2016\/10\/04\/escalonamento-no-pagamento-de-salarios-do-estado-segue-ate-dezembro\/","title":{"rendered":"Escalonamento no pagamento de sal\u00e1rios do Estado segue at\u00e9 dezembro"},"content":{"rendered":"<div class=\"lavra-antes-do-conteudo_2\" id=\"lavra-3028100006\"><div id=\"lavra-slider-27\" class=\"custom-slider lavra-slider-796522707 lavra-slider\"><ul><li><div style=\"margin-left: auto;margin-right: auto;text-align: center;\" id=\"lavra-4124065041\"><a href=\"https:\/\/sistemas.lavras.mg.gov.br\/portalcidadao\/#df1b1a7c7b2a290bcb31e32771e610784662739a88807c0dacac58ede5f391a7530e299dc302d611ee73cb143fc22eaf93592e53e7b5bdb01b00a0b8d28dae460c141dd2ff83412e4dc1c31b16b25f33144a9e5620ea73b13f5bc1c59411d98439ad226e8af03840603796067d87afe130812cf3de24982d0e306f9e61e764e5\" aria-label=\"Lavras-TV&#8211;720x104px (1) (1)\"><img src=\"https:\/\/lavras.tv\/site\/wp-content\/uploads\/2025\/01\/Lavras-TV-720x104px-1-1.png\" alt=\"\"  srcset=\"https:\/\/lavras.tv\/site\/wp-content\/uploads\/2025\/01\/Lavras-TV-720x104px-1-1.png 720w, https:\/\/lavras.tv\/site\/wp-content\/uploads\/2025\/01\/Lavras-TV-720x104px-1-1-470x68.png 470w, https:\/\/lavras.tv\/site\/wp-content\/uploads\/2025\/01\/Lavras-TV-720x104px-1-1-170x25.png 170w, https:\/\/lavras.tv\/site\/wp-content\/uploads\/2025\/01\/Lavras-TV-720x104px-1-1-200x29.png 200w\" sizes=\"(max-width: 720px) 100vw, 720px\" width=\"720\" height=\"104\"  style=\"display: inline-block;\" \/><\/a><\/div><\/li><li><a href=\"https:\/\/sistemas.lavras.mg.gov.br\/portalcidadao\/#df1b1a7c7b2a290bcb31e32771e610784662739a88807c0dacac58ede5f391a7530e299dc302d611ee73cb143fc22eaf93592e53e7b5bdb01b00a0b8d28dae460c141dd2ff83412e4dc1c31b16b25f33144a9e5620ea73b13f5bc1c59411d98439ad226e8af03840603796067d87afe130812cf3de24982d0e306f9e61e764e5\" aria-label=\"Banner_Emprego_PortallavrasTV\"><img src=\"https:\/\/lavras.tv\/site\/wp-content\/uploads\/2025\/03\/Banner_Emprego_PortallavrasTV.png\" alt=\"\"  srcset=\"https:\/\/lavras.tv\/site\/wp-content\/uploads\/2025\/03\/Banner_Emprego_PortallavrasTV.png 720w, https:\/\/lavras.tv\/site\/wp-content\/uploads\/2025\/03\/Banner_Emprego_PortallavrasTV-470x68.png 470w, https:\/\/lavras.tv\/site\/wp-content\/uploads\/2025\/03\/Banner_Emprego_PortallavrasTV-170x25.png 170w, https:\/\/lavras.tv\/site\/wp-content\/uploads\/2025\/03\/Banner_Emprego_PortallavrasTV-200x29.png 200w\" sizes=\"(max-width: 720px) 100vw, 720px\" width=\"720\" height=\"104\"   \/><\/a><\/li><li><a href=\"https:\/\/sistemas.lavras.mg.gov.br\/portalcidadao\/#df1b1a7c7b2a290bcb31e32771e610784662739a88807c0dacac58ede5f391a7530e299dc302d611ee73cb143fc22eaf93592e53e7b5bdb01b00a0b8d28dae460c141dd2ff83412e4dc1c31b16b25f33144a9e5620ea73b13f5bc1c59411d98439ad226e8af03840603796067d87afe130812cf3de24982d0e306f9e61e764e5\" aria-label=\"Banner_Obras_PortallavrasTV\"><img src=\"https:\/\/lavras.tv\/site\/wp-content\/uploads\/2025\/03\/Banner_Obras_PortallavrasTV.png\" alt=\"\"  srcset=\"https:\/\/lavras.tv\/site\/wp-content\/uploads\/2025\/03\/Banner_Obras_PortallavrasTV.png 720w, https:\/\/lavras.tv\/site\/wp-content\/uploads\/2025\/03\/Banner_Obras_PortallavrasTV-470x68.png 470w, https:\/\/lavras.tv\/site\/wp-content\/uploads\/2025\/03\/Banner_Obras_PortallavrasTV-170x25.png 170w, https:\/\/lavras.tv\/site\/wp-content\/uploads\/2025\/03\/Banner_Obras_PortallavrasTV-200x29.png 200w\" sizes=\"(max-width: 720px) 100vw, 720px\" width=\"720\" height=\"104\"   \/><\/a><\/li><li><div style=\"margin-left: auto;margin-right: auto;text-align: center;\" id=\"lavra-3753448203\"><a href=\"https:\/\/sistemas.lavras.mg.gov.br\/portalcidadao\/#df1b1a7c7b2a290bcb31e32771e610784662739a88807c0dacac58ede5f391a7530e299dc302d611ee73cb143fc22eaf93592e53e7b5bdb01b00a0b8d28dae460c141dd2ff83412e4dc1c31b16b25f33144a9e5620ea73b13f5bc1c59411d98439ad226e8af03840603796067d87afe130812cf3de24982d0e306f9e61e764e5\" aria-label=\"Banner_Educa\u00e7\u00e3o_PortallavrasTV\"><img src=\"https:\/\/lavras.tv\/site\/wp-content\/uploads\/2025\/01\/Banner_Educacao_PortallavrasTV.png\" alt=\"\"  srcset=\"https:\/\/lavras.tv\/site\/wp-content\/uploads\/2025\/01\/Banner_Educacao_PortallavrasTV.png 720w, https:\/\/lavras.tv\/site\/wp-content\/uploads\/2025\/01\/Banner_Educacao_PortallavrasTV-470x68.png 470w, https:\/\/lavras.tv\/site\/wp-content\/uploads\/2025\/01\/Banner_Educacao_PortallavrasTV-170x25.png 170w, https:\/\/lavras.tv\/site\/wp-content\/uploads\/2025\/01\/Banner_Educacao_PortallavrasTV-200x29.png 200w\" sizes=\"(max-width: 720px) 100vw, 720px\" width=\"720\" height=\"104\"  style=\"display: inline-block;\" \/><\/a><\/div><\/li><li><a href=\"https:\/\/sistemas.lavras.mg.gov.br\/portalcidadao\/#df1b1a7c7b2a290bcb31e32771e610784662739a88807c0dacac58ede5f391a7530e299dc302d611ee73cb143fc22eaf93592e53e7b5bdb01b00a0b8d28dae460c141dd2ff83412e4dc1c31b16b25f33144a9e5620ea73b13f5bc1c59411d98439ad226e8af03840603796067d87afe130812cf3de24982d0e306f9e61e764e5\" aria-label=\"Banner_Sa\u00fade_PortallavrasTV\"><img src=\"https:\/\/lavras.tv\/site\/wp-content\/uploads\/2025\/03\/Banner_Saude_PortallavrasTV.png\" alt=\"\"  srcset=\"https:\/\/lavras.tv\/site\/wp-content\/uploads\/2025\/03\/Banner_Saude_PortallavrasTV.png 720w, https:\/\/lavras.tv\/site\/wp-content\/uploads\/2025\/03\/Banner_Saude_PortallavrasTV-470x68.png 470w, https:\/\/lavras.tv\/site\/wp-content\/uploads\/2025\/03\/Banner_Saude_PortallavrasTV-170x25.png 170w, https:\/\/lavras.tv\/site\/wp-content\/uploads\/2025\/03\/Banner_Saude_PortallavrasTV-200x29.png 200w\" sizes=\"(max-width: 720px) 100vw, 720px\" width=\"720\" height=\"104\"   \/><\/a><\/li><li><div id=\"lavra-56817513\" style=\"width:720px;height:104px;background-color:#ddd;overflow:scroll;\">\n\t<strong>Sa\u00edda da depura\u00e7\u00e3o de an\u00fancios<\/strong>\n\t<br><br>\n\tO an\u00fancio n\u00e3o \u00e9 exibido na p\u00e1gina<br><br>post atual: Escalonamento no pagamento de sal\u00e1rios do Estado segue at\u00e9 dezembro, ID: 2749<br><br><span style=\"color: red;\">O post atual n\u00e3o \u00e9 id\u00eantico ao post principal.<\/span><br><br>An\u00fancios: ROXO - TOPO INTERNA - ROTATIVO 2 (197)<br \/>Grupo de an\u00fancios: Princ_Meio01_720x104 (27)<br><br>Condi\u00e7\u00f5es de exibi\u00e7\u00e3o<div style=\"margin-bottom: 20px; white-space: pre-wrap; font-family: monospace; width: 100%; background: #ffe9e9;\"><strong>condi\u00e7\u00f5es gerais<\/strong><table border=\"1\"><thead><tr><th><\/th><th>An\u00fancios<\/th><th>wp_the_query<\/th><\/tr><\/thead><tr><td>is_main_query<\/td><td>1<\/td><td>1<\/td><\/tr><tr><td>is_rest_api<\/td><td>0<\/td><td>1<\/td><\/tr><tr><td>page<\/td><td>0<\/td><td>1<\/td><\/tr><tr><td>numpages<\/td><td>0<\/td><td>1<\/td><\/tr><tr><td>is_archive<\/td><td>1<\/td><td><\/td><\/tr><tr><td>is_search<\/td><td>1<\/td><td><\/td><\/tr><tr><td>is_home<\/td><td>1<\/td><td><\/td><\/tr><tr><td>is_404<\/td><td>1<\/td><td><\/td><\/tr><tr><td>is_attachment<\/td><td>1<\/td><td><\/td><\/tr><tr><td>is_singular<\/td><td>1<\/td><td><\/td><\/tr><tr><td>is_front_page<\/td><td>1<\/td><td><\/td><\/tr><tr><td>is_feed<\/td><td>1<\/td><td><\/td><\/tr><\/table><\/div><br><br><span style=\"color: red;\">Seu site usa HTTPS, mas o c\u00f3digo do an\u00fancio cont\u00e9m HTTP e pode n\u00e3o funcionar.<\/span>\t<br><br>\n\t<a style=\"color: green;\" href=\"https:\/\/wpadvancedads.com\/manual\/ad-debug-mode\/?utm_source=advanced-ads&utm_medium=link&utm_campaign=ad-debug-mode\" target=\"_blank\" rel=\"nofollow\">Encontre solu\u00e7\u00f5es no manual<\/a>\n<\/div>\n<\/li><\/ul><\/div><script>( window.advanced_ads_ready || jQuery( document ).ready ).call( null, function() {var $lavraslider796522707 = jQuery( \".lavra-slider-796522707\" );$lavraslider796522707.on( \"unslider.ready\", function() { jQuery( \"div.custom-slider ul li\" ).css( \"display\", \"block\" ); });$lavraslider796522707.unslider({ delay:4000, autoplay:true, nav:false, arrows:false, infinite:true });$lavraslider796522707.on(\"mouseover\", function() {$lavraslider796522707.unslider(\"stop\");}).on(\"mouseout\", function() {$lavraslider796522707.unslider(\"start\");});});<\/script><\/div><p>O escalonamento dos sal\u00e1rios dos servidores p\u00fablicos de Minas Gerais ser\u00e1 realizado at\u00e9 o fim do ano, segundo a Secretaria de Estado de Planejamento e Gest\u00e3o (Seplag).<!--more--><\/p>\n<p>A medida, que come\u00e7ou a valer em fevereiro deste ano, foi tomada por causa da crise econ\u00f4mica enfrentada pelo governo do estado. Na \u00e9poca, a previs\u00e3o era que o escalonamento seria feito at\u00e9 o dia 7 de abril.<\/p>\n<p><img fetchpriority=\"high\" decoding=\"async\" class=\" wp-image-2750 aligncenter\" src=\"http:\/\/lavras.tv\/site\/wp-content\/uploads\/2016\/10\/cidade-administrativa.jpg\" alt=\"cidade-administrativa\" width=\"619\" height=\"357\" srcset=\"https:\/\/lavras.tv\/site\/wp-content\/uploads\/2016\/10\/cidade-administrativa.jpg 1280w, https:\/\/lavras.tv\/site\/wp-content\/uploads\/2016\/10\/cidade-administrativa-150x87.jpg 150w, https:\/\/lavras.tv\/site\/wp-content\/uploads\/2016\/10\/cidade-administrativa-300x173.jpg 300w, https:\/\/lavras.tv\/site\/wp-content\/uploads\/2016\/10\/cidade-administrativa-1024x591.jpg 1024w\" sizes=\"(max-width: 619px) 100vw, 619px\" \/><\/p>\n<p>De acordo com a Secretaria de Estado da Fazenda (SEF), foi necess\u00e1rio atrasar em dois dias \u00fateis a escala de pagamento dos pr\u00f3ximos dois meses em compara\u00e7\u00e3o ao terceiro trimestre em raz\u00e3o do agravamento da arrecada\u00e7\u00e3o estadual.<\/p>\n<p>A folha de pagamento consome R$ 3 bilh\u00f5es, sendo R$ 2,5 bilh\u00f5es com os servidores do Executivo e R$ 500 milh\u00f5es com os servidores dos demais poderes.<\/p>\n<p>Os que ganham at\u00e9 R$ 3 mil receber\u00e3o o sal\u00e1rio integral. Em novembro ser\u00e1 no dia 14 e em dezembro no dia 12.<\/p>\n<p>Quem tem sal\u00e1rio de at\u00e9 R$ 6 mil vai receber R$ 3 mil no dia 14 de novembro e o restante nos dias 18 e 23. Em dezembro, os pagamentos ser\u00e3o feitos nos dias 12, 19 e 21.<\/p>\n<p>Os servidores que t\u00eam o sal\u00e1rio maior que R$ 6 mil v\u00e3o receber R$ 3 mil no dia 14 de novembro e o restante nos dias 18 e 23.<\/p>\n<p>Ainda segundo o governo, as datas do pagamento do primeiro trimestre de 2017\u00a0 e um posicionamento sobre o pagamento do 13\u00b0 sal\u00e1rio deste ano, ser\u00e3o tema de uma\u00a0 reuni\u00e3o marcada para o fim do m\u00eas de novembro.<\/p>\n","protected":false},"excerpt":{"rendered":"<p>O escalonamento dos sal\u00e1rios dos servidores p\u00fablicos de Minas Gerais ser\u00e1 realizado at\u00e9 o fim do ano, segundo a Secretaria de Estado de Planejamento e Gest\u00e3o (Seplag).<\/p>\n","protected":false},"author":2,"featured_media":2750,"comment_status":"closed","ping_status":"open","sticky":false,"template":"","format":"standard","meta":{"advgb_blocks_editor_width":"","advgb_blocks_columns_visual_guide":"","_exactmetrics_skip_tracking":false,"_exactmetrics_sitenote_active":false,"_exactmetrics_sitenote_note":"","_exactmetrics_sitenote_category":0,"footnotes":""},"categories":[7,2],"tags":[963,964,962],"class_list":["post-2749","post","type-post","status-publish","format-standard","has-post-thumbnail","hentry","category-destaques","category-noticias","tag-escalonamento-de-salario","tag-governo-de-minas-gerais","tag-salarios-servidores-mg"],"better_featured_image":{"id":2750,"alt_text":"","caption":"","description":"","media_type":"image","media_details":{"width":1280,"height":739,"file":"2016\/10\/cidade-administrativa.jpg","sizes":{"thumbnail":{"file":"cidade-administrativa-150x87.jpg","width":150,"height":87,"mime-type":"image\/jpeg","source_url":"https:\/\/lavras.tv\/site\/wp-content\/uploads\/2016\/10\/cidade-administrativa-150x87.jpg"},"medium":{"file":"cidade-administrativa-300x173.jpg","width":300,"height":173,"mime-type":"image\/jpeg","source_url":"https:\/\/lavras.tv\/site\/wp-content\/uploads\/2016\/10\/cidade-administrativa-300x173.jpg"},"large":{"file":"cidade-administrativa-1024x591.jpg","width":1024,"height":591,"mime-type":"image\/jpeg","source_url":"https:\/\/lavras.tv\/site\/wp-content\/uploads\/2016\/10\/cidade-administrativa-1024x591.jpg"},"featured-slider-img":{"file":"cidade-administrativa-640x480.jpg","width":640,"height":480,"mime-type":"image\/jpeg","source_url":"https:\/\/lavras.tv\/site\/wp-content\/uploads\/2016\/10\/cidade-administrativa-640x480.jpg"},"featured-post-img":{"file":"cidade-administrativa-480x320.jpg","width":480,"height":320,"mime-type":"image\/jpeg","source_url":"https:\/\/lavras.tv\/site\/wp-content\/uploads\/2016\/10\/cidade-administrativa-480x320.jpg"},"sow-carousel-default":{"file":"cidade-administrativa-272x182.jpg","width":272,"height":182,"mime-type":"image\/jpeg","source_url":"https:\/\/lavras.tv\/site\/wp-content\/uploads\/2016\/10\/cidade-administrativa-272x182.jpg"}},"image_meta":{"aperture":"0","credit":"","camera":"","caption":"","created_timestamp":"0","copyright":"","focal_length":"0","iso":"0","shutter_speed":"0","title":"","orientation":"0","keywords":[]}},"post":2749,"source_url":"https:\/\/lavras.tv\/site\/wp-content\/uploads\/2016\/10\/cidade-administrativa.jpg"},"author_meta":{"display_name":"Lavras TV","author_link":"https:\/\/lavras.tv\/site\/author\/lavrastv\/"},"featured_img":"https:\/\/lavras.tv\/site\/wp-content\/uploads\/2016\/10\/cidade-administrativa-300x173.jpg","coauthors":[],"tax_additional":{"categories":{"linked":["<a href=\"https:\/\/lavras.tv\/site\/category\/destaques\/\" class=\"advgb-post-tax-term\">Destaques<\/a>","<a href=\"https:\/\/lavras.tv\/site\/category\/noticias\/\" class=\"advgb-post-tax-term\">Not\u00edcias<\/a>"],"unlinked":["<span class=\"advgb-post-tax-term\">Destaques<\/span>","<span class=\"advgb-post-tax-term\">Not\u00edcias<\/span>"]},"tags":{"linked":["<a href=\"https:\/\/lavras.tv\/site\/category\/noticias\/\" class=\"advgb-post-tax-term\">escalonamento de sal\u00e1rio<\/a>","<a href=\"https:\/\/lavras.tv\/site\/category\/noticias\/\" class=\"advgb-post-tax-term\">Governo de Minas gerais<\/a>","<a href=\"https:\/\/lavras.tv\/site\/category\/noticias\/\" class=\"advgb-post-tax-term\">sal\u00e1rios servidores MG<\/a>"],"unlinked":["<span class=\"advgb-post-tax-term\">escalonamento de sal\u00e1rio<\/span>","<span class=\"advgb-post-tax-term\">Governo de Minas gerais<\/span>","<span class=\"advgb-post-tax-term\">sal\u00e1rios servidores MG<\/span>"]}},"comment_count":"0","relative_dates":{"created":"Publicado 10 anos atr\u00e1s","modified":"Atualizado 10 anos atr\u00e1s"},"absolute_dates":{"created":"Publicado em 4 de outubro de 2016","modified":"Atualizado em 4 de outubro de 2016"},"absolute_dates_time":{"created":"Publicado em 4 de outubro de 2016 08:26","modified":"Atualizado em 4 de outubro de 2016 08:26"},"featured_img_caption":"","series_order":"","_links":{"self":[{"href":"https:\/\/lavras.tv\/site\/wp-json\/wp\/v2\/posts\/2749","targetHints":{"allow":["GET"]}}],"collection":[{"href":"https:\/\/lavras.tv\/site\/wp-json\/wp\/v2\/posts"}],"about":[{"href":"https:\/\/lavras.tv\/site\/wp-json\/wp\/v2\/types\/post"}],"author":[{"embeddable":true,"href":"https:\/\/lavras.tv\/site\/wp-json\/wp\/v2\/users\/2"}],"replies":[{"embeddable":true,"href":"https:\/\/lavras.tv\/site\/wp-json\/wp\/v2\/comments?post=2749"}],"version-history":[{"count":1,"href":"https:\/\/lavras.tv\/site\/wp-json\/wp\/v2\/posts\/2749\/revisions"}],"predecessor-version":[{"id":2751,"href":"https:\/\/lavras.tv\/site\/wp-json\/wp\/v2\/posts\/2749\/revisions\/2751"}],"wp:featuredmedia":[{"embeddable":true,"href":"https:\/\/lavras.tv\/site\/wp-json\/wp\/v2\/media\/2750"}],"wp:attachment":[{"href":"https:\/\/lavras.tv\/site\/wp-json\/wp\/v2\/media?parent=2749"}],"wp:term":[{"taxonomy":"category","embeddable":true,"href":"https:\/\/lavras.tv\/site\/wp-json\/wp\/v2\/categories?post=2749"},{"taxonomy":"post_tag","embeddable":true,"href":"https:\/\/lavras.tv\/site\/wp-json\/wp\/v2\/tags?post=2749"}],"curies":[{"name":"wp","href":"https:\/\/api.w.org\/{rel}","templated":true}]}}