{"id":2756,"date":"2016-10-04T08:40:05","date_gmt":"2016-10-04T11:40:05","guid":{"rendered":"http:\/\/lavras.tv\/site\/?p=2756"},"modified":"2016-10-04T08:40:05","modified_gmt":"2016-10-04T11:40:05","slug":"horario-de-verao-comeca-em-16-de-outubro-e-vai-ate-19-de-fevereiro","status":"publish","type":"post","link":"https:\/\/lavras.tv\/site\/2016\/10\/04\/horario-de-verao-comeca-em-16-de-outubro-e-vai-ate-19-de-fevereiro\/","title":{"rendered":"Hor\u00e1rio de ver\u00e3o come\u00e7a em 16 de outubro e vai at\u00e9 19 de fevereiro"},"content":{"rendered":"<div class=\"lavra-antes-do-conteudo_2\" id=\"lavra-3203830607\"><div id=\"lavra-slider-27\" class=\"custom-slider lavra-slider-3159305182 lavra-slider\"><ul><li><div style=\"margin-left: auto;margin-right: auto;text-align: center;\" id=\"lavra-1888488559\"><a href=\"https:\/\/sistemas.lavras.mg.gov.br\/portalcidadao\/#df1b1a7c7b2a290bcb31e32771e610784662739a88807c0dacac58ede5f391a7530e299dc302d611ee73cb143fc22eaf93592e53e7b5bdb01b00a0b8d28dae460c141dd2ff83412e4dc1c31b16b25f33144a9e5620ea73b13f5bc1c59411d98439ad226e8af03840603796067d87afe130812cf3de24982d0e306f9e61e764e5\" aria-label=\"Lavras-TV&#8211;720x104px (1) (1)\"><img src=\"https:\/\/lavras.tv\/site\/wp-content\/uploads\/2025\/01\/Lavras-TV-720x104px-1-1.png\" alt=\"\"  srcset=\"https:\/\/lavras.tv\/site\/wp-content\/uploads\/2025\/01\/Lavras-TV-720x104px-1-1.png 720w, https:\/\/lavras.tv\/site\/wp-content\/uploads\/2025\/01\/Lavras-TV-720x104px-1-1-470x68.png 470w, https:\/\/lavras.tv\/site\/wp-content\/uploads\/2025\/01\/Lavras-TV-720x104px-1-1-170x25.png 170w, https:\/\/lavras.tv\/site\/wp-content\/uploads\/2025\/01\/Lavras-TV-720x104px-1-1-200x29.png 200w\" sizes=\"(max-width: 720px) 100vw, 720px\" width=\"720\" height=\"104\"  style=\"display: inline-block;\" \/><\/a><\/div><\/li><li><a href=\"https:\/\/sistemas.lavras.mg.gov.br\/portalcidadao\/#df1b1a7c7b2a290bcb31e32771e610784662739a88807c0dacac58ede5f391a7530e299dc302d611ee73cb143fc22eaf93592e53e7b5bdb01b00a0b8d28dae460c141dd2ff83412e4dc1c31b16b25f33144a9e5620ea73b13f5bc1c59411d98439ad226e8af03840603796067d87afe130812cf3de24982d0e306f9e61e764e5\" aria-label=\"Banner_Emprego_PortallavrasTV\"><img src=\"https:\/\/lavras.tv\/site\/wp-content\/uploads\/2025\/03\/Banner_Emprego_PortallavrasTV.png\" alt=\"\"  srcset=\"https:\/\/lavras.tv\/site\/wp-content\/uploads\/2025\/03\/Banner_Emprego_PortallavrasTV.png 720w, https:\/\/lavras.tv\/site\/wp-content\/uploads\/2025\/03\/Banner_Emprego_PortallavrasTV-470x68.png 470w, https:\/\/lavras.tv\/site\/wp-content\/uploads\/2025\/03\/Banner_Emprego_PortallavrasTV-170x25.png 170w, https:\/\/lavras.tv\/site\/wp-content\/uploads\/2025\/03\/Banner_Emprego_PortallavrasTV-200x29.png 200w\" sizes=\"(max-width: 720px) 100vw, 720px\" width=\"720\" height=\"104\"   \/><\/a><\/li><li><a href=\"https:\/\/sistemas.lavras.mg.gov.br\/portalcidadao\/#df1b1a7c7b2a290bcb31e32771e610784662739a88807c0dacac58ede5f391a7530e299dc302d611ee73cb143fc22eaf93592e53e7b5bdb01b00a0b8d28dae460c141dd2ff83412e4dc1c31b16b25f33144a9e5620ea73b13f5bc1c59411d98439ad226e8af03840603796067d87afe130812cf3de24982d0e306f9e61e764e5\" aria-label=\"Banner_Obras_PortallavrasTV\"><img src=\"https:\/\/lavras.tv\/site\/wp-content\/uploads\/2025\/03\/Banner_Obras_PortallavrasTV.png\" alt=\"\"  srcset=\"https:\/\/lavras.tv\/site\/wp-content\/uploads\/2025\/03\/Banner_Obras_PortallavrasTV.png 720w, https:\/\/lavras.tv\/site\/wp-content\/uploads\/2025\/03\/Banner_Obras_PortallavrasTV-470x68.png 470w, https:\/\/lavras.tv\/site\/wp-content\/uploads\/2025\/03\/Banner_Obras_PortallavrasTV-170x25.png 170w, https:\/\/lavras.tv\/site\/wp-content\/uploads\/2025\/03\/Banner_Obras_PortallavrasTV-200x29.png 200w\" sizes=\"(max-width: 720px) 100vw, 720px\" width=\"720\" height=\"104\"   \/><\/a><\/li><li><div style=\"margin-left: auto;margin-right: auto;text-align: center;\" id=\"lavra-245976795\"><a href=\"https:\/\/sistemas.lavras.mg.gov.br\/portalcidadao\/#df1b1a7c7b2a290bcb31e32771e610784662739a88807c0dacac58ede5f391a7530e299dc302d611ee73cb143fc22eaf93592e53e7b5bdb01b00a0b8d28dae460c141dd2ff83412e4dc1c31b16b25f33144a9e5620ea73b13f5bc1c59411d98439ad226e8af03840603796067d87afe130812cf3de24982d0e306f9e61e764e5\" aria-label=\"Banner_Educa\u00e7\u00e3o_PortallavrasTV\"><img src=\"https:\/\/lavras.tv\/site\/wp-content\/uploads\/2025\/01\/Banner_Educacao_PortallavrasTV.png\" alt=\"\"  srcset=\"https:\/\/lavras.tv\/site\/wp-content\/uploads\/2025\/01\/Banner_Educacao_PortallavrasTV.png 720w, https:\/\/lavras.tv\/site\/wp-content\/uploads\/2025\/01\/Banner_Educacao_PortallavrasTV-470x68.png 470w, https:\/\/lavras.tv\/site\/wp-content\/uploads\/2025\/01\/Banner_Educacao_PortallavrasTV-170x25.png 170w, https:\/\/lavras.tv\/site\/wp-content\/uploads\/2025\/01\/Banner_Educacao_PortallavrasTV-200x29.png 200w\" sizes=\"(max-width: 720px) 100vw, 720px\" width=\"720\" height=\"104\"  style=\"display: inline-block;\" \/><\/a><\/div><\/li><li><a href=\"https:\/\/sistemas.lavras.mg.gov.br\/portalcidadao\/#df1b1a7c7b2a290bcb31e32771e610784662739a88807c0dacac58ede5f391a7530e299dc302d611ee73cb143fc22eaf93592e53e7b5bdb01b00a0b8d28dae460c141dd2ff83412e4dc1c31b16b25f33144a9e5620ea73b13f5bc1c59411d98439ad226e8af03840603796067d87afe130812cf3de24982d0e306f9e61e764e5\" aria-label=\"Banner_Sa\u00fade_PortallavrasTV\"><img src=\"https:\/\/lavras.tv\/site\/wp-content\/uploads\/2025\/03\/Banner_Saude_PortallavrasTV.png\" alt=\"\"  srcset=\"https:\/\/lavras.tv\/site\/wp-content\/uploads\/2025\/03\/Banner_Saude_PortallavrasTV.png 720w, https:\/\/lavras.tv\/site\/wp-content\/uploads\/2025\/03\/Banner_Saude_PortallavrasTV-470x68.png 470w, https:\/\/lavras.tv\/site\/wp-content\/uploads\/2025\/03\/Banner_Saude_PortallavrasTV-170x25.png 170w, https:\/\/lavras.tv\/site\/wp-content\/uploads\/2025\/03\/Banner_Saude_PortallavrasTV-200x29.png 200w\" sizes=\"(max-width: 720px) 100vw, 720px\" width=\"720\" height=\"104\"   \/><\/a><\/li><li><div id=\"lavra-987843152\" style=\"width:720px;height:104px;background-color:#ddd;overflow:scroll;\">\n\t<strong>Sa\u00edda da depura\u00e7\u00e3o de an\u00fancios<\/strong>\n\t<br><br>\n\tO an\u00fancio n\u00e3o \u00e9 exibido na p\u00e1gina<br><br>post atual: Hor\u00e1rio de ver\u00e3o come\u00e7a em 16 de outubro e vai at\u00e9 19 de fevereiro, ID: 2756<br><br><span style=\"color: red;\">O post atual n\u00e3o \u00e9 id\u00eantico ao post principal.<\/span><br><br>An\u00fancios: ROXO - TOPO INTERNA - ROTATIVO 2 (197)<br \/>Grupo de an\u00fancios: Princ_Meio01_720x104 (27)<br><br>Condi\u00e7\u00f5es de exibi\u00e7\u00e3o<div style=\"margin-bottom: 20px; white-space: pre-wrap; font-family: monospace; width: 100%; background: #ffe9e9;\"><strong>condi\u00e7\u00f5es gerais<\/strong><table border=\"1\"><thead><tr><th><\/th><th>An\u00fancios<\/th><th>wp_the_query<\/th><\/tr><\/thead><tr><td>is_main_query<\/td><td>1<\/td><td>1<\/td><\/tr><tr><td>is_rest_api<\/td><td>0<\/td><td>1<\/td><\/tr><tr><td>page<\/td><td>0<\/td><td>1<\/td><\/tr><tr><td>numpages<\/td><td>0<\/td><td>1<\/td><\/tr><tr><td>is_archive<\/td><td>1<\/td><td><\/td><\/tr><tr><td>is_search<\/td><td>1<\/td><td><\/td><\/tr><tr><td>is_home<\/td><td>1<\/td><td><\/td><\/tr><tr><td>is_404<\/td><td>1<\/td><td><\/td><\/tr><tr><td>is_attachment<\/td><td>1<\/td><td><\/td><\/tr><tr><td>is_singular<\/td><td>1<\/td><td><\/td><\/tr><tr><td>is_front_page<\/td><td>1<\/td><td><\/td><\/tr><tr><td>is_feed<\/td><td>1<\/td><td><\/td><\/tr><\/table><\/div><br><br><span style=\"color: red;\">Seu site usa HTTPS, mas o c\u00f3digo do an\u00fancio cont\u00e9m HTTP e pode n\u00e3o funcionar.<\/span>\t<br><br>\n\t<a style=\"color: green;\" href=\"https:\/\/wpadvancedads.com\/manual\/ad-debug-mode\/?utm_source=advanced-ads&utm_medium=link&utm_campaign=ad-debug-mode\" target=\"_blank\" rel=\"nofollow\">Encontre solu\u00e7\u00f5es no manual<\/a>\n<\/div>\n<\/li><\/ul><\/div><script>( window.advanced_ads_ready || jQuery( document ).ready ).call( null, function() {var $lavraslider3159305182 = jQuery( \".lavra-slider-3159305182\" );$lavraslider3159305182.on( \"unslider.ready\", function() { jQuery( \"div.custom-slider ul li\" ).css( \"display\", \"block\" ); });$lavraslider3159305182.unslider({ delay:4000, autoplay:true, nav:false, arrows:false, infinite:true });$lavraslider3159305182.on(\"mouseover\", function() {$lavraslider3159305182.unslider(\"stop\");}).on(\"mouseout\", function() {$lavraslider3159305182.unslider(\"start\");});});<\/script><\/div><p>Moradores das regi\u00f5es Sul, Sudeste e Centro-Oeste do pa\u00eds dever\u00e3o adiantar os rel\u00f3gios em uma hora a partir do pr\u00f3ximo dia 16, quando come\u00e7a o hor\u00e1rio de ver\u00e3o. <!--more-->A medida busca proporcionar economia de energia, aproveitando o maior tempo de incid\u00eancia da luz do sol. A mudan\u00e7a permanece em vigor at\u00e9 o dia 19 de fevereiro de 2017.<img fetchpriority=\"high\" decoding=\"async\" class=\" wp-image-2757 aligncenter\" src=\"http:\/\/lavras.tv\/site\/wp-content\/uploads\/2016\/10\/horario-de-verao.jpg\" alt=\"horario-de-verao\" width=\"578\" height=\"384\" srcset=\"https:\/\/lavras.tv\/site\/wp-content\/uploads\/2016\/10\/horario-de-verao.jpg 1280w, https:\/\/lavras.tv\/site\/wp-content\/uploads\/2016\/10\/horario-de-verao-150x100.jpg 150w, https:\/\/lavras.tv\/site\/wp-content\/uploads\/2016\/10\/horario-de-verao-300x199.jpg 300w, https:\/\/lavras.tv\/site\/wp-content\/uploads\/2016\/10\/horario-de-verao-1024x681.jpg 1024w, https:\/\/lavras.tv\/site\/wp-content\/uploads\/2016\/10\/horario-de-verao-480x320.jpg 480w, https:\/\/lavras.tv\/site\/wp-content\/uploads\/2016\/10\/horario-de-verao-272x182.jpg 272w\" sizes=\"(max-width: 578px) 100vw, 578px\" \/><\/p>\n<p>O hor\u00e1rio de ver\u00e3o ser\u00e1 adotado pelo Distrito Federal e pelos estados de Santa Catarina, Paran\u00e1, Rio Grande do Sul, Mato Grosso, Mato Grosso do Sul, Goi\u00e1s, Esp\u00edrito Santo, Rio de Janeiro, Minas Gerais e S\u00e3o Paulo.<\/p>\n<p>A medida afeta principalmente o consumo de energia no hor\u00e1rio de pico, entre 18h e 21h. Na temporada passada, entre o fim de 2015 e o in\u00edcio de 2016, a ado\u00e7\u00e3o do hor\u00e1rio de ver\u00e3o reduziu a demanda por eletricidade em 2,6 mil megawatts(MW), ou 4,5% do consumo m\u00e9dio dessas tr\u00eas regi\u00f5es.<\/p>\n<p>A queda no consumo permitiu ao pa\u00eds poupar \u00e1gua dos reservat\u00f3rios de hidrel\u00e9tricas nessas regi\u00f5es. Segundo o Operador Nacional do Sistema El\u00e9trico (ONS), o Brasil tamb\u00e9m economizou R$ 162 milh\u00f5es ao reduzir a necessidade de uso das usinas termel\u00e9tricas, que t\u00eam energia mais cara.<\/p>\n<p><strong>Hist\u00f3rico<\/strong><br \/>\nEsta ser\u00e1 a 41\u00aa edi\u00e7\u00e3o do hor\u00e1rio de ver\u00e3o no pa\u00eds. A primeira vez ocorreu no ver\u00e3o de 1931\/1932. O objetivo \u00e9 estimular o uso racional e adequado da energia el\u00e9trica.<\/p>\n<p>Os dias de come\u00e7o e t\u00e9rmino do hor\u00e1rio de ver\u00e3o foram padronizados por um decreto de 2008. Pelo texto, os rel\u00f3gios s\u00e3o adiantados no terceiro domingo de outubro de cada ano, e voltam \u00e0 sincronia habitual no terceiro domingo de fevereiro.<\/p>\n<p>&nbsp;<\/p>\n<p>Fonte: G1<\/p>\n","protected":false},"excerpt":{"rendered":"<p>Moradores das regi\u00f5es Sul, Sudeste e Centro-Oeste do pa\u00eds dever\u00e3o adiantar os rel\u00f3gios em uma hora a partir do pr\u00f3ximo dia 16, quando come\u00e7a o hor\u00e1rio de ver\u00e3o.<\/p>\n","protected":false},"author":2,"featured_media":2757,"comment_status":"closed","ping_status":"open","sticky":false,"template":"","format":"standard","meta":{"advgb_blocks_editor_width":"","advgb_blocks_columns_visual_guide":"","_exactmetrics_skip_tracking":false,"_exactmetrics_sitenote_active":false,"_exactmetrics_sitenote_note":"","_exactmetrics_sitenote_category":0,"footnotes":""},"categories":[7,2],"tags":[969,968],"class_list":["post-2756","post","type-post","status-publish","format-standard","has-post-thumbnail","hentry","category-destaques","category-noticias","tag-economia","tag-horario-de-verao"],"better_featured_image":{"id":2757,"alt_text":"","caption":"","description":"","media_type":"image","media_details":{"width":1280,"height":851,"file":"2016\/10\/horario-de-verao.jpg","sizes":{"thumbnail":{"file":"horario-de-verao-150x100.jpg","width":150,"height":100,"mime-type":"image\/jpeg","source_url":"https:\/\/lavras.tv\/site\/wp-content\/uploads\/2016\/10\/horario-de-verao-150x100.jpg"},"medium":{"file":"horario-de-verao-300x199.jpg","width":300,"height":199,"mime-type":"image\/jpeg","source_url":"https:\/\/lavras.tv\/site\/wp-content\/uploads\/2016\/10\/horario-de-verao-300x199.jpg"},"large":{"file":"horario-de-verao-1024x681.jpg","width":1024,"height":681,"mime-type":"image\/jpeg","source_url":"https:\/\/lavras.tv\/site\/wp-content\/uploads\/2016\/10\/horario-de-verao-1024x681.jpg"},"featured-slider-img":{"file":"horario-de-verao-640x480.jpg","width":640,"height":480,"mime-type":"image\/jpeg","source_url":"https:\/\/lavras.tv\/site\/wp-content\/uploads\/2016\/10\/horario-de-verao-640x480.jpg"},"featured-post-img":{"file":"horario-de-verao-480x320.jpg","width":480,"height":320,"mime-type":"image\/jpeg","source_url":"https:\/\/lavras.tv\/site\/wp-content\/uploads\/2016\/10\/horario-de-verao-480x320.jpg"},"sow-carousel-default":{"file":"horario-de-verao-272x182.jpg","width":272,"height":182,"mime-type":"image\/jpeg","source_url":"https:\/\/lavras.tv\/site\/wp-content\/uploads\/2016\/10\/horario-de-verao-272x182.jpg"}},"image_meta":{"aperture":"0","credit":"","camera":"","caption":"","created_timestamp":"0","copyright":"","focal_length":"0","iso":"0","shutter_speed":"0","title":"","orientation":"0","keywords":[]}},"post":2756,"source_url":"https:\/\/lavras.tv\/site\/wp-content\/uploads\/2016\/10\/horario-de-verao.jpg"},"author_meta":{"display_name":"Lavras TV","author_link":"https:\/\/lavras.tv\/site\/author\/lavrastv\/"},"featured_img":"https:\/\/lavras.tv\/site\/wp-content\/uploads\/2016\/10\/horario-de-verao-300x199.jpg","coauthors":[],"tax_additional":{"categories":{"linked":["<a href=\"https:\/\/lavras.tv\/site\/category\/destaques\/\" class=\"advgb-post-tax-term\">Destaques<\/a>","<a href=\"https:\/\/lavras.tv\/site\/category\/noticias\/\" class=\"advgb-post-tax-term\">Not\u00edcias<\/a>"],"unlinked":["<span class=\"advgb-post-tax-term\">Destaques<\/span>","<span class=\"advgb-post-tax-term\">Not\u00edcias<\/span>"]},"tags":{"linked":["<a href=\"https:\/\/lavras.tv\/site\/category\/noticias\/\" class=\"advgb-post-tax-term\">economia<\/a>","<a href=\"https:\/\/lavras.tv\/site\/category\/noticias\/\" class=\"advgb-post-tax-term\">Hor\u00e1rio de ver\u00e3o<\/a>"],"unlinked":["<span class=\"advgb-post-tax-term\">economia<\/span>","<span class=\"advgb-post-tax-term\">Hor\u00e1rio de ver\u00e3o<\/span>"]}},"comment_count":"0","relative_dates":{"created":"Publicado 10 anos atr\u00e1s","modified":"Atualizado 10 anos atr\u00e1s"},"absolute_dates":{"created":"Publicado em 4 de outubro de 2016","modified":"Atualizado em 4 de outubro de 2016"},"absolute_dates_time":{"created":"Publicado em 4 de outubro de 2016 08:40","modified":"Atualizado em 4 de outubro de 2016 08:40"},"featured_img_caption":"","series_order":"","_links":{"self":[{"href":"https:\/\/lavras.tv\/site\/wp-json\/wp\/v2\/posts\/2756","targetHints":{"allow":["GET"]}}],"collection":[{"href":"https:\/\/lavras.tv\/site\/wp-json\/wp\/v2\/posts"}],"about":[{"href":"https:\/\/lavras.tv\/site\/wp-json\/wp\/v2\/types\/post"}],"author":[{"embeddable":true,"href":"https:\/\/lavras.tv\/site\/wp-json\/wp\/v2\/users\/2"}],"replies":[{"embeddable":true,"href":"https:\/\/lavras.tv\/site\/wp-json\/wp\/v2\/comments?post=2756"}],"version-history":[{"count":1,"href":"https:\/\/lavras.tv\/site\/wp-json\/wp\/v2\/posts\/2756\/revisions"}],"predecessor-version":[{"id":2758,"href":"https:\/\/lavras.tv\/site\/wp-json\/wp\/v2\/posts\/2756\/revisions\/2758"}],"wp:featuredmedia":[{"embeddable":true,"href":"https:\/\/lavras.tv\/site\/wp-json\/wp\/v2\/media\/2757"}],"wp:attachment":[{"href":"https:\/\/lavras.tv\/site\/wp-json\/wp\/v2\/media?parent=2756"}],"wp:term":[{"taxonomy":"category","embeddable":true,"href":"https:\/\/lavras.tv\/site\/wp-json\/wp\/v2\/categories?post=2756"},{"taxonomy":"post_tag","embeddable":true,"href":"https:\/\/lavras.tv\/site\/wp-json\/wp\/v2\/tags?post=2756"}],"curies":[{"name":"wp","href":"https:\/\/api.w.org\/{rel}","templated":true}]}}