{"id":2783,"date":"2016-10-05T07:28:15","date_gmt":"2016-10-05T10:28:15","guid":{"rendered":"http:\/\/lavras.tv\/site\/?p=2783"},"modified":"2016-10-05T16:27:08","modified_gmt":"2016-10-05T19:27:08","slug":"ex-ministro-sergio-machado-fara-palestra-sobre-tecnologias-que-mudaram-o-mundo","status":"publish","type":"post","link":"https:\/\/lavras.tv\/site\/2016\/10\/05\/ex-ministro-sergio-machado-fara-palestra-sobre-tecnologias-que-mudaram-o-mundo\/","title":{"rendered":"Ex-ministro S\u00e9rgio Machado far\u00e1 palestra sobre tecnologias que mudaram o mundo"},"content":{"rendered":"<div class=\"lavra-antes-do-conteudo_2\" id=\"lavra-3923225362\"><div id=\"lavra-slider-27\" class=\"custom-slider lavra-slider-2743741692 lavra-slider\"><ul><li><div style=\"margin-left: auto;margin-right: auto;text-align: center;\" id=\"lavra-134702042\"><a href=\"https:\/\/sistemas.lavras.mg.gov.br\/portalcidadao\/#df1b1a7c7b2a290bcb31e32771e610784662739a88807c0dacac58ede5f391a7530e299dc302d611ee73cb143fc22eaf93592e53e7b5bdb01b00a0b8d28dae460c141dd2ff83412e4dc1c31b16b25f33144a9e5620ea73b13f5bc1c59411d98439ad226e8af03840603796067d87afe130812cf3de24982d0e306f9e61e764e5\" aria-label=\"Lavras-TV&#8211;720x104px (1) (1)\"><img src=\"https:\/\/lavras.tv\/site\/wp-content\/uploads\/2025\/01\/Lavras-TV-720x104px-1-1.png\" alt=\"\"  srcset=\"https:\/\/lavras.tv\/site\/wp-content\/uploads\/2025\/01\/Lavras-TV-720x104px-1-1.png 720w, https:\/\/lavras.tv\/site\/wp-content\/uploads\/2025\/01\/Lavras-TV-720x104px-1-1-470x68.png 470w, https:\/\/lavras.tv\/site\/wp-content\/uploads\/2025\/01\/Lavras-TV-720x104px-1-1-170x25.png 170w, https:\/\/lavras.tv\/site\/wp-content\/uploads\/2025\/01\/Lavras-TV-720x104px-1-1-200x29.png 200w\" sizes=\"(max-width: 720px) 100vw, 720px\" width=\"720\" height=\"104\"  style=\"display: inline-block;\" \/><\/a><\/div><\/li><li><a href=\"https:\/\/sistemas.lavras.mg.gov.br\/portalcidadao\/#df1b1a7c7b2a290bcb31e32771e610784662739a88807c0dacac58ede5f391a7530e299dc302d611ee73cb143fc22eaf93592e53e7b5bdb01b00a0b8d28dae460c141dd2ff83412e4dc1c31b16b25f33144a9e5620ea73b13f5bc1c59411d98439ad226e8af03840603796067d87afe130812cf3de24982d0e306f9e61e764e5\" aria-label=\"Banner_Emprego_PortallavrasTV\"><img src=\"https:\/\/lavras.tv\/site\/wp-content\/uploads\/2025\/03\/Banner_Emprego_PortallavrasTV.png\" alt=\"\"  srcset=\"https:\/\/lavras.tv\/site\/wp-content\/uploads\/2025\/03\/Banner_Emprego_PortallavrasTV.png 720w, https:\/\/lavras.tv\/site\/wp-content\/uploads\/2025\/03\/Banner_Emprego_PortallavrasTV-470x68.png 470w, https:\/\/lavras.tv\/site\/wp-content\/uploads\/2025\/03\/Banner_Emprego_PortallavrasTV-170x25.png 170w, https:\/\/lavras.tv\/site\/wp-content\/uploads\/2025\/03\/Banner_Emprego_PortallavrasTV-200x29.png 200w\" sizes=\"(max-width: 720px) 100vw, 720px\" width=\"720\" height=\"104\"   \/><\/a><\/li><li><a href=\"https:\/\/sistemas.lavras.mg.gov.br\/portalcidadao\/#df1b1a7c7b2a290bcb31e32771e610784662739a88807c0dacac58ede5f391a7530e299dc302d611ee73cb143fc22eaf93592e53e7b5bdb01b00a0b8d28dae460c141dd2ff83412e4dc1c31b16b25f33144a9e5620ea73b13f5bc1c59411d98439ad226e8af03840603796067d87afe130812cf3de24982d0e306f9e61e764e5\" aria-label=\"Banner_Obras_PortallavrasTV\"><img src=\"https:\/\/lavras.tv\/site\/wp-content\/uploads\/2025\/03\/Banner_Obras_PortallavrasTV.png\" alt=\"\"  srcset=\"https:\/\/lavras.tv\/site\/wp-content\/uploads\/2025\/03\/Banner_Obras_PortallavrasTV.png 720w, https:\/\/lavras.tv\/site\/wp-content\/uploads\/2025\/03\/Banner_Obras_PortallavrasTV-470x68.png 470w, https:\/\/lavras.tv\/site\/wp-content\/uploads\/2025\/03\/Banner_Obras_PortallavrasTV-170x25.png 170w, https:\/\/lavras.tv\/site\/wp-content\/uploads\/2025\/03\/Banner_Obras_PortallavrasTV-200x29.png 200w\" sizes=\"(max-width: 720px) 100vw, 720px\" width=\"720\" height=\"104\"   \/><\/a><\/li><li><div style=\"margin-left: auto;margin-right: auto;text-align: center;\" id=\"lavra-3811059648\"><a href=\"https:\/\/sistemas.lavras.mg.gov.br\/portalcidadao\/#df1b1a7c7b2a290bcb31e32771e610784662739a88807c0dacac58ede5f391a7530e299dc302d611ee73cb143fc22eaf93592e53e7b5bdb01b00a0b8d28dae460c141dd2ff83412e4dc1c31b16b25f33144a9e5620ea73b13f5bc1c59411d98439ad226e8af03840603796067d87afe130812cf3de24982d0e306f9e61e764e5\" aria-label=\"Banner_Educa\u00e7\u00e3o_PortallavrasTV\"><img src=\"https:\/\/lavras.tv\/site\/wp-content\/uploads\/2025\/01\/Banner_Educacao_PortallavrasTV.png\" alt=\"\"  srcset=\"https:\/\/lavras.tv\/site\/wp-content\/uploads\/2025\/01\/Banner_Educacao_PortallavrasTV.png 720w, https:\/\/lavras.tv\/site\/wp-content\/uploads\/2025\/01\/Banner_Educacao_PortallavrasTV-470x68.png 470w, https:\/\/lavras.tv\/site\/wp-content\/uploads\/2025\/01\/Banner_Educacao_PortallavrasTV-170x25.png 170w, https:\/\/lavras.tv\/site\/wp-content\/uploads\/2025\/01\/Banner_Educacao_PortallavrasTV-200x29.png 200w\" sizes=\"(max-width: 720px) 100vw, 720px\" width=\"720\" height=\"104\"  style=\"display: inline-block;\" \/><\/a><\/div><\/li><li><a href=\"https:\/\/sistemas.lavras.mg.gov.br\/portalcidadao\/#df1b1a7c7b2a290bcb31e32771e610784662739a88807c0dacac58ede5f391a7530e299dc302d611ee73cb143fc22eaf93592e53e7b5bdb01b00a0b8d28dae460c141dd2ff83412e4dc1c31b16b25f33144a9e5620ea73b13f5bc1c59411d98439ad226e8af03840603796067d87afe130812cf3de24982d0e306f9e61e764e5\" aria-label=\"Banner_Sa\u00fade_PortallavrasTV\"><img src=\"https:\/\/lavras.tv\/site\/wp-content\/uploads\/2025\/03\/Banner_Saude_PortallavrasTV.png\" alt=\"\"  srcset=\"https:\/\/lavras.tv\/site\/wp-content\/uploads\/2025\/03\/Banner_Saude_PortallavrasTV.png 720w, https:\/\/lavras.tv\/site\/wp-content\/uploads\/2025\/03\/Banner_Saude_PortallavrasTV-470x68.png 470w, https:\/\/lavras.tv\/site\/wp-content\/uploads\/2025\/03\/Banner_Saude_PortallavrasTV-170x25.png 170w, https:\/\/lavras.tv\/site\/wp-content\/uploads\/2025\/03\/Banner_Saude_PortallavrasTV-200x29.png 200w\" sizes=\"(max-width: 720px) 100vw, 720px\" width=\"720\" height=\"104\"   \/><\/a><\/li><li><div id=\"lavra-1066940897\" style=\"width:720px;height:104px;background-color:#ddd;overflow:scroll;\">\n\t<strong>Sa\u00edda da depura\u00e7\u00e3o de an\u00fancios<\/strong>\n\t<br><br>\n\tO an\u00fancio n\u00e3o \u00e9 exibido na p\u00e1gina<br><br>post atual: Ex-ministro S\u00e9rgio Machado far\u00e1 palestra sobre tecnologias que mudaram o mundo, ID: 2783<br><br><span style=\"color: red;\">O post atual n\u00e3o \u00e9 id\u00eantico ao post principal.<\/span><br><br>An\u00fancios: ROXO - TOPO INTERNA - ROTATIVO 2 (197)<br \/>Grupo de an\u00fancios: Princ_Meio01_720x104 (27)<br><br>Condi\u00e7\u00f5es de exibi\u00e7\u00e3o<div style=\"margin-bottom: 20px; white-space: pre-wrap; font-family: monospace; width: 100%; background: #ffe9e9;\"><strong>condi\u00e7\u00f5es gerais<\/strong><table border=\"1\"><thead><tr><th><\/th><th>An\u00fancios<\/th><th>wp_the_query<\/th><\/tr><\/thead><tr><td>is_main_query<\/td><td>1<\/td><td>1<\/td><\/tr><tr><td>is_rest_api<\/td><td>0<\/td><td>1<\/td><\/tr><tr><td>page<\/td><td>0<\/td><td>1<\/td><\/tr><tr><td>numpages<\/td><td>0<\/td><td>1<\/td><\/tr><tr><td>is_archive<\/td><td>1<\/td><td><\/td><\/tr><tr><td>is_search<\/td><td>1<\/td><td><\/td><\/tr><tr><td>is_home<\/td><td>1<\/td><td><\/td><\/tr><tr><td>is_404<\/td><td>1<\/td><td><\/td><\/tr><tr><td>is_attachment<\/td><td>1<\/td><td><\/td><\/tr><tr><td>is_singular<\/td><td>1<\/td><td><\/td><\/tr><tr><td>is_front_page<\/td><td>1<\/td><td><\/td><\/tr><tr><td>is_feed<\/td><td>1<\/td><td><\/td><\/tr><\/table><\/div><br><br><span style=\"color: red;\">Seu site usa HTTPS, mas o c\u00f3digo do an\u00fancio cont\u00e9m HTTP e pode n\u00e3o funcionar.<\/span>\t<br><br>\n\t<a style=\"color: green;\" href=\"https:\/\/wpadvancedads.com\/manual\/ad-debug-mode\/?utm_source=advanced-ads&utm_medium=link&utm_campaign=ad-debug-mode\" target=\"_blank\" rel=\"nofollow\">Encontre solu\u00e7\u00f5es no manual<\/a>\n<\/div>\n<\/li><\/ul><\/div><script>( window.advanced_ads_ready || jQuery( document ).ready ).call( null, function() {var $lavraslider2743741692 = jQuery( \".lavra-slider-2743741692\" );$lavraslider2743741692.on( \"unslider.ready\", function() { jQuery( \"div.custom-slider ul li\" ).css( \"display\", \"block\" ); });$lavraslider2743741692.unslider({ delay:4000, autoplay:true, nav:false, arrows:false, infinite:true });$lavraslider2743741692.on(\"mouseover\", function() {$lavraslider2743741692.unslider(\"stop\");}).on(\"mouseout\", function() {$lavraslider2743741692.unslider(\"start\");});});<\/script><\/div><p>Nesta quinta-feira, dia 6, \u00e0s 10 horas, a Universidade Federal de Lavras (UFLA) realiza a aula magna dos cursos de Engenharia, que ser\u00e1 proferida pelo f\u00edsico e professor S\u00e9rgio Machado Rezende.<!--more--> A palestra, no sal\u00e3o de Conven\u00e7\u00f5es, ter\u00e1 como tema \u201cA F\u00edsica e as Tecnologias que mudaram o Mundo\u201d e ser\u00e1 aberto \u00e0 comunidade em geral.<img fetchpriority=\"high\" decoding=\"async\" class=\"size-full wp-image-2815 alignright\" src=\"http:\/\/lavras.tv\/site\/wp-content\/uploads\/2016\/10\/sergiorezende.jpg\" alt=\"sergiorezende\" width=\"550\" height=\"367\" srcset=\"https:\/\/lavras.tv\/site\/wp-content\/uploads\/2016\/10\/sergiorezende.jpg 550w, https:\/\/lavras.tv\/site\/wp-content\/uploads\/2016\/10\/sergiorezende-150x100.jpg 150w, https:\/\/lavras.tv\/site\/wp-content\/uploads\/2016\/10\/sergiorezende-300x200.jpg 300w, https:\/\/lavras.tv\/site\/wp-content\/uploads\/2016\/10\/sergiorezende-480x320.jpg 480w, https:\/\/lavras.tv\/site\/wp-content\/uploads\/2016\/10\/sergiorezende-272x182.jpg 272w\" sizes=\"(max-width: 550px) 100vw, 550px\" \/><\/p>\n<p>Professor de F\u00edsica da Universidade Federal de Pernambuco (UFPE), S\u00e9rgio Rezende vai apresentar um breve hist\u00f3rico das principais descobertas da F\u00edsica nos \u00faltimos dois s\u00e9culos, que possibilitaram as inova\u00e7\u00f5es tecnol\u00f3gicas que mudaram o mundo nas \u00e1reas de: energia el\u00e9trica; comunica\u00e7\u00e3o \u00e0 dist\u00e2ncia; t\u00e9cnicas que revolucionaram o diagn\u00f3stico m\u00e9dico; eletr\u00f4nica e computador; laser; comunica\u00e7\u00f5es \u00f3pticas e Internet; e ilumina\u00e7\u00e3o el\u00e9trica de alta efici\u00eancia, incluindo o desenvolvimento do LED azul, que rendeu aos desenvolvedores o Pr\u00eamio Nobel de F\u00edsica em 2014.<\/p>\n<p>A visita do professor est\u00e1 sendo organizada pelo Departamento de F\u00edsica (DFI). Na tarde de quinta-feira, o professor participar\u00e1 de reuni\u00e3o com os docentes do departamento de F\u00edsica e, na sexta-feira (7\/10), far\u00e1 uma visita a depend\u00eancias da UFLA e participar\u00e1 de reuni\u00e3o com membros da Dire\u00e7\u00e3o Executiva da Universidade (reitor, pr\u00f3-reitores, chefia do Departamento de F\u00edsica, entre outros convidados).<\/p>\n<p><strong>Breve hist\u00f3rico<\/strong><\/p>\n<p>O professor Sergio Rezende \u00e9 engenheiro eletr\u00f4nico, com Mestrado e Doutorado em <em>Electrical Engineering Materials Science<\/em>, no Massachusetts Institute of Technology \u2013 Cambridge, Estados Unidos. \u00a0\u00c9 professor titular no Departamento de F\u00edsica da UFPE, dedicando-se a pesquisas na \u00e1rea de F\u00edsica de Materiais, com \u00eanfase em materiais magn\u00e9ticos e propriedades magn\u00e9ticas, atuando em f\u00edsica experimental e f\u00edsica te\u00f3rica, principalmente nos seguintes temas: magnetismo, magneto-\u00f3ptico, materiais magn\u00e9ticos, multicamadas magn\u00e9ticas, materiais nanoestruturados e spintr\u00f4nica.<\/p>\n<p>S\u00e9rgio Rezende tamb\u00e9m \u00e9 reconhecido pela atua\u00e7\u00e3o em gest\u00e3o de Ci\u00eancia e Tecnologia. Em sua trajet\u00f3ria, foi chefe de Departamento, diretor do Centro de Ci\u00eancias Exatas e da Natureza da UFPE, diretor Cient\u00edfico da Funda\u00e7\u00e3o de Amparo \u00e0 Ci\u00eancia e Tecnologia do Estado de\u00a0Pernambuco (Facepe), secret\u00e1rio de Ci\u00eancia, Tecnologia e Meio Ambiente do Estado de Pernambuco e secret\u00e1rio do Patrim\u00f4nio, Ci\u00eancia e Cultura da Prefeitura de Olinda. Em 2003, assumiu a presid\u00eancia da Financiadora de Estudos e Projetos (Finep), do Minist\u00e9rio da Ci\u00eancia e Tecnologia, assumindo, em 2005, o cargo de ministro da Ci\u00eancia e Tecnologia, cargo que exerceu at\u00e9 dezembro de 2010.<\/p>\n<p>\u00c9 membro da Academia Brasileira de Ci\u00eancias, da Academia de Ci\u00eancia dos Pa\u00edses em Desenvolvimento, da Sociedade Brasileira de F\u00edsica, da Sociedade Brasileira para o Progresso da Ci\u00eancia, da American Physical Society, e do <em>Institute for Electrical and Electronic Engineers<\/em>. Por suas atividades acad\u00eamicas e cient\u00edficas, recebeu em 1988 a ordem do M\u00e9rito Educativo concedida pelo Minist\u00e9rio da Educa\u00e7\u00e3o; em 1995, foi agraciado com a Comenda da Ordem do M\u00e9rito Cient\u00edfico, categoria Gr\u00e3-Cruz, concedida pelo Presidente da Rep\u00fablica; em 2001 recebeu, tamb\u00e9m do Presidente da Rep\u00fablica, o Pr\u00eamio An\u00edsio Teixeira da Capes; em 2006, recebeu o pr\u00eamio Bunge; em 2009, foi o \u00fanico f\u00edsico brasileiro escolhido pela American Physical Society para receber <em>o Outstanding Referee Award<\/em>; e, em 2013, recebeu o pr\u00eamio de Ci\u00eancia da Funda\u00e7\u00e3o Conrad Wessel.<\/p>\n<p><strong>Palestra:<\/strong>\u00a0A F\u00edsica e as Tecnologias que mudaram o Mundo<\/p>\n<p><strong>Data e hor\u00e1rio<\/strong>: 6 de outubro, \u00e0s 10 horas<\/p>\n<p><strong>Local:<\/strong> Sal\u00e3o de Conven\u00e7\u00f5es<\/p>\n<p><strong>Evento:<\/strong>\u00a0Gratuito e aberto a todos os interessados<\/p>\n<p>&nbsp;<\/p>\n<p>Fonte: Diretoria de Comunica\u00e7\u00e3o &#8211; UFLA<\/p>\n","protected":false},"excerpt":{"rendered":"<p>Nesta quinta-feira, dia 6, \u00e0s 10 horas, a Universidade Federal de Lavras (UFLA) realiza a aula magna dos cursos de Engenharia, que ser\u00e1 proferida pelo f\u00edsico e professor S\u00e9rgio Machado Rezende.<\/p>\n","protected":false},"author":2,"featured_media":2815,"comment_status":"closed","ping_status":"open","sticky":false,"template":"","format":"standard","meta":{"advgb_blocks_editor_width":"","advgb_blocks_columns_visual_guide":"","_exactmetrics_skip_tracking":false,"_exactmetrics_sitenote_active":false,"_exactmetrics_sitenote_note":"","_exactmetrics_sitenote_category":0,"footnotes":""},"categories":[7,2],"tags":[977,976,978,56],"class_list":["post-2783","post","type-post","status-publish","format-standard","has-post-thumbnail","hentry","category-destaques","category-noticias","tag-engenharia","tag-sergio-machado","tag-tecnologias-que-mudaram-o-mundo","tag-ufla"],"better_featured_image":{"id":2815,"alt_text":"","caption":"","description":"","media_type":"image","media_details":{"width":550,"height":367,"file":"2016\/10\/sergiorezende.jpg","sizes":{"thumbnail":{"file":"sergiorezende-150x100.jpg","width":150,"height":100,"mime-type":"image\/jpeg","source_url":"https:\/\/lavras.tv\/site\/wp-content\/uploads\/2016\/10\/sergiorezende-150x100.jpg"},"medium":{"file":"sergiorezende-300x200.jpg","width":300,"height":200,"mime-type":"image\/jpeg","source_url":"https:\/\/lavras.tv\/site\/wp-content\/uploads\/2016\/10\/sergiorezende-300x200.jpg"},"featured-post-img":{"file":"sergiorezende-480x320.jpg","width":480,"height":320,"mime-type":"image\/jpeg","source_url":"https:\/\/lavras.tv\/site\/wp-content\/uploads\/2016\/10\/sergiorezende-480x320.jpg"},"sow-carousel-default":{"file":"sergiorezende-272x182.jpg","width":272,"height":182,"mime-type":"image\/jpeg","source_url":"https:\/\/lavras.tv\/site\/wp-content\/uploads\/2016\/10\/sergiorezende-272x182.jpg"}},"image_meta":{"aperture":"4.5","credit":"","camera":"Canon EOS 1000D","caption":"","created_timestamp":"1316027046","copyright":"","focal_length":"36","iso":"400","shutter_speed":"0.0166666666667","title":"","orientation":"1","keywords":[]}},"post":2783,"source_url":"https:\/\/lavras.tv\/site\/wp-content\/uploads\/2016\/10\/sergiorezende.jpg"},"author_meta":{"display_name":"Lavras TV","author_link":"https:\/\/lavras.tv\/site\/author\/lavrastv\/"},"featured_img":"https:\/\/lavras.tv\/site\/wp-content\/uploads\/2016\/10\/sergiorezende-300x200.jpg","coauthors":[],"tax_additional":{"categories":{"linked":["<a href=\"https:\/\/lavras.tv\/site\/category\/destaques\/\" class=\"advgb-post-tax-term\">Destaques<\/a>","<a href=\"https:\/\/lavras.tv\/site\/category\/noticias\/\" class=\"advgb-post-tax-term\">Not\u00edcias<\/a>"],"unlinked":["<span class=\"advgb-post-tax-term\">Destaques<\/span>","<span class=\"advgb-post-tax-term\">Not\u00edcias<\/span>"]},"tags":{"linked":["<a href=\"https:\/\/lavras.tv\/site\/category\/noticias\/\" class=\"advgb-post-tax-term\">engenharia<\/a>","<a href=\"https:\/\/lavras.tv\/site\/category\/noticias\/\" class=\"advgb-post-tax-term\">sergio machado<\/a>","<a href=\"https:\/\/lavras.tv\/site\/category\/noticias\/\" class=\"advgb-post-tax-term\">tecnologias que mudaram o mundo<\/a>","<a href=\"https:\/\/lavras.tv\/site\/category\/noticias\/\" class=\"advgb-post-tax-term\">ufla<\/a>"],"unlinked":["<span class=\"advgb-post-tax-term\">engenharia<\/span>","<span class=\"advgb-post-tax-term\">sergio machado<\/span>","<span class=\"advgb-post-tax-term\">tecnologias que mudaram o mundo<\/span>","<span class=\"advgb-post-tax-term\">ufla<\/span>"]}},"comment_count":"0","relative_dates":{"created":"Publicado 10 anos atr\u00e1s","modified":"Atualizado 10 anos atr\u00e1s"},"absolute_dates":{"created":"Publicado em 5 de outubro de 2016","modified":"Atualizado em 5 de outubro de 2016"},"absolute_dates_time":{"created":"Publicado em 5 de outubro de 2016 07:28","modified":"Atualizado em 5 de outubro de 2016 16:27"},"featured_img_caption":"","series_order":"","_links":{"self":[{"href":"https:\/\/lavras.tv\/site\/wp-json\/wp\/v2\/posts\/2783","targetHints":{"allow":["GET"]}}],"collection":[{"href":"https:\/\/lavras.tv\/site\/wp-json\/wp\/v2\/posts"}],"about":[{"href":"https:\/\/lavras.tv\/site\/wp-json\/wp\/v2\/types\/post"}],"author":[{"embeddable":true,"href":"https:\/\/lavras.tv\/site\/wp-json\/wp\/v2\/users\/2"}],"replies":[{"embeddable":true,"href":"https:\/\/lavras.tv\/site\/wp-json\/wp\/v2\/comments?post=2783"}],"version-history":[{"count":2,"href":"https:\/\/lavras.tv\/site\/wp-json\/wp\/v2\/posts\/2783\/revisions"}],"predecessor-version":[{"id":2816,"href":"https:\/\/lavras.tv\/site\/wp-json\/wp\/v2\/posts\/2783\/revisions\/2816"}],"wp:featuredmedia":[{"embeddable":true,"href":"https:\/\/lavras.tv\/site\/wp-json\/wp\/v2\/media\/2815"}],"wp:attachment":[{"href":"https:\/\/lavras.tv\/site\/wp-json\/wp\/v2\/media?parent=2783"}],"wp:term":[{"taxonomy":"category","embeddable":true,"href":"https:\/\/lavras.tv\/site\/wp-json\/wp\/v2\/categories?post=2783"},{"taxonomy":"post_tag","embeddable":true,"href":"https:\/\/lavras.tv\/site\/wp-json\/wp\/v2\/tags?post=2783"}],"curies":[{"name":"wp","href":"https:\/\/api.w.org\/{rel}","templated":true}]}}