{"id":2808,"date":"2016-10-05T16:18:58","date_gmt":"2016-10-05T19:18:58","guid":{"rendered":"http:\/\/lavras.tv\/site\/?p=2808"},"modified":"2016-10-05T16:18:58","modified_gmt":"2016-10-05T19:18:58","slug":"academia-gym-center-tem-13-atletas-classificados-para-a-copa-do-brasil","status":"publish","type":"post","link":"https:\/\/lavras.tv\/site\/2016\/10\/05\/academia-gym-center-tem-13-atletas-classificados-para-a-copa-do-brasil\/","title":{"rendered":"Academia Gym Center tem 13 atletas classificados para a Copa do Brasil"},"content":{"rendered":"<div class=\"lavra-antes-do-conteudo_2\" id=\"lavra-3295865223\"><div id=\"lavra-slider-27\" class=\"custom-slider lavra-slider-3288146506 lavra-slider\"><ul><li><div style=\"margin-left: auto;margin-right: auto;text-align: center;\" id=\"lavra-2793244728\"><a href=\"https:\/\/sistemas.lavras.mg.gov.br\/portalcidadao\/#df1b1a7c7b2a290bcb31e32771e610784662739a88807c0dacac58ede5f391a7530e299dc302d611ee73cb143fc22eaf93592e53e7b5bdb01b00a0b8d28dae460c141dd2ff83412e4dc1c31b16b25f33144a9e5620ea73b13f5bc1c59411d98439ad226e8af03840603796067d87afe130812cf3de24982d0e306f9e61e764e5\" aria-label=\"Lavras-TV&#8211;720x104px (1) (1)\"><img src=\"https:\/\/lavras.tv\/site\/wp-content\/uploads\/2025\/01\/Lavras-TV-720x104px-1-1.png\" alt=\"\"  srcset=\"https:\/\/lavras.tv\/site\/wp-content\/uploads\/2025\/01\/Lavras-TV-720x104px-1-1.png 720w, https:\/\/lavras.tv\/site\/wp-content\/uploads\/2025\/01\/Lavras-TV-720x104px-1-1-470x68.png 470w, https:\/\/lavras.tv\/site\/wp-content\/uploads\/2025\/01\/Lavras-TV-720x104px-1-1-170x25.png 170w, https:\/\/lavras.tv\/site\/wp-content\/uploads\/2025\/01\/Lavras-TV-720x104px-1-1-200x29.png 200w\" sizes=\"(max-width: 720px) 100vw, 720px\" width=\"720\" height=\"104\"  style=\"display: inline-block;\" \/><\/a><\/div><\/li><li><a href=\"https:\/\/sistemas.lavras.mg.gov.br\/portalcidadao\/#df1b1a7c7b2a290bcb31e32771e610784662739a88807c0dacac58ede5f391a7530e299dc302d611ee73cb143fc22eaf93592e53e7b5bdb01b00a0b8d28dae460c141dd2ff83412e4dc1c31b16b25f33144a9e5620ea73b13f5bc1c59411d98439ad226e8af03840603796067d87afe130812cf3de24982d0e306f9e61e764e5\" aria-label=\"Banner_Emprego_PortallavrasTV\"><img src=\"https:\/\/lavras.tv\/site\/wp-content\/uploads\/2025\/03\/Banner_Emprego_PortallavrasTV.png\" alt=\"\"  srcset=\"https:\/\/lavras.tv\/site\/wp-content\/uploads\/2025\/03\/Banner_Emprego_PortallavrasTV.png 720w, https:\/\/lavras.tv\/site\/wp-content\/uploads\/2025\/03\/Banner_Emprego_PortallavrasTV-470x68.png 470w, https:\/\/lavras.tv\/site\/wp-content\/uploads\/2025\/03\/Banner_Emprego_PortallavrasTV-170x25.png 170w, https:\/\/lavras.tv\/site\/wp-content\/uploads\/2025\/03\/Banner_Emprego_PortallavrasTV-200x29.png 200w\" sizes=\"(max-width: 720px) 100vw, 720px\" width=\"720\" height=\"104\"   \/><\/a><\/li><li><a href=\"https:\/\/sistemas.lavras.mg.gov.br\/portalcidadao\/#df1b1a7c7b2a290bcb31e32771e610784662739a88807c0dacac58ede5f391a7530e299dc302d611ee73cb143fc22eaf93592e53e7b5bdb01b00a0b8d28dae460c141dd2ff83412e4dc1c31b16b25f33144a9e5620ea73b13f5bc1c59411d98439ad226e8af03840603796067d87afe130812cf3de24982d0e306f9e61e764e5\" aria-label=\"Banner_Obras_PortallavrasTV\"><img src=\"https:\/\/lavras.tv\/site\/wp-content\/uploads\/2025\/03\/Banner_Obras_PortallavrasTV.png\" alt=\"\"  srcset=\"https:\/\/lavras.tv\/site\/wp-content\/uploads\/2025\/03\/Banner_Obras_PortallavrasTV.png 720w, https:\/\/lavras.tv\/site\/wp-content\/uploads\/2025\/03\/Banner_Obras_PortallavrasTV-470x68.png 470w, https:\/\/lavras.tv\/site\/wp-content\/uploads\/2025\/03\/Banner_Obras_PortallavrasTV-170x25.png 170w, https:\/\/lavras.tv\/site\/wp-content\/uploads\/2025\/03\/Banner_Obras_PortallavrasTV-200x29.png 200w\" sizes=\"(max-width: 720px) 100vw, 720px\" width=\"720\" height=\"104\"   \/><\/a><\/li><li><div style=\"margin-left: auto;margin-right: auto;text-align: center;\" id=\"lavra-550321243\"><a href=\"https:\/\/sistemas.lavras.mg.gov.br\/portalcidadao\/#df1b1a7c7b2a290bcb31e32771e610784662739a88807c0dacac58ede5f391a7530e299dc302d611ee73cb143fc22eaf93592e53e7b5bdb01b00a0b8d28dae460c141dd2ff83412e4dc1c31b16b25f33144a9e5620ea73b13f5bc1c59411d98439ad226e8af03840603796067d87afe130812cf3de24982d0e306f9e61e764e5\" aria-label=\"Banner_Educa\u00e7\u00e3o_PortallavrasTV\"><img src=\"https:\/\/lavras.tv\/site\/wp-content\/uploads\/2025\/01\/Banner_Educacao_PortallavrasTV.png\" alt=\"\"  srcset=\"https:\/\/lavras.tv\/site\/wp-content\/uploads\/2025\/01\/Banner_Educacao_PortallavrasTV.png 720w, https:\/\/lavras.tv\/site\/wp-content\/uploads\/2025\/01\/Banner_Educacao_PortallavrasTV-470x68.png 470w, https:\/\/lavras.tv\/site\/wp-content\/uploads\/2025\/01\/Banner_Educacao_PortallavrasTV-170x25.png 170w, https:\/\/lavras.tv\/site\/wp-content\/uploads\/2025\/01\/Banner_Educacao_PortallavrasTV-200x29.png 200w\" sizes=\"(max-width: 720px) 100vw, 720px\" width=\"720\" height=\"104\"  style=\"display: inline-block;\" \/><\/a><\/div><\/li><li><a href=\"https:\/\/sistemas.lavras.mg.gov.br\/portalcidadao\/#df1b1a7c7b2a290bcb31e32771e610784662739a88807c0dacac58ede5f391a7530e299dc302d611ee73cb143fc22eaf93592e53e7b5bdb01b00a0b8d28dae460c141dd2ff83412e4dc1c31b16b25f33144a9e5620ea73b13f5bc1c59411d98439ad226e8af03840603796067d87afe130812cf3de24982d0e306f9e61e764e5\" aria-label=\"Banner_Sa\u00fade_PortallavrasTV\"><img src=\"https:\/\/lavras.tv\/site\/wp-content\/uploads\/2025\/03\/Banner_Saude_PortallavrasTV.png\" alt=\"\"  srcset=\"https:\/\/lavras.tv\/site\/wp-content\/uploads\/2025\/03\/Banner_Saude_PortallavrasTV.png 720w, https:\/\/lavras.tv\/site\/wp-content\/uploads\/2025\/03\/Banner_Saude_PortallavrasTV-470x68.png 470w, https:\/\/lavras.tv\/site\/wp-content\/uploads\/2025\/03\/Banner_Saude_PortallavrasTV-170x25.png 170w, https:\/\/lavras.tv\/site\/wp-content\/uploads\/2025\/03\/Banner_Saude_PortallavrasTV-200x29.png 200w\" sizes=\"(max-width: 720px) 100vw, 720px\" width=\"720\" height=\"104\"   \/><\/a><\/li><li><div id=\"lavra-2842654656\" style=\"width:720px;height:104px;background-color:#ddd;overflow:scroll;\">\n\t<strong>Sa\u00edda da depura\u00e7\u00e3o de an\u00fancios<\/strong>\n\t<br><br>\n\tO an\u00fancio n\u00e3o \u00e9 exibido na p\u00e1gina<br><br>post atual: Academia Gym Center tem 13 atletas classificados para a Copa do Brasil, ID: 2808<br><br><span style=\"color: red;\">O post atual n\u00e3o \u00e9 id\u00eantico ao post principal.<\/span><br><br>An\u00fancios: ROXO - TOPO INTERNA - ROTATIVO 2 (197)<br \/>Grupo de an\u00fancios: Princ_Meio01_720x104 (27)<br><br>Condi\u00e7\u00f5es de exibi\u00e7\u00e3o<div style=\"margin-bottom: 20px; white-space: pre-wrap; font-family: monospace; width: 100%; background: #ffe9e9;\"><strong>condi\u00e7\u00f5es gerais<\/strong><table border=\"1\"><thead><tr><th><\/th><th>An\u00fancios<\/th><th>wp_the_query<\/th><\/tr><\/thead><tr><td>is_main_query<\/td><td>1<\/td><td>1<\/td><\/tr><tr><td>is_rest_api<\/td><td>0<\/td><td>1<\/td><\/tr><tr><td>page<\/td><td>0<\/td><td>1<\/td><\/tr><tr><td>numpages<\/td><td>0<\/td><td>1<\/td><\/tr><tr><td>is_archive<\/td><td>1<\/td><td><\/td><\/tr><tr><td>is_search<\/td><td>1<\/td><td><\/td><\/tr><tr><td>is_home<\/td><td>1<\/td><td><\/td><\/tr><tr><td>is_404<\/td><td>1<\/td><td><\/td><\/tr><tr><td>is_attachment<\/td><td>1<\/td><td><\/td><\/tr><tr><td>is_singular<\/td><td>1<\/td><td><\/td><\/tr><tr><td>is_front_page<\/td><td>1<\/td><td><\/td><\/tr><tr><td>is_feed<\/td><td>1<\/td><td><\/td><\/tr><\/table><\/div><br><br><span style=\"color: red;\">Seu site usa HTTPS, mas o c\u00f3digo do an\u00fancio cont\u00e9m HTTP e pode n\u00e3o funcionar.<\/span>\t<br><br>\n\t<a style=\"color: green;\" href=\"https:\/\/wpadvancedads.com\/manual\/ad-debug-mode\/?utm_source=advanced-ads&utm_medium=link&utm_campaign=ad-debug-mode\" target=\"_blank\" rel=\"nofollow\">Encontre solu\u00e7\u00f5es no manual<\/a>\n<\/div>\n<\/li><\/ul><\/div><script>( window.advanced_ads_ready || jQuery( document ).ready ).call( null, function() {var $lavraslider3288146506 = jQuery( \".lavra-slider-3288146506\" );$lavraslider3288146506.on( \"unslider.ready\", function() { jQuery( \"div.custom-slider ul li\" ).css( \"display\", \"block\" ); });$lavraslider3288146506.unslider({ delay:4000, autoplay:true, nav:false, arrows:false, infinite:true });$lavraslider3288146506.on(\"mouseover\", function() {$lavraslider3288146506.unslider(\"stop\");}).on(\"mouseout\", function() {$lavraslider3288146506.unslider(\"start\");});});<\/script><\/div><p>No \u00faltimo fim de semana, aconteceu na cidade de Betim, no Shopping Monte Carmo, a Copa MG de Tae Kwon-Do.<!--more--> Este evento contou com a participa\u00e7\u00e3o de atletas de todo o estado e valeu como classificat\u00f3ria para a Copa do Brasil, que ocorrer\u00e1 em Bras\u00edlia, nos dias 25, 26 e 27 de Novembro.<img fetchpriority=\"high\" decoding=\"async\" class=\" wp-image-2809 aligncenter\" src=\"http:\/\/lavras.tv\/site\/wp-content\/uploads\/2016\/10\/academia-gym.jpg\" alt=\"academia-gym\" width=\"678\" height=\"356\" srcset=\"https:\/\/lavras.tv\/site\/wp-content\/uploads\/2016\/10\/academia-gym.jpg 768w, https:\/\/lavras.tv\/site\/wp-content\/uploads\/2016\/10\/academia-gym-150x79.jpg 150w, https:\/\/lavras.tv\/site\/wp-content\/uploads\/2016\/10\/academia-gym-300x157.jpg 300w\" sizes=\"(max-width: 678px) 100vw, 678px\" \/><\/p>\n<p>A Academia Gym Center esteve presente na competi\u00e7\u00e3o com 16 atletas, conquistando um total de 13 medalhas de ouro, 2 medalhas de prata e 1 medalha de bronze. Os atletas classificados para a Copa do Brasil foram:<\/p>\n<ul>\n<li>Kelwin Geremias \u2013 Cadete \u2013 at\u00e9 41 Kg<\/li>\n<li>Lucas Oliveira \u2013 Cadete \u2013 at\u00e9 57 Kg<\/li>\n<li>Mariana Braga \u2013 Cadete \u2013 at\u00e9 59 Kg<\/li>\n<li>Erick Luis \u2013 Juvenil \u2013 at\u00e9 51 Kg<\/li>\n<li>Keven Guilherme \u2013 Juvenil \u2013 at\u00e9 61 Kg<\/li>\n<li>Matheus Dias \u2013 Juvenil \u2013 at\u00e9 68 Kg<\/li>\n<li>David Eduardo \u2013 Juvenil \u2013 at\u00e9 78 Kg<\/li>\n<li>Thallita Fabrino \u2013 Juvenil \u2013 at\u00e9 63 Kg<\/li>\n<li>Thiago Prado \u2013 Sub 21 \u2013 at\u00e9 58 Kg<\/li>\n<li>Aaron C\u00e9zar \u2013 Adulto \u2013 at\u00e9 58 Kg<\/li>\n<li>Jo\u00e3o Gilberto \u2013 Adulto \u2013 Acima de 87 Kg<\/li>\n<li>Stef\u00e2nia Tavares \u2013 Adulto \u2013 at\u00e9 49 Kg<\/li>\n<li>Mariela de Abreu \u2013 Master \u2013 at\u00e9 57 Kg<\/li>\n<\/ul>\n<p>O atleta Tayrone Jhonson, mesmo realizando 3 lutas, conquistou a medalha de prata na categoria Adulta at\u00e9 54 Kg, ap\u00f3s ser derrotado na final pelo atleta de Betim, numa luta emocionante. O atleta Luiz Felipe Pereira tamb\u00e9m conquistou a medalha de prata na categoria Juvenil acima de 78 Kg, ap\u00f3s ser derrotado na final, no ponto de ouro, numa luta muito disputada. O atleta Oct\u00e1vio Henrique, conquistou a medalha de bronze, ap\u00f3s ser derrotado na semi final pelo atleta de Caratinga, por um placar de 3 a 2.<\/p>\n<p>O Mestre Valdeci Zampieri, ficou muito satisfeito com o excelente resultado da equipe, pois foram quase 100% de aproveitamento, onde de 16 atletas que disputaram a vaga, 13 conseguiram se classificar, para uma da mais importante competi\u00e7\u00e3o do pa\u00eds.<\/p>\n<p>&nbsp;<\/p>\n<p>Fonte: Asdela<\/p>\n","protected":false},"excerpt":{"rendered":"<p>No \u00faltimo fim de semana, aconteceu na cidade de Betim, no Shopping Monte Carmo, a Copa MG de Tae Kwon-Do.<\/p>\n","protected":false},"author":2,"featured_media":2809,"comment_status":"closed","ping_status":"open","sticky":false,"template":"","format":"standard","meta":{"advgb_blocks_editor_width":"","advgb_blocks_columns_visual_guide":"","_exactmetrics_skip_tracking":false,"_exactmetrics_sitenote_active":false,"_exactmetrics_sitenote_note":"","_exactmetrics_sitenote_category":0,"footnotes":""},"categories":[7,3],"tags":[145,989,988,34],"class_list":["post-2808","post","type-post","status-publish","format-standard","has-post-thumbnail","hentry","category-destaques","category-esportes","tag-asdela","tag-copa-brasil","tag-gym-center","tag-lavras"],"better_featured_image":{"id":2809,"alt_text":"","caption":"","description":"","media_type":"image","media_details":{"width":768,"height":403,"file":"2016\/10\/academia-gym.jpg","sizes":{"thumbnail":{"file":"academia-gym-150x79.jpg","width":150,"height":79,"mime-type":"image\/jpeg","source_url":"https:\/\/lavras.tv\/site\/wp-content\/uploads\/2016\/10\/academia-gym-150x79.jpg"},"medium":{"file":"academia-gym-300x157.jpg","width":300,"height":157,"mime-type":"image\/jpeg","source_url":"https:\/\/lavras.tv\/site\/wp-content\/uploads\/2016\/10\/academia-gym-300x157.jpg"},"featured-slider-img":{"file":"academia-gym-640x403.jpg","width":640,"height":403,"mime-type":"image\/jpeg","source_url":"https:\/\/lavras.tv\/site\/wp-content\/uploads\/2016\/10\/academia-gym-640x403.jpg"},"featured-post-img":{"file":"academia-gym-480x320.jpg","width":480,"height":320,"mime-type":"image\/jpeg","source_url":"https:\/\/lavras.tv\/site\/wp-content\/uploads\/2016\/10\/academia-gym-480x320.jpg"},"sow-carousel-default":{"file":"academia-gym-272x182.jpg","width":272,"height":182,"mime-type":"image\/jpeg","source_url":"https:\/\/lavras.tv\/site\/wp-content\/uploads\/2016\/10\/academia-gym-272x182.jpg"}},"image_meta":{"aperture":"0","credit":"","camera":"","caption":"","created_timestamp":"0","copyright":"","focal_length":"0","iso":"0","shutter_speed":"0","title":"","orientation":"0","keywords":[]}},"post":2808,"source_url":"https:\/\/lavras.tv\/site\/wp-content\/uploads\/2016\/10\/academia-gym.jpg"},"author_meta":{"display_name":"Lavras TV","author_link":"https:\/\/lavras.tv\/site\/author\/lavrastv\/"},"featured_img":"https:\/\/lavras.tv\/site\/wp-content\/uploads\/2016\/10\/academia-gym-300x157.jpg","coauthors":[],"tax_additional":{"categories":{"linked":["<a href=\"https:\/\/lavras.tv\/site\/category\/destaques\/\" class=\"advgb-post-tax-term\">Destaques<\/a>","<a href=\"https:\/\/lavras.tv\/site\/category\/esportes\/\" class=\"advgb-post-tax-term\">Esportes<\/a>"],"unlinked":["<span class=\"advgb-post-tax-term\">Destaques<\/span>","<span class=\"advgb-post-tax-term\">Esportes<\/span>"]},"tags":{"linked":["<a href=\"https:\/\/lavras.tv\/site\/category\/esportes\/\" class=\"advgb-post-tax-term\">asdela<\/a>","<a href=\"https:\/\/lavras.tv\/site\/category\/esportes\/\" class=\"advgb-post-tax-term\">Copa Brasil<\/a>","<a href=\"https:\/\/lavras.tv\/site\/category\/esportes\/\" class=\"advgb-post-tax-term\">Gym Center<\/a>","<a href=\"https:\/\/lavras.tv\/site\/category\/esportes\/\" class=\"advgb-post-tax-term\">lavras<\/a>"],"unlinked":["<span class=\"advgb-post-tax-term\">asdela<\/span>","<span class=\"advgb-post-tax-term\">Copa Brasil<\/span>","<span class=\"advgb-post-tax-term\">Gym Center<\/span>","<span class=\"advgb-post-tax-term\">lavras<\/span>"]}},"comment_count":"0","relative_dates":{"created":"Publicado 10 anos atr\u00e1s","modified":"Atualizado 10 anos atr\u00e1s"},"absolute_dates":{"created":"Publicado em 5 de outubro de 2016","modified":"Atualizado em 5 de outubro de 2016"},"absolute_dates_time":{"created":"Publicado em 5 de outubro de 2016 16:18","modified":"Atualizado em 5 de outubro de 2016 16:18"},"featured_img_caption":"","series_order":"","_links":{"self":[{"href":"https:\/\/lavras.tv\/site\/wp-json\/wp\/v2\/posts\/2808","targetHints":{"allow":["GET"]}}],"collection":[{"href":"https:\/\/lavras.tv\/site\/wp-json\/wp\/v2\/posts"}],"about":[{"href":"https:\/\/lavras.tv\/site\/wp-json\/wp\/v2\/types\/post"}],"author":[{"embeddable":true,"href":"https:\/\/lavras.tv\/site\/wp-json\/wp\/v2\/users\/2"}],"replies":[{"embeddable":true,"href":"https:\/\/lavras.tv\/site\/wp-json\/wp\/v2\/comments?post=2808"}],"version-history":[{"count":1,"href":"https:\/\/lavras.tv\/site\/wp-json\/wp\/v2\/posts\/2808\/revisions"}],"predecessor-version":[{"id":2810,"href":"https:\/\/lavras.tv\/site\/wp-json\/wp\/v2\/posts\/2808\/revisions\/2810"}],"wp:featuredmedia":[{"embeddable":true,"href":"https:\/\/lavras.tv\/site\/wp-json\/wp\/v2\/media\/2809"}],"wp:attachment":[{"href":"https:\/\/lavras.tv\/site\/wp-json\/wp\/v2\/media?parent=2808"}],"wp:term":[{"taxonomy":"category","embeddable":true,"href":"https:\/\/lavras.tv\/site\/wp-json\/wp\/v2\/categories?post=2808"},{"taxonomy":"post_tag","embeddable":true,"href":"https:\/\/lavras.tv\/site\/wp-json\/wp\/v2\/tags?post=2808"}],"curies":[{"name":"wp","href":"https:\/\/api.w.org\/{rel}","templated":true}]}}