{"id":2848,"date":"2016-10-06T15:36:43","date_gmt":"2016-10-06T18:36:43","guid":{"rendered":"http:\/\/lavras.tv\/site\/?p=2848"},"modified":"2016-10-06T15:36:43","modified_gmt":"2016-10-06T18:36:43","slug":"informe-parlamentar-em-brasilia-deputada-damina-faz-pronunciamento-na-abertura-do-outubro-rosa","status":"publish","type":"post","link":"https:\/\/lavras.tv\/site\/2016\/10\/06\/informe-parlamentar-em-brasilia-deputada-damina-faz-pronunciamento-na-abertura-do-outubro-rosa\/","title":{"rendered":"[Informe Parlamentar] Em Bras\u00edlia, Deputada D\u00e2mina faz pronunciamento na abertura do Outubro Rosa"},"content":{"rendered":"<div class=\"lavra-antes-do-conteudo_2\" id=\"lavra-2439553773\"><div id=\"lavra-slider-27\" class=\"custom-slider lavra-slider-88694794 lavra-slider\"><ul><li><div style=\"margin-left: auto;margin-right: auto;text-align: center;\" id=\"lavra-3930199335\"><a href=\"https:\/\/sistemas.lavras.mg.gov.br\/portalcidadao\/#df1b1a7c7b2a290bcb31e32771e610784662739a88807c0dacac58ede5f391a7530e299dc302d611ee73cb143fc22eaf93592e53e7b5bdb01b00a0b8d28dae460c141dd2ff83412e4dc1c31b16b25f33144a9e5620ea73b13f5bc1c59411d98439ad226e8af03840603796067d87afe130812cf3de24982d0e306f9e61e764e5\" aria-label=\"Lavras-TV&#8211;720x104px (1) (1)\"><img src=\"https:\/\/lavras.tv\/site\/wp-content\/uploads\/2025\/01\/Lavras-TV-720x104px-1-1.png\" alt=\"\"  srcset=\"https:\/\/lavras.tv\/site\/wp-content\/uploads\/2025\/01\/Lavras-TV-720x104px-1-1.png 720w, https:\/\/lavras.tv\/site\/wp-content\/uploads\/2025\/01\/Lavras-TV-720x104px-1-1-470x68.png 470w, https:\/\/lavras.tv\/site\/wp-content\/uploads\/2025\/01\/Lavras-TV-720x104px-1-1-170x25.png 170w, https:\/\/lavras.tv\/site\/wp-content\/uploads\/2025\/01\/Lavras-TV-720x104px-1-1-200x29.png 200w\" sizes=\"(max-width: 720px) 100vw, 720px\" width=\"720\" height=\"104\"  style=\"display: inline-block;\" \/><\/a><\/div><\/li><li><a href=\"https:\/\/sistemas.lavras.mg.gov.br\/portalcidadao\/#df1b1a7c7b2a290bcb31e32771e610784662739a88807c0dacac58ede5f391a7530e299dc302d611ee73cb143fc22eaf93592e53e7b5bdb01b00a0b8d28dae460c141dd2ff83412e4dc1c31b16b25f33144a9e5620ea73b13f5bc1c59411d98439ad226e8af03840603796067d87afe130812cf3de24982d0e306f9e61e764e5\" aria-label=\"Banner_Emprego_PortallavrasTV\"><img src=\"https:\/\/lavras.tv\/site\/wp-content\/uploads\/2025\/03\/Banner_Emprego_PortallavrasTV.png\" alt=\"\"  srcset=\"https:\/\/lavras.tv\/site\/wp-content\/uploads\/2025\/03\/Banner_Emprego_PortallavrasTV.png 720w, https:\/\/lavras.tv\/site\/wp-content\/uploads\/2025\/03\/Banner_Emprego_PortallavrasTV-470x68.png 470w, https:\/\/lavras.tv\/site\/wp-content\/uploads\/2025\/03\/Banner_Emprego_PortallavrasTV-170x25.png 170w, https:\/\/lavras.tv\/site\/wp-content\/uploads\/2025\/03\/Banner_Emprego_PortallavrasTV-200x29.png 200w\" sizes=\"(max-width: 720px) 100vw, 720px\" width=\"720\" height=\"104\"   \/><\/a><\/li><li><a href=\"https:\/\/sistemas.lavras.mg.gov.br\/portalcidadao\/#df1b1a7c7b2a290bcb31e32771e610784662739a88807c0dacac58ede5f391a7530e299dc302d611ee73cb143fc22eaf93592e53e7b5bdb01b00a0b8d28dae460c141dd2ff83412e4dc1c31b16b25f33144a9e5620ea73b13f5bc1c59411d98439ad226e8af03840603796067d87afe130812cf3de24982d0e306f9e61e764e5\" aria-label=\"Banner_Obras_PortallavrasTV\"><img src=\"https:\/\/lavras.tv\/site\/wp-content\/uploads\/2025\/03\/Banner_Obras_PortallavrasTV.png\" alt=\"\"  srcset=\"https:\/\/lavras.tv\/site\/wp-content\/uploads\/2025\/03\/Banner_Obras_PortallavrasTV.png 720w, https:\/\/lavras.tv\/site\/wp-content\/uploads\/2025\/03\/Banner_Obras_PortallavrasTV-470x68.png 470w, https:\/\/lavras.tv\/site\/wp-content\/uploads\/2025\/03\/Banner_Obras_PortallavrasTV-170x25.png 170w, https:\/\/lavras.tv\/site\/wp-content\/uploads\/2025\/03\/Banner_Obras_PortallavrasTV-200x29.png 200w\" sizes=\"(max-width: 720px) 100vw, 720px\" width=\"720\" height=\"104\"   \/><\/a><\/li><li><div style=\"margin-left: auto;margin-right: auto;text-align: center;\" id=\"lavra-4166399967\"><a href=\"https:\/\/sistemas.lavras.mg.gov.br\/portalcidadao\/#df1b1a7c7b2a290bcb31e32771e610784662739a88807c0dacac58ede5f391a7530e299dc302d611ee73cb143fc22eaf93592e53e7b5bdb01b00a0b8d28dae460c141dd2ff83412e4dc1c31b16b25f33144a9e5620ea73b13f5bc1c59411d98439ad226e8af03840603796067d87afe130812cf3de24982d0e306f9e61e764e5\" aria-label=\"Banner_Educa\u00e7\u00e3o_PortallavrasTV\"><img src=\"https:\/\/lavras.tv\/site\/wp-content\/uploads\/2025\/01\/Banner_Educacao_PortallavrasTV.png\" alt=\"\"  srcset=\"https:\/\/lavras.tv\/site\/wp-content\/uploads\/2025\/01\/Banner_Educacao_PortallavrasTV.png 720w, https:\/\/lavras.tv\/site\/wp-content\/uploads\/2025\/01\/Banner_Educacao_PortallavrasTV-470x68.png 470w, https:\/\/lavras.tv\/site\/wp-content\/uploads\/2025\/01\/Banner_Educacao_PortallavrasTV-170x25.png 170w, https:\/\/lavras.tv\/site\/wp-content\/uploads\/2025\/01\/Banner_Educacao_PortallavrasTV-200x29.png 200w\" sizes=\"(max-width: 720px) 100vw, 720px\" width=\"720\" height=\"104\"  style=\"display: inline-block;\" \/><\/a><\/div><\/li><li><a href=\"https:\/\/sistemas.lavras.mg.gov.br\/portalcidadao\/#df1b1a7c7b2a290bcb31e32771e610784662739a88807c0dacac58ede5f391a7530e299dc302d611ee73cb143fc22eaf93592e53e7b5bdb01b00a0b8d28dae460c141dd2ff83412e4dc1c31b16b25f33144a9e5620ea73b13f5bc1c59411d98439ad226e8af03840603796067d87afe130812cf3de24982d0e306f9e61e764e5\" aria-label=\"Banner_Sa\u00fade_PortallavrasTV\"><img src=\"https:\/\/lavras.tv\/site\/wp-content\/uploads\/2025\/03\/Banner_Saude_PortallavrasTV.png\" alt=\"\"  srcset=\"https:\/\/lavras.tv\/site\/wp-content\/uploads\/2025\/03\/Banner_Saude_PortallavrasTV.png 720w, https:\/\/lavras.tv\/site\/wp-content\/uploads\/2025\/03\/Banner_Saude_PortallavrasTV-470x68.png 470w, https:\/\/lavras.tv\/site\/wp-content\/uploads\/2025\/03\/Banner_Saude_PortallavrasTV-170x25.png 170w, https:\/\/lavras.tv\/site\/wp-content\/uploads\/2025\/03\/Banner_Saude_PortallavrasTV-200x29.png 200w\" sizes=\"(max-width: 720px) 100vw, 720px\" width=\"720\" height=\"104\"   \/><\/a><\/li><li><div id=\"lavra-1636918868\" style=\"width:720px;height:104px;background-color:#ddd;overflow:scroll;\">\n\t<strong>Sa\u00edda da depura\u00e7\u00e3o de an\u00fancios<\/strong>\n\t<br><br>\n\tO an\u00fancio n\u00e3o \u00e9 exibido na p\u00e1gina<br><br>post atual: [Informe Parlamentar] Em Bras\u00edlia, Deputada D\u00e2mina faz pronunciamento na abertura do Outubro Rosa, ID: 2848<br><br><span style=\"color: red;\">O post atual n\u00e3o \u00e9 id\u00eantico ao post principal.<\/span><br><br>An\u00fancios: ROXO - TOPO INTERNA - ROTATIVO 2 (197)<br \/>Grupo de an\u00fancios: Princ_Meio01_720x104 (27)<br><br>Condi\u00e7\u00f5es de exibi\u00e7\u00e3o<div style=\"margin-bottom: 20px; white-space: pre-wrap; font-family: monospace; width: 100%; background: #ffe9e9;\"><strong>condi\u00e7\u00f5es gerais<\/strong><table border=\"1\"><thead><tr><th><\/th><th>An\u00fancios<\/th><th>wp_the_query<\/th><\/tr><\/thead><tr><td>is_main_query<\/td><td>1<\/td><td>1<\/td><\/tr><tr><td>is_rest_api<\/td><td>0<\/td><td>1<\/td><\/tr><tr><td>page<\/td><td>0<\/td><td>1<\/td><\/tr><tr><td>numpages<\/td><td>0<\/td><td>1<\/td><\/tr><tr><td>is_archive<\/td><td>1<\/td><td><\/td><\/tr><tr><td>is_search<\/td><td>1<\/td><td><\/td><\/tr><tr><td>is_home<\/td><td>1<\/td><td><\/td><\/tr><tr><td>is_404<\/td><td>1<\/td><td><\/td><\/tr><tr><td>is_attachment<\/td><td>1<\/td><td><\/td><\/tr><tr><td>is_singular<\/td><td>1<\/td><td><\/td><\/tr><tr><td>is_front_page<\/td><td>1<\/td><td><\/td><\/tr><tr><td>is_feed<\/td><td>1<\/td><td><\/td><\/tr><\/table><\/div><br><br><span style=\"color: red;\">Seu site usa HTTPS, mas o c\u00f3digo do an\u00fancio cont\u00e9m HTTP e pode n\u00e3o funcionar.<\/span>\t<br><br>\n\t<a style=\"color: green;\" href=\"https:\/\/wpadvancedads.com\/manual\/ad-debug-mode\/?utm_source=advanced-ads&utm_medium=link&utm_campaign=ad-debug-mode\" target=\"_blank\" rel=\"nofollow\">Encontre solu\u00e7\u00f5es no manual<\/a>\n<\/div>\n<\/li><\/ul><\/div><script>( window.advanced_ads_ready || jQuery( document ).ready ).call( null, function() {var $lavraslider88694794 = jQuery( \".lavra-slider-88694794\" );$lavraslider88694794.on( \"unslider.ready\", function() { jQuery( \"div.custom-slider ul li\" ).css( \"display\", \"block\" ); });$lavraslider88694794.unslider({ delay:4000, autoplay:true, nav:false, arrows:false, infinite:true });$lavraslider88694794.on(\"mouseover\", function() {$lavraslider88694794.unslider(\"stop\");}).on(\"mouseout\", function() {$lavraslider88694794.unslider(\"start\");});});<\/script><\/div><p>O Congresso Nacional foi palco de mais uma cerim\u00f4nia de abertura da campanha Outubro Rosa na capital federal. <!--more-->Mais de 200 pessoas, entre parlamentares e autoridades convidadas, prestigiaram o evento, entre elas a deputada federal D\u00e2mina Pereira (PSL-MG), coordenadora da Secret\u00e1ria da Mulher da C\u00e2mara dos Deputados.<\/p>\n<p>Durante seu pronunciamento a parlamentar ressaltou que o chamamento para a preven\u00e7\u00e3o \u00e9 condi\u00e7\u00e3o essencial.\u00a0 \u201cO c\u00e2ncer de mama responde por cerca de 25% das novas ocorr\u00eancias a cada ano. D\u00e2mina ainda lembrou que os tumores de pele n\u00e3o melanoma, \u00e9 o tipo de c\u00e2ncer mais frequente nas mulheres das regi\u00f5es Sul, Sudeste, Centro-Oeste e Nordeste do nosso pa\u00eds\u201d.<\/p>\n<p>A campanha, que agora completa 10 anos, nasceu com o objetivo de compartilhar informa\u00e7\u00f5es sobre a doen\u00e7a, afim de promover a conscientiza\u00e7\u00e3o para o diagn\u00f3stico precoce.<\/p>\n<p>De acordo com o Instituto Nacional do C\u00e2ncer (INCA), o c\u00e2ncer de mama \u00e9 o que mais acomete mulheres em todo o mundo, tanto em pa\u00edses em desenvolvimento quanto nos desenvolvidos. No Brasil, s\u00e3o esperados cerca de 57 mil novos casos apenas neste ano de 2016.<\/p>\n<p>O acendimento do Congresso Nacional na tonalidade cor-de-rosa, bem como outros monumentos da Esplanada dos Minist\u00e9rios e da maioria das capitais brasileiras, representa uma forma simb\u00f3lica de chamar a aten\u00e7\u00e3o da popula\u00e7\u00e3o para o tema.<\/p>\n<p><img fetchpriority=\"high\" decoding=\"async\" class=\"alignnone  wp-image-2849\" src=\"http:\/\/lavras.tv\/site\/wp-content\/uploads\/2016\/10\/DSC0051.jpg\" alt=\"_dsc0051\" width=\"652\" height=\"436\" srcset=\"https:\/\/lavras.tv\/site\/wp-content\/uploads\/2016\/10\/DSC0051.jpg 3872w, https:\/\/lavras.tv\/site\/wp-content\/uploads\/2016\/10\/DSC0051-150x100.jpg 150w, https:\/\/lavras.tv\/site\/wp-content\/uploads\/2016\/10\/DSC0051-300x201.jpg 300w, https:\/\/lavras.tv\/site\/wp-content\/uploads\/2016\/10\/DSC0051-1024x685.jpg 1024w, https:\/\/lavras.tv\/site\/wp-content\/uploads\/2016\/10\/DSC0051-480x320.jpg 480w, https:\/\/lavras.tv\/site\/wp-content\/uploads\/2016\/10\/DSC0051-272x182.jpg 272w\" sizes=\"(max-width: 652px) 100vw, 652px\" \/> <img decoding=\"async\" class=\"alignnone  wp-image-2850\" src=\"http:\/\/lavras.tv\/site\/wp-content\/uploads\/2016\/10\/DSC0059.jpg\" alt=\"_dsc0059\" width=\"651\" height=\"436\" srcset=\"https:\/\/lavras.tv\/site\/wp-content\/uploads\/2016\/10\/DSC0059.jpg 3872w, https:\/\/lavras.tv\/site\/wp-content\/uploads\/2016\/10\/DSC0059-150x100.jpg 150w, https:\/\/lavras.tv\/site\/wp-content\/uploads\/2016\/10\/DSC0059-300x201.jpg 300w, https:\/\/lavras.tv\/site\/wp-content\/uploads\/2016\/10\/DSC0059-1024x685.jpg 1024w, https:\/\/lavras.tv\/site\/wp-content\/uploads\/2016\/10\/DSC0059-480x320.jpg 480w, https:\/\/lavras.tv\/site\/wp-content\/uploads\/2016\/10\/DSC0059-272x182.jpg 272w\" sizes=\"(max-width: 651px) 100vw, 651px\" \/> <img decoding=\"async\" class=\"alignnone  wp-image-2851\" src=\"http:\/\/lavras.tv\/site\/wp-content\/uploads\/2016\/10\/DSC0060.jpg\" alt=\"_dsc0060\" width=\"651\" height=\"435\" srcset=\"https:\/\/lavras.tv\/site\/wp-content\/uploads\/2016\/10\/DSC0060.jpg 3872w, https:\/\/lavras.tv\/site\/wp-content\/uploads\/2016\/10\/DSC0060-150x100.jpg 150w, https:\/\/lavras.tv\/site\/wp-content\/uploads\/2016\/10\/DSC0060-300x201.jpg 300w, https:\/\/lavras.tv\/site\/wp-content\/uploads\/2016\/10\/DSC0060-1024x685.jpg 1024w, https:\/\/lavras.tv\/site\/wp-content\/uploads\/2016\/10\/DSC0060-480x320.jpg 480w, https:\/\/lavras.tv\/site\/wp-content\/uploads\/2016\/10\/DSC0060-272x182.jpg 272w\" sizes=\"(max-width: 651px) 100vw, 651px\" \/> <img loading=\"lazy\" decoding=\"async\" class=\"alignnone  wp-image-2852\" src=\"http:\/\/lavras.tv\/site\/wp-content\/uploads\/2016\/10\/DSC0072.jpg\" alt=\"_dsc0072\" width=\"652\" height=\"436\" srcset=\"https:\/\/lavras.tv\/site\/wp-content\/uploads\/2016\/10\/DSC0072.jpg 3872w, https:\/\/lavras.tv\/site\/wp-content\/uploads\/2016\/10\/DSC0072-150x100.jpg 150w, https:\/\/lavras.tv\/site\/wp-content\/uploads\/2016\/10\/DSC0072-300x201.jpg 300w, https:\/\/lavras.tv\/site\/wp-content\/uploads\/2016\/10\/DSC0072-1024x685.jpg 1024w, https:\/\/lavras.tv\/site\/wp-content\/uploads\/2016\/10\/DSC0072-480x320.jpg 480w, https:\/\/lavras.tv\/site\/wp-content\/uploads\/2016\/10\/DSC0072-272x182.jpg 272w\" sizes=\"(max-width: 652px) 100vw, 652px\" \/> <img loading=\"lazy\" decoding=\"async\" class=\"alignnone  wp-image-2853\" src=\"http:\/\/lavras.tv\/site\/wp-content\/uploads\/2016\/10\/DSC0133.jpg\" alt=\"_dsc0133\" width=\"652\" height=\"437\" srcset=\"https:\/\/lavras.tv\/site\/wp-content\/uploads\/2016\/10\/DSC0133.jpg 3872w, https:\/\/lavras.tv\/site\/wp-content\/uploads\/2016\/10\/DSC0133-150x100.jpg 150w, https:\/\/lavras.tv\/site\/wp-content\/uploads\/2016\/10\/DSC0133-300x201.jpg 300w, https:\/\/lavras.tv\/site\/wp-content\/uploads\/2016\/10\/DSC0133-1024x685.jpg 1024w, https:\/\/lavras.tv\/site\/wp-content\/uploads\/2016\/10\/DSC0133-272x182.jpg 272w\" sizes=\"(max-width: 652px) 100vw, 652px\" \/> <img loading=\"lazy\" decoding=\"async\" class=\"alignnone  wp-image-2854\" src=\"http:\/\/lavras.tv\/site\/wp-content\/uploads\/2016\/10\/LBJ3867.jpg\" alt=\"_lbj3867\" width=\"649\" height=\"432\" srcset=\"https:\/\/lavras.tv\/site\/wp-content\/uploads\/2016\/10\/LBJ3867.jpg 1800w, https:\/\/lavras.tv\/site\/wp-content\/uploads\/2016\/10\/LBJ3867-150x100.jpg 150w, https:\/\/lavras.tv\/site\/wp-content\/uploads\/2016\/10\/LBJ3867-300x200.jpg 300w, https:\/\/lavras.tv\/site\/wp-content\/uploads\/2016\/10\/LBJ3867-1024x682.jpg 1024w, https:\/\/lavras.tv\/site\/wp-content\/uploads\/2016\/10\/LBJ3867-480x320.jpg 480w, https:\/\/lavras.tv\/site\/wp-content\/uploads\/2016\/10\/LBJ3867-272x182.jpg 272w\" sizes=\"(max-width: 649px) 100vw, 649px\" \/><img loading=\"lazy\" decoding=\"async\" class=\"alignnone  wp-image-2855\" src=\"http:\/\/lavras.tv\/site\/wp-content\/uploads\/2016\/10\/img20161004195546717462.jpg\" alt=\"img20161004195546717462\" width=\"652\" height=\"427\" srcset=\"https:\/\/lavras.tv\/site\/wp-content\/uploads\/2016\/10\/img20161004195546717462.jpg 2003w, https:\/\/lavras.tv\/site\/wp-content\/uploads\/2016\/10\/img20161004195546717462-150x98.jpg 150w, https:\/\/lavras.tv\/site\/wp-content\/uploads\/2016\/10\/img20161004195546717462-300x197.jpg 300w, https:\/\/lavras.tv\/site\/wp-content\/uploads\/2016\/10\/img20161004195546717462-1024x671.jpg 1024w\" sizes=\"(max-width: 652px) 100vw, 652px\" \/><\/p>\n<p>Fonte: Gabinete da deputada federal D\u00e2mina Pereira<\/p>\n","protected":false},"excerpt":{"rendered":"<p>O Congresso Nacional foi palco de mais uma cerim\u00f4nia de abertura da campanha Outubro Rosa na capital federal.<\/p>\n","protected":false},"author":2,"featured_media":2854,"comment_status":"closed","ping_status":"open","sticky":false,"template":"","format":"standard","meta":{"advgb_blocks_editor_width":"","advgb_blocks_columns_visual_guide":"","_exactmetrics_skip_tracking":false,"_exactmetrics_sitenote_active":false,"_exactmetrics_sitenote_note":"","_exactmetrics_sitenote_category":0,"footnotes":""},"categories":[7,12],"tags":[671,927],"class_list":["post-2848","post","type-post","status-publish","format-standard","has-post-thumbnail","hentry","category-destaques","category-politica","tag-damina-pereira","tag-outubro-rosa"],"better_featured_image":{"id":2854,"alt_text":"","caption":"","description":"","media_type":"image","media_details":{"width":1800,"height":1199,"file":"2016\/10\/LBJ3867.jpg","sizes":{"thumbnail":{"file":"LBJ3867-150x100.jpg","width":150,"height":100,"mime-type":"image\/jpeg","source_url":"https:\/\/lavras.tv\/site\/wp-content\/uploads\/2016\/10\/LBJ3867-150x100.jpg"},"medium":{"file":"LBJ3867-300x200.jpg","width":300,"height":200,"mime-type":"image\/jpeg","source_url":"https:\/\/lavras.tv\/site\/wp-content\/uploads\/2016\/10\/LBJ3867-300x200.jpg"},"large":{"file":"LBJ3867-1024x682.jpg","width":1024,"height":682,"mime-type":"image\/jpeg","source_url":"https:\/\/lavras.tv\/site\/wp-content\/uploads\/2016\/10\/LBJ3867-1024x682.jpg"},"featured-slider-img":{"file":"LBJ3867-640x480.jpg","width":640,"height":480,"mime-type":"image\/jpeg","source_url":"https:\/\/lavras.tv\/site\/wp-content\/uploads\/2016\/10\/LBJ3867-640x480.jpg"},"featured-post-img":{"file":"LBJ3867-480x320.jpg","width":480,"height":320,"mime-type":"image\/jpeg","source_url":"https:\/\/lavras.tv\/site\/wp-content\/uploads\/2016\/10\/LBJ3867-480x320.jpg"},"sow-carousel-default":{"file":"LBJ3867-272x182.jpg","width":272,"height":182,"mime-type":"image\/jpeg","source_url":"https:\/\/lavras.tv\/site\/wp-content\/uploads\/2016\/10\/LBJ3867-272x182.jpg"}},"image_meta":{"aperture":"5","credit":"LUCIO BERNARDO JR","camera":"NIKON D700","caption":"","created_timestamp":"1475606896","copyright":"LUCIO BERNARDO JR","focal_length":"170","iso":"2000","shutter_speed":"0.002","title":"","orientation":"1","keywords":[]}},"post":2848,"source_url":"https:\/\/lavras.tv\/site\/wp-content\/uploads\/2016\/10\/LBJ3867.jpg"},"author_meta":{"display_name":"Lavras TV","author_link":"https:\/\/lavras.tv\/site\/author\/lavrastv\/"},"featured_img":"https:\/\/lavras.tv\/site\/wp-content\/uploads\/2016\/10\/LBJ3867-300x200.jpg","coauthors":[],"tax_additional":{"categories":{"linked":["<a href=\"https:\/\/lavras.tv\/site\/category\/destaques\/\" class=\"advgb-post-tax-term\">Destaques<\/a>","<a href=\"https:\/\/lavras.tv\/site\/category\/politica\/\" class=\"advgb-post-tax-term\">Pol\u00edtica<\/a>"],"unlinked":["<span class=\"advgb-post-tax-term\">Destaques<\/span>","<span class=\"advgb-post-tax-term\">Pol\u00edtica<\/span>"]},"tags":{"linked":["<a href=\"https:\/\/lavras.tv\/site\/category\/politica\/\" class=\"advgb-post-tax-term\">D\u00e2mina Pereira<\/a>","<a href=\"https:\/\/lavras.tv\/site\/category\/politica\/\" class=\"advgb-post-tax-term\">Outubro Rosa<\/a>"],"unlinked":["<span class=\"advgb-post-tax-term\">D\u00e2mina Pereira<\/span>","<span class=\"advgb-post-tax-term\">Outubro Rosa<\/span>"]}},"comment_count":"0","relative_dates":{"created":"Publicado 10 anos atr\u00e1s","modified":"Atualizado 10 anos atr\u00e1s"},"absolute_dates":{"created":"Publicado em 6 de outubro de 2016","modified":"Atualizado em 6 de outubro de 2016"},"absolute_dates_time":{"created":"Publicado em 6 de outubro de 2016 15:36","modified":"Atualizado em 6 de outubro de 2016 15:36"},"featured_img_caption":"","series_order":"","_links":{"self":[{"href":"https:\/\/lavras.tv\/site\/wp-json\/wp\/v2\/posts\/2848","targetHints":{"allow":["GET"]}}],"collection":[{"href":"https:\/\/lavras.tv\/site\/wp-json\/wp\/v2\/posts"}],"about":[{"href":"https:\/\/lavras.tv\/site\/wp-json\/wp\/v2\/types\/post"}],"author":[{"embeddable":true,"href":"https:\/\/lavras.tv\/site\/wp-json\/wp\/v2\/users\/2"}],"replies":[{"embeddable":true,"href":"https:\/\/lavras.tv\/site\/wp-json\/wp\/v2\/comments?post=2848"}],"version-history":[{"count":1,"href":"https:\/\/lavras.tv\/site\/wp-json\/wp\/v2\/posts\/2848\/revisions"}],"predecessor-version":[{"id":2856,"href":"https:\/\/lavras.tv\/site\/wp-json\/wp\/v2\/posts\/2848\/revisions\/2856"}],"wp:featuredmedia":[{"embeddable":true,"href":"https:\/\/lavras.tv\/site\/wp-json\/wp\/v2\/media\/2854"}],"wp:attachment":[{"href":"https:\/\/lavras.tv\/site\/wp-json\/wp\/v2\/media?parent=2848"}],"wp:term":[{"taxonomy":"category","embeddable":true,"href":"https:\/\/lavras.tv\/site\/wp-json\/wp\/v2\/categories?post=2848"},{"taxonomy":"post_tag","embeddable":true,"href":"https:\/\/lavras.tv\/site\/wp-json\/wp\/v2\/tags?post=2848"}],"curies":[{"name":"wp","href":"https:\/\/api.w.org\/{rel}","templated":true}]}}