{"id":2879,"date":"2016-10-07T09:17:28","date_gmt":"2016-10-07T12:17:28","guid":{"rendered":"http:\/\/lavras.tv\/site\/?p=2879"},"modified":"2016-10-07T09:17:28","modified_gmt":"2016-10-07T12:17:28","slug":"governo-de-minas-gerais-apresenta-beneficiarios-do-programa-bolsa-atleta-e-bolsa-tecnico","status":"publish","type":"post","link":"https:\/\/lavras.tv\/site\/2016\/10\/07\/governo-de-minas-gerais-apresenta-beneficiarios-do-programa-bolsa-atleta-e-bolsa-tecnico\/","title":{"rendered":"Governo de Minas Gerais apresenta benefici\u00e1rios do programa Bolsa Atleta e Bolsa T\u00e9cnico"},"content":{"rendered":"<div class=\"lavra-antes-do-conteudo_2\" id=\"lavra-2397205359\"><div id=\"lavra-slider-27\" class=\"custom-slider lavra-slider-2427054400 lavra-slider\"><ul><li><div style=\"margin-left: auto;margin-right: auto;text-align: center;\" id=\"lavra-995445978\"><a href=\"https:\/\/sistemas.lavras.mg.gov.br\/portalcidadao\/#df1b1a7c7b2a290bcb31e32771e610784662739a88807c0dacac58ede5f391a7530e299dc302d611ee73cb143fc22eaf93592e53e7b5bdb01b00a0b8d28dae460c141dd2ff83412e4dc1c31b16b25f33144a9e5620ea73b13f5bc1c59411d98439ad226e8af03840603796067d87afe130812cf3de24982d0e306f9e61e764e5\" aria-label=\"Lavras-TV&#8211;720x104px (1) (1)\"><img src=\"https:\/\/lavras.tv\/site\/wp-content\/uploads\/2025\/01\/Lavras-TV-720x104px-1-1.png\" alt=\"\"  srcset=\"https:\/\/lavras.tv\/site\/wp-content\/uploads\/2025\/01\/Lavras-TV-720x104px-1-1.png 720w, https:\/\/lavras.tv\/site\/wp-content\/uploads\/2025\/01\/Lavras-TV-720x104px-1-1-470x68.png 470w, https:\/\/lavras.tv\/site\/wp-content\/uploads\/2025\/01\/Lavras-TV-720x104px-1-1-170x25.png 170w, https:\/\/lavras.tv\/site\/wp-content\/uploads\/2025\/01\/Lavras-TV-720x104px-1-1-200x29.png 200w\" sizes=\"(max-width: 720px) 100vw, 720px\" width=\"720\" height=\"104\"  style=\"display: inline-block;\" \/><\/a><\/div><\/li><li><a href=\"https:\/\/sistemas.lavras.mg.gov.br\/portalcidadao\/#df1b1a7c7b2a290bcb31e32771e610784662739a88807c0dacac58ede5f391a7530e299dc302d611ee73cb143fc22eaf93592e53e7b5bdb01b00a0b8d28dae460c141dd2ff83412e4dc1c31b16b25f33144a9e5620ea73b13f5bc1c59411d98439ad226e8af03840603796067d87afe130812cf3de24982d0e306f9e61e764e5\" aria-label=\"Banner_Emprego_PortallavrasTV\"><img src=\"https:\/\/lavras.tv\/site\/wp-content\/uploads\/2025\/03\/Banner_Emprego_PortallavrasTV.png\" alt=\"\"  srcset=\"https:\/\/lavras.tv\/site\/wp-content\/uploads\/2025\/03\/Banner_Emprego_PortallavrasTV.png 720w, https:\/\/lavras.tv\/site\/wp-content\/uploads\/2025\/03\/Banner_Emprego_PortallavrasTV-470x68.png 470w, https:\/\/lavras.tv\/site\/wp-content\/uploads\/2025\/03\/Banner_Emprego_PortallavrasTV-170x25.png 170w, https:\/\/lavras.tv\/site\/wp-content\/uploads\/2025\/03\/Banner_Emprego_PortallavrasTV-200x29.png 200w\" sizes=\"(max-width: 720px) 100vw, 720px\" width=\"720\" height=\"104\"   \/><\/a><\/li><li><a href=\"https:\/\/sistemas.lavras.mg.gov.br\/portalcidadao\/#df1b1a7c7b2a290bcb31e32771e610784662739a88807c0dacac58ede5f391a7530e299dc302d611ee73cb143fc22eaf93592e53e7b5bdb01b00a0b8d28dae460c141dd2ff83412e4dc1c31b16b25f33144a9e5620ea73b13f5bc1c59411d98439ad226e8af03840603796067d87afe130812cf3de24982d0e306f9e61e764e5\" aria-label=\"Banner_Obras_PortallavrasTV\"><img src=\"https:\/\/lavras.tv\/site\/wp-content\/uploads\/2025\/03\/Banner_Obras_PortallavrasTV.png\" alt=\"\"  srcset=\"https:\/\/lavras.tv\/site\/wp-content\/uploads\/2025\/03\/Banner_Obras_PortallavrasTV.png 720w, https:\/\/lavras.tv\/site\/wp-content\/uploads\/2025\/03\/Banner_Obras_PortallavrasTV-470x68.png 470w, https:\/\/lavras.tv\/site\/wp-content\/uploads\/2025\/03\/Banner_Obras_PortallavrasTV-170x25.png 170w, https:\/\/lavras.tv\/site\/wp-content\/uploads\/2025\/03\/Banner_Obras_PortallavrasTV-200x29.png 200w\" sizes=\"(max-width: 720px) 100vw, 720px\" width=\"720\" height=\"104\"   \/><\/a><\/li><li><div style=\"margin-left: auto;margin-right: auto;text-align: center;\" id=\"lavra-24955139\"><a href=\"https:\/\/sistemas.lavras.mg.gov.br\/portalcidadao\/#df1b1a7c7b2a290bcb31e32771e610784662739a88807c0dacac58ede5f391a7530e299dc302d611ee73cb143fc22eaf93592e53e7b5bdb01b00a0b8d28dae460c141dd2ff83412e4dc1c31b16b25f33144a9e5620ea73b13f5bc1c59411d98439ad226e8af03840603796067d87afe130812cf3de24982d0e306f9e61e764e5\" aria-label=\"Banner_Educa\u00e7\u00e3o_PortallavrasTV\"><img src=\"https:\/\/lavras.tv\/site\/wp-content\/uploads\/2025\/01\/Banner_Educacao_PortallavrasTV.png\" alt=\"\"  srcset=\"https:\/\/lavras.tv\/site\/wp-content\/uploads\/2025\/01\/Banner_Educacao_PortallavrasTV.png 720w, https:\/\/lavras.tv\/site\/wp-content\/uploads\/2025\/01\/Banner_Educacao_PortallavrasTV-470x68.png 470w, https:\/\/lavras.tv\/site\/wp-content\/uploads\/2025\/01\/Banner_Educacao_PortallavrasTV-170x25.png 170w, https:\/\/lavras.tv\/site\/wp-content\/uploads\/2025\/01\/Banner_Educacao_PortallavrasTV-200x29.png 200w\" sizes=\"(max-width: 720px) 100vw, 720px\" width=\"720\" height=\"104\"  style=\"display: inline-block;\" \/><\/a><\/div><\/li><li><a href=\"https:\/\/sistemas.lavras.mg.gov.br\/portalcidadao\/#df1b1a7c7b2a290bcb31e32771e610784662739a88807c0dacac58ede5f391a7530e299dc302d611ee73cb143fc22eaf93592e53e7b5bdb01b00a0b8d28dae460c141dd2ff83412e4dc1c31b16b25f33144a9e5620ea73b13f5bc1c59411d98439ad226e8af03840603796067d87afe130812cf3de24982d0e306f9e61e764e5\" aria-label=\"Banner_Sa\u00fade_PortallavrasTV\"><img src=\"https:\/\/lavras.tv\/site\/wp-content\/uploads\/2025\/03\/Banner_Saude_PortallavrasTV.png\" alt=\"\"  srcset=\"https:\/\/lavras.tv\/site\/wp-content\/uploads\/2025\/03\/Banner_Saude_PortallavrasTV.png 720w, https:\/\/lavras.tv\/site\/wp-content\/uploads\/2025\/03\/Banner_Saude_PortallavrasTV-470x68.png 470w, https:\/\/lavras.tv\/site\/wp-content\/uploads\/2025\/03\/Banner_Saude_PortallavrasTV-170x25.png 170w, https:\/\/lavras.tv\/site\/wp-content\/uploads\/2025\/03\/Banner_Saude_PortallavrasTV-200x29.png 200w\" sizes=\"(max-width: 720px) 100vw, 720px\" width=\"720\" height=\"104\"   \/><\/a><\/li><li><div id=\"lavra-719169603\" style=\"width:720px;height:104px;background-color:#ddd;overflow:scroll;\">\n\t<strong>Sa\u00edda da depura\u00e7\u00e3o de an\u00fancios<\/strong>\n\t<br><br>\n\tO an\u00fancio n\u00e3o \u00e9 exibido na p\u00e1gina<br><br>post atual: Governo de Minas Gerais apresenta benefici\u00e1rios do programa Bolsa Atleta e Bolsa T\u00e9cnico, ID: 2879<br><br><span style=\"color: red;\">O post atual n\u00e3o \u00e9 id\u00eantico ao post principal.<\/span><br><br>An\u00fancios: ROXO - TOPO INTERNA - ROTATIVO 2 (197)<br \/>Grupo de an\u00fancios: Princ_Meio01_720x104 (27)<br><br>Condi\u00e7\u00f5es de exibi\u00e7\u00e3o<div style=\"margin-bottom: 20px; white-space: pre-wrap; font-family: monospace; width: 100%; background: #ffe9e9;\"><strong>condi\u00e7\u00f5es gerais<\/strong><table border=\"1\"><thead><tr><th><\/th><th>An\u00fancios<\/th><th>wp_the_query<\/th><\/tr><\/thead><tr><td>is_main_query<\/td><td>1<\/td><td>1<\/td><\/tr><tr><td>is_rest_api<\/td><td>0<\/td><td>1<\/td><\/tr><tr><td>page<\/td><td>0<\/td><td>1<\/td><\/tr><tr><td>numpages<\/td><td>0<\/td><td>1<\/td><\/tr><tr><td>is_archive<\/td><td>1<\/td><td><\/td><\/tr><tr><td>is_search<\/td><td>1<\/td><td><\/td><\/tr><tr><td>is_home<\/td><td>1<\/td><td><\/td><\/tr><tr><td>is_404<\/td><td>1<\/td><td><\/td><\/tr><tr><td>is_attachment<\/td><td>1<\/td><td><\/td><\/tr><tr><td>is_singular<\/td><td>1<\/td><td><\/td><\/tr><tr><td>is_front_page<\/td><td>1<\/td><td><\/td><\/tr><tr><td>is_feed<\/td><td>1<\/td><td><\/td><\/tr><\/table><\/div><br><br><span style=\"color: red;\">Seu site usa HTTPS, mas o c\u00f3digo do an\u00fancio cont\u00e9m HTTP e pode n\u00e3o funcionar.<\/span>\t<br><br>\n\t<a style=\"color: green;\" href=\"https:\/\/wpadvancedads.com\/manual\/ad-debug-mode\/?utm_source=advanced-ads&utm_medium=link&utm_campaign=ad-debug-mode\" target=\"_blank\" rel=\"nofollow\">Encontre solu\u00e7\u00f5es no manual<\/a>\n<\/div>\n<\/li><\/ul><\/div><script>( window.advanced_ads_ready || jQuery( document ).ready ).call( null, function() {var $lavraslider2427054400 = jQuery( \".lavra-slider-2427054400\" );$lavraslider2427054400.on( \"unslider.ready\", function() { jQuery( \"div.custom-slider ul li\" ).css( \"display\", \"block\" ); });$lavraslider2427054400.unslider({ delay:4000, autoplay:true, nav:false, arrows:false, infinite:true });$lavraslider2427054400.on(\"mouseover\", function() {$lavraslider2427054400.unslider(\"stop\");}).on(\"mouseout\", function() {$lavraslider2427054400.unslider(\"start\");});});<\/script><\/div><div class=\"clear \">\n<p>O esporte de alto rendimento esteve em destaque no Pal\u00e1cio Tiradentes, na Cidade Administrativa, em Belo Horizonte. O <a href=\"http:\/\/www.mg.gov.br\/\" target=\"_blank\">Governo de Minas Gerais<\/a>, por meio da <a href=\"http:\/\/www.esportes.mg.gov.br\/\" target=\"_blank\">Secretaria de Estado de Esportes<\/a>, apresentou os benefici\u00e1rios do edital de 2016 do programa Bolsa Atleta e Bolsa T\u00e9cnico.<\/p>\n<p>Na oportunidade, foram homenageados atletas mineiros que participaram dos Jogos Ol\u00edmpicos e Paral\u00edmpicos Rio 2016, dos quais participaram cerca de 60 atletas e t\u00e9cnicos mineiros, sendo que 20% deles s\u00e3o benefici\u00e1rios do programa de bolsas do Governo do Estado.<\/p>\n<figure id=\"attachment_2880\" aria-describedby=\"caption-attachment-2880\" style=\"width: 5376px\" class=\"wp-caption aligncenter\"><img fetchpriority=\"high\" decoding=\"async\" class=\"size-full wp-image-2880\" src=\"http:\/\/lavras.tv\/site\/wp-content\/uploads\/2016\/10\/CAP_9640.jpg\" alt=\"Cr\u00e9dito: Carlos Alberto \/ Imprensa \u2013 MG  Local:    Pal\u00e1cio Tiradentes, 1\u00ba andar, Cidade Administrativa \u2014 Rodovia Jo\u00e3o Paulo II, 3.777, Serra Verde, Belo Horizonte - MG. Data:05-10-2016 Assunto: Apresenta\u00e7\u00e3o dos benefici\u00e1rios do programa Bolsa Atleta e homenagem a esportistas, demonstra\u00e7\u00e3o e experimenta\u00e7\u00e3o esportiva\" width=\"5376\" height=\"2256\" srcset=\"https:\/\/lavras.tv\/site\/wp-content\/uploads\/2016\/10\/CAP_9640.jpg 5376w, https:\/\/lavras.tv\/site\/wp-content\/uploads\/2016\/10\/CAP_9640-150x63.jpg 150w, https:\/\/lavras.tv\/site\/wp-content\/uploads\/2016\/10\/CAP_9640-300x126.jpg 300w, https:\/\/lavras.tv\/site\/wp-content\/uploads\/2016\/10\/CAP_9640-1024x430.jpg 1024w\" sizes=\"(max-width: 5376px) 100vw, 5376px\" \/><figcaption id=\"caption-attachment-2880\" class=\"wp-caption-text\">Cr\u00e9dito: Carlos Alberto \/ Imprensa \u2013 MG<\/p><\/figcaption><\/figure>\n<p>Para o secret\u00e1rio de Estado de Esportes, Carlos Henrique, a valoriza\u00e7\u00e3o do esporte em Minas Gerais come\u00e7ou com a cria\u00e7\u00e3o da Secretaria como pasta independente. \u201cO trabalho do Governo no apoio ao esporte come\u00e7ou pelo fato de o governador Fernando Pimentel ter criado a Secretaria de Estado de Esportes quando a maioria dos estados, neste momento de crise econ\u00f4mica, extinguiram a pasta de sua estrutura, transformando em subsecretarias, para cortar custos. Uma das primeiras iniciativas do governador foi dar car\u00e1ter exclusivo \u00e0 Secretaria de Esportes, n\u00e3o se confundindo com outras tem\u00e1ticas, como era antigamente quando t\u00ednhamos juventude, antidrogas\u201d, afirmou.<\/p>\n<p>Segundo o secret\u00e1rio, \u201ca manuten\u00e7\u00e3o do programa Bolsa Atleta e BolsaT\u00e9cnico tamb\u00e9m \u00e9 uma prova da import\u00e2ncia do esporte para a atual gest\u00e3o estadual. Nosso objetivo \u00e9 oferecer aos nossos esportistas a possibilidade de trabalharem com tranquilidade em busca de bons resultados, contando com o apoio financeiro do Governo de Minas Gerais\u201d, concluiu.<\/p>\n<p>Estiveram presentes na solenidade Davi Abreu, do r\u00fagbi em cadeira de rodas, \u00c9rika Miranda do jud\u00f4, Deanne Almeida, do jud\u00f4 paral\u00edmpico, e Tatiele Carvalho, do atletismo, al\u00e9m dos t\u00e9cnicos Evandro Azevedo Fran\u00e7a, do tiro com arco, e Rafael Botelho Gouveia, do r\u00fagbi em cadeira de rodas. A jogadora de futebol Tamires C\u00e1ssia foi representada pela m\u00e3e Marilene Gomes.<\/p>\n<p>Campe\u00e3 parapan-americana de jud\u00f4 e benefici\u00e1ria do programa Bolsa Atleta, Deanne Almeida, agradeceu ao Governo de Minas Gerais, lembrando que o benef\u00edcio contribuiu para sua participa\u00e7\u00e3o na Paralimp\u00edada do Rio de Janeiro, na qual obteve a quinta coloca\u00e7\u00e3o.\u00a0\u201cA Bolsa Atleta \u00e9 o maior incentivo que temos hoje e o fato de os atletas paral\u00edmpicos receberem esse benef\u00edcio nos coloca em situa\u00e7\u00e3o de igualdade com os atletas ol\u00edmpicos. Isso \u00e9 muito importante para o nosso segmento\u201d.<\/p>\n<p>Ela ressaltou tamb\u00e9m a import\u00e2ncia da extens\u00e3o do programa aos t\u00e9cnicos. \u201cSem a Bolsa T\u00e9cnico seria muito dif\u00edcil conseguir uma pessoa que possa dedicar seu tempo e seu trabalho para treinar a gente, como acontece no meu caso que meu t\u00e9cnico Marcelo Mendes tamb\u00e9m recebe o benef\u00edcio\u201d.<\/p>\n<p>No mesmo sentido, o t\u00e9cnico da sele\u00e7\u00e3o brasileira de tiro com arco nos Jogos Rio 2016 e benefici\u00e1rio do Bolsa T\u00e9cnico, Evandro Azevedo, falou da valoriza\u00e7\u00e3o do trabalho dos profissionais do esporte por meio do incentivo. \u201cA gente n\u00e3o vai para uma olimp\u00edada pelo dinheiro ou pelo sucesso. N\u00f3s vamos para representar o nosso pa\u00eds, representar o estado e o reconhecimento quando ele vem, nos engrandece, nos fortalece muito para que a gente permane\u00e7a trabalhando forte, focados nos objetivos. Esperamos contar com esse benef\u00edcio nos pr\u00f3ximos anos, desde a base at\u00e9 o alto n\u00edvel, porque s\u00f3 assim n\u00f3s vamos conseguir transformar a nossa na\u00e7\u00e3o em uma na\u00e7\u00e3o vencedora com todos os valores que o esporte pode nos passar\u201d.<\/p>\n<p>Atleta do jud\u00f4, o campe\u00e3o mundial e bicampe\u00e3o pan-americano Luciano Corr\u00eaa parabenizou o governo estadual por contemplar in\u00fameros jovens com a Bolsa. \u201c\u00c9 muito importante a vis\u00e3o da Secretaria de atender atletas de todos os n\u00edveis: desde o n\u00edvel estadual at\u00e9 o n\u00edvel internacional, o n\u00edvel ol\u00edmpico. Eu tenho certeza que, entre todas essas crian\u00e7as que est\u00e3o come\u00e7ando no esporte, temos futuros campe\u00f5es ol\u00edmpicos que ir\u00e3o representar nosso estado, que \u00e9 uma grande pot\u00eancia no cen\u00e1rio nacional. Muito obrigado por esse incentivo. Sinto-me muito honrado por fazer parte desse time t\u00e3o vitorioso\u201d, finalizou.<\/p>\n<p>O p\u00fablico presente p\u00f4de experimentar a pr\u00e1tica de modalidades como bocha paral\u00edmpica, com Amanda Alether e \u00cdcaro de Souza, que j\u00e1 participaram da disputa dos Jogos Escolares de Minas Gerais (Jemg) e integraram a delega\u00e7\u00e3o mineira nas Paralimp\u00edadas Escolares, e tiro com arco.<\/p>\n<p><strong>O programa<\/strong><\/p>\n<p>O programa Bolsa Atleta e BolsaT\u00e9cnico tem o objetivo de garantir a manuten\u00e7\u00e3o da carreira dos atletas e t\u00e9cnicos de alto rendimento, buscando dar condi\u00e7\u00f5es para que se dediquem ao treinamento esportivo e \u00e0 participa\u00e7\u00e3o em competi\u00e7\u00f5es para o desenvolvimento pleno de sua carreira esportiva, de forma a manter e renovar periodicamente gera\u00e7\u00f5es de atletas com potencial para representar Minas Gerais nas principais competi\u00e7\u00f5es nacionais e internacionais.<\/p>\n<p>Um total de 684 pessoas pleiteou o benef\u00edcio pelo edital 001\/2016 do Bolsa Atleta e Bolsa T\u00e9cnico. Neste ano, foram disponibilizadas 35 bolsas para atletas na categoria estadual, 35 para a categoria nacional, dez para atletas da categoria internacional e nove para a categoria ol\u00edmpico\/paral\u00edmpico.<\/p>\n<p>Tamb\u00e9m est\u00e3o dispon\u00edveis dez bolsas na categoria I e dez na categoria II para os t\u00e9cnicos. Como no edital anterior, no de 2016 ser\u00e3o destinados R$ 1,13 milh\u00e3o para o pagamento do benef\u00edcio cujos valores variam de acordo com categoria do atleta ou t\u00e9cnico.<\/p>\n<p>Para os inscritos no BolsaAtleta estadual, o repasse de dois em dois meses ser\u00e1 de R$ 750; o nacional, de R$ 1.500; o internacional, de R$ 2.500; e o ol\u00edmpico ou paral\u00edmpico, de R$ 5 mil. No caso dos t\u00e9cnicos, a bolsa ser\u00e1 de R$ 1 mil ou R$ 3 mil.<\/p>\n<p><strong>Medalhas ol\u00edmpicas<\/strong><\/p>\n<p>De 34 atletas nascidos em Minas Gerais, que participaram dos Jogos Ol\u00edmpicos Rio 2016, quatro deles voltaram para casa com medalhas. O goleiro do Atl\u00e9tico Mineiro, Uilson, natural de Nanuque, no territ\u00f3rio Mucuri, fez parte da campanha do ouro in\u00e9dito da sele\u00e7\u00e3o masculina de futebol.<\/p>\n<p>No v\u00f4lei, o Brasil contou com a participa\u00e7\u00e3o de Lucarelli, de Contagem, e Maur\u00edcio Souza, de Iturama, para se tornar tricampe\u00e3o ol\u00edmpico. Na disputa pelo bronze da categoria at\u00e9 80 kg do taekwondo, Maicon Siqueira, natural de Justin\u00f3polis, derrotou o atleta da Gr\u00e3-Bretanha, Mahama Cho, e subiu ao p\u00f3dio para receber o bronze.<\/p>\n<p><strong>Medalhas paral\u00edmpicas<\/strong><\/p>\n<p>A participa\u00e7\u00e3o dos atletas mineiros nos Jogos Paral\u00edmpicos Rio 2016 terminou com oito medalhas, sendo tr\u00eas de prata e cinco de bronze. No atletismo, modalidade em que o Brasil atingiu seus melhores resultados, Terezinha Guilhermina (T11 \u2013 deficientes visuais) faturou uma prata (revezamento 4x100m) e um bronze (400m); Rodrigo Parreira (T36 \u2013 paralisia cerebral) obteve o mesmo resultado, com a prata no salto em dist\u00e2ncia e o bronze nos 100m; enquanto Izabela Silva (F11 \u2013 deficientes visuais) conquistou a medalha de bronze no lan\u00e7amento de disco.<\/p>\n<p>Na nata\u00e7\u00e3o, os atletas Ruiter Silva (revezamento 4x100m livres) e Ruan Lima (revezamento 4x100m medley) faturaram a medalha de prata e de bronze, respectivamente. \u00danica mineira a ser condecorada nos esportes coletivos, Jana\u00edna Petit foi fundamental para a conquista da medalha de bronze da Sele\u00e7\u00e3o Brasileira de voleibol sentado.<\/p>\n<p>O Brasil contou com sua maior delega\u00e7\u00e3o na hist\u00f3ria dos Jogos Paral\u00edmpicos com 286 atletas, sendo 27 representantes de Minas Gerais: 17 atletas, nove t\u00e9cnicos e um auxiliar t\u00e9cnico.<\/p>\n<\/div>\n<p><!--more--><\/p>\n<p><!--more--><\/p>\n<p><!--more--><\/p>\n","protected":false},"excerpt":{"rendered":"<p>O esporte de alto rendimento esteve em destaque no Pal\u00e1cio Tiradentes, na Cidade Administrativa, em Belo Horizonte. O Governo de Minas Gerais, por meio da Secretaria de Estado de Esportes, apresentou os benefici\u00e1rios do edital de 2016 do programa Bolsa Atleta e Bolsa T\u00e9cnico. Na oportunidade, foram homenageados atletas mineiros que participaram dos Jogos Ol\u00edmpicos [&hellip;]<\/p>\n","protected":false},"author":2,"featured_media":2880,"comment_status":"closed","ping_status":"open","sticky":false,"template":"","format":"standard","meta":{"advgb_blocks_editor_width":"","advgb_blocks_columns_visual_guide":"","_exactmetrics_skip_tracking":false,"_exactmetrics_sitenote_active":false,"_exactmetrics_sitenote_note":"","_exactmetrics_sitenote_category":0,"footnotes":""},"categories":[3],"tags":[1013,1014,966,1015],"class_list":["post-2879","post","type-post","status-publish","format-standard","has-post-thumbnail","hentry","category-esportes","tag-bolsa-atleta","tag-bolsa-tecnico","tag-esporte","tag-mg"],"better_featured_image":{"id":2880,"alt_text":"","caption":"Cr\u00e9dito: Carlos Alberto \/ Imprensa \u2013 MG \nLocal:    Pal\u00e1cio Tiradentes, 1\u00ba andar, Cidade Administrativa \u2014 Rodovia Jo\u00e3o Paulo II, 3.777, Serra Verde, Belo Horizonte - MG.\nData:05-10-2016\nAssunto: Apresenta\u00e7\u00e3o dos benefici\u00e1rios do programa Bolsa Atleta e homenagem a esportistas, demonstra\u00e7\u00e3o e experimenta\u00e7\u00e3o esportiva","description":"","media_type":"image","media_details":{"width":5376,"height":2256,"file":"2016\/10\/CAP_9640.jpg","sizes":{"thumbnail":{"file":"CAP_9640-150x63.jpg","width":150,"height":63,"mime-type":"image\/jpeg","source_url":"https:\/\/lavras.tv\/site\/wp-content\/uploads\/2016\/10\/CAP_9640-150x63.jpg"},"medium":{"file":"CAP_9640-300x126.jpg","width":300,"height":126,"mime-type":"image\/jpeg","source_url":"https:\/\/lavras.tv\/site\/wp-content\/uploads\/2016\/10\/CAP_9640-300x126.jpg"},"large":{"file":"CAP_9640-1024x430.jpg","width":1024,"height":430,"mime-type":"image\/jpeg","source_url":"https:\/\/lavras.tv\/site\/wp-content\/uploads\/2016\/10\/CAP_9640-1024x430.jpg"},"featured-slider-img":{"file":"CAP_9640-640x480.jpg","width":640,"height":480,"mime-type":"image\/jpeg","source_url":"https:\/\/lavras.tv\/site\/wp-content\/uploads\/2016\/10\/CAP_9640-640x480.jpg"},"featured-post-img":{"file":"CAP_9640-480x320.jpg","width":480,"height":320,"mime-type":"image\/jpeg","source_url":"https:\/\/lavras.tv\/site\/wp-content\/uploads\/2016\/10\/CAP_9640-480x320.jpg"},"sow-carousel-default":{"file":"CAP_9640-272x182.jpg","width":272,"height":182,"mime-type":"image\/jpeg","source_url":"https:\/\/lavras.tv\/site\/wp-content\/uploads\/2016\/10\/CAP_9640-272x182.jpg"}},"image_meta":{"aperture":"5","credit":"Carlos Alberto\/Imprensa-MG313915","camera":"NIKON D800","caption":"Cr\u00e9dito: Carlos Alberto \/ Imprensa \u2013 MG \rLocal:    Pal\u00e1cio Tiradentes, 1\u00ba andar, Cidade Administrativa \u2014 Rodovia Jo\u00e3o Paulo II, 3.777, Serra Verde, Belo Horizonte - MG.\rData:05-10-2016\rAssunto: Apresenta\u00e7\u00e3o dos benefici\u00e1rios do programa Bolsa Atleta e homenagem a esportistas, demonstra\u00e7\u00e3o e experimenta\u00e7\u00e3o esportiva","created_timestamp":"1475664755","copyright":"CARLOS ALBERTO IMPRENSA MG GOVERNO MINAS","focal_length":"18","iso":"2000","shutter_speed":"0.005","title":"Apresenta\u00e7\u00e3o dos benefici\u00e1rios do programa Bolsa Atleta","orientation":"1","keywords":["Apresenta\u00e7\u00e3o dos benefici\u00e1rios do programa Bolsa Atleta e hom","demonstra\u00e7\u00e3o e experimenta\u00e7\u00e3o esportiva"]}},"post":2879,"source_url":"https:\/\/lavras.tv\/site\/wp-content\/uploads\/2016\/10\/CAP_9640.jpg"},"author_meta":{"display_name":"Lavras TV","author_link":"https:\/\/lavras.tv\/site\/author\/lavrastv\/"},"featured_img":"https:\/\/lavras.tv\/site\/wp-content\/uploads\/2016\/10\/CAP_9640-300x126.jpg","coauthors":[],"tax_additional":{"categories":{"linked":["<a href=\"https:\/\/lavras.tv\/site\/category\/esportes\/\" class=\"advgb-post-tax-term\">Esportes<\/a>"],"unlinked":["<span class=\"advgb-post-tax-term\">Esportes<\/span>"]},"tags":{"linked":["<a href=\"https:\/\/lavras.tv\/site\/category\/esportes\/\" class=\"advgb-post-tax-term\">bolsa atleta<\/a>","<a href=\"https:\/\/lavras.tv\/site\/category\/esportes\/\" class=\"advgb-post-tax-term\">bolsa t\u00e9cnico<\/a>","<a href=\"https:\/\/lavras.tv\/site\/category\/esportes\/\" class=\"advgb-post-tax-term\">esporte<\/a>","<a href=\"https:\/\/lavras.tv\/site\/category\/esportes\/\" class=\"advgb-post-tax-term\">mg<\/a>"],"unlinked":["<span class=\"advgb-post-tax-term\">bolsa atleta<\/span>","<span class=\"advgb-post-tax-term\">bolsa t\u00e9cnico<\/span>","<span class=\"advgb-post-tax-term\">esporte<\/span>","<span class=\"advgb-post-tax-term\">mg<\/span>"]}},"comment_count":"0","relative_dates":{"created":"Publicado 10 anos atr\u00e1s","modified":"Atualizado 10 anos atr\u00e1s"},"absolute_dates":{"created":"Publicado em 7 de outubro de 2016","modified":"Atualizado em 7 de outubro de 2016"},"absolute_dates_time":{"created":"Publicado em 7 de outubro de 2016 09:17","modified":"Atualizado em 7 de outubro de 2016 09:17"},"featured_img_caption":"Cr\u00e9dito: Carlos Alberto \/ Imprensa \u2013 MG \nLocal:    Pal\u00e1cio Tiradentes, 1\u00ba andar, Cidade Administrativa \u2014 Rodovia Jo\u00e3o Paulo II, 3.777, Serra Verde, Belo Horizonte - MG.\nData:05-10-2016\nAssunto: Apresenta\u00e7\u00e3o dos benefici\u00e1rios do programa Bolsa Atleta e homenagem a esportistas, demonstra\u00e7\u00e3o e experimenta\u00e7\u00e3o esportiva","series_order":"","_links":{"self":[{"href":"https:\/\/lavras.tv\/site\/wp-json\/wp\/v2\/posts\/2879","targetHints":{"allow":["GET"]}}],"collection":[{"href":"https:\/\/lavras.tv\/site\/wp-json\/wp\/v2\/posts"}],"about":[{"href":"https:\/\/lavras.tv\/site\/wp-json\/wp\/v2\/types\/post"}],"author":[{"embeddable":true,"href":"https:\/\/lavras.tv\/site\/wp-json\/wp\/v2\/users\/2"}],"replies":[{"embeddable":true,"href":"https:\/\/lavras.tv\/site\/wp-json\/wp\/v2\/comments?post=2879"}],"version-history":[{"count":1,"href":"https:\/\/lavras.tv\/site\/wp-json\/wp\/v2\/posts\/2879\/revisions"}],"predecessor-version":[{"id":2881,"href":"https:\/\/lavras.tv\/site\/wp-json\/wp\/v2\/posts\/2879\/revisions\/2881"}],"wp:featuredmedia":[{"embeddable":true,"href":"https:\/\/lavras.tv\/site\/wp-json\/wp\/v2\/media\/2880"}],"wp:attachment":[{"href":"https:\/\/lavras.tv\/site\/wp-json\/wp\/v2\/media?parent=2879"}],"wp:term":[{"taxonomy":"category","embeddable":true,"href":"https:\/\/lavras.tv\/site\/wp-json\/wp\/v2\/categories?post=2879"},{"taxonomy":"post_tag","embeddable":true,"href":"https:\/\/lavras.tv\/site\/wp-json\/wp\/v2\/tags?post=2879"}],"curies":[{"name":"wp","href":"https:\/\/api.w.org\/{rel}","templated":true}]}}