{"id":2941,"date":"2016-10-11T08:46:28","date_gmt":"2016-10-11T11:46:28","guid":{"rendered":"http:\/\/lavras.tv\/site\/?p=2941"},"modified":"2016-10-11T08:46:28","modified_gmt":"2016-10-11T11:46:28","slug":"paroquia-nossa-senhora-aparecida-realiza-festa-em-homenagem-a-padroeira-do-brasil","status":"publish","type":"post","link":"https:\/\/lavras.tv\/site\/2016\/10\/11\/paroquia-nossa-senhora-aparecida-realiza-festa-em-homenagem-a-padroeira-do-brasil\/","title":{"rendered":"Par\u00f3quia Nossa Senhora Aparecida realiza festa em homenagem \u00e0 padroeira do Brasil"},"content":{"rendered":"<div class=\"lavra-antes-do-conteudo_2\" id=\"lavra-3240590252\"><div id=\"lavra-slider-27\" class=\"custom-slider lavra-slider-3631817982 lavra-slider\"><ul><li><div style=\"margin-left: auto;margin-right: auto;text-align: center;\" id=\"lavra-885980730\"><a href=\"https:\/\/sistemas.lavras.mg.gov.br\/portalcidadao\/#df1b1a7c7b2a290bcb31e32771e610784662739a88807c0dacac58ede5f391a7530e299dc302d611ee73cb143fc22eaf93592e53e7b5bdb01b00a0b8d28dae460c141dd2ff83412e4dc1c31b16b25f33144a9e5620ea73b13f5bc1c59411d98439ad226e8af03840603796067d87afe130812cf3de24982d0e306f9e61e764e5\" aria-label=\"Lavras-TV&#8211;720x104px (1) (1)\"><img src=\"https:\/\/lavras.tv\/site\/wp-content\/uploads\/2025\/01\/Lavras-TV-720x104px-1-1.png\" alt=\"\"  srcset=\"https:\/\/lavras.tv\/site\/wp-content\/uploads\/2025\/01\/Lavras-TV-720x104px-1-1.png 720w, https:\/\/lavras.tv\/site\/wp-content\/uploads\/2025\/01\/Lavras-TV-720x104px-1-1-470x68.png 470w, https:\/\/lavras.tv\/site\/wp-content\/uploads\/2025\/01\/Lavras-TV-720x104px-1-1-170x25.png 170w, https:\/\/lavras.tv\/site\/wp-content\/uploads\/2025\/01\/Lavras-TV-720x104px-1-1-200x29.png 200w\" sizes=\"(max-width: 720px) 100vw, 720px\" width=\"720\" height=\"104\"  style=\"display: inline-block;\" \/><\/a><\/div><\/li><li><a href=\"https:\/\/sistemas.lavras.mg.gov.br\/portalcidadao\/#df1b1a7c7b2a290bcb31e32771e610784662739a88807c0dacac58ede5f391a7530e299dc302d611ee73cb143fc22eaf93592e53e7b5bdb01b00a0b8d28dae460c141dd2ff83412e4dc1c31b16b25f33144a9e5620ea73b13f5bc1c59411d98439ad226e8af03840603796067d87afe130812cf3de24982d0e306f9e61e764e5\" aria-label=\"Banner_Emprego_PortallavrasTV\"><img src=\"https:\/\/lavras.tv\/site\/wp-content\/uploads\/2025\/03\/Banner_Emprego_PortallavrasTV.png\" alt=\"\"  srcset=\"https:\/\/lavras.tv\/site\/wp-content\/uploads\/2025\/03\/Banner_Emprego_PortallavrasTV.png 720w, https:\/\/lavras.tv\/site\/wp-content\/uploads\/2025\/03\/Banner_Emprego_PortallavrasTV-470x68.png 470w, https:\/\/lavras.tv\/site\/wp-content\/uploads\/2025\/03\/Banner_Emprego_PortallavrasTV-170x25.png 170w, https:\/\/lavras.tv\/site\/wp-content\/uploads\/2025\/03\/Banner_Emprego_PortallavrasTV-200x29.png 200w\" sizes=\"(max-width: 720px) 100vw, 720px\" width=\"720\" height=\"104\"   \/><\/a><\/li><li><a href=\"https:\/\/sistemas.lavras.mg.gov.br\/portalcidadao\/#df1b1a7c7b2a290bcb31e32771e610784662739a88807c0dacac58ede5f391a7530e299dc302d611ee73cb143fc22eaf93592e53e7b5bdb01b00a0b8d28dae460c141dd2ff83412e4dc1c31b16b25f33144a9e5620ea73b13f5bc1c59411d98439ad226e8af03840603796067d87afe130812cf3de24982d0e306f9e61e764e5\" aria-label=\"Banner_Obras_PortallavrasTV\"><img src=\"https:\/\/lavras.tv\/site\/wp-content\/uploads\/2025\/03\/Banner_Obras_PortallavrasTV.png\" alt=\"\"  srcset=\"https:\/\/lavras.tv\/site\/wp-content\/uploads\/2025\/03\/Banner_Obras_PortallavrasTV.png 720w, https:\/\/lavras.tv\/site\/wp-content\/uploads\/2025\/03\/Banner_Obras_PortallavrasTV-470x68.png 470w, https:\/\/lavras.tv\/site\/wp-content\/uploads\/2025\/03\/Banner_Obras_PortallavrasTV-170x25.png 170w, https:\/\/lavras.tv\/site\/wp-content\/uploads\/2025\/03\/Banner_Obras_PortallavrasTV-200x29.png 200w\" sizes=\"(max-width: 720px) 100vw, 720px\" width=\"720\" height=\"104\"   \/><\/a><\/li><li><div style=\"margin-left: auto;margin-right: auto;text-align: center;\" id=\"lavra-2193259433\"><a href=\"https:\/\/sistemas.lavras.mg.gov.br\/portalcidadao\/#df1b1a7c7b2a290bcb31e32771e610784662739a88807c0dacac58ede5f391a7530e299dc302d611ee73cb143fc22eaf93592e53e7b5bdb01b00a0b8d28dae460c141dd2ff83412e4dc1c31b16b25f33144a9e5620ea73b13f5bc1c59411d98439ad226e8af03840603796067d87afe130812cf3de24982d0e306f9e61e764e5\" aria-label=\"Banner_Educa\u00e7\u00e3o_PortallavrasTV\"><img src=\"https:\/\/lavras.tv\/site\/wp-content\/uploads\/2025\/01\/Banner_Educacao_PortallavrasTV.png\" alt=\"\"  srcset=\"https:\/\/lavras.tv\/site\/wp-content\/uploads\/2025\/01\/Banner_Educacao_PortallavrasTV.png 720w, https:\/\/lavras.tv\/site\/wp-content\/uploads\/2025\/01\/Banner_Educacao_PortallavrasTV-470x68.png 470w, https:\/\/lavras.tv\/site\/wp-content\/uploads\/2025\/01\/Banner_Educacao_PortallavrasTV-170x25.png 170w, https:\/\/lavras.tv\/site\/wp-content\/uploads\/2025\/01\/Banner_Educacao_PortallavrasTV-200x29.png 200w\" sizes=\"(max-width: 720px) 100vw, 720px\" width=\"720\" height=\"104\"  style=\"display: inline-block;\" \/><\/a><\/div><\/li><li><a href=\"https:\/\/sistemas.lavras.mg.gov.br\/portalcidadao\/#df1b1a7c7b2a290bcb31e32771e610784662739a88807c0dacac58ede5f391a7530e299dc302d611ee73cb143fc22eaf93592e53e7b5bdb01b00a0b8d28dae460c141dd2ff83412e4dc1c31b16b25f33144a9e5620ea73b13f5bc1c59411d98439ad226e8af03840603796067d87afe130812cf3de24982d0e306f9e61e764e5\" aria-label=\"Banner_Sa\u00fade_PortallavrasTV\"><img src=\"https:\/\/lavras.tv\/site\/wp-content\/uploads\/2025\/03\/Banner_Saude_PortallavrasTV.png\" alt=\"\"  srcset=\"https:\/\/lavras.tv\/site\/wp-content\/uploads\/2025\/03\/Banner_Saude_PortallavrasTV.png 720w, https:\/\/lavras.tv\/site\/wp-content\/uploads\/2025\/03\/Banner_Saude_PortallavrasTV-470x68.png 470w, https:\/\/lavras.tv\/site\/wp-content\/uploads\/2025\/03\/Banner_Saude_PortallavrasTV-170x25.png 170w, https:\/\/lavras.tv\/site\/wp-content\/uploads\/2025\/03\/Banner_Saude_PortallavrasTV-200x29.png 200w\" sizes=\"(max-width: 720px) 100vw, 720px\" width=\"720\" height=\"104\"   \/><\/a><\/li><li><div id=\"lavra-2034729118\" style=\"width:720px;height:104px;background-color:#ddd;overflow:scroll;\">\n\t<strong>Sa\u00edda da depura\u00e7\u00e3o de an\u00fancios<\/strong>\n\t<br><br>\n\tO an\u00fancio n\u00e3o \u00e9 exibido na p\u00e1gina<br><br>post atual: Par\u00f3quia Nossa Senhora Aparecida realiza festa em homenagem \u00e0 padroeira do Brasil, ID: 2941<br><br><span style=\"color: red;\">O post atual n\u00e3o \u00e9 id\u00eantico ao post principal.<\/span><br><br>An\u00fancios: ROXO - TOPO INTERNA - ROTATIVO 2 (197)<br \/>Grupo de an\u00fancios: Princ_Meio01_720x104 (27)<br><br>Condi\u00e7\u00f5es de exibi\u00e7\u00e3o<div style=\"margin-bottom: 20px; white-space: pre-wrap; font-family: monospace; width: 100%; background: #ffe9e9;\"><strong>condi\u00e7\u00f5es gerais<\/strong><table border=\"1\"><thead><tr><th><\/th><th>An\u00fancios<\/th><th>wp_the_query<\/th><\/tr><\/thead><tr><td>is_main_query<\/td><td>1<\/td><td>1<\/td><\/tr><tr><td>is_rest_api<\/td><td>0<\/td><td>1<\/td><\/tr><tr><td>page<\/td><td>0<\/td><td>1<\/td><\/tr><tr><td>numpages<\/td><td>0<\/td><td>1<\/td><\/tr><tr><td>is_archive<\/td><td>1<\/td><td><\/td><\/tr><tr><td>is_search<\/td><td>1<\/td><td><\/td><\/tr><tr><td>is_home<\/td><td>1<\/td><td><\/td><\/tr><tr><td>is_404<\/td><td>1<\/td><td><\/td><\/tr><tr><td>is_attachment<\/td><td>1<\/td><td><\/td><\/tr><tr><td>is_singular<\/td><td>1<\/td><td><\/td><\/tr><tr><td>is_front_page<\/td><td>1<\/td><td><\/td><\/tr><tr><td>is_feed<\/td><td>1<\/td><td><\/td><\/tr><\/table><\/div><br><br><span style=\"color: red;\">Seu site usa HTTPS, mas o c\u00f3digo do an\u00fancio cont\u00e9m HTTP e pode n\u00e3o funcionar.<\/span>\t<br><br>\n\t<a style=\"color: green;\" href=\"https:\/\/wpadvancedads.com\/manual\/ad-debug-mode\/?utm_source=advanced-ads&utm_medium=link&utm_campaign=ad-debug-mode\" target=\"_blank\" rel=\"nofollow\">Encontre solu\u00e7\u00f5es no manual<\/a>\n<\/div>\n<\/li><\/ul><\/div><script>( window.advanced_ads_ready || jQuery( document ).ready ).call( null, function() {var $lavraslider3631817982 = jQuery( \".lavra-slider-3631817982\" );$lavraslider3631817982.on( \"unslider.ready\", function() { jQuery( \"div.custom-slider ul li\" ).css( \"display\", \"block\" ); });$lavraslider3631817982.unslider({ delay:4000, autoplay:true, nav:false, arrows:false, infinite:true });$lavraslider3631817982.on(\"mouseover\", function() {$lavraslider3631817982.unslider(\"stop\");}).on(\"mouseout\", function() {$lavraslider3631817982.unslider(\"start\");});});<\/script><\/div><p>A Par\u00f3quia Nossa Senhora Aparecida est\u00e1 realizando uma grande festa em homenagem \u00e0 padroeira do Brasil e tamb\u00e9m uma novena. <!--more-->Os eventos religiosos est\u00e3o movimentando a regi\u00e3o onde fica a igreja e evolvendo grande parte da comunidade. <img fetchpriority=\"high\" decoding=\"async\" class=\"wp-image-2942 aligncenter\" src=\"http:\/\/lavras.tv\/site\/wp-content\/uploads\/2016\/10\/igreja-ap-2.jpg\" alt=\"igreja-ap-2\" width=\"478\" height=\"318\" srcset=\"https:\/\/lavras.tv\/site\/wp-content\/uploads\/2016\/10\/igreja-ap-2.jpg 800w, https:\/\/lavras.tv\/site\/wp-content\/uploads\/2016\/10\/igreja-ap-2-150x100.jpg 150w, https:\/\/lavras.tv\/site\/wp-content\/uploads\/2016\/10\/igreja-ap-2-300x200.jpg 300w, https:\/\/lavras.tv\/site\/wp-content\/uploads\/2016\/10\/igreja-ap-2-480x320.jpg 480w, https:\/\/lavras.tv\/site\/wp-content\/uploads\/2016\/10\/igreja-ap-2-272x182.jpg 272w\" sizes=\"(max-width: 478px) 100vw, 478px\" \/>Al\u00e9m desta novena dedicada a Nossa Senhora, est\u00e3o acontecendo shows e barraquinhas logo ap\u00f3s as missas. A programa\u00e7\u00e3o no dia 12 ser\u00e1 especial e come\u00e7a logo cedo com uma prociss\u00e3o que, tradicionalmente, re\u00fane v\u00e1rios fi\u00e9is de toda a cidade. \u00a0Confira:<\/p>\n<p><strong>06h00<\/strong> \u2013 Alvorada Festiva e Solene Celebra\u00e7\u00e3o Eucar\u00edstica.<\/p>\n<p><strong>08h00<\/strong> \u2013 Caminhada saindo da Pra\u00e7a dos Trabalhadores em dire\u00e7\u00e3o a Matriz Nossa Senhora Aparecida. Breve visita ao Lar Augusto Silva (Asilo).<\/p>\n<p><strong>08h00<\/strong>\u00a0 \u2013 Recita\u00e7\u00e3o do Ter\u00e7o \u2013 Mist\u00e9rios Gozosos.<\/p>\n<p><strong>09h00<\/strong> \u2013 Solene Concelebra\u00e7\u00e3o Eucar\u00edstica com a participa\u00e7\u00e3o do 8\u00ba Batalh\u00e3o de Pol\u00edcia Militar de Minas Gerais.<\/p>\n<p><strong>10h30<\/strong> \u2013 Carreata com a Imagem de Nossa Senhora Aparecida pelas ruas da cidade, com a participa\u00e7\u00e3o da 4\u00aa Companhia de Corpo de Bombeiros. Na chegada, b\u00ean\u00e7\u00e3o dos ve\u00edculos e motoristas.<\/p>\n<p><strong>11h00<\/strong> \u2013 Recita\u00e7\u00e3o do Te<img decoding=\"async\" class=\"wp-image-2943 alignright\" src=\"http:\/\/lavras.tv\/site\/wp-content\/uploads\/2016\/10\/igreja-ap.jpg\" alt=\"igreja-ap\" width=\"318\" height=\"212\" srcset=\"https:\/\/lavras.tv\/site\/wp-content\/uploads\/2016\/10\/igreja-ap.jpg 800w, https:\/\/lavras.tv\/site\/wp-content\/uploads\/2016\/10\/igreja-ap-150x100.jpg 150w, https:\/\/lavras.tv\/site\/wp-content\/uploads\/2016\/10\/igreja-ap-300x200.jpg 300w, https:\/\/lavras.tv\/site\/wp-content\/uploads\/2016\/10\/igreja-ap-480x320.jpg 480w, https:\/\/lavras.tv\/site\/wp-content\/uploads\/2016\/10\/igreja-ap-272x182.jpg 272w\" sizes=\"(max-width: 318px) 100vw, 318px\" \/>r\u00e7o \u2013 Mist\u00e9rios Dolorosos.<\/p>\n<p><strong>12h00<\/strong> \u2013 Repique dos Sinos e Ora\u00e7\u00e3o do \u00c2ngelus. Cada fam\u00edlia \u00e9 convidada a soltar um foguete homenageando nossa Padroeira.<\/p>\n<p><strong>13h00<\/strong> \u2013 Recita\u00e7\u00e3o do Ter\u00e7o \u2013 Mist\u00e9rios Gloriosos.<\/p>\n<p><strong>14h00<\/strong> \u2013 Solene Concebra\u00e7\u00e3o Eucar\u00edstica com Un\u00e7\u00e3o dos Enfermos.<\/p>\n<p><strong>17h00<\/strong> \u2013 Recita\u00e7\u00e3o do Ter\u00e7o \u2013 Mist\u00e9rios Luminosos<\/p>\n<p><strong>18h00<\/strong> \u2013 Solene Concelebra\u00e7\u00e3o Eucar\u00edstica Campal e Prociss\u00e3o Luminosa. Na chegada, Show Pirot\u00e9cnico e homenagens a Nossa Senhora Aparecida.<\/p>\n<p>&nbsp;<\/p>\n<p>Fotos: Par\u00f3quia Nossa Senhora Aparecida<\/p>\n","protected":false},"excerpt":{"rendered":"<p>A Par\u00f3quia Nossa Senhora Aparecida est\u00e1 realizando uma grande festa em homenagem \u00e0 padroeira do Brasil e tamb\u00e9m uma novena.<\/p>\n","protected":false},"author":2,"featured_media":2943,"comment_status":"closed","ping_status":"open","sticky":false,"template":"","format":"standard","meta":{"advgb_blocks_editor_width":"","advgb_blocks_columns_visual_guide":"","_exactmetrics_skip_tracking":false,"_exactmetrics_sitenote_active":false,"_exactmetrics_sitenote_note":"","_exactmetrics_sitenote_category":0,"footnotes":""},"categories":[7,2,21],"tags":[1040,1041,201],"class_list":["post-2941","post","type-post","status-publish","format-standard","has-post-thumbnail","hentry","category-destaques","category-noticias","category-vem-ai","tag-nossa-senhora-aparecida","tag-paroquia-lavras","tag-programacao"],"better_featured_image":{"id":2943,"alt_text":"","caption":"","description":"","media_type":"image","media_details":{"width":800,"height":533,"file":"2016\/10\/igreja-ap.jpg","sizes":{"thumbnail":{"file":"igreja-ap-150x100.jpg","width":150,"height":100,"mime-type":"image\/jpeg","source_url":"https:\/\/lavras.tv\/site\/wp-content\/uploads\/2016\/10\/igreja-ap-150x100.jpg"},"medium":{"file":"igreja-ap-300x200.jpg","width":300,"height":200,"mime-type":"image\/jpeg","source_url":"https:\/\/lavras.tv\/site\/wp-content\/uploads\/2016\/10\/igreja-ap-300x200.jpg"},"featured-slider-img":{"file":"igreja-ap-640x480.jpg","width":640,"height":480,"mime-type":"image\/jpeg","source_url":"https:\/\/lavras.tv\/site\/wp-content\/uploads\/2016\/10\/igreja-ap-640x480.jpg"},"featured-post-img":{"file":"igreja-ap-480x320.jpg","width":480,"height":320,"mime-type":"image\/jpeg","source_url":"https:\/\/lavras.tv\/site\/wp-content\/uploads\/2016\/10\/igreja-ap-480x320.jpg"},"sow-carousel-default":{"file":"igreja-ap-272x182.jpg","width":272,"height":182,"mime-type":"image\/jpeg","source_url":"https:\/\/lavras.tv\/site\/wp-content\/uploads\/2016\/10\/igreja-ap-272x182.jpg"}},"image_meta":{"aperture":"0","credit":"","camera":"","caption":"","created_timestamp":"0","copyright":"","focal_length":"0","iso":"0","shutter_speed":"0","title":"","orientation":"0","keywords":[]}},"post":2941,"source_url":"https:\/\/lavras.tv\/site\/wp-content\/uploads\/2016\/10\/igreja-ap.jpg"},"author_meta":{"display_name":"Lavras TV","author_link":"https:\/\/lavras.tv\/site\/author\/lavrastv\/"},"featured_img":"https:\/\/lavras.tv\/site\/wp-content\/uploads\/2016\/10\/igreja-ap-300x200.jpg","coauthors":[],"tax_additional":{"categories":{"linked":["<a href=\"https:\/\/lavras.tv\/site\/category\/destaques\/\" class=\"advgb-post-tax-term\">Destaques<\/a>","<a href=\"https:\/\/lavras.tv\/site\/category\/noticias\/\" class=\"advgb-post-tax-term\">Not\u00edcias<\/a>","<a href=\"https:\/\/lavras.tv\/site\/category\/vem-ai\/\" class=\"advgb-post-tax-term\">Vem a\u00ed<\/a>"],"unlinked":["<span class=\"advgb-post-tax-term\">Destaques<\/span>","<span class=\"advgb-post-tax-term\">Not\u00edcias<\/span>","<span class=\"advgb-post-tax-term\">Vem a\u00ed<\/span>"]},"tags":{"linked":["<a href=\"https:\/\/lavras.tv\/site\/category\/vem-ai\/\" class=\"advgb-post-tax-term\">nossa senhora aparecida<\/a>","<a href=\"https:\/\/lavras.tv\/site\/category\/vem-ai\/\" class=\"advgb-post-tax-term\">par\u00f3quia Lavras<\/a>","<a href=\"https:\/\/lavras.tv\/site\/category\/vem-ai\/\" class=\"advgb-post-tax-term\">programa\u00e7\u00e3o<\/a>"],"unlinked":["<span class=\"advgb-post-tax-term\">nossa senhora aparecida<\/span>","<span class=\"advgb-post-tax-term\">par\u00f3quia Lavras<\/span>","<span class=\"advgb-post-tax-term\">programa\u00e7\u00e3o<\/span>"]}},"comment_count":"0","relative_dates":{"created":"Publicado 10 anos atr\u00e1s","modified":"Atualizado 10 anos atr\u00e1s"},"absolute_dates":{"created":"Publicado em 11 de outubro de 2016","modified":"Atualizado em 11 de outubro de 2016"},"absolute_dates_time":{"created":"Publicado em 11 de outubro de 2016 08:46","modified":"Atualizado em 11 de outubro de 2016 08:46"},"featured_img_caption":"","series_order":"","_links":{"self":[{"href":"https:\/\/lavras.tv\/site\/wp-json\/wp\/v2\/posts\/2941","targetHints":{"allow":["GET"]}}],"collection":[{"href":"https:\/\/lavras.tv\/site\/wp-json\/wp\/v2\/posts"}],"about":[{"href":"https:\/\/lavras.tv\/site\/wp-json\/wp\/v2\/types\/post"}],"author":[{"embeddable":true,"href":"https:\/\/lavras.tv\/site\/wp-json\/wp\/v2\/users\/2"}],"replies":[{"embeddable":true,"href":"https:\/\/lavras.tv\/site\/wp-json\/wp\/v2\/comments?post=2941"}],"version-history":[{"count":1,"href":"https:\/\/lavras.tv\/site\/wp-json\/wp\/v2\/posts\/2941\/revisions"}],"predecessor-version":[{"id":2944,"href":"https:\/\/lavras.tv\/site\/wp-json\/wp\/v2\/posts\/2941\/revisions\/2944"}],"wp:featuredmedia":[{"embeddable":true,"href":"https:\/\/lavras.tv\/site\/wp-json\/wp\/v2\/media\/2943"}],"wp:attachment":[{"href":"https:\/\/lavras.tv\/site\/wp-json\/wp\/v2\/media?parent=2941"}],"wp:term":[{"taxonomy":"category","embeddable":true,"href":"https:\/\/lavras.tv\/site\/wp-json\/wp\/v2\/categories?post=2941"},{"taxonomy":"post_tag","embeddable":true,"href":"https:\/\/lavras.tv\/site\/wp-json\/wp\/v2\/tags?post=2941"}],"curies":[{"name":"wp","href":"https:\/\/api.w.org\/{rel}","templated":true}]}}