{"id":2947,"date":"2016-10-11T09:02:51","date_gmt":"2016-10-11T12:02:51","guid":{"rendered":"http:\/\/lavras.tv\/site\/?p=2947"},"modified":"2016-10-11T09:02:51","modified_gmt":"2016-10-11T12:02:51","slug":"ufla-divulga-resultado-preliminar-do-concurso-publico-para-tecnicos-administrativos","status":"publish","type":"post","link":"https:\/\/lavras.tv\/site\/2016\/10\/11\/ufla-divulga-resultado-preliminar-do-concurso-publico-para-tecnicos-administrativos\/","title":{"rendered":"UFLA divulga resultado preliminar do concurso p\u00fablico para t\u00e9cnicos administrativos"},"content":{"rendered":"<div class=\"lavra-antes-do-conteudo_2\" id=\"lavra-2759290255\"><div id=\"lavra-slider-27\" class=\"custom-slider lavra-slider-350352705 lavra-slider\"><ul><li><div style=\"margin-left: auto;margin-right: auto;text-align: center;\" id=\"lavra-3694061220\"><a href=\"https:\/\/sistemas.lavras.mg.gov.br\/portalcidadao\/#df1b1a7c7b2a290bcb31e32771e610784662739a88807c0dacac58ede5f391a7530e299dc302d611ee73cb143fc22eaf93592e53e7b5bdb01b00a0b8d28dae460c141dd2ff83412e4dc1c31b16b25f33144a9e5620ea73b13f5bc1c59411d98439ad226e8af03840603796067d87afe130812cf3de24982d0e306f9e61e764e5\" aria-label=\"Lavras-TV&#8211;720x104px (1) (1)\"><img src=\"https:\/\/lavras.tv\/site\/wp-content\/uploads\/2025\/01\/Lavras-TV-720x104px-1-1.png\" alt=\"\"  srcset=\"https:\/\/lavras.tv\/site\/wp-content\/uploads\/2025\/01\/Lavras-TV-720x104px-1-1.png 720w, https:\/\/lavras.tv\/site\/wp-content\/uploads\/2025\/01\/Lavras-TV-720x104px-1-1-470x68.png 470w, https:\/\/lavras.tv\/site\/wp-content\/uploads\/2025\/01\/Lavras-TV-720x104px-1-1-170x25.png 170w, https:\/\/lavras.tv\/site\/wp-content\/uploads\/2025\/01\/Lavras-TV-720x104px-1-1-200x29.png 200w\" sizes=\"(max-width: 720px) 100vw, 720px\" width=\"720\" height=\"104\"  style=\"display: inline-block;\" \/><\/a><\/div><\/li><li><a href=\"https:\/\/sistemas.lavras.mg.gov.br\/portalcidadao\/#df1b1a7c7b2a290bcb31e32771e610784662739a88807c0dacac58ede5f391a7530e299dc302d611ee73cb143fc22eaf93592e53e7b5bdb01b00a0b8d28dae460c141dd2ff83412e4dc1c31b16b25f33144a9e5620ea73b13f5bc1c59411d98439ad226e8af03840603796067d87afe130812cf3de24982d0e306f9e61e764e5\" aria-label=\"Banner_Emprego_PortallavrasTV\"><img src=\"https:\/\/lavras.tv\/site\/wp-content\/uploads\/2025\/03\/Banner_Emprego_PortallavrasTV.png\" alt=\"\"  srcset=\"https:\/\/lavras.tv\/site\/wp-content\/uploads\/2025\/03\/Banner_Emprego_PortallavrasTV.png 720w, https:\/\/lavras.tv\/site\/wp-content\/uploads\/2025\/03\/Banner_Emprego_PortallavrasTV-470x68.png 470w, https:\/\/lavras.tv\/site\/wp-content\/uploads\/2025\/03\/Banner_Emprego_PortallavrasTV-170x25.png 170w, https:\/\/lavras.tv\/site\/wp-content\/uploads\/2025\/03\/Banner_Emprego_PortallavrasTV-200x29.png 200w\" sizes=\"(max-width: 720px) 100vw, 720px\" width=\"720\" height=\"104\"   \/><\/a><\/li><li><a href=\"https:\/\/sistemas.lavras.mg.gov.br\/portalcidadao\/#df1b1a7c7b2a290bcb31e32771e610784662739a88807c0dacac58ede5f391a7530e299dc302d611ee73cb143fc22eaf93592e53e7b5bdb01b00a0b8d28dae460c141dd2ff83412e4dc1c31b16b25f33144a9e5620ea73b13f5bc1c59411d98439ad226e8af03840603796067d87afe130812cf3de24982d0e306f9e61e764e5\" aria-label=\"Banner_Obras_PortallavrasTV\"><img src=\"https:\/\/lavras.tv\/site\/wp-content\/uploads\/2025\/03\/Banner_Obras_PortallavrasTV.png\" alt=\"\"  srcset=\"https:\/\/lavras.tv\/site\/wp-content\/uploads\/2025\/03\/Banner_Obras_PortallavrasTV.png 720w, https:\/\/lavras.tv\/site\/wp-content\/uploads\/2025\/03\/Banner_Obras_PortallavrasTV-470x68.png 470w, https:\/\/lavras.tv\/site\/wp-content\/uploads\/2025\/03\/Banner_Obras_PortallavrasTV-170x25.png 170w, https:\/\/lavras.tv\/site\/wp-content\/uploads\/2025\/03\/Banner_Obras_PortallavrasTV-200x29.png 200w\" sizes=\"(max-width: 720px) 100vw, 720px\" width=\"720\" height=\"104\"   \/><\/a><\/li><li><div style=\"margin-left: auto;margin-right: auto;text-align: center;\" id=\"lavra-2298320800\"><a href=\"https:\/\/sistemas.lavras.mg.gov.br\/portalcidadao\/#df1b1a7c7b2a290bcb31e32771e610784662739a88807c0dacac58ede5f391a7530e299dc302d611ee73cb143fc22eaf93592e53e7b5bdb01b00a0b8d28dae460c141dd2ff83412e4dc1c31b16b25f33144a9e5620ea73b13f5bc1c59411d98439ad226e8af03840603796067d87afe130812cf3de24982d0e306f9e61e764e5\" aria-label=\"Banner_Educa\u00e7\u00e3o_PortallavrasTV\"><img src=\"https:\/\/lavras.tv\/site\/wp-content\/uploads\/2025\/01\/Banner_Educacao_PortallavrasTV.png\" alt=\"\"  srcset=\"https:\/\/lavras.tv\/site\/wp-content\/uploads\/2025\/01\/Banner_Educacao_PortallavrasTV.png 720w, https:\/\/lavras.tv\/site\/wp-content\/uploads\/2025\/01\/Banner_Educacao_PortallavrasTV-470x68.png 470w, https:\/\/lavras.tv\/site\/wp-content\/uploads\/2025\/01\/Banner_Educacao_PortallavrasTV-170x25.png 170w, https:\/\/lavras.tv\/site\/wp-content\/uploads\/2025\/01\/Banner_Educacao_PortallavrasTV-200x29.png 200w\" sizes=\"(max-width: 720px) 100vw, 720px\" width=\"720\" height=\"104\"  style=\"display: inline-block;\" \/><\/a><\/div><\/li><li><a href=\"https:\/\/sistemas.lavras.mg.gov.br\/portalcidadao\/#df1b1a7c7b2a290bcb31e32771e610784662739a88807c0dacac58ede5f391a7530e299dc302d611ee73cb143fc22eaf93592e53e7b5bdb01b00a0b8d28dae460c141dd2ff83412e4dc1c31b16b25f33144a9e5620ea73b13f5bc1c59411d98439ad226e8af03840603796067d87afe130812cf3de24982d0e306f9e61e764e5\" aria-label=\"Banner_Sa\u00fade_PortallavrasTV\"><img src=\"https:\/\/lavras.tv\/site\/wp-content\/uploads\/2025\/03\/Banner_Saude_PortallavrasTV.png\" alt=\"\"  srcset=\"https:\/\/lavras.tv\/site\/wp-content\/uploads\/2025\/03\/Banner_Saude_PortallavrasTV.png 720w, https:\/\/lavras.tv\/site\/wp-content\/uploads\/2025\/03\/Banner_Saude_PortallavrasTV-470x68.png 470w, https:\/\/lavras.tv\/site\/wp-content\/uploads\/2025\/03\/Banner_Saude_PortallavrasTV-170x25.png 170w, https:\/\/lavras.tv\/site\/wp-content\/uploads\/2025\/03\/Banner_Saude_PortallavrasTV-200x29.png 200w\" sizes=\"(max-width: 720px) 100vw, 720px\" width=\"720\" height=\"104\"   \/><\/a><\/li><li><div id=\"lavra-688918018\" style=\"width:720px;height:104px;background-color:#ddd;overflow:scroll;\">\n\t<strong>Sa\u00edda da depura\u00e7\u00e3o de an\u00fancios<\/strong>\n\t<br><br>\n\tO an\u00fancio n\u00e3o \u00e9 exibido na p\u00e1gina<br><br>post atual: UFLA divulga resultado preliminar do concurso p\u00fablico para t\u00e9cnicos administrativos, ID: 2947<br><br><span style=\"color: red;\">O post atual n\u00e3o \u00e9 id\u00eantico ao post principal.<\/span><br><br>An\u00fancios: ROXO - TOPO INTERNA - ROTATIVO 2 (197)<br \/>Grupo de an\u00fancios: Princ_Meio01_720x104 (27)<br><br>Condi\u00e7\u00f5es de exibi\u00e7\u00e3o<div style=\"margin-bottom: 20px; white-space: pre-wrap; font-family: monospace; width: 100%; background: #ffe9e9;\"><strong>condi\u00e7\u00f5es gerais<\/strong><table border=\"1\"><thead><tr><th><\/th><th>An\u00fancios<\/th><th>wp_the_query<\/th><\/tr><\/thead><tr><td>is_main_query<\/td><td>1<\/td><td>1<\/td><\/tr><tr><td>is_rest_api<\/td><td>0<\/td><td>1<\/td><\/tr><tr><td>page<\/td><td>0<\/td><td>1<\/td><\/tr><tr><td>numpages<\/td><td>0<\/td><td>1<\/td><\/tr><tr><td>is_archive<\/td><td>1<\/td><td><\/td><\/tr><tr><td>is_search<\/td><td>1<\/td><td><\/td><\/tr><tr><td>is_home<\/td><td>1<\/td><td><\/td><\/tr><tr><td>is_404<\/td><td>1<\/td><td><\/td><\/tr><tr><td>is_attachment<\/td><td>1<\/td><td><\/td><\/tr><tr><td>is_singular<\/td><td>1<\/td><td><\/td><\/tr><tr><td>is_front_page<\/td><td>1<\/td><td><\/td><\/tr><tr><td>is_feed<\/td><td>1<\/td><td><\/td><\/tr><\/table><\/div><br><br><span style=\"color: red;\">Seu site usa HTTPS, mas o c\u00f3digo do an\u00fancio cont\u00e9m HTTP e pode n\u00e3o funcionar.<\/span>\t<br><br>\n\t<a style=\"color: green;\" href=\"https:\/\/wpadvancedads.com\/manual\/ad-debug-mode\/?utm_source=advanced-ads&utm_medium=link&utm_campaign=ad-debug-mode\" target=\"_blank\" rel=\"nofollow\">Encontre solu\u00e7\u00f5es no manual<\/a>\n<\/div>\n<\/li><\/ul><\/div><script>( window.advanced_ads_ready || jQuery( document ).ready ).call( null, function() {var $lavraslider350352705 = jQuery( \".lavra-slider-350352705\" );$lavraslider350352705.on( \"unslider.ready\", function() { jQuery( \"div.custom-slider ul li\" ).css( \"display\", \"block\" ); });$lavraslider350352705.unslider({ delay:4000, autoplay:true, nav:false, arrows:false, infinite:true });$lavraslider350352705.on(\"mouseover\", function() {$lavraslider350352705.unslider(\"stop\");}).on(\"mouseout\", function() {$lavraslider350352705.unslider(\"start\");});});<\/script><\/div><p>A Universidade Federal de Lavras (UFLA) divulgou o resultado preliminar do concurso p\u00fablico\u00a0destinado ao provimento de cargos t\u00e9cnico-administrativos em Educa\u00e7\u00e3o.<!--more-->\u00a0<strong><a href=\"http:\/\/www.prgdp.ufla.br\/site\/category\/concurso-para-tecnico-administrativo-2016\/\">O resultado est\u00e1 dispon\u00edvel no site da Pr\u00f3-Reitoria de Gest\u00e3o e Desenvolvimento de Pessoas (PRGDP).\u00a0<\/a><\/strong><\/p>\n<p>Para os candidatos ao cargo de Auxiliar em\u00a0Administra\u00e7\u00e3o, o resultado preliminar refere-se \u00e0 primeira fase do concurso. Os aprovados nesta etapa ter\u00e3o suas reda\u00e7\u00f5es corrigidas. N\u00e3o haver\u00e1 outras fases de avalia\u00e7\u00e3o para quem tentou vagas para os cargos de Engenheiro Civil e M\u00e9dico\/Psiquiatria.<\/p>\n<p>Candidatos \u00e0s vagas de Assistente de Laborat\u00f3rio, T\u00e9cnico de Laborat\u00f3rio\/Bioqu\u00edmico, T\u00e9cnico de Laborat\u00f3rio\/Qu\u00edmica e T\u00e9cnico em Edifica\u00e7\u00f5es devem, conforme previsto no edital, realizar prova pr\u00e1tica. A convoca\u00e7\u00e3o para essa etapa foi feita por meio do <a href=\"http:\/\/www.ufla.br\/ascom\/wp-content\/uploads\/2016\/10\/Edital-PRGDP-115-2016-Pr%C3%A1ticas-Ed-72-2016.pdf\">Edital PRGDP N\u00ba 115<\/a>, de 7\/10\/2016. Assistentes de Laborat\u00f3rio e T\u00e9cnicos de Laborat\u00f3rio\/Bioqu\u00edmicos far\u00e3o a prova pr\u00e1tica em 23\/10, e os demais profissionais em 30\/10.<\/p>\n<p><strong>Recomenda\u00e7\u00f5es gerais para a prova pr\u00e1tica<\/strong><\/p>\n<p>Para ter acesso ao local de realiza\u00e7\u00e3o da prova pr\u00e1tica, o candidato dever\u00e1 portar os seguintes documentos:<\/p>\n<p>\u2013 Comprovante definitivo de inscri\u00e7\u00e3o (2\u00aa fase), que ser\u00e1 disponibilizado, exclusivamente pelo s\u00edtio eletr\u00f4nico www.prgdp.ufla.br\/concurso\/ta, a partir do dia 19\/10. O candidato \u00e9 respons\u00e1vel pela impress\u00e3o do documento e apresenta\u00e7\u00e3o no dia da prova.<\/p>\n<p>\u2013 Documento de identidade utilizado no ato da inscri\u00e7\u00e3o.<\/p>\n<p>\u00c9 tamb\u00e9m necess\u00e1rio apresentar-se de acordo com as exig\u00eancias estabelecidas pela Banca Examinadora de cada cargo. A recomenda\u00e7\u00e3o \u00e9 que se chegue aos locais de prova com anteced\u00eancia m\u00ednima de 30 minutos em rela\u00e7\u00e3o ao hor\u00e1rio do fechamento da portaria, de acordo com o estabelecido para cada cargo.<\/p>\n<p>Confira as recomenda\u00e7\u00f5es completas e detalhadas no <a href=\"http:\/\/www.ufla.br\/ascom\/wp-content\/uploads\/2016\/10\/Edital-PRGDP-115-2016-Pr%C3%A1ticas-Ed-72-2016.pdf\">Edital PRGDP N\u00ba 115<\/a>, de 7\/10\/2016.<\/p>\n<p>&nbsp;<\/p>\n<p>Fonte: Diretoria de Comunica\u00e7\u00e3o &#8211; UFLA<\/p>\n","protected":false},"excerpt":{"rendered":"<p>A Universidade Federal de Lavras (UFLA) divulgou o resultado preliminar do concurso p\u00fablico\u00a0destinado ao provimento de cargos t\u00e9cnico-administrativos em Educa\u00e7\u00e3o.<\/p>\n","protected":false},"author":2,"featured_media":1167,"comment_status":"closed","ping_status":"open","sticky":false,"template":"","format":"standard","meta":{"advgb_blocks_editor_width":"","advgb_blocks_columns_visual_guide":"","_exactmetrics_skip_tracking":false,"_exactmetrics_sitenote_active":false,"_exactmetrics_sitenote_note":"","_exactmetrics_sitenote_category":0,"footnotes":""},"categories":[7,2],"tags":[1043,99,953,56],"class_list":["post-2947","post","type-post","status-publish","format-standard","has-post-thumbnail","hentry","category-destaques","category-noticias","tag-aprovados","tag-concurso-publico","tag-resultado","tag-ufla"],"better_featured_image":{"id":1167,"alt_text":"","caption":"","description":"","media_type":"image","media_details":{"width":756,"height":570,"file":"2016\/07\/portaria-ufla.jpg","sizes":{"thumbnail":{"file":"portaria-ufla-150x113.jpg","width":150,"height":113,"mime-type":"image\/jpeg","source_url":"https:\/\/lavras.tv\/site\/wp-content\/uploads\/2016\/07\/portaria-ufla-150x113.jpg"},"medium":{"file":"portaria-ufla-300x226.jpg","width":300,"height":226,"mime-type":"image\/jpeg","source_url":"https:\/\/lavras.tv\/site\/wp-content\/uploads\/2016\/07\/portaria-ufla-300x226.jpg"},"featured-slider-img":{"file":"portaria-ufla-640x480.jpg","width":640,"height":480,"mime-type":"image\/jpeg","source_url":"https:\/\/lavras.tv\/site\/wp-content\/uploads\/2016\/07\/portaria-ufla-640x480.jpg"},"featured-post-img":{"file":"portaria-ufla-480x320.jpg","width":480,"height":320,"mime-type":"image\/jpeg","source_url":"https:\/\/lavras.tv\/site\/wp-content\/uploads\/2016\/07\/portaria-ufla-480x320.jpg"},"sow-carousel-default":{"file":"portaria-ufla-272x182.jpg","width":272,"height":182,"mime-type":"image\/jpeg","source_url":"https:\/\/lavras.tv\/site\/wp-content\/uploads\/2016\/07\/portaria-ufla-272x182.jpg"}},"image_meta":{"aperture":"0","credit":"Cibele Aguiar","camera":"","caption":"","created_timestamp":"1361458012","copyright":"","focal_length":"0","iso":"0","shutter_speed":"0","title":"","orientation":"0","keywords":[]}},"post":1166,"source_url":"https:\/\/lavras.tv\/site\/wp-content\/uploads\/2016\/07\/portaria-ufla.jpg"},"author_meta":{"display_name":"Lavras TV","author_link":"https:\/\/lavras.tv\/site\/author\/lavrastv\/"},"featured_img":"https:\/\/lavras.tv\/site\/wp-content\/uploads\/2016\/07\/portaria-ufla-300x226.jpg","coauthors":[],"tax_additional":{"categories":{"linked":["<a href=\"https:\/\/lavras.tv\/site\/category\/destaques\/\" class=\"advgb-post-tax-term\">Destaques<\/a>","<a href=\"https:\/\/lavras.tv\/site\/category\/noticias\/\" class=\"advgb-post-tax-term\">Not\u00edcias<\/a>"],"unlinked":["<span class=\"advgb-post-tax-term\">Destaques<\/span>","<span class=\"advgb-post-tax-term\">Not\u00edcias<\/span>"]},"tags":{"linked":["<a href=\"https:\/\/lavras.tv\/site\/category\/noticias\/\" class=\"advgb-post-tax-term\">aprovados<\/a>","<a href=\"https:\/\/lavras.tv\/site\/category\/noticias\/\" class=\"advgb-post-tax-term\">concurso publico<\/a>","<a href=\"https:\/\/lavras.tv\/site\/category\/noticias\/\" class=\"advgb-post-tax-term\">resultado<\/a>","<a href=\"https:\/\/lavras.tv\/site\/category\/noticias\/\" class=\"advgb-post-tax-term\">ufla<\/a>"],"unlinked":["<span class=\"advgb-post-tax-term\">aprovados<\/span>","<span class=\"advgb-post-tax-term\">concurso publico<\/span>","<span class=\"advgb-post-tax-term\">resultado<\/span>","<span class=\"advgb-post-tax-term\">ufla<\/span>"]}},"comment_count":"0","relative_dates":{"created":"Publicado 10 anos atr\u00e1s","modified":"Atualizado 10 anos atr\u00e1s"},"absolute_dates":{"created":"Publicado em 11 de outubro de 2016","modified":"Atualizado em 11 de outubro de 2016"},"absolute_dates_time":{"created":"Publicado em 11 de outubro de 2016 09:02","modified":"Atualizado em 11 de outubro de 2016 09:02"},"featured_img_caption":"","series_order":"","_links":{"self":[{"href":"https:\/\/lavras.tv\/site\/wp-json\/wp\/v2\/posts\/2947","targetHints":{"allow":["GET"]}}],"collection":[{"href":"https:\/\/lavras.tv\/site\/wp-json\/wp\/v2\/posts"}],"about":[{"href":"https:\/\/lavras.tv\/site\/wp-json\/wp\/v2\/types\/post"}],"author":[{"embeddable":true,"href":"https:\/\/lavras.tv\/site\/wp-json\/wp\/v2\/users\/2"}],"replies":[{"embeddable":true,"href":"https:\/\/lavras.tv\/site\/wp-json\/wp\/v2\/comments?post=2947"}],"version-history":[{"count":1,"href":"https:\/\/lavras.tv\/site\/wp-json\/wp\/v2\/posts\/2947\/revisions"}],"predecessor-version":[{"id":2948,"href":"https:\/\/lavras.tv\/site\/wp-json\/wp\/v2\/posts\/2947\/revisions\/2948"}],"wp:featuredmedia":[{"embeddable":true,"href":"https:\/\/lavras.tv\/site\/wp-json\/wp\/v2\/media\/1167"}],"wp:attachment":[{"href":"https:\/\/lavras.tv\/site\/wp-json\/wp\/v2\/media?parent=2947"}],"wp:term":[{"taxonomy":"category","embeddable":true,"href":"https:\/\/lavras.tv\/site\/wp-json\/wp\/v2\/categories?post=2947"},{"taxonomy":"post_tag","embeddable":true,"href":"https:\/\/lavras.tv\/site\/wp-json\/wp\/v2\/tags?post=2947"}],"curies":[{"name":"wp","href":"https:\/\/api.w.org\/{rel}","templated":true}]}}