{"id":2964,"date":"2016-10-12T00:19:40","date_gmt":"2016-10-12T03:19:40","guid":{"rendered":"http:\/\/lavras.tv\/site\/?p=2964"},"modified":"2016-10-12T00:19:40","modified_gmt":"2016-10-12T03:19:40","slug":"advogados-acusados-de-integrar-organizacao-criminosa-sao-presos-preventivamente-em-bom-sucesso","status":"publish","type":"post","link":"https:\/\/lavras.tv\/site\/2016\/10\/12\/advogados-acusados-de-integrar-organizacao-criminosa-sao-presos-preventivamente-em-bom-sucesso\/","title":{"rendered":"Advogados acusados de integrar organiza\u00e7\u00e3o criminosa s\u00e3o presos preventivamente em Bom Sucesso"},"content":{"rendered":"<div class=\"lavra-antes-do-conteudo_2\" id=\"lavra-3059223473\"><div id=\"lavra-slider-27\" class=\"custom-slider lavra-slider-3420858146 lavra-slider\"><ul><li><div style=\"margin-left: auto;margin-right: auto;text-align: center;\" id=\"lavra-3973308838\"><a href=\"https:\/\/sistemas.lavras.mg.gov.br\/portalcidadao\/#df1b1a7c7b2a290bcb31e32771e610784662739a88807c0dacac58ede5f391a7530e299dc302d611ee73cb143fc22eaf93592e53e7b5bdb01b00a0b8d28dae460c141dd2ff83412e4dc1c31b16b25f33144a9e5620ea73b13f5bc1c59411d98439ad226e8af03840603796067d87afe130812cf3de24982d0e306f9e61e764e5\" aria-label=\"Lavras-TV&#8211;720x104px (1) (1)\"><img src=\"https:\/\/lavras.tv\/site\/wp-content\/uploads\/2025\/01\/Lavras-TV-720x104px-1-1.png\" alt=\"\"  srcset=\"https:\/\/lavras.tv\/site\/wp-content\/uploads\/2025\/01\/Lavras-TV-720x104px-1-1.png 720w, https:\/\/lavras.tv\/site\/wp-content\/uploads\/2025\/01\/Lavras-TV-720x104px-1-1-470x68.png 470w, https:\/\/lavras.tv\/site\/wp-content\/uploads\/2025\/01\/Lavras-TV-720x104px-1-1-170x25.png 170w, https:\/\/lavras.tv\/site\/wp-content\/uploads\/2025\/01\/Lavras-TV-720x104px-1-1-200x29.png 200w\" sizes=\"(max-width: 720px) 100vw, 720px\" width=\"720\" height=\"104\"  style=\"display: inline-block;\" \/><\/a><\/div><\/li><li><a href=\"https:\/\/sistemas.lavras.mg.gov.br\/portalcidadao\/#df1b1a7c7b2a290bcb31e32771e610784662739a88807c0dacac58ede5f391a7530e299dc302d611ee73cb143fc22eaf93592e53e7b5bdb01b00a0b8d28dae460c141dd2ff83412e4dc1c31b16b25f33144a9e5620ea73b13f5bc1c59411d98439ad226e8af03840603796067d87afe130812cf3de24982d0e306f9e61e764e5\" aria-label=\"Banner_Emprego_PortallavrasTV\"><img src=\"https:\/\/lavras.tv\/site\/wp-content\/uploads\/2025\/03\/Banner_Emprego_PortallavrasTV.png\" alt=\"\"  srcset=\"https:\/\/lavras.tv\/site\/wp-content\/uploads\/2025\/03\/Banner_Emprego_PortallavrasTV.png 720w, https:\/\/lavras.tv\/site\/wp-content\/uploads\/2025\/03\/Banner_Emprego_PortallavrasTV-470x68.png 470w, https:\/\/lavras.tv\/site\/wp-content\/uploads\/2025\/03\/Banner_Emprego_PortallavrasTV-170x25.png 170w, https:\/\/lavras.tv\/site\/wp-content\/uploads\/2025\/03\/Banner_Emprego_PortallavrasTV-200x29.png 200w\" sizes=\"(max-width: 720px) 100vw, 720px\" width=\"720\" height=\"104\"   \/><\/a><\/li><li><a href=\"https:\/\/sistemas.lavras.mg.gov.br\/portalcidadao\/#df1b1a7c7b2a290bcb31e32771e610784662739a88807c0dacac58ede5f391a7530e299dc302d611ee73cb143fc22eaf93592e53e7b5bdb01b00a0b8d28dae460c141dd2ff83412e4dc1c31b16b25f33144a9e5620ea73b13f5bc1c59411d98439ad226e8af03840603796067d87afe130812cf3de24982d0e306f9e61e764e5\" aria-label=\"Banner_Obras_PortallavrasTV\"><img src=\"https:\/\/lavras.tv\/site\/wp-content\/uploads\/2025\/03\/Banner_Obras_PortallavrasTV.png\" alt=\"\"  srcset=\"https:\/\/lavras.tv\/site\/wp-content\/uploads\/2025\/03\/Banner_Obras_PortallavrasTV.png 720w, https:\/\/lavras.tv\/site\/wp-content\/uploads\/2025\/03\/Banner_Obras_PortallavrasTV-470x68.png 470w, https:\/\/lavras.tv\/site\/wp-content\/uploads\/2025\/03\/Banner_Obras_PortallavrasTV-170x25.png 170w, https:\/\/lavras.tv\/site\/wp-content\/uploads\/2025\/03\/Banner_Obras_PortallavrasTV-200x29.png 200w\" sizes=\"(max-width: 720px) 100vw, 720px\" width=\"720\" height=\"104\"   \/><\/a><\/li><li><div style=\"margin-left: auto;margin-right: auto;text-align: center;\" id=\"lavra-1670205285\"><a href=\"https:\/\/sistemas.lavras.mg.gov.br\/portalcidadao\/#df1b1a7c7b2a290bcb31e32771e610784662739a88807c0dacac58ede5f391a7530e299dc302d611ee73cb143fc22eaf93592e53e7b5bdb01b00a0b8d28dae460c141dd2ff83412e4dc1c31b16b25f33144a9e5620ea73b13f5bc1c59411d98439ad226e8af03840603796067d87afe130812cf3de24982d0e306f9e61e764e5\" aria-label=\"Banner_Educa\u00e7\u00e3o_PortallavrasTV\"><img src=\"https:\/\/lavras.tv\/site\/wp-content\/uploads\/2025\/01\/Banner_Educacao_PortallavrasTV.png\" alt=\"\"  srcset=\"https:\/\/lavras.tv\/site\/wp-content\/uploads\/2025\/01\/Banner_Educacao_PortallavrasTV.png 720w, https:\/\/lavras.tv\/site\/wp-content\/uploads\/2025\/01\/Banner_Educacao_PortallavrasTV-470x68.png 470w, https:\/\/lavras.tv\/site\/wp-content\/uploads\/2025\/01\/Banner_Educacao_PortallavrasTV-170x25.png 170w, https:\/\/lavras.tv\/site\/wp-content\/uploads\/2025\/01\/Banner_Educacao_PortallavrasTV-200x29.png 200w\" sizes=\"(max-width: 720px) 100vw, 720px\" width=\"720\" height=\"104\"  style=\"display: inline-block;\" \/><\/a><\/div><\/li><li><a href=\"https:\/\/sistemas.lavras.mg.gov.br\/portalcidadao\/#df1b1a7c7b2a290bcb31e32771e610784662739a88807c0dacac58ede5f391a7530e299dc302d611ee73cb143fc22eaf93592e53e7b5bdb01b00a0b8d28dae460c141dd2ff83412e4dc1c31b16b25f33144a9e5620ea73b13f5bc1c59411d98439ad226e8af03840603796067d87afe130812cf3de24982d0e306f9e61e764e5\" aria-label=\"Banner_Sa\u00fade_PortallavrasTV\"><img src=\"https:\/\/lavras.tv\/site\/wp-content\/uploads\/2025\/03\/Banner_Saude_PortallavrasTV.png\" alt=\"\"  srcset=\"https:\/\/lavras.tv\/site\/wp-content\/uploads\/2025\/03\/Banner_Saude_PortallavrasTV.png 720w, https:\/\/lavras.tv\/site\/wp-content\/uploads\/2025\/03\/Banner_Saude_PortallavrasTV-470x68.png 470w, https:\/\/lavras.tv\/site\/wp-content\/uploads\/2025\/03\/Banner_Saude_PortallavrasTV-170x25.png 170w, https:\/\/lavras.tv\/site\/wp-content\/uploads\/2025\/03\/Banner_Saude_PortallavrasTV-200x29.png 200w\" sizes=\"(max-width: 720px) 100vw, 720px\" width=\"720\" height=\"104\"   \/><\/a><\/li><li><div id=\"lavra-3510250019\" style=\"width:720px;height:104px;background-color:#ddd;overflow:scroll;\">\n\t<strong>Sa\u00edda da depura\u00e7\u00e3o de an\u00fancios<\/strong>\n\t<br><br>\n\tO an\u00fancio n\u00e3o \u00e9 exibido na p\u00e1gina<br><br>post atual: Advogados acusados de integrar organiza\u00e7\u00e3o criminosa s\u00e3o presos preventivamente em Bom Sucesso, ID: 2964<br><br><span style=\"color: red;\">O post atual n\u00e3o \u00e9 id\u00eantico ao post principal.<\/span><br><br>An\u00fancios: ROXO - TOPO INTERNA - ROTATIVO 2 (197)<br \/>Grupo de an\u00fancios: Princ_Meio01_720x104 (27)<br><br>Condi\u00e7\u00f5es de exibi\u00e7\u00e3o<div style=\"margin-bottom: 20px; white-space: pre-wrap; font-family: monospace; width: 100%; background: #ffe9e9;\"><strong>condi\u00e7\u00f5es gerais<\/strong><table border=\"1\"><thead><tr><th><\/th><th>An\u00fancios<\/th><th>wp_the_query<\/th><\/tr><\/thead><tr><td>is_main_query<\/td><td>1<\/td><td>1<\/td><\/tr><tr><td>is_rest_api<\/td><td>0<\/td><td>1<\/td><\/tr><tr><td>page<\/td><td>0<\/td><td>1<\/td><\/tr><tr><td>numpages<\/td><td>0<\/td><td>1<\/td><\/tr><tr><td>is_archive<\/td><td>1<\/td><td><\/td><\/tr><tr><td>is_search<\/td><td>1<\/td><td><\/td><\/tr><tr><td>is_home<\/td><td>1<\/td><td><\/td><\/tr><tr><td>is_404<\/td><td>1<\/td><td><\/td><\/tr><tr><td>is_attachment<\/td><td>1<\/td><td><\/td><\/tr><tr><td>is_singular<\/td><td>1<\/td><td><\/td><\/tr><tr><td>is_front_page<\/td><td>1<\/td><td><\/td><\/tr><tr><td>is_feed<\/td><td>1<\/td><td><\/td><\/tr><\/table><\/div><br><br><span style=\"color: red;\">Seu site usa HTTPS, mas o c\u00f3digo do an\u00fancio cont\u00e9m HTTP e pode n\u00e3o funcionar.<\/span>\t<br><br>\n\t<a style=\"color: green;\" href=\"https:\/\/wpadvancedads.com\/manual\/ad-debug-mode\/?utm_source=advanced-ads&utm_medium=link&utm_campaign=ad-debug-mode\" target=\"_blank\" rel=\"nofollow\">Encontre solu\u00e7\u00f5es no manual<\/a>\n<\/div>\n<\/li><\/ul><\/div><script>( window.advanced_ads_ready || jQuery( document ).ready ).call( null, function() {var $lavraslider3420858146 = jQuery( \".lavra-slider-3420858146\" );$lavraslider3420858146.on( \"unslider.ready\", function() { jQuery( \"div.custom-slider ul li\" ).css( \"display\", \"block\" ); });$lavraslider3420858146.unslider({ delay:4000, autoplay:true, nav:false, arrows:false, infinite:true });$lavraslider3420858146.on(\"mouseover\", function() {$lavraslider3420858146.unslider(\"stop\");}).on(\"mouseout\", function() {$lavraslider3420858146.unslider(\"start\");});});<\/script><\/div><p>O Minist\u00e9rio P\u00fablico de Minas Gerais (MPMG), por meio da Promotoria de Justi\u00e7a de Bom Sucesso, na regi\u00e3o Centro-Oeste do estado, e do Grupo de Atua\u00e7\u00e3o Especial de Combate ao Crime Organizado (Gaeco), ofereceu den\u00fancia contra tr\u00eas advogados pela pr\u00e1tica de diversos crimes incluindo apropria\u00e7\u00e3o ind\u00e9bita, falsidade ideol\u00f3gica e falsifica\u00e7\u00e3o de documento. <!--more-->Dois advogados foram presos preventivamente e um terceiro est\u00e1 foragido. Os crimes, conforme as investiga\u00e7\u00f5es, vinham sendo praticados desde 2014.<img fetchpriority=\"high\" decoding=\"async\" class=\"size-full wp-image-2965 aligncenter\" src=\"http:\/\/lavras.tv\/site\/wp-content\/uploads\/2016\/10\/bom-sucesso.jpg\" alt=\"bom-sucesso\" width=\"500\" height=\"375\" srcset=\"https:\/\/lavras.tv\/site\/wp-content\/uploads\/2016\/10\/bom-sucesso.jpg 500w, https:\/\/lavras.tv\/site\/wp-content\/uploads\/2016\/10\/bom-sucesso-150x113.jpg 150w, https:\/\/lavras.tv\/site\/wp-content\/uploads\/2016\/10\/bom-sucesso-300x225.jpg 300w\" sizes=\"(max-width: 500px) 100vw, 500px\" \/><\/p>\n<p>De acordo com a den\u00fancia, presentes os ind\u00edcios de autoria e prova da materialidade, a pris\u00e3o preventiva \u00e9 necess\u00e1ria para resguardar a ordem p\u00fablica. O MPMG pediu ainda \u00e0 Justi\u00e7a que determine o bloqueio de bens (m\u00f3veis e im\u00f3veis) e apreenda os telefones celulares utilizados pelos denunciados.<\/p>\n<p>Segundo os promotores de Justi\u00e7a Thiago Ferraz de Oliveira, Igor Serrano Silva e Daniel Ribeiro Costa, \u201cos denunciados integraram-se em organiza\u00e7\u00e3o criminosa constitu\u00edda com finalidade de obten\u00e7\u00e3o de vantagem mediante a pr\u00e1tica de crimes\u201d. Ainda segundo os promotores de Justi\u00e7a, \u201cos denunciados s\u00e3o advogados e, utilizando-se de informa\u00e7\u00f5es privilegiadas, angariavam a identidade de pessoas que estavam com o nome negativado junto aos \u00f3rg\u00e3os de restri\u00e7\u00e3o (SPC\/Serasa) e, aproveitando-se da ingenuidade e da falta de instru\u00e7\u00e3o delas, as captavam como clientes\u201d.<\/p>\n<p>Conforme apurou o Minist\u00e9rio P\u00fablico de Minas Gerais, os denunciados contavam com apoio de uma pessoa identificada como \u201cNelinho\u201d, respons\u00e1vel por fazer o contato inicial com as v\u00edtimas, promovendo a capta\u00e7\u00e3o delas como \u201cclientes\u201d dos denunciados, sem esclarecimento quanto aos documentos que assinavam e qual a finalidade deles. Os denunciados, de posse da documenta\u00e7\u00e3o colhida, ingressavam com a\u00e7\u00e3o declarat\u00f3ria, ganhavam a indeniza\u00e7\u00e3o perante o Poder Judici\u00e1rio e, posteriormente, entregavam \u00e0s v\u00edtimas uma quantia irris\u00f3ria.<\/p>\n<p>De acordo com a den\u00fancia, para justificar a apropria\u00e7\u00e3o ind\u00e9bita, os denunciados faziam inserir declara\u00e7\u00e3o falsa em recibos de quita\u00e7\u00e3o e utilizavam esses documentos nos processos judiciais como forma de presta\u00e7\u00e3o de contas.<\/p>\n<p>Ainda conforme a den\u00fancia, em outra vertente, os denunciados, valendo-se de procura\u00e7\u00f5es supostamente falsas &#8211; fatos que est\u00e3o sendo investigados em Procedimentos Investigat\u00f3rios Criminais -, ingressavam com a\u00e7\u00f5es judiciais de exibi\u00e7\u00e3o de documentos e inexist\u00eancia de d\u00e9bito sem que as partes sequer tivessem conhecimento, angariando valores reconhecidos judicialmente como devidos a t\u00edtulo de indeniza\u00e7\u00e3o.<\/p>\n<p>Assim agindo, tendo os denunciados praticado o crime previsto no artigo 2.\u00ba da Lei 12.850\/03 (organiza\u00e7\u00e3o criminosa), por uma vez; e artigos 299, caput, (falsidade ideol\u00f3gica); 304 (uso de documento falso) e 168, par\u00e1grafo 1.\u00ba, inciso III, todos do C\u00f3digo Penal, por duas vezes, na forma do concurso material, o MPMG requereu \u00e0 Justi\u00e7a que seja autuada e recebida a den\u00fancia, instaurando-se a A\u00e7\u00e3o Penal, a qual h\u00e1 de se imprimir o rito procedimental previsto no art. 386 e ss. do C\u00f3digo de Processo Penal, inclusive com a intima\u00e7\u00e3o das v\u00edtimas e testemunhas arroladas para serem ouvidas, prosseguindo-se at\u00e9 final decis\u00e3o condenat\u00f3ria, suspendendo-se os direitos pol\u00edticos nos termos do art. 15, inc. III, da Constitui\u00e7\u00e3o.<\/p>\n<p>Fonte: Minist\u00e9rio P\u00fablico de Minas Gerais<\/p>\n","protected":false},"excerpt":{"rendered":"<p>O Minist\u00e9rio P\u00fablico de Minas Gerais (MPMG), por meio da Promotoria de Justi\u00e7a de Bom Sucesso, na regi\u00e3o Centro-Oeste do estado, e do Grupo de Atua\u00e7\u00e3o Especial de Combate ao Crime Organizado (Gaeco), ofereceu den\u00fancia contra tr\u00eas advogados pela pr\u00e1tica de diversos crimes incluindo apropria\u00e7\u00e3o ind\u00e9bita, falsidade ideol\u00f3gica e falsifica\u00e7\u00e3o de documento.<\/p>\n","protected":false},"author":2,"featured_media":2966,"comment_status":"closed","ping_status":"open","sticky":false,"template":"","format":"standard","meta":{"advgb_blocks_editor_width":"","advgb_blocks_columns_visual_guide":"","_exactmetrics_skip_tracking":false,"_exactmetrics_sitenote_active":false,"_exactmetrics_sitenote_note":"","_exactmetrics_sitenote_category":0,"footnotes":""},"categories":[7,2],"tags":[506,1047],"class_list":["post-2964","post","type-post","status-publish","format-standard","has-post-thumbnail","hentry","category-destaques","category-noticias","tag-bom-sucesso-mg","tag-ministerio-publico"],"better_featured_image":{"id":2966,"alt_text":"","caption":"","description":"","media_type":"image","media_details":{"width":800,"height":600,"file":"2016\/10\/bom-sucesso-2.jpg","sizes":{"thumbnail":{"file":"bom-sucesso-2-150x113.jpg","width":150,"height":113,"mime-type":"image\/jpeg","source_url":"https:\/\/lavras.tv\/site\/wp-content\/uploads\/2016\/10\/bom-sucesso-2-150x113.jpg"},"medium":{"file":"bom-sucesso-2-300x225.jpg","width":300,"height":225,"mime-type":"image\/jpeg","source_url":"https:\/\/lavras.tv\/site\/wp-content\/uploads\/2016\/10\/bom-sucesso-2-300x225.jpg"},"featured-slider-img":{"file":"bom-sucesso-2-640x480.jpg","width":640,"height":480,"mime-type":"image\/jpeg","source_url":"https:\/\/lavras.tv\/site\/wp-content\/uploads\/2016\/10\/bom-sucesso-2-640x480.jpg"},"featured-post-img":{"file":"bom-sucesso-2-480x320.jpg","width":480,"height":320,"mime-type":"image\/jpeg","source_url":"https:\/\/lavras.tv\/site\/wp-content\/uploads\/2016\/10\/bom-sucesso-2-480x320.jpg"},"sow-carousel-default":{"file":"bom-sucesso-2-272x182.jpg","width":272,"height":182,"mime-type":"image\/jpeg","source_url":"https:\/\/lavras.tv\/site\/wp-content\/uploads\/2016\/10\/bom-sucesso-2-272x182.jpg"}},"image_meta":{"aperture":"3.2","credit":"","camera":"C510a","caption":"","created_timestamp":"1260635133","copyright":"","focal_length":"4.2","iso":"80","shutter_speed":"0.0025","title":"","orientation":"0","keywords":[]}},"post":2964,"source_url":"https:\/\/lavras.tv\/site\/wp-content\/uploads\/2016\/10\/bom-sucesso-2.jpg"},"author_meta":{"display_name":"Lavras TV","author_link":"https:\/\/lavras.tv\/site\/author\/lavrastv\/"},"featured_img":"https:\/\/lavras.tv\/site\/wp-content\/uploads\/2016\/10\/bom-sucesso-2-300x225.jpg","coauthors":[],"tax_additional":{"categories":{"linked":["<a href=\"https:\/\/lavras.tv\/site\/category\/destaques\/\" class=\"advgb-post-tax-term\">Destaques<\/a>","<a href=\"https:\/\/lavras.tv\/site\/category\/noticias\/\" class=\"advgb-post-tax-term\">Not\u00edcias<\/a>"],"unlinked":["<span class=\"advgb-post-tax-term\">Destaques<\/span>","<span class=\"advgb-post-tax-term\">Not\u00edcias<\/span>"]},"tags":{"linked":["<a href=\"https:\/\/lavras.tv\/site\/category\/noticias\/\" class=\"advgb-post-tax-term\">bom sucesso mg<\/a>","<a href=\"https:\/\/lavras.tv\/site\/category\/noticias\/\" class=\"advgb-post-tax-term\">minist\u00e9rio p\u00fablico<\/a>"],"unlinked":["<span class=\"advgb-post-tax-term\">bom sucesso mg<\/span>","<span class=\"advgb-post-tax-term\">minist\u00e9rio p\u00fablico<\/span>"]}},"comment_count":"0","relative_dates":{"created":"Publicado 10 anos atr\u00e1s","modified":"Atualizado 10 anos atr\u00e1s"},"absolute_dates":{"created":"Publicado em 12 de outubro de 2016","modified":"Atualizado em 12 de outubro de 2016"},"absolute_dates_time":{"created":"Publicado em 12 de outubro de 2016 00:19","modified":"Atualizado em 12 de outubro de 2016 00:19"},"featured_img_caption":"","series_order":"","_links":{"self":[{"href":"https:\/\/lavras.tv\/site\/wp-json\/wp\/v2\/posts\/2964","targetHints":{"allow":["GET"]}}],"collection":[{"href":"https:\/\/lavras.tv\/site\/wp-json\/wp\/v2\/posts"}],"about":[{"href":"https:\/\/lavras.tv\/site\/wp-json\/wp\/v2\/types\/post"}],"author":[{"embeddable":true,"href":"https:\/\/lavras.tv\/site\/wp-json\/wp\/v2\/users\/2"}],"replies":[{"embeddable":true,"href":"https:\/\/lavras.tv\/site\/wp-json\/wp\/v2\/comments?post=2964"}],"version-history":[{"count":1,"href":"https:\/\/lavras.tv\/site\/wp-json\/wp\/v2\/posts\/2964\/revisions"}],"predecessor-version":[{"id":2967,"href":"https:\/\/lavras.tv\/site\/wp-json\/wp\/v2\/posts\/2964\/revisions\/2967"}],"wp:featuredmedia":[{"embeddable":true,"href":"https:\/\/lavras.tv\/site\/wp-json\/wp\/v2\/media\/2966"}],"wp:attachment":[{"href":"https:\/\/lavras.tv\/site\/wp-json\/wp\/v2\/media?parent=2964"}],"wp:term":[{"taxonomy":"category","embeddable":true,"href":"https:\/\/lavras.tv\/site\/wp-json\/wp\/v2\/categories?post=2964"},{"taxonomy":"post_tag","embeddable":true,"href":"https:\/\/lavras.tv\/site\/wp-json\/wp\/v2\/tags?post=2964"}],"curies":[{"name":"wp","href":"https:\/\/api.w.org\/{rel}","templated":true}]}}