{"id":2968,"date":"2016-10-14T09:02:55","date_gmt":"2016-10-14T12:02:55","guid":{"rendered":"http:\/\/lavras.tv\/site\/?p=2968"},"modified":"2016-10-14T09:02:55","modified_gmt":"2016-10-14T12:02:55","slug":"informe-parlamentar-hospital-vaz-monteiro-recebe-r-300-mil-de-emenda-da-dep-damina-pereira","status":"publish","type":"post","link":"https:\/\/lavras.tv\/site\/2016\/10\/14\/informe-parlamentar-hospital-vaz-monteiro-recebe-r-300-mil-de-emenda-da-dep-damina-pereira\/","title":{"rendered":"[Informe Parlamentar] Hospital Vaz Monteiro recebe R$ 300 mil de emenda da Dep. D\u00e2mina Pereira"},"content":{"rendered":"<div class=\"lavra-antes-do-conteudo_2\" id=\"lavra-1756533457\"><div id=\"lavra-slider-27\" class=\"custom-slider lavra-slider-598652458 lavra-slider\"><ul><li><div style=\"margin-left: auto;margin-right: auto;text-align: center;\" id=\"lavra-1877774287\"><a href=\"https:\/\/sistemas.lavras.mg.gov.br\/portalcidadao\/#df1b1a7c7b2a290bcb31e32771e610784662739a88807c0dacac58ede5f391a7530e299dc302d611ee73cb143fc22eaf93592e53e7b5bdb01b00a0b8d28dae460c141dd2ff83412e4dc1c31b16b25f33144a9e5620ea73b13f5bc1c59411d98439ad226e8af03840603796067d87afe130812cf3de24982d0e306f9e61e764e5\" aria-label=\"Lavras-TV&#8211;720x104px (1) (1)\"><img src=\"https:\/\/lavras.tv\/site\/wp-content\/uploads\/2025\/01\/Lavras-TV-720x104px-1-1.png\" alt=\"\"  srcset=\"https:\/\/lavras.tv\/site\/wp-content\/uploads\/2025\/01\/Lavras-TV-720x104px-1-1.png 720w, https:\/\/lavras.tv\/site\/wp-content\/uploads\/2025\/01\/Lavras-TV-720x104px-1-1-470x68.png 470w, https:\/\/lavras.tv\/site\/wp-content\/uploads\/2025\/01\/Lavras-TV-720x104px-1-1-170x25.png 170w, https:\/\/lavras.tv\/site\/wp-content\/uploads\/2025\/01\/Lavras-TV-720x104px-1-1-200x29.png 200w\" sizes=\"(max-width: 720px) 100vw, 720px\" width=\"720\" height=\"104\"  style=\"display: inline-block;\" \/><\/a><\/div><\/li><li><a href=\"https:\/\/sistemas.lavras.mg.gov.br\/portalcidadao\/#df1b1a7c7b2a290bcb31e32771e610784662739a88807c0dacac58ede5f391a7530e299dc302d611ee73cb143fc22eaf93592e53e7b5bdb01b00a0b8d28dae460c141dd2ff83412e4dc1c31b16b25f33144a9e5620ea73b13f5bc1c59411d98439ad226e8af03840603796067d87afe130812cf3de24982d0e306f9e61e764e5\" aria-label=\"Banner_Emprego_PortallavrasTV\"><img src=\"https:\/\/lavras.tv\/site\/wp-content\/uploads\/2025\/03\/Banner_Emprego_PortallavrasTV.png\" alt=\"\"  srcset=\"https:\/\/lavras.tv\/site\/wp-content\/uploads\/2025\/03\/Banner_Emprego_PortallavrasTV.png 720w, https:\/\/lavras.tv\/site\/wp-content\/uploads\/2025\/03\/Banner_Emprego_PortallavrasTV-470x68.png 470w, https:\/\/lavras.tv\/site\/wp-content\/uploads\/2025\/03\/Banner_Emprego_PortallavrasTV-170x25.png 170w, https:\/\/lavras.tv\/site\/wp-content\/uploads\/2025\/03\/Banner_Emprego_PortallavrasTV-200x29.png 200w\" sizes=\"(max-width: 720px) 100vw, 720px\" width=\"720\" height=\"104\"   \/><\/a><\/li><li><a href=\"https:\/\/sistemas.lavras.mg.gov.br\/portalcidadao\/#df1b1a7c7b2a290bcb31e32771e610784662739a88807c0dacac58ede5f391a7530e299dc302d611ee73cb143fc22eaf93592e53e7b5bdb01b00a0b8d28dae460c141dd2ff83412e4dc1c31b16b25f33144a9e5620ea73b13f5bc1c59411d98439ad226e8af03840603796067d87afe130812cf3de24982d0e306f9e61e764e5\" aria-label=\"Banner_Obras_PortallavrasTV\"><img src=\"https:\/\/lavras.tv\/site\/wp-content\/uploads\/2025\/03\/Banner_Obras_PortallavrasTV.png\" alt=\"\"  srcset=\"https:\/\/lavras.tv\/site\/wp-content\/uploads\/2025\/03\/Banner_Obras_PortallavrasTV.png 720w, https:\/\/lavras.tv\/site\/wp-content\/uploads\/2025\/03\/Banner_Obras_PortallavrasTV-470x68.png 470w, https:\/\/lavras.tv\/site\/wp-content\/uploads\/2025\/03\/Banner_Obras_PortallavrasTV-170x25.png 170w, https:\/\/lavras.tv\/site\/wp-content\/uploads\/2025\/03\/Banner_Obras_PortallavrasTV-200x29.png 200w\" sizes=\"(max-width: 720px) 100vw, 720px\" width=\"720\" height=\"104\"   \/><\/a><\/li><li><div style=\"margin-left: auto;margin-right: auto;text-align: center;\" id=\"lavra-763322628\"><a href=\"https:\/\/sistemas.lavras.mg.gov.br\/portalcidadao\/#df1b1a7c7b2a290bcb31e32771e610784662739a88807c0dacac58ede5f391a7530e299dc302d611ee73cb143fc22eaf93592e53e7b5bdb01b00a0b8d28dae460c141dd2ff83412e4dc1c31b16b25f33144a9e5620ea73b13f5bc1c59411d98439ad226e8af03840603796067d87afe130812cf3de24982d0e306f9e61e764e5\" aria-label=\"Banner_Educa\u00e7\u00e3o_PortallavrasTV\"><img src=\"https:\/\/lavras.tv\/site\/wp-content\/uploads\/2025\/01\/Banner_Educacao_PortallavrasTV.png\" alt=\"\"  srcset=\"https:\/\/lavras.tv\/site\/wp-content\/uploads\/2025\/01\/Banner_Educacao_PortallavrasTV.png 720w, https:\/\/lavras.tv\/site\/wp-content\/uploads\/2025\/01\/Banner_Educacao_PortallavrasTV-470x68.png 470w, https:\/\/lavras.tv\/site\/wp-content\/uploads\/2025\/01\/Banner_Educacao_PortallavrasTV-170x25.png 170w, https:\/\/lavras.tv\/site\/wp-content\/uploads\/2025\/01\/Banner_Educacao_PortallavrasTV-200x29.png 200w\" sizes=\"(max-width: 720px) 100vw, 720px\" width=\"720\" height=\"104\"  style=\"display: inline-block;\" \/><\/a><\/div><\/li><li><a href=\"https:\/\/sistemas.lavras.mg.gov.br\/portalcidadao\/#df1b1a7c7b2a290bcb31e32771e610784662739a88807c0dacac58ede5f391a7530e299dc302d611ee73cb143fc22eaf93592e53e7b5bdb01b00a0b8d28dae460c141dd2ff83412e4dc1c31b16b25f33144a9e5620ea73b13f5bc1c59411d98439ad226e8af03840603796067d87afe130812cf3de24982d0e306f9e61e764e5\" aria-label=\"Banner_Sa\u00fade_PortallavrasTV\"><img src=\"https:\/\/lavras.tv\/site\/wp-content\/uploads\/2025\/03\/Banner_Saude_PortallavrasTV.png\" alt=\"\"  srcset=\"https:\/\/lavras.tv\/site\/wp-content\/uploads\/2025\/03\/Banner_Saude_PortallavrasTV.png 720w, https:\/\/lavras.tv\/site\/wp-content\/uploads\/2025\/03\/Banner_Saude_PortallavrasTV-470x68.png 470w, https:\/\/lavras.tv\/site\/wp-content\/uploads\/2025\/03\/Banner_Saude_PortallavrasTV-170x25.png 170w, https:\/\/lavras.tv\/site\/wp-content\/uploads\/2025\/03\/Banner_Saude_PortallavrasTV-200x29.png 200w\" sizes=\"(max-width: 720px) 100vw, 720px\" width=\"720\" height=\"104\"   \/><\/a><\/li><li><div id=\"lavra-2990146604\" style=\"width:720px;height:104px;background-color:#ddd;overflow:scroll;\">\n\t<strong>Sa\u00edda da depura\u00e7\u00e3o de an\u00fancios<\/strong>\n\t<br><br>\n\tO an\u00fancio n\u00e3o \u00e9 exibido na p\u00e1gina<br><br>post atual: [Informe Parlamentar] Hospital Vaz Monteiro recebe R$ 300 mil de emenda da Dep. D\u00e2mina Pereira, ID: 2968<br><br><span style=\"color: red;\">O post atual n\u00e3o \u00e9 id\u00eantico ao post principal.<\/span><br><br>An\u00fancios: ROXO - TOPO INTERNA - ROTATIVO 2 (197)<br \/>Grupo de an\u00fancios: Princ_Meio01_720x104 (27)<br><br>Condi\u00e7\u00f5es de exibi\u00e7\u00e3o<div style=\"margin-bottom: 20px; white-space: pre-wrap; font-family: monospace; width: 100%; background: #ffe9e9;\"><strong>condi\u00e7\u00f5es gerais<\/strong><table border=\"1\"><thead><tr><th><\/th><th>An\u00fancios<\/th><th>wp_the_query<\/th><\/tr><\/thead><tr><td>is_main_query<\/td><td>1<\/td><td>1<\/td><\/tr><tr><td>is_rest_api<\/td><td>0<\/td><td>1<\/td><\/tr><tr><td>page<\/td><td>0<\/td><td>1<\/td><\/tr><tr><td>numpages<\/td><td>0<\/td><td>1<\/td><\/tr><tr><td>is_archive<\/td><td>1<\/td><td><\/td><\/tr><tr><td>is_search<\/td><td>1<\/td><td><\/td><\/tr><tr><td>is_home<\/td><td>1<\/td><td><\/td><\/tr><tr><td>is_404<\/td><td>1<\/td><td><\/td><\/tr><tr><td>is_attachment<\/td><td>1<\/td><td><\/td><\/tr><tr><td>is_singular<\/td><td>1<\/td><td><\/td><\/tr><tr><td>is_front_page<\/td><td>1<\/td><td><\/td><\/tr><tr><td>is_feed<\/td><td>1<\/td><td><\/td><\/tr><\/table><\/div><br><br><span style=\"color: red;\">Seu site usa HTTPS, mas o c\u00f3digo do an\u00fancio cont\u00e9m HTTP e pode n\u00e3o funcionar.<\/span>\t<br><br>\n\t<a style=\"color: green;\" href=\"https:\/\/wpadvancedads.com\/manual\/ad-debug-mode\/?utm_source=advanced-ads&utm_medium=link&utm_campaign=ad-debug-mode\" target=\"_blank\" rel=\"nofollow\">Encontre solu\u00e7\u00f5es no manual<\/a>\n<\/div>\n<\/li><\/ul><\/div><script>( window.advanced_ads_ready || jQuery( document ).ready ).call( null, function() {var $lavraslider598652458 = jQuery( \".lavra-slider-598652458\" );$lavraslider598652458.on( \"unslider.ready\", function() { jQuery( \"div.custom-slider ul li\" ).css( \"display\", \"block\" ); });$lavraslider598652458.unslider({ delay:4000, autoplay:true, nav:false, arrows:false, infinite:true });$lavraslider598652458.on(\"mouseover\", function() {$lavraslider598652458.unslider(\"stop\");}).on(\"mouseout\", function() {$lavraslider598652458.unslider(\"start\");});});<\/script><\/div><p>Dando continuidade aos investimentos em sa\u00fade priorizados pela Deputada D\u00e2mina Pereira principalmente na sua cidade natal: Lavras, mais uma emenda parlamentar foi paga no valor de R$ 300 mil. <!--more-->Desta vez, o hospital beneficiado foi o \u201cVaz Monteiro\u201d que atende 70% de pacientes atrav\u00e9s do Sistema \u00danico de Sa\u00fade (SUS).<\/p>\n<p>Segundo o diretor &#8211; presidente do Hospital Vaz Monteiro, Frederico Fa\u00fala de Souza, com esse recurso, a institui\u00e7\u00e3o passar\u00e1 a atender um n\u00famero maior de necessitados e a emenda parlamentar veio em boa hora. \u201c\u00c8 preciso registrar o agradecimento \u00e0 deputada federal D\u00e2mina Pereira que procurou de imediato auxiliar a institui\u00e7\u00e3o.\u201d<img fetchpriority=\"high\" decoding=\"async\" class=\"size-full wp-image-2969 aligncenter\" src=\"http:\/\/lavras.tv\/site\/wp-content\/uploads\/2016\/10\/Faixada-HVM.jpg\" alt=\"fachada-hvm\" width=\"505\" height=\"336\" srcset=\"https:\/\/lavras.tv\/site\/wp-content\/uploads\/2016\/10\/Faixada-HVM.jpg 505w, https:\/\/lavras.tv\/site\/wp-content\/uploads\/2016\/10\/Faixada-HVM-150x100.jpg 150w, https:\/\/lavras.tv\/site\/wp-content\/uploads\/2016\/10\/Faixada-HVM-300x200.jpg 300w, https:\/\/lavras.tv\/site\/wp-content\/uploads\/2016\/10\/Faixada-HVM-480x320.jpg 480w, https:\/\/lavras.tv\/site\/wp-content\/uploads\/2016\/10\/Faixada-HVM-272x182.jpg 272w\" sizes=\"(max-width: 505px) 100vw, 505px\" \/>De acordo \u00a0com o presidente, ser\u00e1 empregado na aquisi\u00e7\u00e3o de material permanente para o Bloco<br \/>\nCir\u00fargico do Hospital Vaz Monteiro, \u201cSer\u00e1 adquirido um arco cir\u00fargico em C que tem caracter\u00edsticas que vir\u00e3o a atender \u00e0sequipes de ortopedia e neurocirurgia, e ir\u00e1 possibilitar ao hospital \u00a0ter um aumento no n\u00famero de cirurgias. Outra aquisi\u00e7\u00e3o ser\u00e1 um equipamento de v\u00eddeocirurgia, esse aparelho vai possibilitar que haja cirurgias de ves\u00edcula e ginecol\u00f3gicas. Como o hospital j\u00e1 tem um equipamento desse, um outro possibilitar\u00e1 a realiza\u00e7\u00e3o de duas\u00a0 v\u00eddeocirurgias simultaneamente em salas distintas do bloco cir\u00fargico.\u201d<\/p>\n<p>Para a deputada a vinda desses recursos refor\u00e7a a import\u00e2ncia de se ter um representante local na C\u00e2mara dos Deputados \u201cNa esfera federal eu posso enviar esses recursos principalmente para minha \u00a0querida Lavras, onde principalmente a sa\u00fade carece de aten\u00e7\u00e3o e tem sido minha maior prioridade.\u201d<\/p>\n<p>&nbsp;<\/p>\n<p><strong>Santa Casa<\/strong><\/p>\n<p>Em Setembro, a Santa Casa de Lavras recebeu a verba de R$ 300 mil destinada pela deputada. Com o dinheiro ser\u00e3o adquiridos dois cardiovesores (aparelho de emerg\u00eancia usado quando o paciente tem parada card\u00edaca), um ultrassom obst\u00e9trico que ser\u00e1 utilizado na maternidade, 15 poltronas para o conforto do acompanhante e 18 computadores.<\/p>\n<p>&nbsp;<\/p>\n<p>Fonte: gabinete da Dep. D\u00e2mina Pereira<\/p>\n","protected":false},"excerpt":{"rendered":"<p>Dando continuidade aos investimentos em sa\u00fade priorizados pela Deputada D\u00e2mina Pereira principalmente na sua cidade natal: Lavras, mais uma emenda parlamentar foi paga no valor de R$ 300 mil.<\/p>\n","protected":false},"author":2,"featured_media":2969,"comment_status":"closed","ping_status":"open","sticky":false,"template":"","format":"standard","meta":{"advgb_blocks_editor_width":"","advgb_blocks_columns_visual_guide":"","_exactmetrics_skip_tracking":false,"_exactmetrics_sitenote_active":false,"_exactmetrics_sitenote_note":"","_exactmetrics_sitenote_category":0,"footnotes":""},"categories":[12],"tags":[671,1048,44],"class_list":["post-2968","post","type-post","status-publish","format-standard","has-post-thumbnail","hentry","category-politica","tag-damina-pereira","tag-hospital-vaz-monteiro","tag-lavras-mg"],"better_featured_image":{"id":2969,"alt_text":"","caption":"","description":"","media_type":"image","media_details":{"width":505,"height":336,"file":"2016\/10\/Faixada-HVM.jpg","sizes":{"thumbnail":{"file":"Faixada-HVM-150x100.jpg","width":150,"height":100,"mime-type":"image\/jpeg","source_url":"https:\/\/lavras.tv\/site\/wp-content\/uploads\/2016\/10\/Faixada-HVM-150x100.jpg"},"medium":{"file":"Faixada-HVM-300x200.jpg","width":300,"height":200,"mime-type":"image\/jpeg","source_url":"https:\/\/lavras.tv\/site\/wp-content\/uploads\/2016\/10\/Faixada-HVM-300x200.jpg"},"featured-post-img":{"file":"Faixada-HVM-480x320.jpg","width":480,"height":320,"mime-type":"image\/jpeg","source_url":"https:\/\/lavras.tv\/site\/wp-content\/uploads\/2016\/10\/Faixada-HVM-480x320.jpg"},"sow-carousel-default":{"file":"Faixada-HVM-272x182.jpg","width":272,"height":182,"mime-type":"image\/jpeg","source_url":"https:\/\/lavras.tv\/site\/wp-content\/uploads\/2016\/10\/Faixada-HVM-272x182.jpg"}},"image_meta":{"aperture":"10","credit":"","camera":"NIKON D40","caption":"","created_timestamp":"1246107524","copyright":"","focal_length":"26","iso":"200","shutter_speed":"0.002","title":"","orientation":"1","keywords":[]}},"post":2968,"source_url":"https:\/\/lavras.tv\/site\/wp-content\/uploads\/2016\/10\/Faixada-HVM.jpg"},"author_meta":{"display_name":"Lavras TV","author_link":"https:\/\/lavras.tv\/site\/author\/lavrastv\/"},"featured_img":"https:\/\/lavras.tv\/site\/wp-content\/uploads\/2016\/10\/Faixada-HVM-300x200.jpg","coauthors":[],"tax_additional":{"categories":{"linked":["<a href=\"https:\/\/lavras.tv\/site\/category\/politica\/\" class=\"advgb-post-tax-term\">Pol\u00edtica<\/a>"],"unlinked":["<span class=\"advgb-post-tax-term\">Pol\u00edtica<\/span>"]},"tags":{"linked":["<a href=\"https:\/\/lavras.tv\/site\/category\/politica\/\" class=\"advgb-post-tax-term\">D\u00e2mina Pereira<\/a>","<a href=\"https:\/\/lavras.tv\/site\/category\/politica\/\" class=\"advgb-post-tax-term\">Hospital Vaz Monteiro<\/a>","<a href=\"https:\/\/lavras.tv\/site\/category\/politica\/\" class=\"advgb-post-tax-term\">lavras mg<\/a>"],"unlinked":["<span class=\"advgb-post-tax-term\">D\u00e2mina Pereira<\/span>","<span class=\"advgb-post-tax-term\">Hospital Vaz Monteiro<\/span>","<span class=\"advgb-post-tax-term\">lavras mg<\/span>"]}},"comment_count":"0","relative_dates":{"created":"Publicado 10 anos atr\u00e1s","modified":"Atualizado 10 anos atr\u00e1s"},"absolute_dates":{"created":"Publicado em 14 de outubro de 2016","modified":"Atualizado em 14 de outubro de 2016"},"absolute_dates_time":{"created":"Publicado em 14 de outubro de 2016 09:02","modified":"Atualizado em 14 de outubro de 2016 09:02"},"featured_img_caption":"","series_order":"","_links":{"self":[{"href":"https:\/\/lavras.tv\/site\/wp-json\/wp\/v2\/posts\/2968","targetHints":{"allow":["GET"]}}],"collection":[{"href":"https:\/\/lavras.tv\/site\/wp-json\/wp\/v2\/posts"}],"about":[{"href":"https:\/\/lavras.tv\/site\/wp-json\/wp\/v2\/types\/post"}],"author":[{"embeddable":true,"href":"https:\/\/lavras.tv\/site\/wp-json\/wp\/v2\/users\/2"}],"replies":[{"embeddable":true,"href":"https:\/\/lavras.tv\/site\/wp-json\/wp\/v2\/comments?post=2968"}],"version-history":[{"count":1,"href":"https:\/\/lavras.tv\/site\/wp-json\/wp\/v2\/posts\/2968\/revisions"}],"predecessor-version":[{"id":2970,"href":"https:\/\/lavras.tv\/site\/wp-json\/wp\/v2\/posts\/2968\/revisions\/2970"}],"wp:featuredmedia":[{"embeddable":true,"href":"https:\/\/lavras.tv\/site\/wp-json\/wp\/v2\/media\/2969"}],"wp:attachment":[{"href":"https:\/\/lavras.tv\/site\/wp-json\/wp\/v2\/media?parent=2968"}],"wp:term":[{"taxonomy":"category","embeddable":true,"href":"https:\/\/lavras.tv\/site\/wp-json\/wp\/v2\/categories?post=2968"},{"taxonomy":"post_tag","embeddable":true,"href":"https:\/\/lavras.tv\/site\/wp-json\/wp\/v2\/tags?post=2968"}],"curies":[{"name":"wp","href":"https:\/\/api.w.org\/{rel}","templated":true}]}}