{"id":2994,"date":"2016-10-14T09:54:44","date_gmt":"2016-10-14T12:54:44","guid":{"rendered":"http:\/\/lavras.tv\/site\/?p=2994"},"modified":"2016-10-14T09:54:44","modified_gmt":"2016-10-14T12:54:44","slug":"unilavras-realiza-congresso-de-enfermagem","status":"publish","type":"post","link":"https:\/\/lavras.tv\/site\/2016\/10\/14\/unilavras-realiza-congresso-de-enfermagem\/","title":{"rendered":"UNILAVRAS realiza Congresso de Enfermagem"},"content":{"rendered":"<div class=\"lavra-antes-do-conteudo_2\" id=\"lavra-2357432979\"><div id=\"lavra-slider-27\" class=\"custom-slider lavra-slider-3752721580 lavra-slider\"><ul><li><div style=\"margin-left: auto;margin-right: auto;text-align: center;\" id=\"lavra-2554636969\"><a href=\"https:\/\/sistemas.lavras.mg.gov.br\/portalcidadao\/#df1b1a7c7b2a290bcb31e32771e610784662739a88807c0dacac58ede5f391a7530e299dc302d611ee73cb143fc22eaf93592e53e7b5bdb01b00a0b8d28dae460c141dd2ff83412e4dc1c31b16b25f33144a9e5620ea73b13f5bc1c59411d98439ad226e8af03840603796067d87afe130812cf3de24982d0e306f9e61e764e5\" aria-label=\"Lavras-TV&#8211;720x104px (1) (1)\"><img src=\"https:\/\/lavras.tv\/site\/wp-content\/uploads\/2025\/01\/Lavras-TV-720x104px-1-1.png\" alt=\"\"  srcset=\"https:\/\/lavras.tv\/site\/wp-content\/uploads\/2025\/01\/Lavras-TV-720x104px-1-1.png 720w, https:\/\/lavras.tv\/site\/wp-content\/uploads\/2025\/01\/Lavras-TV-720x104px-1-1-470x68.png 470w, https:\/\/lavras.tv\/site\/wp-content\/uploads\/2025\/01\/Lavras-TV-720x104px-1-1-170x25.png 170w, https:\/\/lavras.tv\/site\/wp-content\/uploads\/2025\/01\/Lavras-TV-720x104px-1-1-200x29.png 200w\" sizes=\"(max-width: 720px) 100vw, 720px\" width=\"720\" height=\"104\"  style=\"display: inline-block;\" \/><\/a><\/div><\/li><li><a href=\"https:\/\/sistemas.lavras.mg.gov.br\/portalcidadao\/#df1b1a7c7b2a290bcb31e32771e610784662739a88807c0dacac58ede5f391a7530e299dc302d611ee73cb143fc22eaf93592e53e7b5bdb01b00a0b8d28dae460c141dd2ff83412e4dc1c31b16b25f33144a9e5620ea73b13f5bc1c59411d98439ad226e8af03840603796067d87afe130812cf3de24982d0e306f9e61e764e5\" aria-label=\"Banner_Emprego_PortallavrasTV\"><img src=\"https:\/\/lavras.tv\/site\/wp-content\/uploads\/2025\/03\/Banner_Emprego_PortallavrasTV.png\" alt=\"\"  srcset=\"https:\/\/lavras.tv\/site\/wp-content\/uploads\/2025\/03\/Banner_Emprego_PortallavrasTV.png 720w, https:\/\/lavras.tv\/site\/wp-content\/uploads\/2025\/03\/Banner_Emprego_PortallavrasTV-470x68.png 470w, https:\/\/lavras.tv\/site\/wp-content\/uploads\/2025\/03\/Banner_Emprego_PortallavrasTV-170x25.png 170w, https:\/\/lavras.tv\/site\/wp-content\/uploads\/2025\/03\/Banner_Emprego_PortallavrasTV-200x29.png 200w\" sizes=\"(max-width: 720px) 100vw, 720px\" width=\"720\" height=\"104\"   \/><\/a><\/li><li><a href=\"https:\/\/sistemas.lavras.mg.gov.br\/portalcidadao\/#df1b1a7c7b2a290bcb31e32771e610784662739a88807c0dacac58ede5f391a7530e299dc302d611ee73cb143fc22eaf93592e53e7b5bdb01b00a0b8d28dae460c141dd2ff83412e4dc1c31b16b25f33144a9e5620ea73b13f5bc1c59411d98439ad226e8af03840603796067d87afe130812cf3de24982d0e306f9e61e764e5\" aria-label=\"Banner_Obras_PortallavrasTV\"><img src=\"https:\/\/lavras.tv\/site\/wp-content\/uploads\/2025\/03\/Banner_Obras_PortallavrasTV.png\" alt=\"\"  srcset=\"https:\/\/lavras.tv\/site\/wp-content\/uploads\/2025\/03\/Banner_Obras_PortallavrasTV.png 720w, https:\/\/lavras.tv\/site\/wp-content\/uploads\/2025\/03\/Banner_Obras_PortallavrasTV-470x68.png 470w, https:\/\/lavras.tv\/site\/wp-content\/uploads\/2025\/03\/Banner_Obras_PortallavrasTV-170x25.png 170w, https:\/\/lavras.tv\/site\/wp-content\/uploads\/2025\/03\/Banner_Obras_PortallavrasTV-200x29.png 200w\" sizes=\"(max-width: 720px) 100vw, 720px\" width=\"720\" height=\"104\"   \/><\/a><\/li><li><div style=\"margin-left: auto;margin-right: auto;text-align: center;\" id=\"lavra-2281496158\"><a href=\"https:\/\/sistemas.lavras.mg.gov.br\/portalcidadao\/#df1b1a7c7b2a290bcb31e32771e610784662739a88807c0dacac58ede5f391a7530e299dc302d611ee73cb143fc22eaf93592e53e7b5bdb01b00a0b8d28dae460c141dd2ff83412e4dc1c31b16b25f33144a9e5620ea73b13f5bc1c59411d98439ad226e8af03840603796067d87afe130812cf3de24982d0e306f9e61e764e5\" aria-label=\"Banner_Educa\u00e7\u00e3o_PortallavrasTV\"><img src=\"https:\/\/lavras.tv\/site\/wp-content\/uploads\/2025\/01\/Banner_Educacao_PortallavrasTV.png\" alt=\"\"  srcset=\"https:\/\/lavras.tv\/site\/wp-content\/uploads\/2025\/01\/Banner_Educacao_PortallavrasTV.png 720w, https:\/\/lavras.tv\/site\/wp-content\/uploads\/2025\/01\/Banner_Educacao_PortallavrasTV-470x68.png 470w, https:\/\/lavras.tv\/site\/wp-content\/uploads\/2025\/01\/Banner_Educacao_PortallavrasTV-170x25.png 170w, https:\/\/lavras.tv\/site\/wp-content\/uploads\/2025\/01\/Banner_Educacao_PortallavrasTV-200x29.png 200w\" sizes=\"(max-width: 720px) 100vw, 720px\" width=\"720\" height=\"104\"  style=\"display: inline-block;\" \/><\/a><\/div><\/li><li><a href=\"https:\/\/sistemas.lavras.mg.gov.br\/portalcidadao\/#df1b1a7c7b2a290bcb31e32771e610784662739a88807c0dacac58ede5f391a7530e299dc302d611ee73cb143fc22eaf93592e53e7b5bdb01b00a0b8d28dae460c141dd2ff83412e4dc1c31b16b25f33144a9e5620ea73b13f5bc1c59411d98439ad226e8af03840603796067d87afe130812cf3de24982d0e306f9e61e764e5\" aria-label=\"Banner_Sa\u00fade_PortallavrasTV\"><img src=\"https:\/\/lavras.tv\/site\/wp-content\/uploads\/2025\/03\/Banner_Saude_PortallavrasTV.png\" alt=\"\"  srcset=\"https:\/\/lavras.tv\/site\/wp-content\/uploads\/2025\/03\/Banner_Saude_PortallavrasTV.png 720w, https:\/\/lavras.tv\/site\/wp-content\/uploads\/2025\/03\/Banner_Saude_PortallavrasTV-470x68.png 470w, https:\/\/lavras.tv\/site\/wp-content\/uploads\/2025\/03\/Banner_Saude_PortallavrasTV-170x25.png 170w, https:\/\/lavras.tv\/site\/wp-content\/uploads\/2025\/03\/Banner_Saude_PortallavrasTV-200x29.png 200w\" sizes=\"(max-width: 720px) 100vw, 720px\" width=\"720\" height=\"104\"   \/><\/a><\/li><li><div id=\"lavra-363177272\" style=\"width:720px;height:104px;background-color:#ddd;overflow:scroll;\">\n\t<strong>Sa\u00edda da depura\u00e7\u00e3o de an\u00fancios<\/strong>\n\t<br><br>\n\tO an\u00fancio n\u00e3o \u00e9 exibido na p\u00e1gina<br><br>post atual: UNILAVRAS realiza Congresso de Enfermagem, ID: 2994<br><br><span style=\"color: red;\">O post atual n\u00e3o \u00e9 id\u00eantico ao post principal.<\/span><br><br>An\u00fancios: ROXO - TOPO INTERNA - ROTATIVO 2 (197)<br \/>Grupo de an\u00fancios: Princ_Meio01_720x104 (27)<br><br>Condi\u00e7\u00f5es de exibi\u00e7\u00e3o<div style=\"margin-bottom: 20px; white-space: pre-wrap; font-family: monospace; width: 100%; background: #ffe9e9;\"><strong>condi\u00e7\u00f5es gerais<\/strong><table border=\"1\"><thead><tr><th><\/th><th>An\u00fancios<\/th><th>wp_the_query<\/th><\/tr><\/thead><tr><td>is_main_query<\/td><td>1<\/td><td>1<\/td><\/tr><tr><td>is_rest_api<\/td><td>0<\/td><td>1<\/td><\/tr><tr><td>page<\/td><td>0<\/td><td>1<\/td><\/tr><tr><td>numpages<\/td><td>0<\/td><td>1<\/td><\/tr><tr><td>is_archive<\/td><td>1<\/td><td><\/td><\/tr><tr><td>is_search<\/td><td>1<\/td><td><\/td><\/tr><tr><td>is_home<\/td><td>1<\/td><td><\/td><\/tr><tr><td>is_404<\/td><td>1<\/td><td><\/td><\/tr><tr><td>is_attachment<\/td><td>1<\/td><td><\/td><\/tr><tr><td>is_singular<\/td><td>1<\/td><td><\/td><\/tr><tr><td>is_front_page<\/td><td>1<\/td><td><\/td><\/tr><tr><td>is_feed<\/td><td>1<\/td><td><\/td><\/tr><\/table><\/div><br><br><span style=\"color: red;\">Seu site usa HTTPS, mas o c\u00f3digo do an\u00fancio cont\u00e9m HTTP e pode n\u00e3o funcionar.<\/span>\t<br><br>\n\t<a style=\"color: green;\" href=\"https:\/\/wpadvancedads.com\/manual\/ad-debug-mode\/?utm_source=advanced-ads&utm_medium=link&utm_campaign=ad-debug-mode\" target=\"_blank\" rel=\"nofollow\">Encontre solu\u00e7\u00f5es no manual<\/a>\n<\/div>\n<\/li><\/ul><\/div><script>( window.advanced_ads_ready || jQuery( document ).ready ).call( null, function() {var $lavraslider3752721580 = jQuery( \".lavra-slider-3752721580\" );$lavraslider3752721580.on( \"unslider.ready\", function() { jQuery( \"div.custom-slider ul li\" ).css( \"display\", \"block\" ); });$lavraslider3752721580.unslider({ delay:4000, autoplay:true, nav:false, arrows:false, infinite:true });$lavraslider3752721580.on(\"mouseover\", function() {$lavraslider3752721580.unslider(\"stop\");}).on(\"mouseout\", function() {$lavraslider3752721580.unslider(\"start\");});});<\/script><\/div><p>O\u00a0<strong>Centro Universit\u00e1rio de Lavras (UNILAVRAS)<\/strong>\u00a0realiza de 24 a 26 de outubro o\u00a0<strong>Congresso de Enfermagem<\/strong>\u00a0da institui\u00e7\u00e3o. O objetivo \u00e9 fornecer aos discentes e docentes do curso de Enfermagem e demais profissionais da \u00e1rea da sa\u00fade, subs\u00eddios para aprimorarem seus conhecimentos te\u00f3ricos e pr\u00e1ticos sobre as tem\u00e1ticas apresentadas.<\/p>\n<p><img fetchpriority=\"high\" decoding=\"async\" class=\"size-full wp-image-2995 aligncenter\" src=\"http:\/\/lavras.tv\/site\/wp-content\/uploads\/2016\/10\/Imagem-link-site-face.jpg\" alt=\"imagem-link-site-face\" width=\"1200\" height=\"630\" srcset=\"https:\/\/lavras.tv\/site\/wp-content\/uploads\/2016\/10\/Imagem-link-site-face.jpg 1200w, https:\/\/lavras.tv\/site\/wp-content\/uploads\/2016\/10\/Imagem-link-site-face-150x79.jpg 150w, https:\/\/lavras.tv\/site\/wp-content\/uploads\/2016\/10\/Imagem-link-site-face-300x158.jpg 300w, https:\/\/lavras.tv\/site\/wp-content\/uploads\/2016\/10\/Imagem-link-site-face-1024x538.jpg 1024w\" sizes=\"(max-width: 1200px) 100vw, 1200px\" \/><\/p>\n<p>Na programa\u00e7\u00e3o est\u00e3o previstas diversas atividades, entre elas, as\u00a0<u>palestras<\/u>\u00a0Atendimento pr\u00e9-hospitalar: 100% trauma (Enf. Emerson Nonato Rezende Teixeira); Cuidados paliativos em Oncologia: reflex\u00f5es para a pr\u00e1tica (Enf. Mestre em Oncologia, Vivian Marina Calixto Damasceno); O parto humanizado assistido pelo enfermeiro (Enf. obstetra Karla Lauriane Coutinho) e os\u00a0<u>minicursos<\/u>\u00a0Simula\u00e7\u00e3o pr\u00e1tica de APH (Equipe BR Vida \u2013 Enf. Emerson Nonato Rezende Teixeira) e Cateter Central de inser\u00e7\u00e3o perif\u00e9rica em rec\u00e9m-nascidos (PICC) \u2013 A pr\u00e1tica do enfermeiro (Enf. Neonatologista Cinthia Lorena Silva Barbosa).<\/p>\n<p>As inscri\u00e7\u00f5es j\u00e1 est\u00e3o abertas e podem ser feitas exclusivamente pelo\u00a0<a href=\"http:\/\/unilavras.edu.br\/congresso-de-enfermagem\/\" data-saferedirecturl=\"https:\/\/www.google.com\/url?hl=pt-BR&amp;q=http:\/\/unilavras.edu.br\/congresso-de-enfermagem\/&amp;source=gmail&amp;ust=1476535930227000&amp;usg=AFQjCNEYZgpN4YgkduMuCdIZ0lAuiRl2aQ\">site do UNILAVRAS<\/a>. O investimento \u00e9 R$ 50 para acad\u00eamicos e t\u00e9cnicos em enfermagem quem se inscreverem at\u00e9 17\/10, e R$ 60 para demais profissionais da sa\u00fade, que se inscreverem tamb\u00e9m nesse per\u00edodo. Mas aten\u00e7\u00e3o, fique atento pois as vagas s\u00e3o limitadas!<\/p>\n<p><strong>Servi\u00e7o<\/strong><\/p>\n<p><strong>Data:<\/strong>\u00a024, 25 e 26\/10\/2016<br \/>\n<strong>Hor\u00e1rio:<\/strong>\u00a019 \u00e0s 23 horas<br \/>\n<strong>Local:<\/strong>\u00a0Audit\u00f3rio I \u2013 Unilavras<br \/>\n<strong>D\u00favidas e informa\u00e7\u00f5es:<\/strong>\u00a0<a href=\"mailto:extensao@unilavras.edu.br\">extensao@unilavras.edu.br<\/a> \u2013 35 3694 8141<\/p>\n","protected":false},"excerpt":{"rendered":"<p>O\u00a0Centro Universit\u00e1rio de Lavras (UNILAVRAS)\u00a0realiza de 24 a 26 de outubro o\u00a0Congresso de Enfermagem\u00a0da institui\u00e7\u00e3o. O objetivo \u00e9 fornecer aos discentes e docentes do curso de Enfermagem e demais profissionais da \u00e1rea da sa\u00fade, subs\u00eddios para aprimorarem seus conhecimentos te\u00f3ricos e pr\u00e1ticos sobre as tem\u00e1ticas apresentadas. Na programa\u00e7\u00e3o est\u00e3o previstas diversas atividades, entre elas, as\u00a0palestras\u00a0Atendimento [&hellip;]<\/p>\n","protected":false},"author":2,"featured_media":2995,"comment_status":"closed","ping_status":"open","sticky":false,"template":"","format":"standard","meta":{"advgb_blocks_editor_width":"","advgb_blocks_columns_visual_guide":"","_exactmetrics_skip_tracking":false,"_exactmetrics_sitenote_active":false,"_exactmetrics_sitenote_note":"","_exactmetrics_sitenote_category":0,"footnotes":""},"categories":[7,2],"tags":[1055,405],"class_list":["post-2994","post","type-post","status-publish","format-standard","has-post-thumbnail","hentry","category-destaques","category-noticias","tag-congresso-enfermagem","tag-unilavras"],"better_featured_image":{"id":2995,"alt_text":"","caption":"","description":"","media_type":"image","media_details":{"width":1200,"height":630,"file":"2016\/10\/Imagem-link-site-face.jpg","sizes":{"thumbnail":{"file":"Imagem-link-site-face-150x79.jpg","width":150,"height":79,"mime-type":"image\/jpeg","source_url":"https:\/\/lavras.tv\/site\/wp-content\/uploads\/2016\/10\/Imagem-link-site-face-150x79.jpg"},"medium":{"file":"Imagem-link-site-face-300x158.jpg","width":300,"height":158,"mime-type":"image\/jpeg","source_url":"https:\/\/lavras.tv\/site\/wp-content\/uploads\/2016\/10\/Imagem-link-site-face-300x158.jpg"},"large":{"file":"Imagem-link-site-face-1024x538.jpg","width":1024,"height":538,"mime-type":"image\/jpeg","source_url":"https:\/\/lavras.tv\/site\/wp-content\/uploads\/2016\/10\/Imagem-link-site-face-1024x538.jpg"},"featured-slider-img":{"file":"Imagem-link-site-face-640x480.jpg","width":640,"height":480,"mime-type":"image\/jpeg","source_url":"https:\/\/lavras.tv\/site\/wp-content\/uploads\/2016\/10\/Imagem-link-site-face-640x480.jpg"},"featured-post-img":{"file":"Imagem-link-site-face-480x320.jpg","width":480,"height":320,"mime-type":"image\/jpeg","source_url":"https:\/\/lavras.tv\/site\/wp-content\/uploads\/2016\/10\/Imagem-link-site-face-480x320.jpg"},"sow-carousel-default":{"file":"Imagem-link-site-face-272x182.jpg","width":272,"height":182,"mime-type":"image\/jpeg","source_url":"https:\/\/lavras.tv\/site\/wp-content\/uploads\/2016\/10\/Imagem-link-site-face-272x182.jpg"}},"image_meta":{"aperture":"0","credit":"","camera":"","caption":"","created_timestamp":"0","copyright":"","focal_length":"0","iso":"0","shutter_speed":"0","title":"","orientation":"0","keywords":[]}},"post":2994,"source_url":"https:\/\/lavras.tv\/site\/wp-content\/uploads\/2016\/10\/Imagem-link-site-face.jpg"},"author_meta":{"display_name":"Lavras TV","author_link":"https:\/\/lavras.tv\/site\/author\/lavrastv\/"},"featured_img":"https:\/\/lavras.tv\/site\/wp-content\/uploads\/2016\/10\/Imagem-link-site-face-300x158.jpg","coauthors":[],"tax_additional":{"categories":{"linked":["<a href=\"https:\/\/lavras.tv\/site\/category\/destaques\/\" class=\"advgb-post-tax-term\">Destaques<\/a>","<a href=\"https:\/\/lavras.tv\/site\/category\/noticias\/\" class=\"advgb-post-tax-term\">Not\u00edcias<\/a>"],"unlinked":["<span class=\"advgb-post-tax-term\">Destaques<\/span>","<span class=\"advgb-post-tax-term\">Not\u00edcias<\/span>"]},"tags":{"linked":["<a href=\"https:\/\/lavras.tv\/site\/category\/noticias\/\" class=\"advgb-post-tax-term\">congresso enfermagem<\/a>","<a href=\"https:\/\/lavras.tv\/site\/category\/noticias\/\" class=\"advgb-post-tax-term\">unilavras<\/a>"],"unlinked":["<span class=\"advgb-post-tax-term\">congresso enfermagem<\/span>","<span class=\"advgb-post-tax-term\">unilavras<\/span>"]}},"comment_count":"0","relative_dates":{"created":"Publicado 10 anos atr\u00e1s","modified":"Atualizado 10 anos atr\u00e1s"},"absolute_dates":{"created":"Publicado em 14 de outubro de 2016","modified":"Atualizado em 14 de outubro de 2016"},"absolute_dates_time":{"created":"Publicado em 14 de outubro de 2016 09:54","modified":"Atualizado em 14 de outubro de 2016 09:54"},"featured_img_caption":"","series_order":"","_links":{"self":[{"href":"https:\/\/lavras.tv\/site\/wp-json\/wp\/v2\/posts\/2994","targetHints":{"allow":["GET"]}}],"collection":[{"href":"https:\/\/lavras.tv\/site\/wp-json\/wp\/v2\/posts"}],"about":[{"href":"https:\/\/lavras.tv\/site\/wp-json\/wp\/v2\/types\/post"}],"author":[{"embeddable":true,"href":"https:\/\/lavras.tv\/site\/wp-json\/wp\/v2\/users\/2"}],"replies":[{"embeddable":true,"href":"https:\/\/lavras.tv\/site\/wp-json\/wp\/v2\/comments?post=2994"}],"version-history":[{"count":1,"href":"https:\/\/lavras.tv\/site\/wp-json\/wp\/v2\/posts\/2994\/revisions"}],"predecessor-version":[{"id":2996,"href":"https:\/\/lavras.tv\/site\/wp-json\/wp\/v2\/posts\/2994\/revisions\/2996"}],"wp:featuredmedia":[{"embeddable":true,"href":"https:\/\/lavras.tv\/site\/wp-json\/wp\/v2\/media\/2995"}],"wp:attachment":[{"href":"https:\/\/lavras.tv\/site\/wp-json\/wp\/v2\/media?parent=2994"}],"wp:term":[{"taxonomy":"category","embeddable":true,"href":"https:\/\/lavras.tv\/site\/wp-json\/wp\/v2\/categories?post=2994"},{"taxonomy":"post_tag","embeddable":true,"href":"https:\/\/lavras.tv\/site\/wp-json\/wp\/v2\/tags?post=2994"}],"curies":[{"name":"wp","href":"https:\/\/api.w.org\/{rel}","templated":true}]}}