{"id":2997,"date":"2016-10-14T09:59:13","date_gmt":"2016-10-14T12:59:13","guid":{"rendered":"http:\/\/lavras.tv\/site\/?p=2997"},"modified":"2016-10-14T10:08:39","modified_gmt":"2016-10-14T13:08:39","slug":"fifa-anuncia-que-premio-de-melhor-do-mundo-sera-entregue-em-9-de-janeiro","status":"publish","type":"post","link":"https:\/\/lavras.tv\/site\/2016\/10\/14\/fifa-anuncia-que-premio-de-melhor-do-mundo-sera-entregue-em-9-de-janeiro\/","title":{"rendered":"Fifa anuncia que pr\u00eamio de melhor do mundo ser\u00e1 entregue em 9 de janeiro"},"content":{"rendered":"<div class=\"lavra-antes-do-conteudo_2\" id=\"lavra-639594658\"><div id=\"lavra-slider-27\" class=\"custom-slider lavra-slider-1321127447 lavra-slider\"><ul><li><div style=\"margin-left: auto;margin-right: auto;text-align: center;\" id=\"lavra-3619321125\"><a href=\"https:\/\/sistemas.lavras.mg.gov.br\/portalcidadao\/#df1b1a7c7b2a290bcb31e32771e610784662739a88807c0dacac58ede5f391a7530e299dc302d611ee73cb143fc22eaf93592e53e7b5bdb01b00a0b8d28dae460c141dd2ff83412e4dc1c31b16b25f33144a9e5620ea73b13f5bc1c59411d98439ad226e8af03840603796067d87afe130812cf3de24982d0e306f9e61e764e5\" aria-label=\"Lavras-TV&#8211;720x104px (1) (1)\"><img src=\"https:\/\/lavras.tv\/site\/wp-content\/uploads\/2025\/01\/Lavras-TV-720x104px-1-1.png\" alt=\"\"  srcset=\"https:\/\/lavras.tv\/site\/wp-content\/uploads\/2025\/01\/Lavras-TV-720x104px-1-1.png 720w, https:\/\/lavras.tv\/site\/wp-content\/uploads\/2025\/01\/Lavras-TV-720x104px-1-1-470x68.png 470w, https:\/\/lavras.tv\/site\/wp-content\/uploads\/2025\/01\/Lavras-TV-720x104px-1-1-170x25.png 170w, https:\/\/lavras.tv\/site\/wp-content\/uploads\/2025\/01\/Lavras-TV-720x104px-1-1-200x29.png 200w\" sizes=\"(max-width: 720px) 100vw, 720px\" width=\"720\" height=\"104\"  style=\"display: inline-block;\" \/><\/a><\/div><\/li><li><a href=\"https:\/\/sistemas.lavras.mg.gov.br\/portalcidadao\/#df1b1a7c7b2a290bcb31e32771e610784662739a88807c0dacac58ede5f391a7530e299dc302d611ee73cb143fc22eaf93592e53e7b5bdb01b00a0b8d28dae460c141dd2ff83412e4dc1c31b16b25f33144a9e5620ea73b13f5bc1c59411d98439ad226e8af03840603796067d87afe130812cf3de24982d0e306f9e61e764e5\" aria-label=\"Banner_Emprego_PortallavrasTV\"><img src=\"https:\/\/lavras.tv\/site\/wp-content\/uploads\/2025\/03\/Banner_Emprego_PortallavrasTV.png\" alt=\"\"  srcset=\"https:\/\/lavras.tv\/site\/wp-content\/uploads\/2025\/03\/Banner_Emprego_PortallavrasTV.png 720w, https:\/\/lavras.tv\/site\/wp-content\/uploads\/2025\/03\/Banner_Emprego_PortallavrasTV-470x68.png 470w, https:\/\/lavras.tv\/site\/wp-content\/uploads\/2025\/03\/Banner_Emprego_PortallavrasTV-170x25.png 170w, https:\/\/lavras.tv\/site\/wp-content\/uploads\/2025\/03\/Banner_Emprego_PortallavrasTV-200x29.png 200w\" sizes=\"(max-width: 720px) 100vw, 720px\" width=\"720\" height=\"104\"   \/><\/a><\/li><li><a href=\"https:\/\/sistemas.lavras.mg.gov.br\/portalcidadao\/#df1b1a7c7b2a290bcb31e32771e610784662739a88807c0dacac58ede5f391a7530e299dc302d611ee73cb143fc22eaf93592e53e7b5bdb01b00a0b8d28dae460c141dd2ff83412e4dc1c31b16b25f33144a9e5620ea73b13f5bc1c59411d98439ad226e8af03840603796067d87afe130812cf3de24982d0e306f9e61e764e5\" aria-label=\"Banner_Obras_PortallavrasTV\"><img src=\"https:\/\/lavras.tv\/site\/wp-content\/uploads\/2025\/03\/Banner_Obras_PortallavrasTV.png\" alt=\"\"  srcset=\"https:\/\/lavras.tv\/site\/wp-content\/uploads\/2025\/03\/Banner_Obras_PortallavrasTV.png 720w, https:\/\/lavras.tv\/site\/wp-content\/uploads\/2025\/03\/Banner_Obras_PortallavrasTV-470x68.png 470w, https:\/\/lavras.tv\/site\/wp-content\/uploads\/2025\/03\/Banner_Obras_PortallavrasTV-170x25.png 170w, https:\/\/lavras.tv\/site\/wp-content\/uploads\/2025\/03\/Banner_Obras_PortallavrasTV-200x29.png 200w\" sizes=\"(max-width: 720px) 100vw, 720px\" width=\"720\" height=\"104\"   \/><\/a><\/li><li><div style=\"margin-left: auto;margin-right: auto;text-align: center;\" id=\"lavra-2676877797\"><a href=\"https:\/\/sistemas.lavras.mg.gov.br\/portalcidadao\/#df1b1a7c7b2a290bcb31e32771e610784662739a88807c0dacac58ede5f391a7530e299dc302d611ee73cb143fc22eaf93592e53e7b5bdb01b00a0b8d28dae460c141dd2ff83412e4dc1c31b16b25f33144a9e5620ea73b13f5bc1c59411d98439ad226e8af03840603796067d87afe130812cf3de24982d0e306f9e61e764e5\" aria-label=\"Banner_Educa\u00e7\u00e3o_PortallavrasTV\"><img src=\"https:\/\/lavras.tv\/site\/wp-content\/uploads\/2025\/01\/Banner_Educacao_PortallavrasTV.png\" alt=\"\"  srcset=\"https:\/\/lavras.tv\/site\/wp-content\/uploads\/2025\/01\/Banner_Educacao_PortallavrasTV.png 720w, https:\/\/lavras.tv\/site\/wp-content\/uploads\/2025\/01\/Banner_Educacao_PortallavrasTV-470x68.png 470w, https:\/\/lavras.tv\/site\/wp-content\/uploads\/2025\/01\/Banner_Educacao_PortallavrasTV-170x25.png 170w, https:\/\/lavras.tv\/site\/wp-content\/uploads\/2025\/01\/Banner_Educacao_PortallavrasTV-200x29.png 200w\" sizes=\"(max-width: 720px) 100vw, 720px\" width=\"720\" height=\"104\"  style=\"display: inline-block;\" \/><\/a><\/div><\/li><li><a href=\"https:\/\/sistemas.lavras.mg.gov.br\/portalcidadao\/#df1b1a7c7b2a290bcb31e32771e610784662739a88807c0dacac58ede5f391a7530e299dc302d611ee73cb143fc22eaf93592e53e7b5bdb01b00a0b8d28dae460c141dd2ff83412e4dc1c31b16b25f33144a9e5620ea73b13f5bc1c59411d98439ad226e8af03840603796067d87afe130812cf3de24982d0e306f9e61e764e5\" aria-label=\"Banner_Sa\u00fade_PortallavrasTV\"><img src=\"https:\/\/lavras.tv\/site\/wp-content\/uploads\/2025\/03\/Banner_Saude_PortallavrasTV.png\" alt=\"\"  srcset=\"https:\/\/lavras.tv\/site\/wp-content\/uploads\/2025\/03\/Banner_Saude_PortallavrasTV.png 720w, https:\/\/lavras.tv\/site\/wp-content\/uploads\/2025\/03\/Banner_Saude_PortallavrasTV-470x68.png 470w, https:\/\/lavras.tv\/site\/wp-content\/uploads\/2025\/03\/Banner_Saude_PortallavrasTV-170x25.png 170w, https:\/\/lavras.tv\/site\/wp-content\/uploads\/2025\/03\/Banner_Saude_PortallavrasTV-200x29.png 200w\" sizes=\"(max-width: 720px) 100vw, 720px\" width=\"720\" height=\"104\"   \/><\/a><\/li><li><div id=\"lavra-3916548931\" style=\"width:720px;height:104px;background-color:#ddd;overflow:scroll;\">\n\t<strong>Sa\u00edda da depura\u00e7\u00e3o de an\u00fancios<\/strong>\n\t<br><br>\n\tO an\u00fancio n\u00e3o \u00e9 exibido na p\u00e1gina<br><br>post atual: Fifa anuncia que pr\u00eamio de melhor do mundo ser\u00e1 entregue em 9 de janeiro, ID: 2997<br><br><span style=\"color: red;\">O post atual n\u00e3o \u00e9 id\u00eantico ao post principal.<\/span><br><br>An\u00fancios: ROXO - TOPO INTERNA - ROTATIVO 2 (197)<br \/>Grupo de an\u00fancios: Princ_Meio01_720x104 (27)<br><br>Condi\u00e7\u00f5es de exibi\u00e7\u00e3o<div style=\"margin-bottom: 20px; white-space: pre-wrap; font-family: monospace; width: 100%; background: #ffe9e9;\"><strong>condi\u00e7\u00f5es gerais<\/strong><table border=\"1\"><thead><tr><th><\/th><th>An\u00fancios<\/th><th>wp_the_query<\/th><\/tr><\/thead><tr><td>is_main_query<\/td><td>1<\/td><td>1<\/td><\/tr><tr><td>is_rest_api<\/td><td>0<\/td><td>1<\/td><\/tr><tr><td>page<\/td><td>0<\/td><td>1<\/td><\/tr><tr><td>numpages<\/td><td>0<\/td><td>1<\/td><\/tr><tr><td>is_archive<\/td><td>1<\/td><td><\/td><\/tr><tr><td>is_search<\/td><td>1<\/td><td><\/td><\/tr><tr><td>is_home<\/td><td>1<\/td><td><\/td><\/tr><tr><td>is_404<\/td><td>1<\/td><td><\/td><\/tr><tr><td>is_attachment<\/td><td>1<\/td><td><\/td><\/tr><tr><td>is_singular<\/td><td>1<\/td><td><\/td><\/tr><tr><td>is_front_page<\/td><td>1<\/td><td><\/td><\/tr><tr><td>is_feed<\/td><td>1<\/td><td><\/td><\/tr><\/table><\/div><br><br><span style=\"color: red;\">Seu site usa HTTPS, mas o c\u00f3digo do an\u00fancio cont\u00e9m HTTP e pode n\u00e3o funcionar.<\/span>\t<br><br>\n\t<a style=\"color: green;\" href=\"https:\/\/wpadvancedads.com\/manual\/ad-debug-mode\/?utm_source=advanced-ads&utm_medium=link&utm_campaign=ad-debug-mode\" target=\"_blank\" rel=\"nofollow\">Encontre solu\u00e7\u00f5es no manual<\/a>\n<\/div>\n<\/li><\/ul><\/div><script>( window.advanced_ads_ready || jQuery( document ).ready ).call( null, function() {var $lavraslider1321127447 = jQuery( \".lavra-slider-1321127447\" );$lavraslider1321127447.on( \"unslider.ready\", function() { jQuery( \"div.custom-slider ul li\" ).css( \"display\", \"block\" ); });$lavraslider1321127447.unslider({ delay:4000, autoplay:true, nav:false, arrows:false, infinite:true });$lavraslider1321127447.on(\"mouseover\", function() {$lavraslider1321127447.unslider(\"stop\");}).on(\"mouseout\", function() {$lavraslider1321127447.unslider(\"start\");});});<\/script><\/div><p>A Fifa n\u00e3o mexer\u00e1 em sua tradi\u00e7\u00e3o de entregar o pr\u00eamio de melhor jogador do planeta nos primeiros dias de janeiro. A entidade anunciou nesta sexta-feira que o trof\u00e9u individual mais cobi\u00e7ado do mundo do futebol ser\u00e1 entregue no dia 9 de janeiro do ano que vem, em cerim\u00f4nia realizada em Zurique, onde fica sua sede.<img fetchpriority=\"high\" decoding=\"async\" class=\"size-full wp-image-2998 aligncenter\" src=\"http:\/\/lavras.tv\/site\/wp-content\/uploads\/2016\/10\/messi_premio_2009_get.jpg\" alt=\"messi_premio_2009_get\" width=\"690\" height=\"436\" srcset=\"https:\/\/lavras.tv\/site\/wp-content\/uploads\/2016\/10\/messi_premio_2009_get.jpg 690w, https:\/\/lavras.tv\/site\/wp-content\/uploads\/2016\/10\/messi_premio_2009_get-150x95.jpg 150w, https:\/\/lavras.tv\/site\/wp-content\/uploads\/2016\/10\/messi_premio_2009_get-300x190.jpg 300w\" sizes=\"(max-width: 690px) 100vw, 690px\" \/><\/p>\n<p>Ap\u00f3s reuni\u00e3o do Comit\u00ea Executivo nesta semana, a Fifa tamb\u00e9m definiu que dar\u00e1 espa\u00e7o ao torcedor na escolha do melhor jogador do mundo, em uma tentativa de reaproxima\u00e7\u00e3o da organiza\u00e7\u00e3o com os f\u00e3s. A elei\u00e7\u00e3o da edi\u00e7\u00e3o deste ano contar\u00e1 com a ajuda do voto popular &#8211; embora a entidade ainda n\u00e3o tenha divulgado como far\u00e1 para dar voz aos torcedores na escolha.<\/p>\n<p>Esta ser\u00e1 a primeira edi\u00e7\u00e3o da premia\u00e7\u00e3o depois da separa\u00e7\u00e3o da tradicional Bola de Ouro, entregue pela revista &#8220;France Football&#8221;, que era parceira da organiza\u00e7\u00e3o desde 2010. O pr\u00eamio da entidade m\u00e1xima do futebol mundial deve passar a se chamar &#8220;Fifa&#8217;s Best&#8221; (Melhor da Fifa) e, a princ\u00edpio, continuar\u00e1 com seu modelo de vota\u00e7\u00e3o, entre capit\u00e3es e treinadores das sele\u00e7\u00f5es mundiais e jornalistas de cada pa\u00eds federado.<\/p>\n<p>Vencedores de todas as edi\u00e7\u00f5es desde que a parceria com a Bola de Ouro foi estabelecida, Messi e Cristiano Ronaldo tamb\u00e9m pintam como favoritos a levar o trof\u00e9u relativo ao ano de 2016. O argentino j\u00e1 ganhou o pr\u00eamio da Fifa em cinco oportunidades (2009, 2010, 2011, 2012 e 2015), e o portugu\u00eas conquistou tr\u00eas trof\u00e9us (2008, 2013, 2014). O franc\u00eas Griezmann pinta como um dos candidatos a figurar entre os tr\u00eas finalistas.<\/p>\n<p>&nbsp;<\/p>\n<p>Fonte: Globo Esporte<\/p>\n","protected":false},"excerpt":{"rendered":"<p>A Fifa n\u00e3o mexer\u00e1 em sua tradi\u00e7\u00e3o de entregar o pr\u00eamio de melhor jogador do planeta nos primeiros dias de janeiro. A entidade anunciou nesta sexta-feira que o trof\u00e9u individual mais cobi\u00e7ado do mundo do futebol ser\u00e1 entregue no dia 9 de janeiro do ano que vem, em cerim\u00f4nia realizada em Zurique, onde fica sua [&hellip;]<\/p>\n","protected":false},"author":2,"featured_media":2998,"comment_status":"closed","ping_status":"open","sticky":false,"template":"","format":"standard","meta":{"advgb_blocks_editor_width":"","advgb_blocks_columns_visual_guide":"","_exactmetrics_skip_tracking":false,"_exactmetrics_sitenote_active":false,"_exactmetrics_sitenote_note":"","_exactmetrics_sitenote_category":0,"footnotes":""},"categories":[3],"tags":[967,1056],"class_list":["post-2997","post","type-post","status-publish","format-standard","has-post-thumbnail","hentry","category-esportes","tag-fifa","tag-melhor-do-ano"],"better_featured_image":{"id":2998,"alt_text":"","caption":"","description":"","media_type":"image","media_details":{"width":690,"height":436,"file":"2016\/10\/messi_premio_2009_get.jpg","sizes":{"thumbnail":{"file":"messi_premio_2009_get-150x95.jpg","width":150,"height":95,"mime-type":"image\/jpeg","source_url":"https:\/\/lavras.tv\/site\/wp-content\/uploads\/2016\/10\/messi_premio_2009_get-150x95.jpg"},"medium":{"file":"messi_premio_2009_get-300x190.jpg","width":300,"height":190,"mime-type":"image\/jpeg","source_url":"https:\/\/lavras.tv\/site\/wp-content\/uploads\/2016\/10\/messi_premio_2009_get-300x190.jpg"},"featured-slider-img":{"file":"messi_premio_2009_get-640x436.jpg","width":640,"height":436,"mime-type":"image\/jpeg","source_url":"https:\/\/lavras.tv\/site\/wp-content\/uploads\/2016\/10\/messi_premio_2009_get-640x436.jpg"},"featured-post-img":{"file":"messi_premio_2009_get-480x320.jpg","width":480,"height":320,"mime-type":"image\/jpeg","source_url":"https:\/\/lavras.tv\/site\/wp-content\/uploads\/2016\/10\/messi_premio_2009_get-480x320.jpg"},"sow-carousel-default":{"file":"messi_premio_2009_get-272x182.jpg","width":272,"height":182,"mime-type":"image\/jpeg","source_url":"https:\/\/lavras.tv\/site\/wp-content\/uploads\/2016\/10\/messi_premio_2009_get-272x182.jpg"}},"image_meta":{"aperture":"0","credit":"","camera":"","caption":"","created_timestamp":"0","copyright":"","focal_length":"0","iso":"0","shutter_speed":"0","title":"","orientation":"0","keywords":[]}},"post":2997,"source_url":"https:\/\/lavras.tv\/site\/wp-content\/uploads\/2016\/10\/messi_premio_2009_get.jpg"},"author_meta":{"display_name":"Lavras TV","author_link":"https:\/\/lavras.tv\/site\/author\/lavrastv\/"},"featured_img":"https:\/\/lavras.tv\/site\/wp-content\/uploads\/2016\/10\/messi_premio_2009_get-300x190.jpg","coauthors":[],"tax_additional":{"categories":{"linked":["<a href=\"https:\/\/lavras.tv\/site\/category\/esportes\/\" class=\"advgb-post-tax-term\">Esportes<\/a>"],"unlinked":["<span class=\"advgb-post-tax-term\">Esportes<\/span>"]},"tags":{"linked":["<a href=\"https:\/\/lavras.tv\/site\/category\/esportes\/\" class=\"advgb-post-tax-term\">fifa<\/a>","<a href=\"https:\/\/lavras.tv\/site\/category\/esportes\/\" class=\"advgb-post-tax-term\">melhor do ano<\/a>"],"unlinked":["<span class=\"advgb-post-tax-term\">fifa<\/span>","<span class=\"advgb-post-tax-term\">melhor do ano<\/span>"]}},"comment_count":"0","relative_dates":{"created":"Publicado 10 anos atr\u00e1s","modified":"Atualizado 10 anos atr\u00e1s"},"absolute_dates":{"created":"Publicado em 14 de outubro de 2016","modified":"Atualizado em 14 de outubro de 2016"},"absolute_dates_time":{"created":"Publicado em 14 de outubro de 2016 09:59","modified":"Atualizado em 14 de outubro de 2016 10:08"},"featured_img_caption":"","series_order":"","_links":{"self":[{"href":"https:\/\/lavras.tv\/site\/wp-json\/wp\/v2\/posts\/2997","targetHints":{"allow":["GET"]}}],"collection":[{"href":"https:\/\/lavras.tv\/site\/wp-json\/wp\/v2\/posts"}],"about":[{"href":"https:\/\/lavras.tv\/site\/wp-json\/wp\/v2\/types\/post"}],"author":[{"embeddable":true,"href":"https:\/\/lavras.tv\/site\/wp-json\/wp\/v2\/users\/2"}],"replies":[{"embeddable":true,"href":"https:\/\/lavras.tv\/site\/wp-json\/wp\/v2\/comments?post=2997"}],"version-history":[{"count":1,"href":"https:\/\/lavras.tv\/site\/wp-json\/wp\/v2\/posts\/2997\/revisions"}],"predecessor-version":[{"id":2999,"href":"https:\/\/lavras.tv\/site\/wp-json\/wp\/v2\/posts\/2997\/revisions\/2999"}],"wp:featuredmedia":[{"embeddable":true,"href":"https:\/\/lavras.tv\/site\/wp-json\/wp\/v2\/media\/2998"}],"wp:attachment":[{"href":"https:\/\/lavras.tv\/site\/wp-json\/wp\/v2\/media?parent=2997"}],"wp:term":[{"taxonomy":"category","embeddable":true,"href":"https:\/\/lavras.tv\/site\/wp-json\/wp\/v2\/categories?post=2997"},{"taxonomy":"post_tag","embeddable":true,"href":"https:\/\/lavras.tv\/site\/wp-json\/wp\/v2\/tags?post=2997"}],"curies":[{"name":"wp","href":"https:\/\/api.w.org\/{rel}","templated":true}]}}