{"id":3007,"date":"2016-10-14T16:29:24","date_gmt":"2016-10-14T19:29:24","guid":{"rendered":"http:\/\/lavras.tv\/site\/?p=3007"},"modified":"2016-10-14T16:29:24","modified_gmt":"2016-10-14T19:29:24","slug":"brasil-x-argentina-ja-comecou-as-duas-selecoes-querem-o-ct-do-atletico-mg","status":"publish","type":"post","link":"https:\/\/lavras.tv\/site\/2016\/10\/14\/brasil-x-argentina-ja-comecou-as-duas-selecoes-querem-o-ct-do-atletico-mg\/","title":{"rendered":"Brasil x Argentina j\u00e1 come\u00e7ou: as duas sele\u00e7\u00f5es querem o CT do Atl\u00e9tico-MG"},"content":{"rendered":"<div class=\"lavra-antes-do-conteudo_2\" id=\"lavra-37269244\"><div id=\"lavra-slider-27\" class=\"custom-slider lavra-slider-4069838408 lavra-slider\"><ul><li><div style=\"margin-left: auto;margin-right: auto;text-align: center;\" id=\"lavra-1984251170\"><a href=\"https:\/\/sistemas.lavras.mg.gov.br\/portalcidadao\/#df1b1a7c7b2a290bcb31e32771e610784662739a88807c0dacac58ede5f391a7530e299dc302d611ee73cb143fc22eaf93592e53e7b5bdb01b00a0b8d28dae460c141dd2ff83412e4dc1c31b16b25f33144a9e5620ea73b13f5bc1c59411d98439ad226e8af03840603796067d87afe130812cf3de24982d0e306f9e61e764e5\" aria-label=\"Lavras-TV&#8211;720x104px (1) (1)\"><img src=\"https:\/\/lavras.tv\/site\/wp-content\/uploads\/2025\/01\/Lavras-TV-720x104px-1-1.png\" alt=\"\"  srcset=\"https:\/\/lavras.tv\/site\/wp-content\/uploads\/2025\/01\/Lavras-TV-720x104px-1-1.png 720w, https:\/\/lavras.tv\/site\/wp-content\/uploads\/2025\/01\/Lavras-TV-720x104px-1-1-470x68.png 470w, https:\/\/lavras.tv\/site\/wp-content\/uploads\/2025\/01\/Lavras-TV-720x104px-1-1-170x25.png 170w, https:\/\/lavras.tv\/site\/wp-content\/uploads\/2025\/01\/Lavras-TV-720x104px-1-1-200x29.png 200w\" sizes=\"(max-width: 720px) 100vw, 720px\" width=\"720\" height=\"104\"  style=\"display: inline-block;\" \/><\/a><\/div><\/li><li><a href=\"https:\/\/sistemas.lavras.mg.gov.br\/portalcidadao\/#df1b1a7c7b2a290bcb31e32771e610784662739a88807c0dacac58ede5f391a7530e299dc302d611ee73cb143fc22eaf93592e53e7b5bdb01b00a0b8d28dae460c141dd2ff83412e4dc1c31b16b25f33144a9e5620ea73b13f5bc1c59411d98439ad226e8af03840603796067d87afe130812cf3de24982d0e306f9e61e764e5\" aria-label=\"Banner_Emprego_PortallavrasTV\"><img src=\"https:\/\/lavras.tv\/site\/wp-content\/uploads\/2025\/03\/Banner_Emprego_PortallavrasTV.png\" alt=\"\"  srcset=\"https:\/\/lavras.tv\/site\/wp-content\/uploads\/2025\/03\/Banner_Emprego_PortallavrasTV.png 720w, https:\/\/lavras.tv\/site\/wp-content\/uploads\/2025\/03\/Banner_Emprego_PortallavrasTV-470x68.png 470w, https:\/\/lavras.tv\/site\/wp-content\/uploads\/2025\/03\/Banner_Emprego_PortallavrasTV-170x25.png 170w, https:\/\/lavras.tv\/site\/wp-content\/uploads\/2025\/03\/Banner_Emprego_PortallavrasTV-200x29.png 200w\" sizes=\"(max-width: 720px) 100vw, 720px\" width=\"720\" height=\"104\"   \/><\/a><\/li><li><a href=\"https:\/\/sistemas.lavras.mg.gov.br\/portalcidadao\/#df1b1a7c7b2a290bcb31e32771e610784662739a88807c0dacac58ede5f391a7530e299dc302d611ee73cb143fc22eaf93592e53e7b5bdb01b00a0b8d28dae460c141dd2ff83412e4dc1c31b16b25f33144a9e5620ea73b13f5bc1c59411d98439ad226e8af03840603796067d87afe130812cf3de24982d0e306f9e61e764e5\" aria-label=\"Banner_Obras_PortallavrasTV\"><img src=\"https:\/\/lavras.tv\/site\/wp-content\/uploads\/2025\/03\/Banner_Obras_PortallavrasTV.png\" alt=\"\"  srcset=\"https:\/\/lavras.tv\/site\/wp-content\/uploads\/2025\/03\/Banner_Obras_PortallavrasTV.png 720w, https:\/\/lavras.tv\/site\/wp-content\/uploads\/2025\/03\/Banner_Obras_PortallavrasTV-470x68.png 470w, https:\/\/lavras.tv\/site\/wp-content\/uploads\/2025\/03\/Banner_Obras_PortallavrasTV-170x25.png 170w, https:\/\/lavras.tv\/site\/wp-content\/uploads\/2025\/03\/Banner_Obras_PortallavrasTV-200x29.png 200w\" sizes=\"(max-width: 720px) 100vw, 720px\" width=\"720\" height=\"104\"   \/><\/a><\/li><li><div style=\"margin-left: auto;margin-right: auto;text-align: center;\" id=\"lavra-4197359970\"><a href=\"https:\/\/sistemas.lavras.mg.gov.br\/portalcidadao\/#df1b1a7c7b2a290bcb31e32771e610784662739a88807c0dacac58ede5f391a7530e299dc302d611ee73cb143fc22eaf93592e53e7b5bdb01b00a0b8d28dae460c141dd2ff83412e4dc1c31b16b25f33144a9e5620ea73b13f5bc1c59411d98439ad226e8af03840603796067d87afe130812cf3de24982d0e306f9e61e764e5\" aria-label=\"Banner_Educa\u00e7\u00e3o_PortallavrasTV\"><img src=\"https:\/\/lavras.tv\/site\/wp-content\/uploads\/2025\/01\/Banner_Educacao_PortallavrasTV.png\" alt=\"\"  srcset=\"https:\/\/lavras.tv\/site\/wp-content\/uploads\/2025\/01\/Banner_Educacao_PortallavrasTV.png 720w, https:\/\/lavras.tv\/site\/wp-content\/uploads\/2025\/01\/Banner_Educacao_PortallavrasTV-470x68.png 470w, https:\/\/lavras.tv\/site\/wp-content\/uploads\/2025\/01\/Banner_Educacao_PortallavrasTV-170x25.png 170w, https:\/\/lavras.tv\/site\/wp-content\/uploads\/2025\/01\/Banner_Educacao_PortallavrasTV-200x29.png 200w\" sizes=\"(max-width: 720px) 100vw, 720px\" width=\"720\" height=\"104\"  style=\"display: inline-block;\" \/><\/a><\/div><\/li><li><a href=\"https:\/\/sistemas.lavras.mg.gov.br\/portalcidadao\/#df1b1a7c7b2a290bcb31e32771e610784662739a88807c0dacac58ede5f391a7530e299dc302d611ee73cb143fc22eaf93592e53e7b5bdb01b00a0b8d28dae460c141dd2ff83412e4dc1c31b16b25f33144a9e5620ea73b13f5bc1c59411d98439ad226e8af03840603796067d87afe130812cf3de24982d0e306f9e61e764e5\" aria-label=\"Banner_Sa\u00fade_PortallavrasTV\"><img src=\"https:\/\/lavras.tv\/site\/wp-content\/uploads\/2025\/03\/Banner_Saude_PortallavrasTV.png\" alt=\"\"  srcset=\"https:\/\/lavras.tv\/site\/wp-content\/uploads\/2025\/03\/Banner_Saude_PortallavrasTV.png 720w, https:\/\/lavras.tv\/site\/wp-content\/uploads\/2025\/03\/Banner_Saude_PortallavrasTV-470x68.png 470w, https:\/\/lavras.tv\/site\/wp-content\/uploads\/2025\/03\/Banner_Saude_PortallavrasTV-170x25.png 170w, https:\/\/lavras.tv\/site\/wp-content\/uploads\/2025\/03\/Banner_Saude_PortallavrasTV-200x29.png 200w\" sizes=\"(max-width: 720px) 100vw, 720px\" width=\"720\" height=\"104\"   \/><\/a><\/li><li><div id=\"lavra-986583987\" style=\"width:720px;height:104px;background-color:#ddd;overflow:scroll;\">\n\t<strong>Sa\u00edda da depura\u00e7\u00e3o de an\u00fancios<\/strong>\n\t<br><br>\n\tO an\u00fancio n\u00e3o \u00e9 exibido na p\u00e1gina<br><br>post atual: Brasil x Argentina j\u00e1 come\u00e7ou: as duas sele\u00e7\u00f5es querem o CT do Atl\u00e9tico-MG, ID: 3007<br><br><span style=\"color: red;\">O post atual n\u00e3o \u00e9 id\u00eantico ao post principal.<\/span><br><br>An\u00fancios: ROXO - TOPO INTERNA - ROTATIVO 2 (197)<br \/>Grupo de an\u00fancios: Princ_Meio01_720x104 (27)<br><br>Condi\u00e7\u00f5es de exibi\u00e7\u00e3o<div style=\"margin-bottom: 20px; white-space: pre-wrap; font-family: monospace; width: 100%; background: #ffe9e9;\"><strong>condi\u00e7\u00f5es gerais<\/strong><table border=\"1\"><thead><tr><th><\/th><th>An\u00fancios<\/th><th>wp_the_query<\/th><\/tr><\/thead><tr><td>is_main_query<\/td><td>1<\/td><td>1<\/td><\/tr><tr><td>is_rest_api<\/td><td>0<\/td><td>1<\/td><\/tr><tr><td>page<\/td><td>0<\/td><td>1<\/td><\/tr><tr><td>numpages<\/td><td>0<\/td><td>1<\/td><\/tr><tr><td>is_archive<\/td><td>1<\/td><td><\/td><\/tr><tr><td>is_search<\/td><td>1<\/td><td><\/td><\/tr><tr><td>is_home<\/td><td>1<\/td><td><\/td><\/tr><tr><td>is_404<\/td><td>1<\/td><td><\/td><\/tr><tr><td>is_attachment<\/td><td>1<\/td><td><\/td><\/tr><tr><td>is_singular<\/td><td>1<\/td><td><\/td><\/tr><tr><td>is_front_page<\/td><td>1<\/td><td><\/td><\/tr><tr><td>is_feed<\/td><td>1<\/td><td><\/td><\/tr><\/table><\/div><br><br><span style=\"color: red;\">Seu site usa HTTPS, mas o c\u00f3digo do an\u00fancio cont\u00e9m HTTP e pode n\u00e3o funcionar.<\/span>\t<br><br>\n\t<a style=\"color: green;\" href=\"https:\/\/wpadvancedads.com\/manual\/ad-debug-mode\/?utm_source=advanced-ads&utm_medium=link&utm_campaign=ad-debug-mode\" target=\"_blank\" rel=\"nofollow\">Encontre solu\u00e7\u00f5es no manual<\/a>\n<\/div>\n<\/li><\/ul><\/div><script>( window.advanced_ads_ready || jQuery( document ).ready ).call( null, function() {var $lavraslider4069838408 = jQuery( \".lavra-slider-4069838408\" );$lavraslider4069838408.on( \"unslider.ready\", function() { jQuery( \"div.custom-slider ul li\" ).css( \"display\", \"block\" ); });$lavraslider4069838408.unslider({ delay:4000, autoplay:true, nav:false, arrows:false, infinite:true });$lavraslider4069838408.on(\"mouseover\", function() {$lavraslider4069838408.unslider(\"stop\");}).on(\"mouseout\", function() {$lavraslider4069838408.unslider(\"start\");});});<\/script><\/div><p>Em menos de um m\u00eas as sele\u00e7\u00f5es do Brasil e da Argentina v\u00e3o estar no gramado do Mineir\u00e3o para o duelo v\u00e1lido pela 11\u00aa rodada das Eliminat\u00f3rias Sul-Americanas para a Copa do Mundo. O confronto, no entanto, j\u00e1 come\u00e7ou. As duas confedera\u00e7\u00f5es brigam, no bom sentido, pela Cidade do Galo. A estrutura e a localiza\u00e7\u00e3o fazem do CT do Atl\u00e9tico-MG o desejo das duas comiss\u00f5es t\u00e9cnicas.<\/p>\n<p><img fetchpriority=\"high\" decoding=\"async\" class=\"size-full wp-image-3008 aligncenter\" src=\"http:\/\/lavras.tv\/site\/wp-content\/uploads\/2016\/10\/messi.jpg\" alt=\"messi\" width=\"615\" height=\"300\" srcset=\"https:\/\/lavras.tv\/site\/wp-content\/uploads\/2016\/10\/messi.jpg 615w, https:\/\/lavras.tv\/site\/wp-content\/uploads\/2016\/10\/messi-150x73.jpg 150w, https:\/\/lavras.tv\/site\/wp-content\/uploads\/2016\/10\/messi-300x146.jpg 300w\" sizes=\"(max-width: 615px) 100vw, 615px\" \/><\/p>\n<p>Recentemente o t\u00e9cnico Tite esteve na capital mineira. O treinador passou o dia na Cidade do Galo a ainda acompanhou uma partida do Atl\u00e9tico, no Mineir\u00e3o. J\u00e1 os argentinos, conhecem muito bem a estrutura do clube mineiro. Foi na Cidade do Galo que Messi e companhia ficaram durante a disputa da Copa do Mundo de 2014.<\/p>\n<p>No come\u00e7o de outubro, ao ser perguntando sobre quem ficaria na Cidade do Galo, se Messi ou Neymar, o presidente do Atl\u00e9tico, Daniel Nepomuceno, respondeu. &#8220;Vai ficar o Messi. Eles pediram, entraram em contato com o nosso departamento pedindo. Relacionamento conta muito. Ter a sele\u00e7\u00e3o da Argentina, o Pratto titular. Claro que queremos&#8221;, disse o mandat\u00e1rio.<\/p>\n<p>Apesar de ter feito contato e manifestado o interesse, a sele\u00e7\u00e3o argentina ainda n\u00e3o oficializou a estadia na Cidade do Galo. Abrindo a chance para que a CBF ven\u00e7a a disputa. Um dos motivos para a escolha do CT atleticano \u00e9 a localiza\u00e7\u00e3o, a proximidade ao Aeroporto Internacional de Belo Horizonte. A \u00faltima vez que a sele\u00e7\u00e3o brasileira esteve na Cidade do Galo foi em 2008, quando usou o local para se preparar para o duelo contra a pr\u00f3pria Argentina, pelas Eliminat\u00f3rias da Copa do Mundo de 2010.<\/p>\n<p>Como fez em Natal, quando ficou na capital potiguar se preparando para o duelo com a Venezuela, a comiss\u00e3o t\u00e9cnica da sele\u00e7\u00e3o brasileira quer repetir a estrat\u00e9gia em Belo Horizonte. E, assim, a Cidade do Galo aparece como a prefer\u00eancia de Tite.<\/p>\n<p>A defini\u00e7\u00e3o vai acontecer somente no come\u00e7o da pr\u00f3xima semana. Uma comiss\u00e3o da CBF estar\u00e1 em Belo Horizonte para definir toda a log\u00edstica para o duelo com a Argentina. Assim como a defini\u00e7\u00e3o dos pre\u00e7os dos ingressos. Se Brasil ou Argentina, n\u00e3o importa quem vai ficar na Cidade do Galo, o certo mesmo \u00e9 que o Atl\u00e9tico sai como o maior vencedor ao ter seu CT valorizado mais uma vez.<\/p>\n<p>&nbsp;<\/p>\n<p>Fonte: UOL<\/p>\n","protected":false},"excerpt":{"rendered":"<p>Em menos de um m\u00eas as sele\u00e7\u00f5es do Brasil e da Argentina v\u00e3o estar no gramado do Mineir\u00e3o para o duelo v\u00e1lido pela 11\u00aa rodada das Eliminat\u00f3rias Sul-Americanas para a Copa do Mundo. O confronto, no entanto, j\u00e1 come\u00e7ou. As duas confedera\u00e7\u00f5es brigam, no bom sentido, pela Cidade do Galo. A estrutura e a localiza\u00e7\u00e3o [&hellip;]<\/p>\n","protected":false},"author":2,"featured_media":3008,"comment_status":"closed","ping_status":"open","sticky":false,"template":"","format":"standard","meta":{"advgb_blocks_editor_width":"","advgb_blocks_columns_visual_guide":"","_exactmetrics_skip_tracking":false,"_exactmetrics_sitenote_active":false,"_exactmetrics_sitenote_note":"","_exactmetrics_sitenote_category":0,"footnotes":""},"categories":[3],"tags":[],"class_list":["post-3007","post","type-post","status-publish","format-standard","has-post-thumbnail","hentry","category-esportes"],"better_featured_image":{"id":3008,"alt_text":"","caption":"","description":"","media_type":"image","media_details":{"width":615,"height":300,"file":"2016\/10\/messi.jpg","sizes":{"thumbnail":{"file":"messi-150x73.jpg","width":150,"height":73,"mime-type":"image\/jpeg","source_url":"https:\/\/lavras.tv\/site\/wp-content\/uploads\/2016\/10\/messi-150x73.jpg"},"medium":{"file":"messi-300x146.jpg","width":300,"height":146,"mime-type":"image\/jpeg","source_url":"https:\/\/lavras.tv\/site\/wp-content\/uploads\/2016\/10\/messi-300x146.jpg"},"featured-post-img":{"file":"messi-480x300.jpg","width":480,"height":300,"mime-type":"image\/jpeg","source_url":"https:\/\/lavras.tv\/site\/wp-content\/uploads\/2016\/10\/messi-480x300.jpg"},"sow-carousel-default":{"file":"messi-272x182.jpg","width":272,"height":182,"mime-type":"image\/jpeg","source_url":"https:\/\/lavras.tv\/site\/wp-content\/uploads\/2016\/10\/messi-272x182.jpg"}},"image_meta":{"aperture":"0","credit":"","camera":"","caption":"","created_timestamp":"0","copyright":"","focal_length":"0","iso":"0","shutter_speed":"0","title":"","orientation":"0","keywords":[]}},"post":3007,"source_url":"https:\/\/lavras.tv\/site\/wp-content\/uploads\/2016\/10\/messi.jpg"},"author_meta":{"display_name":"Lavras TV","author_link":"https:\/\/lavras.tv\/site\/author\/lavrastv\/"},"featured_img":"https:\/\/lavras.tv\/site\/wp-content\/uploads\/2016\/10\/messi-300x146.jpg","coauthors":[],"tax_additional":{"categories":{"linked":["<a href=\"https:\/\/lavras.tv\/site\/category\/esportes\/\" class=\"advgb-post-tax-term\">Esportes<\/a>"],"unlinked":["<span class=\"advgb-post-tax-term\">Esportes<\/span>"]}},"comment_count":"0","relative_dates":{"created":"Publicado 10 anos atr\u00e1s","modified":"Atualizado 10 anos atr\u00e1s"},"absolute_dates":{"created":"Publicado em 14 de outubro de 2016","modified":"Atualizado em 14 de outubro de 2016"},"absolute_dates_time":{"created":"Publicado em 14 de outubro de 2016 16:29","modified":"Atualizado em 14 de outubro de 2016 16:29"},"featured_img_caption":"","series_order":"","_links":{"self":[{"href":"https:\/\/lavras.tv\/site\/wp-json\/wp\/v2\/posts\/3007","targetHints":{"allow":["GET"]}}],"collection":[{"href":"https:\/\/lavras.tv\/site\/wp-json\/wp\/v2\/posts"}],"about":[{"href":"https:\/\/lavras.tv\/site\/wp-json\/wp\/v2\/types\/post"}],"author":[{"embeddable":true,"href":"https:\/\/lavras.tv\/site\/wp-json\/wp\/v2\/users\/2"}],"replies":[{"embeddable":true,"href":"https:\/\/lavras.tv\/site\/wp-json\/wp\/v2\/comments?post=3007"}],"version-history":[{"count":1,"href":"https:\/\/lavras.tv\/site\/wp-json\/wp\/v2\/posts\/3007\/revisions"}],"predecessor-version":[{"id":3009,"href":"https:\/\/lavras.tv\/site\/wp-json\/wp\/v2\/posts\/3007\/revisions\/3009"}],"wp:featuredmedia":[{"embeddable":true,"href":"https:\/\/lavras.tv\/site\/wp-json\/wp\/v2\/media\/3008"}],"wp:attachment":[{"href":"https:\/\/lavras.tv\/site\/wp-json\/wp\/v2\/media?parent=3007"}],"wp:term":[{"taxonomy":"category","embeddable":true,"href":"https:\/\/lavras.tv\/site\/wp-json\/wp\/v2\/categories?post=3007"},{"taxonomy":"post_tag","embeddable":true,"href":"https:\/\/lavras.tv\/site\/wp-json\/wp\/v2\/tags?post=3007"}],"curies":[{"name":"wp","href":"https:\/\/api.w.org\/{rel}","templated":true}]}}