{"id":30539,"date":"2019-07-03T08:40:26","date_gmt":"2019-07-03T11:40:26","guid":{"rendered":"http:\/\/lavras.tv\/site\/?p=30539"},"modified":"2019-07-03T08:40:26","modified_gmt":"2019-07-03T11:40:26","slug":"aguanil-e-eloi-mendes-terao-novas-eleicoes-para-prefeito-no-fim-de-semana","status":"publish","type":"post","link":"https:\/\/lavras.tv\/site\/2019\/07\/03\/aguanil-e-eloi-mendes-terao-novas-eleicoes-para-prefeito-no-fim-de-semana\/","title":{"rendered":"Aguanil e El\u00f3i Mendes ter\u00e3o novas elei\u00e7\u00f5es para prefeito no fim de semana"},"content":{"rendered":"<div class=\"lavra-antes-do-conteudo_2\" id=\"lavra-364054800\"><div id=\"lavra-slider-27\" class=\"custom-slider lavra-slider-1921377949 lavra-slider\"><ul><li><div style=\"margin-left: auto;margin-right: auto;text-align: center;\" id=\"lavra-3848697307\"><a href=\"https:\/\/sistemas.lavras.mg.gov.br\/portalcidadao\/#df1b1a7c7b2a290bcb31e32771e610784662739a88807c0dacac58ede5f391a7530e299dc302d611ee73cb143fc22eaf93592e53e7b5bdb01b00a0b8d28dae460c141dd2ff83412e4dc1c31b16b25f33144a9e5620ea73b13f5bc1c59411d98439ad226e8af03840603796067d87afe130812cf3de24982d0e306f9e61e764e5\" aria-label=\"Lavras-TV&#8211;720x104px (1) (1)\"><img src=\"https:\/\/lavras.tv\/site\/wp-content\/uploads\/2025\/01\/Lavras-TV-720x104px-1-1.png\" alt=\"\"  srcset=\"https:\/\/lavras.tv\/site\/wp-content\/uploads\/2025\/01\/Lavras-TV-720x104px-1-1.png 720w, https:\/\/lavras.tv\/site\/wp-content\/uploads\/2025\/01\/Lavras-TV-720x104px-1-1-470x68.png 470w, https:\/\/lavras.tv\/site\/wp-content\/uploads\/2025\/01\/Lavras-TV-720x104px-1-1-170x25.png 170w, https:\/\/lavras.tv\/site\/wp-content\/uploads\/2025\/01\/Lavras-TV-720x104px-1-1-200x29.png 200w\" sizes=\"(max-width: 720px) 100vw, 720px\" width=\"720\" height=\"104\"  style=\"display: inline-block;\" \/><\/a><\/div><\/li><li><a href=\"https:\/\/sistemas.lavras.mg.gov.br\/portalcidadao\/#df1b1a7c7b2a290bcb31e32771e610784662739a88807c0dacac58ede5f391a7530e299dc302d611ee73cb143fc22eaf93592e53e7b5bdb01b00a0b8d28dae460c141dd2ff83412e4dc1c31b16b25f33144a9e5620ea73b13f5bc1c59411d98439ad226e8af03840603796067d87afe130812cf3de24982d0e306f9e61e764e5\" aria-label=\"Banner_Emprego_PortallavrasTV\"><img src=\"https:\/\/lavras.tv\/site\/wp-content\/uploads\/2025\/03\/Banner_Emprego_PortallavrasTV.png\" alt=\"\"  srcset=\"https:\/\/lavras.tv\/site\/wp-content\/uploads\/2025\/03\/Banner_Emprego_PortallavrasTV.png 720w, https:\/\/lavras.tv\/site\/wp-content\/uploads\/2025\/03\/Banner_Emprego_PortallavrasTV-470x68.png 470w, https:\/\/lavras.tv\/site\/wp-content\/uploads\/2025\/03\/Banner_Emprego_PortallavrasTV-170x25.png 170w, https:\/\/lavras.tv\/site\/wp-content\/uploads\/2025\/03\/Banner_Emprego_PortallavrasTV-200x29.png 200w\" sizes=\"(max-width: 720px) 100vw, 720px\" width=\"720\" height=\"104\"   \/><\/a><\/li><li><a href=\"https:\/\/sistemas.lavras.mg.gov.br\/portalcidadao\/#df1b1a7c7b2a290bcb31e32771e610784662739a88807c0dacac58ede5f391a7530e299dc302d611ee73cb143fc22eaf93592e53e7b5bdb01b00a0b8d28dae460c141dd2ff83412e4dc1c31b16b25f33144a9e5620ea73b13f5bc1c59411d98439ad226e8af03840603796067d87afe130812cf3de24982d0e306f9e61e764e5\" aria-label=\"Banner_Obras_PortallavrasTV\"><img src=\"https:\/\/lavras.tv\/site\/wp-content\/uploads\/2025\/03\/Banner_Obras_PortallavrasTV.png\" alt=\"\"  srcset=\"https:\/\/lavras.tv\/site\/wp-content\/uploads\/2025\/03\/Banner_Obras_PortallavrasTV.png 720w, https:\/\/lavras.tv\/site\/wp-content\/uploads\/2025\/03\/Banner_Obras_PortallavrasTV-470x68.png 470w, https:\/\/lavras.tv\/site\/wp-content\/uploads\/2025\/03\/Banner_Obras_PortallavrasTV-170x25.png 170w, https:\/\/lavras.tv\/site\/wp-content\/uploads\/2025\/03\/Banner_Obras_PortallavrasTV-200x29.png 200w\" sizes=\"(max-width: 720px) 100vw, 720px\" width=\"720\" height=\"104\"   \/><\/a><\/li><li><div style=\"margin-left: auto;margin-right: auto;text-align: center;\" id=\"lavra-1139836868\"><a href=\"https:\/\/sistemas.lavras.mg.gov.br\/portalcidadao\/#df1b1a7c7b2a290bcb31e32771e610784662739a88807c0dacac58ede5f391a7530e299dc302d611ee73cb143fc22eaf93592e53e7b5bdb01b00a0b8d28dae460c141dd2ff83412e4dc1c31b16b25f33144a9e5620ea73b13f5bc1c59411d98439ad226e8af03840603796067d87afe130812cf3de24982d0e306f9e61e764e5\" aria-label=\"Banner_Educa\u00e7\u00e3o_PortallavrasTV\"><img src=\"https:\/\/lavras.tv\/site\/wp-content\/uploads\/2025\/01\/Banner_Educacao_PortallavrasTV.png\" alt=\"\"  srcset=\"https:\/\/lavras.tv\/site\/wp-content\/uploads\/2025\/01\/Banner_Educacao_PortallavrasTV.png 720w, https:\/\/lavras.tv\/site\/wp-content\/uploads\/2025\/01\/Banner_Educacao_PortallavrasTV-470x68.png 470w, https:\/\/lavras.tv\/site\/wp-content\/uploads\/2025\/01\/Banner_Educacao_PortallavrasTV-170x25.png 170w, https:\/\/lavras.tv\/site\/wp-content\/uploads\/2025\/01\/Banner_Educacao_PortallavrasTV-200x29.png 200w\" sizes=\"(max-width: 720px) 100vw, 720px\" width=\"720\" height=\"104\"  style=\"display: inline-block;\" \/><\/a><\/div><\/li><li><a href=\"https:\/\/sistemas.lavras.mg.gov.br\/portalcidadao\/#df1b1a7c7b2a290bcb31e32771e610784662739a88807c0dacac58ede5f391a7530e299dc302d611ee73cb143fc22eaf93592e53e7b5bdb01b00a0b8d28dae460c141dd2ff83412e4dc1c31b16b25f33144a9e5620ea73b13f5bc1c59411d98439ad226e8af03840603796067d87afe130812cf3de24982d0e306f9e61e764e5\" aria-label=\"Banner_Sa\u00fade_PortallavrasTV\"><img src=\"https:\/\/lavras.tv\/site\/wp-content\/uploads\/2025\/03\/Banner_Saude_PortallavrasTV.png\" alt=\"\"  srcset=\"https:\/\/lavras.tv\/site\/wp-content\/uploads\/2025\/03\/Banner_Saude_PortallavrasTV.png 720w, https:\/\/lavras.tv\/site\/wp-content\/uploads\/2025\/03\/Banner_Saude_PortallavrasTV-470x68.png 470w, https:\/\/lavras.tv\/site\/wp-content\/uploads\/2025\/03\/Banner_Saude_PortallavrasTV-170x25.png 170w, https:\/\/lavras.tv\/site\/wp-content\/uploads\/2025\/03\/Banner_Saude_PortallavrasTV-200x29.png 200w\" sizes=\"(max-width: 720px) 100vw, 720px\" width=\"720\" height=\"104\"   \/><\/a><\/li><li><div id=\"lavra-915870366\" style=\"width:720px;height:104px;background-color:#ddd;overflow:scroll;\">\n\t<strong>Sa\u00edda da depura\u00e7\u00e3o de an\u00fancios<\/strong>\n\t<br><br>\n\tO an\u00fancio n\u00e3o \u00e9 exibido na p\u00e1gina<br><br>post atual: Aguanil e El\u00f3i Mendes ter\u00e3o novas elei\u00e7\u00f5es para prefeito no fim de semana, ID: 30539<br><br><span style=\"color: red;\">O post atual n\u00e3o \u00e9 id\u00eantico ao post principal.<\/span><br><br>An\u00fancios: ROXO - TOPO INTERNA - ROTATIVO 2 (197)<br \/>Grupo de an\u00fancios: Princ_Meio01_720x104 (27)<br><br>Condi\u00e7\u00f5es de exibi\u00e7\u00e3o<div style=\"margin-bottom: 20px; white-space: pre-wrap; font-family: monospace; width: 100%; background: #ffe9e9;\"><strong>condi\u00e7\u00f5es gerais<\/strong><table border=\"1\"><thead><tr><th><\/th><th>An\u00fancios<\/th><th>wp_the_query<\/th><\/tr><\/thead><tr><td>is_main_query<\/td><td>1<\/td><td>1<\/td><\/tr><tr><td>is_rest_api<\/td><td>0<\/td><td>1<\/td><\/tr><tr><td>page<\/td><td>0<\/td><td>1<\/td><\/tr><tr><td>numpages<\/td><td>0<\/td><td>1<\/td><\/tr><tr><td>is_archive<\/td><td>1<\/td><td><\/td><\/tr><tr><td>is_search<\/td><td>1<\/td><td><\/td><\/tr><tr><td>is_home<\/td><td>1<\/td><td><\/td><\/tr><tr><td>is_404<\/td><td>1<\/td><td><\/td><\/tr><tr><td>is_attachment<\/td><td>1<\/td><td><\/td><\/tr><tr><td>is_singular<\/td><td>1<\/td><td><\/td><\/tr><tr><td>is_front_page<\/td><td>1<\/td><td><\/td><\/tr><tr><td>is_feed<\/td><td>1<\/td><td><\/td><\/tr><\/table><\/div><br><br><span style=\"color: red;\">Seu site usa HTTPS, mas o c\u00f3digo do an\u00fancio cont\u00e9m HTTP e pode n\u00e3o funcionar.<\/span>\t<br><br>\n\t<a style=\"color: green;\" href=\"https:\/\/wpadvancedads.com\/manual\/ad-debug-mode\/?utm_source=advanced-ads&utm_medium=link&utm_campaign=ad-debug-mode\" target=\"_blank\" rel=\"nofollow\">Encontre solu\u00e7\u00f5es no manual<\/a>\n<\/div>\n<\/li><\/ul><\/div><script>( window.advanced_ads_ready || jQuery( document ).ready ).call( null, function() {var $lavraslider1921377949 = jQuery( \".lavra-slider-1921377949\" );$lavraslider1921377949.on( \"unslider.ready\", function() { jQuery( \"div.custom-slider ul li\" ).css( \"display\", \"block\" ); });$lavraslider1921377949.unslider({ delay:4000, autoplay:true, nav:false, arrows:false, infinite:true });$lavraslider1921377949.on(\"mouseover\", function() {$lavraslider1921377949.unslider(\"stop\");}).on(\"mouseout\", function() {$lavraslider1921377949.unslider(\"start\");});});<\/script><\/div><div class=\"mc-column content-text active-extra-styles \" data-block-type=\"unstyled\" data-block-weight=\"26\" data-block-id=\"2\">\n<p class=\"content-text__container \" data-track-category=\"Link no Texto\" data-track-links=\"\">Aguanil (MG) e El\u00f3i Mendes (MG) ter\u00e3o elei\u00e7\u00f5es municipais extempor\u00e2neas para prefeito no domingo (7), por determina\u00e7\u00e3o do Tribunal Regional Eleitoral de Minas Gerais (TRE-MG).<\/p>\n<\/div>\n<p><!--more--><\/p>\n<div class=\"wall protected-content\">\n<div class=\"mc-column content-text active-extra-styles \" data-block-type=\"unstyled\" data-block-weight=\"18\" data-block-id=\"3\">\n<p class=\"content-text__container \" data-track-category=\"Link no Texto\" data-track-links=\"\">Segundo o site oficial do TRE, Aguanil tem 3.930 eleitores e El\u00f3i Mendes 19.992 que podem votar.<\/p>\n<p data-track-category=\"Link no Texto\" data-track-links=\"\"><img fetchpriority=\"high\" decoding=\"async\" class=\"alignnone size-full wp-image-17302 aligncenter\" src=\"http:\/\/lavras.tv\/site\/wp-content\/uploads\/2018\/08\/elei\u00e7\u00e3o.jpg\" alt=\"\" width=\"650\" height=\"437\" srcset=\"https:\/\/lavras.tv\/site\/wp-content\/uploads\/2018\/08\/elei\u00e7\u00e3o.jpg 650w, https:\/\/lavras.tv\/site\/wp-content\/uploads\/2018\/08\/elei\u00e7\u00e3o-150x101.jpg 150w, https:\/\/lavras.tv\/site\/wp-content\/uploads\/2018\/08\/elei\u00e7\u00e3o-300x202.jpg 300w, https:\/\/lavras.tv\/site\/wp-content\/uploads\/2018\/08\/elei\u00e7\u00e3o-272x182.jpg 272w\" sizes=\"(max-width: 650px) 100vw, 650px\" \/><\/p>\n<\/div>\n<div class=\"mc-column content-text active-extra-styles\" data-block-type=\"raw\" data-block-weight=\"1\" data-block-id=\"4\">\n<div class=\"content-intertitle\">\n<h2>Aguanil<\/h2>\n<\/div>\n<\/div>\n<div class=\"mc-column content-text active-extra-styles \" data-block-type=\"unstyled\" data-block-weight=\"34\" data-block-id=\"5\">\n<p class=\"content-text__container \" data-track-category=\"Link no Texto\" data-track-links=\"\">O TRE agendou as elei\u00e7\u00f5es para Aguanil depois que o prefeito eleito nas \u00faltimas elei\u00e7\u00f5es, Sebasti\u00e3o El\u00f3i de Souza Campos (PV), morreu em outubro de 2017, aos 73 anos, em decorr\u00eancia de problemas pulmonares.<\/p>\n<\/div>\n<div class=\"mc-column content-text active-extra-styles \" data-block-type=\"unstyled\" data-block-weight=\"29\" data-block-id=\"6\">\n<p class=\"content-text__container \" data-track-category=\"Link no Texto\" data-track-links=\"\">O vice dele, Heliton Goulart Gon\u00e7alves (PSD), assumiu a chefia do Executivo, mas teve o mandato cassado por infra\u00e7\u00f5es pol\u00edtico-administrativas, em um processo encerrado em mar\u00e7o de 2019.<\/p>\n<\/div>\n<div class=\"mc-column content-text active-extra-styles \" data-block-type=\"unstyled\" data-block-weight=\"55\" data-block-id=\"7\">\n<p class=\"content-text__container \" data-track-category=\"Link no Texto\" data-track-links=\"\">As elei\u00e7\u00f5es na cidade ocorrem no domingo das 8h \u00e0s 17h. O eleito deve assumir o posto at\u00e9 o dia 26 de julho. At\u00e9 o dia das elei\u00e7\u00f5es, o Cart\u00f3rio Eleitoral de Campo Belo, que responde por Aguanil, funciona das 12h \u00e0s 19h, e no s\u00e1bado e domingo das 13h \u00e0s 19h.<\/p>\n<\/div>\n<div class=\"row medium-uncollapsed content-media content-photo\" data-block-type=\"backstage-photo\" data-block-id=\"8\">\n<div class=\"mc-column content-media__container\">\n<div class=\"progressive-img can-open-lightbox\" data-min-size=\"1008x557\" data-min-size-url=\"https:\/\/s2.glbimg.com\/haiRUPx0dQkGpr1unQSoNq3BrKk=\/0x0:1140x630\/1008x0\/smart\/filters:strip_icc()\/s.glbimg.com\/jo\/g1\/f\/original\/2017\/03\/24\/prefeito.jpg\" data-max-size=\"1600x884\" data-max-size-url=\"https:\/\/s2.glbimg.com\/ZW3PxdghyBNpkltFRKAcI3ln3fg=\/0x0:1140x630\/1600x0\/smart\/filters:strip_icc()\/s.glbimg.com\/jo\/g1\/f\/original\/2017\/03\/24\/prefeito.jpg\" data-media-index=\"0\">\n<div class=\"placeholder-container\" style=\"text-align: center;\"><\/div>\n<picture><img decoding=\"async\" class=\"image content-media__image progressive-loaded aligncenter\" title=\"Prefeitura de Aguanil \u2014 Foto: Reprodu\u00e7\u00e3o EPTV\" src=\"https:\/\/s2.glbimg.com\/Cgc6JbRx2Vw7YG0iPzBWdfu8awI=\/0x0:1140x630\/984x0\/smart\/filters:strip_icc()\/s.glbimg.com\/jo\/g1\/f\/original\/2017\/03\/24\/prefeito.jpg\" alt=\"Prefeitura de Aguanil \u2014 Foto: Reprodu\u00e7\u00e3o EPTV\" data-src=\"https:\/\/s2.glbimg.com\/Cgc6JbRx2Vw7YG0iPzBWdfu8awI=\/0x0:1140x630\/984x0\/smart\/filters:strip_icc()\/s.glbimg.com\/jo\/g1\/f\/original\/2017\/03\/24\/prefeito.jpg\" \/><\/picture><\/div>\n<p class=\"content-media__description \">Prefeitura de Aguanil \u2014 Foto: Reprodu\u00e7\u00e3o EPTV<\/p>\n<\/div>\n<\/div>\n<div class=\"mc-column content-text active-extra-styles\" data-block-type=\"raw\" data-block-weight=\"2\" data-block-id=\"10\">\n<div class=\"content-intertitle\">\n<h2>El\u00f3i Mendes<\/h2>\n<\/div>\n<\/div>\n<div class=\"mc-column content-text active-extra-styles \" data-block-type=\"unstyled\" data-block-weight=\"39\" data-block-id=\"11\">\n<p class=\"content-text__container \" data-track-category=\"Link no Texto\" data-track-links=\"\">Em El\u00f3i Mendes, as elei\u00e7\u00f5es foram marcadas devido \u00e0 cassa\u00e7\u00e3o da chapa eleita em 2016, do prefeito William Cadorini (PDT) e do vice-prefeito, Marcos Miranda Sodr\u00e9 (PDT), por pr\u00e1tica de conduta vedada a agente p\u00fablico em per\u00edodo eleitoral.<\/p>\n<\/div>\n<div class=\"mc-column content-text active-extra-styles \" data-block-type=\"unstyled\" data-block-weight=\"32\" data-block-id=\"12\">\n<p class=\"content-text__container \" data-track-category=\"Link no Texto\" data-track-links=\"\">De acordo com a den\u00fancia, o prefeito, que era candidato \u00e0 reelei\u00e7\u00e3o, realizou a 12\u00aa Expoem, evento que foi custeado pelo munic\u00edpio e que foi considerado com a promo\u00e7\u00e3o da campanha eleitoral.<\/p>\n<\/div>\n<div class=\"mc-column content-text active-extra-styles \" data-block-type=\"unstyled\" data-block-weight=\"74\" data-block-id=\"13\">\n<p class=\"content-text__container \" data-track-category=\"Link no Texto\" data-track-links=\"\">Os mandatos do prefeito e do vice foram cassados em maio de 2017. O presidente da C\u00e2mara, Silv\u00e9rio Rodrigues F\u00e9lix (Solidariedade), assumiu, ent\u00e3o, a administra\u00e7\u00e3o do munic\u00edpio at\u00e9 2018. Em janeiro de 2019, segundo o que determina a legisla\u00e7\u00e3o eleitoral, o novo presidente da C\u00e2mara, Jos\u00e9 Ricardo Pereira (PTB), foi quem assumiu o Executivo e com fim do mandato at\u00e9 este domingo. O novo prefeito eleito deve assumir at\u00e9 o dia 26 de julho.<\/p>\n<\/div>\n<div class=\"mc-column content-text active-extra-styles \" data-block-type=\"unstyled\" data-block-weight=\"29\" data-block-id=\"14\">\n<p class=\"content-text__container \" data-track-category=\"Link no Texto\" data-track-links=\"\">O Cart\u00f3rio Eleitoral de Varginha, respons\u00e1vel por El\u00f3i Mendes, funciona das 12h \u00e0s 19h. E de 13h \u00e0s 19h no s\u00e1bado e no domingo para atender os eleitores.<\/p>\n<p data-track-category=\"Link no Texto\" data-track-links=\"\">Fonte: G1<\/p>\n<\/div>\n<\/div>\n","protected":false},"excerpt":{"rendered":"<p>Aguanil (MG) e El\u00f3i Mendes (MG) ter\u00e3o elei\u00e7\u00f5es municipais extempor\u00e2neas para prefeito no domingo (7), por determina\u00e7\u00e3o do Tribunal Regional Eleitoral de Minas Gerais (TRE-MG).<\/p>\n","protected":false},"author":2,"featured_media":17302,"comment_status":"closed","ping_status":"open","sticky":false,"template":"","format":"standard","meta":{"advgb_blocks_editor_width":"","advgb_blocks_columns_visual_guide":"","_exactmetrics_skip_tracking":false,"_exactmetrics_sitenote_active":false,"_exactmetrics_sitenote_note":"","_exactmetrics_sitenote_category":0,"footnotes":""},"categories":[7,12],"tags":[],"class_list":["post-30539","post","type-post","status-publish","format-standard","has-post-thumbnail","hentry","category-destaques","category-politica"],"better_featured_image":{"id":17302,"alt_text":"","caption":"","description":"","media_type":"image","media_details":{"width":650,"height":437,"file":"2018\/08\/elei\u00e7\u00e3o.jpg","sizes":{"thumbnail":{"file":"elei\u00e7\u00e3o-150x101.jpg","width":150,"height":101,"mime-type":"image\/jpeg","source_url":"https:\/\/lavras.tv\/site\/wp-content\/uploads\/2018\/08\/elei\u00e7\u00e3o-150x101.jpg"},"medium":{"file":"elei\u00e7\u00e3o-300x202.jpg","width":300,"height":202,"mime-type":"image\/jpeg","source_url":"https:\/\/lavras.tv\/site\/wp-content\/uploads\/2018\/08\/elei\u00e7\u00e3o-300x202.jpg"},"featured-slider-img":{"file":"elei\u00e7\u00e3o-640x437.jpg","width":640,"height":437,"mime-type":"image\/jpeg","source_url":"https:\/\/lavras.tv\/site\/wp-content\/uploads\/2018\/08\/elei\u00e7\u00e3o-640x437.jpg"},"featured-post-img":{"file":"elei\u00e7\u00e3o-480x320.jpg","width":480,"height":320,"mime-type":"image\/jpeg","source_url":"https:\/\/lavras.tv\/site\/wp-content\/uploads\/2018\/08\/elei\u00e7\u00e3o-480x320.jpg"},"sow-carousel-default":{"file":"elei\u00e7\u00e3o-272x182.jpg","width":272,"height":182,"mime-type":"image\/jpeg","source_url":"https:\/\/lavras.tv\/site\/wp-content\/uploads\/2018\/08\/elei\u00e7\u00e3o-272x182.jpg"}},"image_meta":{"aperture":"0","credit":"","camera":"","caption":"","created_timestamp":"0","copyright":"","focal_length":"0","iso":"0","shutter_speed":"0","title":"","orientation":"0","keywords":[]}},"post":17301,"source_url":"https:\/\/lavras.tv\/site\/wp-content\/uploads\/2018\/08\/elei\u00e7\u00e3o.jpg"},"author_meta":{"display_name":"Lavras TV","author_link":"https:\/\/lavras.tv\/site\/author\/lavrastv\/"},"featured_img":"https:\/\/lavras.tv\/site\/wp-content\/uploads\/2018\/08\/elei\u00e7\u00e3o-300x202.jpg","coauthors":[],"tax_additional":{"categories":{"linked":["<a href=\"https:\/\/lavras.tv\/site\/category\/destaques\/\" class=\"advgb-post-tax-term\">Destaques<\/a>","<a href=\"https:\/\/lavras.tv\/site\/category\/politica\/\" class=\"advgb-post-tax-term\">Pol\u00edtica<\/a>"],"unlinked":["<span class=\"advgb-post-tax-term\">Destaques<\/span>","<span class=\"advgb-post-tax-term\">Pol\u00edtica<\/span>"]}},"comment_count":"0","relative_dates":{"created":"Publicado 7 anos atr\u00e1s","modified":"Atualizado 7 anos atr\u00e1s"},"absolute_dates":{"created":"Publicado em 3 de julho de 2019","modified":"Atualizado em 3 de julho de 2019"},"absolute_dates_time":{"created":"Publicado em 3 de julho de 2019 08:40","modified":"Atualizado em 3 de julho de 2019 08:40"},"featured_img_caption":"","series_order":"","_links":{"self":[{"href":"https:\/\/lavras.tv\/site\/wp-json\/wp\/v2\/posts\/30539","targetHints":{"allow":["GET"]}}],"collection":[{"href":"https:\/\/lavras.tv\/site\/wp-json\/wp\/v2\/posts"}],"about":[{"href":"https:\/\/lavras.tv\/site\/wp-json\/wp\/v2\/types\/post"}],"author":[{"embeddable":true,"href":"https:\/\/lavras.tv\/site\/wp-json\/wp\/v2\/users\/2"}],"replies":[{"embeddable":true,"href":"https:\/\/lavras.tv\/site\/wp-json\/wp\/v2\/comments?post=30539"}],"version-history":[{"count":1,"href":"https:\/\/lavras.tv\/site\/wp-json\/wp\/v2\/posts\/30539\/revisions"}],"predecessor-version":[{"id":30540,"href":"https:\/\/lavras.tv\/site\/wp-json\/wp\/v2\/posts\/30539\/revisions\/30540"}],"wp:featuredmedia":[{"embeddable":true,"href":"https:\/\/lavras.tv\/site\/wp-json\/wp\/v2\/media\/17302"}],"wp:attachment":[{"href":"https:\/\/lavras.tv\/site\/wp-json\/wp\/v2\/media?parent=30539"}],"wp:term":[{"taxonomy":"category","embeddable":true,"href":"https:\/\/lavras.tv\/site\/wp-json\/wp\/v2\/categories?post=30539"},{"taxonomy":"post_tag","embeddable":true,"href":"https:\/\/lavras.tv\/site\/wp-json\/wp\/v2\/tags?post=30539"}],"curies":[{"name":"wp","href":"https:\/\/api.w.org\/{rel}","templated":true}]}}