{"id":3060,"date":"2016-10-18T09:13:23","date_gmt":"2016-10-18T11:13:23","guid":{"rendered":"http:\/\/lavras.tv\/site\/?p=3060"},"modified":"2016-10-18T09:21:06","modified_gmt":"2016-10-18T11:21:06","slug":"meninos-tambem-serao-vacinados-pelo-sus-contra-hpv-a-partir-de-2017","status":"publish","type":"post","link":"https:\/\/lavras.tv\/site\/2016\/10\/18\/meninos-tambem-serao-vacinados-pelo-sus-contra-hpv-a-partir-de-2017\/","title":{"rendered":"Meninos tamb\u00e9m ser\u00e3o vacinados pelo SUS contra HPV a partir de 2017"},"content":{"rendered":"<div class=\"lavra-antes-do-conteudo_2\" id=\"lavra-4127662678\"><div id=\"lavra-slider-27\" class=\"custom-slider lavra-slider-1506785256 lavra-slider\"><ul><li><div style=\"margin-left: auto;margin-right: auto;text-align: center;\" id=\"lavra-3951243959\"><a href=\"https:\/\/sistemas.lavras.mg.gov.br\/portalcidadao\/#df1b1a7c7b2a290bcb31e32771e610784662739a88807c0dacac58ede5f391a7530e299dc302d611ee73cb143fc22eaf93592e53e7b5bdb01b00a0b8d28dae460c141dd2ff83412e4dc1c31b16b25f33144a9e5620ea73b13f5bc1c59411d98439ad226e8af03840603796067d87afe130812cf3de24982d0e306f9e61e764e5\" aria-label=\"Lavras-TV&#8211;720x104px (1) (1)\"><img src=\"https:\/\/lavras.tv\/site\/wp-content\/uploads\/2025\/01\/Lavras-TV-720x104px-1-1.png\" alt=\"\"  srcset=\"https:\/\/lavras.tv\/site\/wp-content\/uploads\/2025\/01\/Lavras-TV-720x104px-1-1.png 720w, https:\/\/lavras.tv\/site\/wp-content\/uploads\/2025\/01\/Lavras-TV-720x104px-1-1-470x68.png 470w, https:\/\/lavras.tv\/site\/wp-content\/uploads\/2025\/01\/Lavras-TV-720x104px-1-1-170x25.png 170w, https:\/\/lavras.tv\/site\/wp-content\/uploads\/2025\/01\/Lavras-TV-720x104px-1-1-200x29.png 200w\" sizes=\"(max-width: 720px) 100vw, 720px\" width=\"720\" height=\"104\"  style=\"display: inline-block;\" \/><\/a><\/div><\/li><li><a href=\"https:\/\/sistemas.lavras.mg.gov.br\/portalcidadao\/#df1b1a7c7b2a290bcb31e32771e610784662739a88807c0dacac58ede5f391a7530e299dc302d611ee73cb143fc22eaf93592e53e7b5bdb01b00a0b8d28dae460c141dd2ff83412e4dc1c31b16b25f33144a9e5620ea73b13f5bc1c59411d98439ad226e8af03840603796067d87afe130812cf3de24982d0e306f9e61e764e5\" aria-label=\"Banner_Emprego_PortallavrasTV\"><img src=\"https:\/\/lavras.tv\/site\/wp-content\/uploads\/2025\/03\/Banner_Emprego_PortallavrasTV.png\" alt=\"\"  srcset=\"https:\/\/lavras.tv\/site\/wp-content\/uploads\/2025\/03\/Banner_Emprego_PortallavrasTV.png 720w, https:\/\/lavras.tv\/site\/wp-content\/uploads\/2025\/03\/Banner_Emprego_PortallavrasTV-470x68.png 470w, https:\/\/lavras.tv\/site\/wp-content\/uploads\/2025\/03\/Banner_Emprego_PortallavrasTV-170x25.png 170w, https:\/\/lavras.tv\/site\/wp-content\/uploads\/2025\/03\/Banner_Emprego_PortallavrasTV-200x29.png 200w\" sizes=\"(max-width: 720px) 100vw, 720px\" width=\"720\" height=\"104\"   \/><\/a><\/li><li><a href=\"https:\/\/sistemas.lavras.mg.gov.br\/portalcidadao\/#df1b1a7c7b2a290bcb31e32771e610784662739a88807c0dacac58ede5f391a7530e299dc302d611ee73cb143fc22eaf93592e53e7b5bdb01b00a0b8d28dae460c141dd2ff83412e4dc1c31b16b25f33144a9e5620ea73b13f5bc1c59411d98439ad226e8af03840603796067d87afe130812cf3de24982d0e306f9e61e764e5\" aria-label=\"Banner_Obras_PortallavrasTV\"><img src=\"https:\/\/lavras.tv\/site\/wp-content\/uploads\/2025\/03\/Banner_Obras_PortallavrasTV.png\" alt=\"\"  srcset=\"https:\/\/lavras.tv\/site\/wp-content\/uploads\/2025\/03\/Banner_Obras_PortallavrasTV.png 720w, https:\/\/lavras.tv\/site\/wp-content\/uploads\/2025\/03\/Banner_Obras_PortallavrasTV-470x68.png 470w, https:\/\/lavras.tv\/site\/wp-content\/uploads\/2025\/03\/Banner_Obras_PortallavrasTV-170x25.png 170w, https:\/\/lavras.tv\/site\/wp-content\/uploads\/2025\/03\/Banner_Obras_PortallavrasTV-200x29.png 200w\" sizes=\"(max-width: 720px) 100vw, 720px\" width=\"720\" height=\"104\"   \/><\/a><\/li><li><div style=\"margin-left: auto;margin-right: auto;text-align: center;\" id=\"lavra-3317212833\"><a href=\"https:\/\/sistemas.lavras.mg.gov.br\/portalcidadao\/#df1b1a7c7b2a290bcb31e32771e610784662739a88807c0dacac58ede5f391a7530e299dc302d611ee73cb143fc22eaf93592e53e7b5bdb01b00a0b8d28dae460c141dd2ff83412e4dc1c31b16b25f33144a9e5620ea73b13f5bc1c59411d98439ad226e8af03840603796067d87afe130812cf3de24982d0e306f9e61e764e5\" aria-label=\"Banner_Educa\u00e7\u00e3o_PortallavrasTV\"><img src=\"https:\/\/lavras.tv\/site\/wp-content\/uploads\/2025\/01\/Banner_Educacao_PortallavrasTV.png\" alt=\"\"  srcset=\"https:\/\/lavras.tv\/site\/wp-content\/uploads\/2025\/01\/Banner_Educacao_PortallavrasTV.png 720w, https:\/\/lavras.tv\/site\/wp-content\/uploads\/2025\/01\/Banner_Educacao_PortallavrasTV-470x68.png 470w, https:\/\/lavras.tv\/site\/wp-content\/uploads\/2025\/01\/Banner_Educacao_PortallavrasTV-170x25.png 170w, https:\/\/lavras.tv\/site\/wp-content\/uploads\/2025\/01\/Banner_Educacao_PortallavrasTV-200x29.png 200w\" sizes=\"(max-width: 720px) 100vw, 720px\" width=\"720\" height=\"104\"  style=\"display: inline-block;\" \/><\/a><\/div><\/li><li><a href=\"https:\/\/sistemas.lavras.mg.gov.br\/portalcidadao\/#df1b1a7c7b2a290bcb31e32771e610784662739a88807c0dacac58ede5f391a7530e299dc302d611ee73cb143fc22eaf93592e53e7b5bdb01b00a0b8d28dae460c141dd2ff83412e4dc1c31b16b25f33144a9e5620ea73b13f5bc1c59411d98439ad226e8af03840603796067d87afe130812cf3de24982d0e306f9e61e764e5\" aria-label=\"Banner_Sa\u00fade_PortallavrasTV\"><img src=\"https:\/\/lavras.tv\/site\/wp-content\/uploads\/2025\/03\/Banner_Saude_PortallavrasTV.png\" alt=\"\"  srcset=\"https:\/\/lavras.tv\/site\/wp-content\/uploads\/2025\/03\/Banner_Saude_PortallavrasTV.png 720w, https:\/\/lavras.tv\/site\/wp-content\/uploads\/2025\/03\/Banner_Saude_PortallavrasTV-470x68.png 470w, https:\/\/lavras.tv\/site\/wp-content\/uploads\/2025\/03\/Banner_Saude_PortallavrasTV-170x25.png 170w, https:\/\/lavras.tv\/site\/wp-content\/uploads\/2025\/03\/Banner_Saude_PortallavrasTV-200x29.png 200w\" sizes=\"(max-width: 720px) 100vw, 720px\" width=\"720\" height=\"104\"   \/><\/a><\/li><li><div id=\"lavra-3188688050\" style=\"width:720px;height:104px;background-color:#ddd;overflow:scroll;\">\n\t<strong>Sa\u00edda da depura\u00e7\u00e3o de an\u00fancios<\/strong>\n\t<br><br>\n\tO an\u00fancio n\u00e3o \u00e9 exibido na p\u00e1gina<br><br>post atual: Meninos tamb\u00e9m ser\u00e3o vacinados pelo SUS contra HPV a partir de 2017, ID: 3060<br><br><span style=\"color: red;\">O post atual n\u00e3o \u00e9 id\u00eantico ao post principal.<\/span><br><br>An\u00fancios: ROXO - TOPO INTERNA - ROTATIVO 2 (197)<br \/>Grupo de an\u00fancios: Princ_Meio01_720x104 (27)<br><br>Condi\u00e7\u00f5es de exibi\u00e7\u00e3o<div style=\"margin-bottom: 20px; white-space: pre-wrap; font-family: monospace; width: 100%; background: #ffe9e9;\"><strong>condi\u00e7\u00f5es gerais<\/strong><table border=\"1\"><thead><tr><th><\/th><th>An\u00fancios<\/th><th>wp_the_query<\/th><\/tr><\/thead><tr><td>is_main_query<\/td><td>1<\/td><td>1<\/td><\/tr><tr><td>is_rest_api<\/td><td>0<\/td><td>1<\/td><\/tr><tr><td>page<\/td><td>0<\/td><td>1<\/td><\/tr><tr><td>numpages<\/td><td>0<\/td><td>1<\/td><\/tr><tr><td>is_archive<\/td><td>1<\/td><td><\/td><\/tr><tr><td>is_search<\/td><td>1<\/td><td><\/td><\/tr><tr><td>is_home<\/td><td>1<\/td><td><\/td><\/tr><tr><td>is_404<\/td><td>1<\/td><td><\/td><\/tr><tr><td>is_attachment<\/td><td>1<\/td><td><\/td><\/tr><tr><td>is_singular<\/td><td>1<\/td><td><\/td><\/tr><tr><td>is_front_page<\/td><td>1<\/td><td><\/td><\/tr><tr><td>is_feed<\/td><td>1<\/td><td><\/td><\/tr><\/table><\/div><br><br><span style=\"color: red;\">Seu site usa HTTPS, mas o c\u00f3digo do an\u00fancio cont\u00e9m HTTP e pode n\u00e3o funcionar.<\/span>\t<br><br>\n\t<a style=\"color: green;\" href=\"https:\/\/wpadvancedads.com\/manual\/ad-debug-mode\/?utm_source=advanced-ads&utm_medium=link&utm_campaign=ad-debug-mode\" target=\"_blank\" rel=\"nofollow\">Encontre solu\u00e7\u00f5es no manual<\/a>\n<\/div>\n<\/li><\/ul><\/div><script>( window.advanced_ads_ready || jQuery( document ).ready ).call( null, function() {var $lavraslider1506785256 = jQuery( \".lavra-slider-1506785256\" );$lavraslider1506785256.on( \"unslider.ready\", function() { jQuery( \"div.custom-slider ul li\" ).css( \"display\", \"block\" ); });$lavraslider1506785256.unslider({ delay:4000, autoplay:true, nav:false, arrows:false, infinite:true });$lavraslider1506785256.on(\"mouseover\", function() {$lavraslider1506785256.unslider(\"stop\");}).on(\"mouseout\", function() {$lavraslider1506785256.unslider(\"start\");});});<\/script><\/div><p>A partir de janeiro de 2017, o Sistema \u00danico de Sa\u00fade (SUS) vai passar a oferecer a vacina contra o HPV para meninos de 12 a 13 anos como parte do Calend\u00e1rio Nacional de Vacina\u00e7\u00e3o.<!--more--> A faixa et\u00e1ria, de acordo com o Minist\u00e9rio da Sa\u00fade, ser\u00e1 ampliada gradativamente at\u00e9 2020, per\u00edodo em que ser\u00e3o inclu\u00eddos meninos de 9 a 13 anos.<img fetchpriority=\"high\" decoding=\"async\" class=\"alignnone size-full wp-image-3061\" src=\"http:\/\/lavras.tv\/site\/wp-content\/uploads\/2016\/10\/vacina_HPV_meninos_2017.jpg\" alt=\"vacina_hpv_meninos_2017\" width=\"940\" height=\"350\" srcset=\"https:\/\/lavras.tv\/site\/wp-content\/uploads\/2016\/10\/vacina_HPV_meninos_2017.jpg 940w, https:\/\/lavras.tv\/site\/wp-content\/uploads\/2016\/10\/vacina_HPV_meninos_2017-150x56.jpg 150w, https:\/\/lavras.tv\/site\/wp-content\/uploads\/2016\/10\/vacina_HPV_meninos_2017-300x112.jpg 300w\" sizes=\"(max-width: 940px) 100vw, 940px\" \/><\/p>\n<p>A expectativa \u00e9 imunizar mais de 3,6 milh\u00f5es de meninos em 2017, al\u00e9m de 99,5 mil crian\u00e7as e jovens de 9 a 26 anos que vivem com HIV\/Aids no Brasil. Ser\u00e3o adquiriras, ao todo, 6 milh\u00f5es de doses ao custo de R$ 288,4 milh\u00f5es.<\/p>\n<p>Segundo o Governo Federal, o Brasil ser\u00e1 o primeiro pa\u00eds da Am\u00e9rica Latina e o s\u00e9timo no mundo a oferecer a vacina contra o HPV para meninos em programas nacionais de imuniza\u00e7\u00e3o. Estados Unidos, Austr\u00e1lia, \u00c1ustria, Israel, Porto Rico e Panam\u00e1 j\u00e1 fazem a distribui\u00e7\u00e3o da dose para adolescentes do sexo masculino.<\/p>\n<p>O ministro da Sa\u00fade, Ricardo Barros, destacou que, apesar das novas inclus\u00f5es, n\u00e3o haver\u00e1 custo extra para o Governo Federal j\u00e1 que, neste ano, a pasta anunciou a redu\u00e7\u00e3o de tr\u00eas para duas doses no esquema vacinal contra o HPV para meninas. O quantitativo previsto, segundo ele, foi mantido.<\/p>\n<p><strong>Duas doses<\/strong><\/p>\n<p>O esquema vacinal contra o HPV para meninos ser\u00e1 de duas doses, com seis meses de intervalo entre elas. J\u00e1 para os que vivem com HIV, o esquema vacinal \u00e9 de tr\u00eas doses, com intervalo de dois e seis meses, respectivamente. Nesses casos, \u00e9 necess\u00e1rio apresentar prescri\u00e7\u00e3o m\u00e9dica.<\/p>\n<p><strong>Meningite<\/strong><\/p>\n<p>O Minist\u00e9rio da Sa\u00fade anunciou ainda a amplia\u00e7\u00e3o da vacina\u00e7\u00e3o contra a meningite C para adolescentes de ambos os sexos. Foram adquiriras 15 milh\u00f5es de doses, a um custo de R$ 656,5 milh\u00f5es. O objetivo do governo \u00e9 refor\u00e7ar a efic\u00e1cia da dose, j\u00e1 aplicada em crian\u00e7as de 3, 5 e 12 meses mas que, com o passar dos anos, pode perder parte de sua efic\u00e1cia.<\/p>\n<p>A meta \u00e9 vacinar 80% do p\u00fablico-alvo, formado por 7,2 milh\u00f5es de adolescentes. Al\u00e9m de proporcionar prote\u00e7\u00e3o para essa faixa et\u00e1ria, a estrat\u00e9gia tem efeito protetor de imunidade rebanho \u2013 quando acontece a prote\u00e7\u00e3o indireta de pessoas n\u00e3o vacinadas em raz\u00e3o da diminui\u00e7\u00e3o da circula\u00e7\u00e3o do v\u00edrus.<\/p>\n<p>Segundo o minist\u00e9rio, a amplia\u00e7\u00e3o s\u00f3 foi poss\u00edvel gra\u00e7as a economia de R$ 1 bilh\u00e3o por meio da revis\u00e3o de contratos e redu\u00e7\u00e3o de valores de alugu\u00e9is e outros servi\u00e7os. Parte dos recursos est\u00e1 sendo investida na produ\u00e7\u00e3o nacional da vacina pela <a href=\"http:\/\/www.funed.mg.gov.br\/\" target=\"_blank\">Funda\u00e7\u00e3o Ezequiel Dias<\/a>.<\/p>\n<p><strong>Parceria<\/strong><\/p>\n<p>A coordenadora do Programa Nacional de Imuniza\u00e7\u00e3o, Carla Domingues, destacou que o minist\u00e9rio pretende investir em parcerias com escolas da rede p\u00fablica e particular para facilitar o acesso de meninos e meninas \u00e0s doses contra o HPV e contra a meningite.<\/p>\n<p>&#8220;Vacinar adolescentes n\u00e3o \u00e9 como vacinar crian\u00e7as, que os pais pegam na m\u00e3o e levam ao posto de sa\u00fade. \u00c9 mais complicado&#8221;, disse. &#8220;Com os adolescentes, n\u00e3o conseguimos alcan\u00e7ar coberturas vacinais t\u00e3o completas como entre as crian\u00e7as&#8221;, completou.<\/p>\n<p>&nbsp;<\/p>\n<p>Fonte: Ag\u00eancia Minas<\/p>\n","protected":false},"excerpt":{"rendered":"<p>A partir de janeiro de 2017, o Sistema \u00danico de Sa\u00fade (SUS) vai passar a oferecer a vacina contra o HPV para meninos de 12 a 13 anos como parte do Calend\u00e1rio Nacional de Vacina\u00e7\u00e3o.<\/p>\n","protected":false},"author":2,"featured_media":3061,"comment_status":"closed","ping_status":"open","sticky":false,"template":"","format":"standard","meta":{"advgb_blocks_editor_width":"","advgb_blocks_columns_visual_guide":"","_exactmetrics_skip_tracking":false,"_exactmetrics_sitenote_active":false,"_exactmetrics_sitenote_note":"","_exactmetrics_sitenote_category":0,"footnotes":""},"categories":[7,2],"tags":[895,1073,1072],"class_list":["post-3060","post","type-post","status-publish","format-standard","has-post-thumbnail","hentry","category-destaques","category-noticias","tag-895","tag-sus","tag-vacina-hpv-para-meninos"],"better_featured_image":{"id":3061,"alt_text":"","caption":"","description":"","media_type":"image","media_details":{"width":940,"height":350,"file":"2016\/10\/vacina_HPV_meninos_2017.jpg","sizes":{"thumbnail":{"file":"vacina_HPV_meninos_2017-150x56.jpg","width":150,"height":56,"mime-type":"image\/jpeg","source_url":"https:\/\/lavras.tv\/site\/wp-content\/uploads\/2016\/10\/vacina_HPV_meninos_2017-150x56.jpg"},"medium":{"file":"vacina_HPV_meninos_2017-300x112.jpg","width":300,"height":112,"mime-type":"image\/jpeg","source_url":"https:\/\/lavras.tv\/site\/wp-content\/uploads\/2016\/10\/vacina_HPV_meninos_2017-300x112.jpg"},"featured-slider-img":{"file":"vacina_HPV_meninos_2017-640x350.jpg","width":640,"height":350,"mime-type":"image\/jpeg","source_url":"https:\/\/lavras.tv\/site\/wp-content\/uploads\/2016\/10\/vacina_HPV_meninos_2017-640x350.jpg"},"featured-post-img":{"file":"vacina_HPV_meninos_2017-480x320.jpg","width":480,"height":320,"mime-type":"image\/jpeg","source_url":"https:\/\/lavras.tv\/site\/wp-content\/uploads\/2016\/10\/vacina_HPV_meninos_2017-480x320.jpg"},"sow-carousel-default":{"file":"vacina_HPV_meninos_2017-272x182.jpg","width":272,"height":182,"mime-type":"image\/jpeg","source_url":"https:\/\/lavras.tv\/site\/wp-content\/uploads\/2016\/10\/vacina_HPV_meninos_2017-272x182.jpg"}},"image_meta":{"aperture":"0","credit":"","camera":"","caption":"","created_timestamp":"0","copyright":"","focal_length":"0","iso":"0","shutter_speed":"0","title":"","orientation":"1","keywords":[]}},"post":3060,"source_url":"https:\/\/lavras.tv\/site\/wp-content\/uploads\/2016\/10\/vacina_HPV_meninos_2017.jpg"},"author_meta":{"display_name":"Lavras TV","author_link":"https:\/\/lavras.tv\/site\/author\/lavrastv\/"},"featured_img":"https:\/\/lavras.tv\/site\/wp-content\/uploads\/2016\/10\/vacina_HPV_meninos_2017-300x112.jpg","coauthors":[],"tax_additional":{"categories":{"linked":["<a href=\"https:\/\/lavras.tv\/site\/category\/destaques\/\" class=\"advgb-post-tax-term\">Destaques<\/a>","<a href=\"https:\/\/lavras.tv\/site\/category\/noticias\/\" class=\"advgb-post-tax-term\">Not\u00edcias<\/a>"],"unlinked":["<span class=\"advgb-post-tax-term\">Destaques<\/span>","<span class=\"advgb-post-tax-term\">Not\u00edcias<\/span>"]},"tags":{"linked":["<a href=\"https:\/\/lavras.tv\/site\/category\/noticias\/\" class=\"advgb-post-tax-term\">2017<\/a>","<a href=\"https:\/\/lavras.tv\/site\/category\/noticias\/\" class=\"advgb-post-tax-term\">sus<\/a>","<a href=\"https:\/\/lavras.tv\/site\/category\/noticias\/\" class=\"advgb-post-tax-term\">vacina hpv para meninos<\/a>"],"unlinked":["<span class=\"advgb-post-tax-term\">2017<\/span>","<span class=\"advgb-post-tax-term\">sus<\/span>","<span class=\"advgb-post-tax-term\">vacina hpv para meninos<\/span>"]}},"comment_count":"0","relative_dates":{"created":"Publicado 10 anos atr\u00e1s","modified":"Atualizado 10 anos atr\u00e1s"},"absolute_dates":{"created":"Publicado em 18 de outubro de 2016","modified":"Atualizado em 18 de outubro de 2016"},"absolute_dates_time":{"created":"Publicado em 18 de outubro de 2016 09:13","modified":"Atualizado em 18 de outubro de 2016 09:21"},"featured_img_caption":"","series_order":"","_links":{"self":[{"href":"https:\/\/lavras.tv\/site\/wp-json\/wp\/v2\/posts\/3060","targetHints":{"allow":["GET"]}}],"collection":[{"href":"https:\/\/lavras.tv\/site\/wp-json\/wp\/v2\/posts"}],"about":[{"href":"https:\/\/lavras.tv\/site\/wp-json\/wp\/v2\/types\/post"}],"author":[{"embeddable":true,"href":"https:\/\/lavras.tv\/site\/wp-json\/wp\/v2\/users\/2"}],"replies":[{"embeddable":true,"href":"https:\/\/lavras.tv\/site\/wp-json\/wp\/v2\/comments?post=3060"}],"version-history":[{"count":2,"href":"https:\/\/lavras.tv\/site\/wp-json\/wp\/v2\/posts\/3060\/revisions"}],"predecessor-version":[{"id":3063,"href":"https:\/\/lavras.tv\/site\/wp-json\/wp\/v2\/posts\/3060\/revisions\/3063"}],"wp:featuredmedia":[{"embeddable":true,"href":"https:\/\/lavras.tv\/site\/wp-json\/wp\/v2\/media\/3061"}],"wp:attachment":[{"href":"https:\/\/lavras.tv\/site\/wp-json\/wp\/v2\/media?parent=3060"}],"wp:term":[{"taxonomy":"category","embeddable":true,"href":"https:\/\/lavras.tv\/site\/wp-json\/wp\/v2\/categories?post=3060"},{"taxonomy":"post_tag","embeddable":true,"href":"https:\/\/lavras.tv\/site\/wp-json\/wp\/v2\/tags?post=3060"}],"curies":[{"name":"wp","href":"https:\/\/api.w.org\/{rel}","templated":true}]}}