{"id":30768,"date":"2019-07-04T09:52:59","date_gmt":"2019-07-04T12:52:59","guid":{"rendered":"http:\/\/lavras.tv\/site\/?p=30768"},"modified":"2019-07-04T09:52:59","modified_gmt":"2019-07-04T12:52:59","slug":"cadastro-obrigatorio-da-biometria-esta-abaixo-de-50-em-9-das-12-cidades-do-sul-de-mg","status":"publish","type":"post","link":"https:\/\/lavras.tv\/site\/2019\/07\/04\/cadastro-obrigatorio-da-biometria-esta-abaixo-de-50-em-9-das-12-cidades-do-sul-de-mg\/","title":{"rendered":"Cadastro obrigat\u00f3rio da biometria est\u00e1 abaixo de 50% em 9 das 12 cidades do Sul de MG"},"content":{"rendered":"<div class=\"lavra-antes-do-conteudo_2\" id=\"lavra-4265985367\"><div id=\"lavra-slider-27\" class=\"custom-slider lavra-slider-3956994193 lavra-slider\"><ul><li><div style=\"margin-left: auto;margin-right: auto;text-align: center;\" id=\"lavra-1830342626\"><a href=\"https:\/\/sistemas.lavras.mg.gov.br\/portalcidadao\/#df1b1a7c7b2a290bcb31e32771e610784662739a88807c0dacac58ede5f391a7530e299dc302d611ee73cb143fc22eaf93592e53e7b5bdb01b00a0b8d28dae460c141dd2ff83412e4dc1c31b16b25f33144a9e5620ea73b13f5bc1c59411d98439ad226e8af03840603796067d87afe130812cf3de24982d0e306f9e61e764e5\" aria-label=\"Lavras-TV&#8211;720x104px (1) (1)\"><img src=\"https:\/\/lavras.tv\/site\/wp-content\/uploads\/2025\/01\/Lavras-TV-720x104px-1-1.png\" alt=\"\"  srcset=\"https:\/\/lavras.tv\/site\/wp-content\/uploads\/2025\/01\/Lavras-TV-720x104px-1-1.png 720w, https:\/\/lavras.tv\/site\/wp-content\/uploads\/2025\/01\/Lavras-TV-720x104px-1-1-470x68.png 470w, https:\/\/lavras.tv\/site\/wp-content\/uploads\/2025\/01\/Lavras-TV-720x104px-1-1-170x25.png 170w, https:\/\/lavras.tv\/site\/wp-content\/uploads\/2025\/01\/Lavras-TV-720x104px-1-1-200x29.png 200w\" sizes=\"(max-width: 720px) 100vw, 720px\" width=\"720\" height=\"104\"  style=\"display: inline-block;\" \/><\/a><\/div><\/li><li><a href=\"https:\/\/sistemas.lavras.mg.gov.br\/portalcidadao\/#df1b1a7c7b2a290bcb31e32771e610784662739a88807c0dacac58ede5f391a7530e299dc302d611ee73cb143fc22eaf93592e53e7b5bdb01b00a0b8d28dae460c141dd2ff83412e4dc1c31b16b25f33144a9e5620ea73b13f5bc1c59411d98439ad226e8af03840603796067d87afe130812cf3de24982d0e306f9e61e764e5\" aria-label=\"Banner_Emprego_PortallavrasTV\"><img src=\"https:\/\/lavras.tv\/site\/wp-content\/uploads\/2025\/03\/Banner_Emprego_PortallavrasTV.png\" alt=\"\"  srcset=\"https:\/\/lavras.tv\/site\/wp-content\/uploads\/2025\/03\/Banner_Emprego_PortallavrasTV.png 720w, https:\/\/lavras.tv\/site\/wp-content\/uploads\/2025\/03\/Banner_Emprego_PortallavrasTV-470x68.png 470w, https:\/\/lavras.tv\/site\/wp-content\/uploads\/2025\/03\/Banner_Emprego_PortallavrasTV-170x25.png 170w, https:\/\/lavras.tv\/site\/wp-content\/uploads\/2025\/03\/Banner_Emprego_PortallavrasTV-200x29.png 200w\" sizes=\"(max-width: 720px) 100vw, 720px\" width=\"720\" height=\"104\"   \/><\/a><\/li><li><a href=\"https:\/\/sistemas.lavras.mg.gov.br\/portalcidadao\/#df1b1a7c7b2a290bcb31e32771e610784662739a88807c0dacac58ede5f391a7530e299dc302d611ee73cb143fc22eaf93592e53e7b5bdb01b00a0b8d28dae460c141dd2ff83412e4dc1c31b16b25f33144a9e5620ea73b13f5bc1c59411d98439ad226e8af03840603796067d87afe130812cf3de24982d0e306f9e61e764e5\" aria-label=\"Banner_Obras_PortallavrasTV\"><img src=\"https:\/\/lavras.tv\/site\/wp-content\/uploads\/2025\/03\/Banner_Obras_PortallavrasTV.png\" alt=\"\"  srcset=\"https:\/\/lavras.tv\/site\/wp-content\/uploads\/2025\/03\/Banner_Obras_PortallavrasTV.png 720w, https:\/\/lavras.tv\/site\/wp-content\/uploads\/2025\/03\/Banner_Obras_PortallavrasTV-470x68.png 470w, https:\/\/lavras.tv\/site\/wp-content\/uploads\/2025\/03\/Banner_Obras_PortallavrasTV-170x25.png 170w, https:\/\/lavras.tv\/site\/wp-content\/uploads\/2025\/03\/Banner_Obras_PortallavrasTV-200x29.png 200w\" sizes=\"(max-width: 720px) 100vw, 720px\" width=\"720\" height=\"104\"   \/><\/a><\/li><li><div style=\"margin-left: auto;margin-right: auto;text-align: center;\" id=\"lavra-2471298262\"><a href=\"https:\/\/sistemas.lavras.mg.gov.br\/portalcidadao\/#df1b1a7c7b2a290bcb31e32771e610784662739a88807c0dacac58ede5f391a7530e299dc302d611ee73cb143fc22eaf93592e53e7b5bdb01b00a0b8d28dae460c141dd2ff83412e4dc1c31b16b25f33144a9e5620ea73b13f5bc1c59411d98439ad226e8af03840603796067d87afe130812cf3de24982d0e306f9e61e764e5\" aria-label=\"Banner_Educa\u00e7\u00e3o_PortallavrasTV\"><img src=\"https:\/\/lavras.tv\/site\/wp-content\/uploads\/2025\/01\/Banner_Educacao_PortallavrasTV.png\" alt=\"\"  srcset=\"https:\/\/lavras.tv\/site\/wp-content\/uploads\/2025\/01\/Banner_Educacao_PortallavrasTV.png 720w, https:\/\/lavras.tv\/site\/wp-content\/uploads\/2025\/01\/Banner_Educacao_PortallavrasTV-470x68.png 470w, https:\/\/lavras.tv\/site\/wp-content\/uploads\/2025\/01\/Banner_Educacao_PortallavrasTV-170x25.png 170w, https:\/\/lavras.tv\/site\/wp-content\/uploads\/2025\/01\/Banner_Educacao_PortallavrasTV-200x29.png 200w\" sizes=\"(max-width: 720px) 100vw, 720px\" width=\"720\" height=\"104\"  style=\"display: inline-block;\" \/><\/a><\/div><\/li><li><a href=\"https:\/\/sistemas.lavras.mg.gov.br\/portalcidadao\/#df1b1a7c7b2a290bcb31e32771e610784662739a88807c0dacac58ede5f391a7530e299dc302d611ee73cb143fc22eaf93592e53e7b5bdb01b00a0b8d28dae460c141dd2ff83412e4dc1c31b16b25f33144a9e5620ea73b13f5bc1c59411d98439ad226e8af03840603796067d87afe130812cf3de24982d0e306f9e61e764e5\" aria-label=\"Banner_Sa\u00fade_PortallavrasTV\"><img src=\"https:\/\/lavras.tv\/site\/wp-content\/uploads\/2025\/03\/Banner_Saude_PortallavrasTV.png\" alt=\"\"  srcset=\"https:\/\/lavras.tv\/site\/wp-content\/uploads\/2025\/03\/Banner_Saude_PortallavrasTV.png 720w, https:\/\/lavras.tv\/site\/wp-content\/uploads\/2025\/03\/Banner_Saude_PortallavrasTV-470x68.png 470w, https:\/\/lavras.tv\/site\/wp-content\/uploads\/2025\/03\/Banner_Saude_PortallavrasTV-170x25.png 170w, https:\/\/lavras.tv\/site\/wp-content\/uploads\/2025\/03\/Banner_Saude_PortallavrasTV-200x29.png 200w\" sizes=\"(max-width: 720px) 100vw, 720px\" width=\"720\" height=\"104\"   \/><\/a><\/li><li><div id=\"lavra-882247553\" style=\"width:720px;height:104px;background-color:#ddd;overflow:scroll;\">\n\t<strong>Sa\u00edda da depura\u00e7\u00e3o de an\u00fancios<\/strong>\n\t<br><br>\n\tO an\u00fancio n\u00e3o \u00e9 exibido na p\u00e1gina<br><br>post atual: Cadastro obrigat\u00f3rio da biometria est\u00e1 abaixo de 50% em 9 das 12 cidades do Sul de MG, ID: 30768<br><br><span style=\"color: red;\">O post atual n\u00e3o \u00e9 id\u00eantico ao post principal.<\/span><br><br>An\u00fancios: ROXO - TOPO INTERNA - ROTATIVO 2 (197)<br \/>Grupo de an\u00fancios: Princ_Meio01_720x104 (27)<br><br>Condi\u00e7\u00f5es de exibi\u00e7\u00e3o<div style=\"margin-bottom: 20px; white-space: pre-wrap; font-family: monospace; width: 100%; background: #ffe9e9;\"><strong>condi\u00e7\u00f5es gerais<\/strong><table border=\"1\"><thead><tr><th><\/th><th>An\u00fancios<\/th><th>wp_the_query<\/th><\/tr><\/thead><tr><td>is_main_query<\/td><td>1<\/td><td>1<\/td><\/tr><tr><td>is_rest_api<\/td><td>0<\/td><td>1<\/td><\/tr><tr><td>page<\/td><td>0<\/td><td>1<\/td><\/tr><tr><td>numpages<\/td><td>0<\/td><td>1<\/td><\/tr><tr><td>is_archive<\/td><td>1<\/td><td><\/td><\/tr><tr><td>is_search<\/td><td>1<\/td><td><\/td><\/tr><tr><td>is_home<\/td><td>1<\/td><td><\/td><\/tr><tr><td>is_404<\/td><td>1<\/td><td><\/td><\/tr><tr><td>is_attachment<\/td><td>1<\/td><td><\/td><\/tr><tr><td>is_singular<\/td><td>1<\/td><td><\/td><\/tr><tr><td>is_front_page<\/td><td>1<\/td><td><\/td><\/tr><tr><td>is_feed<\/td><td>1<\/td><td><\/td><\/tr><\/table><\/div><br><br><span style=\"color: red;\">Seu site usa HTTPS, mas o c\u00f3digo do an\u00fancio cont\u00e9m HTTP e pode n\u00e3o funcionar.<\/span>\t<br><br>\n\t<a style=\"color: green;\" href=\"https:\/\/wpadvancedads.com\/manual\/ad-debug-mode\/?utm_source=advanced-ads&utm_medium=link&utm_campaign=ad-debug-mode\" target=\"_blank\" rel=\"nofollow\">Encontre solu\u00e7\u00f5es no manual<\/a>\n<\/div>\n<\/li><\/ul><\/div><script>( window.advanced_ads_ready || jQuery( document ).ready ).call( null, function() {var $lavraslider3956994193 = jQuery( \".lavra-slider-3956994193\" );$lavraslider3956994193.on( \"unslider.ready\", function() { jQuery( \"div.custom-slider ul li\" ).css( \"display\", \"block\" ); });$lavraslider3956994193.unslider({ delay:4000, autoplay:true, nav:false, arrows:false, infinite:true });$lavraslider3956994193.on(\"mouseover\", function() {$lavraslider3956994193.unslider(\"stop\");}).on(\"mouseout\", function() {$lavraslider3956994193.unslider(\"start\");});});<\/script><\/div><div class=\"mc-column content-text active-extra-styles active-capital-letter\" data-block-type=\"unstyled\" data-block-weight=\"24\" data-block-id=\"1\">\n<p class=\"content-text__container theme-color-primary-first-letter\" data-track-category=\"Link no Texto\" data-track-links=\"\">Nove das 12 cidades do Sul de Minas com cadastro obrigat\u00f3rio do voto biom\u00e9trico tem ades\u00e3o inferior a 50%, segundo a Justi\u00e7a Eleitoral.<\/p>\n<\/div>\n<div class=\"wall protected-content\">\n<div class=\"mc-column content-text active-extra-styles \" data-block-type=\"unstyled\" data-block-weight=\"28\" data-block-id=\"2\">\n<p class=\"content-text__container \" data-track-category=\"Link no Texto\" data-track-links=\"\">Est\u00e3o nesta situa\u00e7\u00e3o os munic\u00edpios de Aiuruoca (MG), Carvalhos (MG), Carrancas (MG), Itutinga (MG), Inga\u00ed (MG), Lumin\u00e1rias (MG), Liberdade (MG), Passa Vinte (MG) e Santana do Jacar\u00e9 (MG).<\/p>\n<\/div>\n<div class=\"mc-column content-text active-extra-styles \" data-block-type=\"unstyled\" data-block-weight=\"18\" data-block-id=\"3\">\n<p class=\"content-text__container \" data-track-category=\"Link no Texto\" data-track-links=\"\">Est\u00e3o com porcentagem acima de 50% os munic\u00edpios de Concei\u00e7\u00e3o da Barra de Minas, Itumirim e Nazareno.<\/p>\n<\/div>\n<div class=\"mc-column content-text active-extra-styles \" data-block-type=\"unstyled\" data-block-weight=\"24\" data-block-id=\"4\">\n<p class=\"content-text__container \" data-track-category=\"Link no Texto\" data-track-links=\"\">O prazo para o eleitor comparecer aos cart\u00f3rios eleitorais teve in\u00edcio no dia 5 de fevereiro e segue at\u00e9 outubro, em alguns casos.<\/p>\n<\/div>\n<div class=\"mc-column content-text active-extra-styles \" data-block-type=\"unstyled\" data-block-weight=\"18\" data-block-id=\"5\">\n<p class=\"content-text__container \" data-track-category=\"Link no Texto\" data-track-links=\"\">Para outros munic\u00edpios o prazo se encerra em outubro de 2019 ou fevereiro de 2020 (veja tabela abaixo).<\/p>\n<\/div>\n<div class=\"row medium-uncollapsed content-text\" data-block-type=\"table-plugin\" data-block-id=\"6\">\n<div class=\"column medium-centered medium-22 large-20\">\n<div class=\"show-table content-media content-media--normal\">\n<p class=\"mc-column show-table__title\">Cidades com votos biom\u00e9tricos obrigat\u00f3rios<\/p>\n<div class=\"show-table__centralized\">\n<div class=\"show-table__container\">\n<table class=\"show-table__content\n show-table__content--highlight-top        \"><\/p>\n<tbody>\n<tr>\n<td>Cidade<\/td>\n<td>N\u00ba de eleitores<\/td>\n<td>Votos biom\u00e9tricos<\/td>\n<td>Porcentagem<\/td>\n<\/tr>\n<tr>\n<td>Aiuruoca<\/td>\n<td>5.098<\/td>\n<td>2.229<\/td>\n<td>43,72%<\/td>\n<\/tr>\n<tr>\n<td>Carvalhos<\/td>\n<td>3.919<\/td>\n<td>1.743<\/td>\n<td>44,48%<\/td>\n<\/tr>\n<tr>\n<td>Carrancas<\/td>\n<td>3.302<\/td>\n<td>1.214<\/td>\n<td>36,77%<\/td>\n<\/tr>\n<tr>\n<td>Concei\u00e7\u00e3o da Barra de MG<\/td>\n<td>3.533<\/td>\n<td>2.539<\/td>\n<td>71,87%<\/td>\n<\/tr>\n<tr>\n<td>Itutinga<\/td>\n<td>3.723<\/td>\n<td>1.786<\/td>\n<td>47,97%<\/td>\n<\/tr>\n<tr>\n<td>Inga\u00ed<\/td>\n<td>2.920<\/td>\n<td>651<\/td>\n<td>22,29%<\/td>\n<\/tr>\n<tr>\n<td>Itumirim<\/td>\n<td>5.948<\/td>\n<td>3.446<\/td>\n<td>57,94%<\/td>\n<\/tr>\n<tr>\n<td>Lumin\u00e1rias<\/td>\n<td>4345<\/td>\n<td>484<\/td>\n<td>11,14%<\/td>\n<\/tr>\n<tr>\n<td>Liberdade<\/td>\n<td>4.379<\/td>\n<td>1.901<\/td>\n<td>43,41%<\/td>\n<\/tr>\n<tr>\n<td>Nazareno<\/td>\n<td>6.345<\/td>\n<td>3.192<\/td>\n<td>50.31%<\/td>\n<\/tr>\n<tr>\n<td>Passa Vinte<\/td>\n<td>2.108<\/td>\n<td>845<\/td>\n<td>40.09%<\/td>\n<\/tr>\n<tr>\n<td>Santana do Jacar\u00e9<\/td>\n<td>3.995<\/td>\n<td>1.640<\/td>\n<td>41.05%<\/td>\n<\/tr>\n<\/tbody>\n<\/table>\n<\/div>\n<div class=\"show-table__footer\">\n<div class=\"show-table__source\">Fonte: Justi\u00e7a Eleitoral<\/div>\n<\/div>\n<div><img fetchpriority=\"high\" decoding=\"async\" class=\"alignnone  wp-image-9946 aligncenter\" src=\"http:\/\/lavras.tv\/site\/wp-content\/uploads\/2017\/06\/biometria.png\" alt=\"\" width=\"787\" height=\"512\" srcset=\"https:\/\/lavras.tv\/site\/wp-content\/uploads\/2017\/06\/biometria.png 1143w, https:\/\/lavras.tv\/site\/wp-content\/uploads\/2017\/06\/biometria-150x98.png 150w, https:\/\/lavras.tv\/site\/wp-content\/uploads\/2017\/06\/biometria-300x195.png 300w, https:\/\/lavras.tv\/site\/wp-content\/uploads\/2017\/06\/biometria-1024x667.png 1024w\" sizes=\"(max-width: 787px) 100vw, 787px\" \/><\/div>\n<\/div>\n<\/div>\n<\/div>\n<\/div>\n<div class=\"mc-column content-text active-extra-styles \" data-block-type=\"unstyled\" data-block-weight=\"46\" data-block-id=\"7\">\n<p class=\"content-text__container \" data-track-category=\"Link no Texto\" data-track-links=\"\">O cadastro biom\u00e9trico \u00e9 essencial para o eleitor votar nas pr\u00f3ximas elei\u00e7\u00f5es.No caso de alguns munic\u00edpios, \u00e9 preciso que o eleitor v\u00e1 at\u00e9 a sede do cart\u00f3rio eleitoral mais pr\u00f3xima para regularizar a situa\u00e7\u00e3o, ou a um posto ou central de atendimento. Confira a lista:<\/p>\n<\/div>\n<div class=\"row medium-uncollapsed content-text\" data-block-type=\"table-plugin\" data-block-id=\"8\">\n<div class=\"column medium-centered medium-22 large-20\">\n<div class=\"show-table content-media content-media--normal\">\n<p class=\"mc-column show-table__title\">Datas e locais de cadastro da biometria<\/p>\n<div class=\"show-table__centralized\">\n<div class=\"show-table__container\">\n<table class=\"show-table__content\n show-table__content--highlight-top        \"><\/p>\n<tbody>\n<tr>\n<td>Cidade<\/td>\n<td>Sede para Atualiza\u00e7\u00e3o<\/td>\n<td>Prazo Final<\/td>\n<\/tr>\n<tr>\n<td>Liberdade<\/td>\n<td>Aiuruoca<\/td>\n<td>10\/10\/2019<\/td>\n<\/tr>\n<tr>\n<td>Passa Vinte<\/td>\n<td>Aiuruoca<\/td>\n<td>10\/10\/2019<\/td>\n<\/tr>\n<tr>\n<td>Carvalhos<\/td>\n<td>Aiuruoca<\/td>\n<td>17\/12\/2019<\/td>\n<\/tr>\n<tr>\n<td>Aiuruoca<\/td>\n<td>Aiuruoca<\/td>\n<td>21\/02\/2020<\/td>\n<\/tr>\n<tr>\n<td>Santana do Jacar\u00e9<\/td>\n<td>Candeias<\/td>\n<td>10\/10\/2019<\/td>\n<\/tr>\n<tr>\n<td>Carrancas<\/td>\n<td>Itumirim<\/td>\n<td>10\/10\/2019<\/td>\n<\/tr>\n<tr>\n<td>Itutinga<\/td>\n<td>Itumirim<\/td>\n<td>10\/10\/2019<\/td>\n<\/tr>\n<tr>\n<td>Inga\u00ed<\/td>\n<td>Itumirim<\/td>\n<td>17\/12\/2019<\/td>\n<\/tr>\n<tr>\n<td>Itumirim<\/td>\n<td>Itumirim<\/td>\n<td>21\/02\/2020<\/td>\n<\/tr>\n<tr>\n<td>Lumin\u00e1rias<\/td>\n<td>Itumirim<\/td>\n<td>21\/02\/2020<\/td>\n<\/tr>\n<tr>\n<td>Nazareno<\/td>\n<td>S\u00e3o Jo\u00e3o Del Rei<\/td>\n<td>10\/10\/2019<\/td>\n<\/tr>\n<tr>\n<td>Concei\u00e7\u00e3o da Barra de MG<\/td>\n<td>S\u00e3o Jo\u00e3o Del Rei<\/td>\n<td>17\/12\/2019<\/td>\n<\/tr>\n<\/tbody>\n<\/table>\n<\/div>\n<div class=\"show-table__footer\">\n<div class=\"show-table__source\">Fonte: Justi\u00e7a Eleitoral<\/div>\n<\/div>\n<\/div>\n<\/div>\n<\/div>\n<\/div>\n<div class=\"content-ads content-ads--reveal\" data-block-type=\"ads\" data-block-id=\"9\">\n<div id=\"banner_materia2\" class=\"tag-manager-publicidade-container mc-has-reveal mc-has-ad-lazyload tag-manager-publicidade-banner_materia2 tag-manager-publicidade-container--carregado tag-manager-publicidade-container--visivel\" data-id=\"banner_materia2\" data-google-query-id=\"CPGnr7Smm-MCFf7J4wcdZoAMOA\" data-cid=\"138274675947\" data-lid=\"5106946230\">\n<div id=\"google_ads_iframe_\/95377733\/tvg_G1\/Sua_Regiao&gt;Sudeste&gt;Minas_Gerais_(Sul_de_Minas)_2__container__\" style=\"box-sizing: inherit; margin: auto; padding: 0px; border: 0pt none; font: inherit; vertical-align: baseline; width: 970px; max-width: 100%; text-align: center;\"><\/div>\n<\/div>\n<\/div>\n<div class=\"mc-column content-text active-extra-styles \" data-block-type=\"unstyled\" data-block-weight=\"18\" data-block-id=\"10\">\n<p class=\"content-text__container \" data-track-category=\"Link no Texto\" data-track-links=\"\">Os eleitores destas cidades que j\u00e1 coletaram assinatura, fotos e digitais n\u00e3o precisam fazer o cadastro novamente.<\/p>\n<\/div>\n<div class=\"mc-column content-text active-extra-styles\" data-block-type=\"raw\" data-block-weight=\"2\" data-block-id=\"11\">\n<div class=\"content-intertitle\">\n<h2>Como fazer?<\/h2>\n<\/div>\n<\/div>\n<div class=\"mc-column content-text active-extra-styles \" data-block-type=\"unstyled\" data-block-weight=\"39\" data-block-id=\"12\">\n<p class=\"content-text__container \" data-track-category=\"Link no Texto\" data-track-links=\"\">O eleitor precisa apresentar um comprovante de endere\u00e7o e um documento oficial de identidade \u2013 exceto carteira de habilita\u00e7\u00e3o e passaporte novo. Homens que v\u00e3o fazer o alistamento militar devem apresentar o comprovante de quita\u00e7\u00e3o do servi\u00e7o militar.<\/p>\n<\/div>\n<div class=\"mc-column content-text active-extra-styles \" data-block-type=\"unstyled\" data-block-weight=\"35\" data-block-id=\"13\">\n<p class=\"content-text__container \" data-track-category=\"Link no Texto\" data-track-links=\"\">O atendimento pode ser agendado no\u00a0<a href=\"http:\/\/www.tre-mg.jus.br\/eleitor\/agendamento\" target=\"_blank\" rel=\"noopener noreferrer\">site do TRE<\/a>\u00a0ou pelo disque-eleitor no 148. Nos cart\u00f3rios, os eleitores podem ser atendidos por ordem de chegada. O hor\u00e1rio de atendimento \u00e9 das 12h \u00e0s 18h.<\/p>\n<\/div>\n<div class=\"mc-column content-text active-extra-styles \" data-block-type=\"unstyled\" data-block-weight=\"29\" data-block-id=\"14\">\n<p class=\"content-text__container \" data-track-category=\"Link no Texto\" data-track-links=\"\">Em todo o estado, 121 munic\u00edpios passar\u00e3o a ter a biometria como obrigat\u00f3ria. O eleitorado total dessas cidades \u00e9 de mais de 1,8 milh\u00e3o, com 22,26% j\u00e1 atualizados.<\/p>\n<\/div>\n<div class=\"mc-column content-text active-extra-styles \" data-block-type=\"unstyled\" data-block-weight=\"15\" data-block-id=\"15\">\n<p class=\"content-text__container \" data-track-category=\"Link no Texto\" data-track-links=\"\">Em 84 cidades de Minas Gerais, a biometria j\u00e1 foi obrigat\u00f3ria nas \u00faltimas elei\u00e7\u00f5es.<\/p>\n<p data-track-category=\"Link no Texto\" data-track-links=\"\">Fonte: G1<\/p>\n<\/div>\n<\/div>\n","protected":false},"excerpt":{"rendered":"<p>Nove das 12 cidades do Sul de Minas com cadastro obrigat\u00f3rio do voto biom\u00e9trico tem ades\u00e3o inferior a 50%, segundo a Justi\u00e7a Eleitoral. Est\u00e3o nesta situa\u00e7\u00e3o os munic\u00edpios de Aiuruoca (MG), Carvalhos (MG), Carrancas (MG), Itutinga (MG), Inga\u00ed (MG), Lumin\u00e1rias (MG), Liberdade (MG), Passa Vinte (MG) e Santana do Jacar\u00e9 (MG). Est\u00e3o com porcentagem acima [&hellip;]<\/p>\n","protected":false},"author":2,"featured_media":9946,"comment_status":"closed","ping_status":"open","sticky":false,"template":"","format":"standard","meta":{"advgb_blocks_editor_width":"","advgb_blocks_columns_visual_guide":"","_exactmetrics_skip_tracking":false,"_exactmetrics_sitenote_active":false,"_exactmetrics_sitenote_note":"","_exactmetrics_sitenote_category":0,"footnotes":""},"categories":[7,12],"tags":[],"class_list":["post-30768","post","type-post","status-publish","format-standard","has-post-thumbnail","hentry","category-destaques","category-politica"],"better_featured_image":{"id":9946,"alt_text":"","caption":"","description":"","media_type":"image","media_details":{"width":1143,"height":744,"file":"2017\/06\/biometria.png","sizes":{"thumbnail":{"file":"biometria-150x98.png","width":150,"height":98,"mime-type":"image\/png","source_url":"https:\/\/lavras.tv\/site\/wp-content\/uploads\/2017\/06\/biometria-150x98.png"},"medium":{"file":"biometria-300x195.png","width":300,"height":195,"mime-type":"image\/png","source_url":"https:\/\/lavras.tv\/site\/wp-content\/uploads\/2017\/06\/biometria-300x195.png"},"large":{"file":"biometria-1024x667.png","width":1024,"height":667,"mime-type":"image\/png","source_url":"https:\/\/lavras.tv\/site\/wp-content\/uploads\/2017\/06\/biometria-1024x667.png"},"featured-slider-img":{"file":"biometria-640x480.png","width":640,"height":480,"mime-type":"image\/png","source_url":"https:\/\/lavras.tv\/site\/wp-content\/uploads\/2017\/06\/biometria-640x480.png"},"featured-post-img":{"file":"biometria-480x320.png","width":480,"height":320,"mime-type":"image\/png","source_url":"https:\/\/lavras.tv\/site\/wp-content\/uploads\/2017\/06\/biometria-480x320.png"},"sow-carousel-default":{"file":"biometria-272x182.png","width":272,"height":182,"mime-type":"image\/png","source_url":"https:\/\/lavras.tv\/site\/wp-content\/uploads\/2017\/06\/biometria-272x182.png"}},"image_meta":{"aperture":"0","credit":"","camera":"","caption":"","created_timestamp":"0","copyright":"","focal_length":"0","iso":"0","shutter_speed":"0","title":"","orientation":"0","keywords":[]}},"post":9945,"source_url":"https:\/\/lavras.tv\/site\/wp-content\/uploads\/2017\/06\/biometria.png"},"author_meta":{"display_name":"Lavras TV","author_link":"https:\/\/lavras.tv\/site\/author\/lavrastv\/"},"featured_img":"https:\/\/lavras.tv\/site\/wp-content\/uploads\/2017\/06\/biometria-300x195.png","coauthors":[],"tax_additional":{"categories":{"linked":["<a href=\"https:\/\/lavras.tv\/site\/category\/destaques\/\" class=\"advgb-post-tax-term\">Destaques<\/a>","<a href=\"https:\/\/lavras.tv\/site\/category\/politica\/\" class=\"advgb-post-tax-term\">Pol\u00edtica<\/a>"],"unlinked":["<span class=\"advgb-post-tax-term\">Destaques<\/span>","<span class=\"advgb-post-tax-term\">Pol\u00edtica<\/span>"]}},"comment_count":"0","relative_dates":{"created":"Publicado 7 anos atr\u00e1s","modified":"Atualizado 7 anos atr\u00e1s"},"absolute_dates":{"created":"Publicado em 4 de julho de 2019","modified":"Atualizado em 4 de julho de 2019"},"absolute_dates_time":{"created":"Publicado em 4 de julho de 2019 09:52","modified":"Atualizado em 4 de julho de 2019 09:52"},"featured_img_caption":"","series_order":"","_links":{"self":[{"href":"https:\/\/lavras.tv\/site\/wp-json\/wp\/v2\/posts\/30768","targetHints":{"allow":["GET"]}}],"collection":[{"href":"https:\/\/lavras.tv\/site\/wp-json\/wp\/v2\/posts"}],"about":[{"href":"https:\/\/lavras.tv\/site\/wp-json\/wp\/v2\/types\/post"}],"author":[{"embeddable":true,"href":"https:\/\/lavras.tv\/site\/wp-json\/wp\/v2\/users\/2"}],"replies":[{"embeddable":true,"href":"https:\/\/lavras.tv\/site\/wp-json\/wp\/v2\/comments?post=30768"}],"version-history":[{"count":1,"href":"https:\/\/lavras.tv\/site\/wp-json\/wp\/v2\/posts\/30768\/revisions"}],"predecessor-version":[{"id":30769,"href":"https:\/\/lavras.tv\/site\/wp-json\/wp\/v2\/posts\/30768\/revisions\/30769"}],"wp:featuredmedia":[{"embeddable":true,"href":"https:\/\/lavras.tv\/site\/wp-json\/wp\/v2\/media\/9946"}],"wp:attachment":[{"href":"https:\/\/lavras.tv\/site\/wp-json\/wp\/v2\/media?parent=30768"}],"wp:term":[{"taxonomy":"category","embeddable":true,"href":"https:\/\/lavras.tv\/site\/wp-json\/wp\/v2\/categories?post=30768"},{"taxonomy":"post_tag","embeddable":true,"href":"https:\/\/lavras.tv\/site\/wp-json\/wp\/v2\/tags?post=30768"}],"curies":[{"name":"wp","href":"https:\/\/api.w.org\/{rel}","templated":true}]}}