{"id":3112,"date":"2016-10-19T09:41:14","date_gmt":"2016-10-19T11:41:14","guid":{"rendered":"http:\/\/lavras.tv\/site\/?p=3112"},"modified":"2016-10-19T09:41:14","modified_gmt":"2016-10-19T11:41:14","slug":"com-vantagem-atletico-visita-o-juventude-em-busca-de-vaga-na-semifinal-da-copa-do-brasil","status":"publish","type":"post","link":"https:\/\/lavras.tv\/site\/2016\/10\/19\/com-vantagem-atletico-visita-o-juventude-em-busca-de-vaga-na-semifinal-da-copa-do-brasil\/","title":{"rendered":"Com vantagem, Atl\u00e9tico visita o Juventude em busca de vaga na semifinal da Copa do Brasil"},"content":{"rendered":"<div class=\"lavra-antes-do-conteudo_2\" id=\"lavra-419907158\"><div id=\"lavra-slider-27\" class=\"custom-slider lavra-slider-2448090240 lavra-slider\"><ul><li><div style=\"margin-left: auto;margin-right: auto;text-align: center;\" id=\"lavra-1580121957\"><a href=\"https:\/\/sistemas.lavras.mg.gov.br\/portalcidadao\/#df1b1a7c7b2a290bcb31e32771e610784662739a88807c0dacac58ede5f391a7530e299dc302d611ee73cb143fc22eaf93592e53e7b5bdb01b00a0b8d28dae460c141dd2ff83412e4dc1c31b16b25f33144a9e5620ea73b13f5bc1c59411d98439ad226e8af03840603796067d87afe130812cf3de24982d0e306f9e61e764e5\" aria-label=\"Lavras-TV&#8211;720x104px (1) (1)\"><img src=\"https:\/\/lavras.tv\/site\/wp-content\/uploads\/2025\/01\/Lavras-TV-720x104px-1-1.png\" alt=\"\"  srcset=\"https:\/\/lavras.tv\/site\/wp-content\/uploads\/2025\/01\/Lavras-TV-720x104px-1-1.png 720w, https:\/\/lavras.tv\/site\/wp-content\/uploads\/2025\/01\/Lavras-TV-720x104px-1-1-470x68.png 470w, https:\/\/lavras.tv\/site\/wp-content\/uploads\/2025\/01\/Lavras-TV-720x104px-1-1-170x25.png 170w, https:\/\/lavras.tv\/site\/wp-content\/uploads\/2025\/01\/Lavras-TV-720x104px-1-1-200x29.png 200w\" sizes=\"(max-width: 720px) 100vw, 720px\" width=\"720\" height=\"104\"  style=\"display: inline-block;\" \/><\/a><\/div><\/li><li><a href=\"https:\/\/sistemas.lavras.mg.gov.br\/portalcidadao\/#df1b1a7c7b2a290bcb31e32771e610784662739a88807c0dacac58ede5f391a7530e299dc302d611ee73cb143fc22eaf93592e53e7b5bdb01b00a0b8d28dae460c141dd2ff83412e4dc1c31b16b25f33144a9e5620ea73b13f5bc1c59411d98439ad226e8af03840603796067d87afe130812cf3de24982d0e306f9e61e764e5\" aria-label=\"Banner_Emprego_PortallavrasTV\"><img src=\"https:\/\/lavras.tv\/site\/wp-content\/uploads\/2025\/03\/Banner_Emprego_PortallavrasTV.png\" alt=\"\"  srcset=\"https:\/\/lavras.tv\/site\/wp-content\/uploads\/2025\/03\/Banner_Emprego_PortallavrasTV.png 720w, https:\/\/lavras.tv\/site\/wp-content\/uploads\/2025\/03\/Banner_Emprego_PortallavrasTV-470x68.png 470w, https:\/\/lavras.tv\/site\/wp-content\/uploads\/2025\/03\/Banner_Emprego_PortallavrasTV-170x25.png 170w, https:\/\/lavras.tv\/site\/wp-content\/uploads\/2025\/03\/Banner_Emprego_PortallavrasTV-200x29.png 200w\" sizes=\"(max-width: 720px) 100vw, 720px\" width=\"720\" height=\"104\"   \/><\/a><\/li><li><a href=\"https:\/\/sistemas.lavras.mg.gov.br\/portalcidadao\/#df1b1a7c7b2a290bcb31e32771e610784662739a88807c0dacac58ede5f391a7530e299dc302d611ee73cb143fc22eaf93592e53e7b5bdb01b00a0b8d28dae460c141dd2ff83412e4dc1c31b16b25f33144a9e5620ea73b13f5bc1c59411d98439ad226e8af03840603796067d87afe130812cf3de24982d0e306f9e61e764e5\" aria-label=\"Banner_Obras_PortallavrasTV\"><img src=\"https:\/\/lavras.tv\/site\/wp-content\/uploads\/2025\/03\/Banner_Obras_PortallavrasTV.png\" alt=\"\"  srcset=\"https:\/\/lavras.tv\/site\/wp-content\/uploads\/2025\/03\/Banner_Obras_PortallavrasTV.png 720w, https:\/\/lavras.tv\/site\/wp-content\/uploads\/2025\/03\/Banner_Obras_PortallavrasTV-470x68.png 470w, https:\/\/lavras.tv\/site\/wp-content\/uploads\/2025\/03\/Banner_Obras_PortallavrasTV-170x25.png 170w, https:\/\/lavras.tv\/site\/wp-content\/uploads\/2025\/03\/Banner_Obras_PortallavrasTV-200x29.png 200w\" sizes=\"(max-width: 720px) 100vw, 720px\" width=\"720\" height=\"104\"   \/><\/a><\/li><li><div style=\"margin-left: auto;margin-right: auto;text-align: center;\" id=\"lavra-1119125258\"><a href=\"https:\/\/sistemas.lavras.mg.gov.br\/portalcidadao\/#df1b1a7c7b2a290bcb31e32771e610784662739a88807c0dacac58ede5f391a7530e299dc302d611ee73cb143fc22eaf93592e53e7b5bdb01b00a0b8d28dae460c141dd2ff83412e4dc1c31b16b25f33144a9e5620ea73b13f5bc1c59411d98439ad226e8af03840603796067d87afe130812cf3de24982d0e306f9e61e764e5\" aria-label=\"Banner_Educa\u00e7\u00e3o_PortallavrasTV\"><img src=\"https:\/\/lavras.tv\/site\/wp-content\/uploads\/2025\/01\/Banner_Educacao_PortallavrasTV.png\" alt=\"\"  srcset=\"https:\/\/lavras.tv\/site\/wp-content\/uploads\/2025\/01\/Banner_Educacao_PortallavrasTV.png 720w, https:\/\/lavras.tv\/site\/wp-content\/uploads\/2025\/01\/Banner_Educacao_PortallavrasTV-470x68.png 470w, https:\/\/lavras.tv\/site\/wp-content\/uploads\/2025\/01\/Banner_Educacao_PortallavrasTV-170x25.png 170w, https:\/\/lavras.tv\/site\/wp-content\/uploads\/2025\/01\/Banner_Educacao_PortallavrasTV-200x29.png 200w\" sizes=\"(max-width: 720px) 100vw, 720px\" width=\"720\" height=\"104\"  style=\"display: inline-block;\" \/><\/a><\/div><\/li><li><a href=\"https:\/\/sistemas.lavras.mg.gov.br\/portalcidadao\/#df1b1a7c7b2a290bcb31e32771e610784662739a88807c0dacac58ede5f391a7530e299dc302d611ee73cb143fc22eaf93592e53e7b5bdb01b00a0b8d28dae460c141dd2ff83412e4dc1c31b16b25f33144a9e5620ea73b13f5bc1c59411d98439ad226e8af03840603796067d87afe130812cf3de24982d0e306f9e61e764e5\" aria-label=\"Banner_Sa\u00fade_PortallavrasTV\"><img src=\"https:\/\/lavras.tv\/site\/wp-content\/uploads\/2025\/03\/Banner_Saude_PortallavrasTV.png\" alt=\"\"  srcset=\"https:\/\/lavras.tv\/site\/wp-content\/uploads\/2025\/03\/Banner_Saude_PortallavrasTV.png 720w, https:\/\/lavras.tv\/site\/wp-content\/uploads\/2025\/03\/Banner_Saude_PortallavrasTV-470x68.png 470w, https:\/\/lavras.tv\/site\/wp-content\/uploads\/2025\/03\/Banner_Saude_PortallavrasTV-170x25.png 170w, https:\/\/lavras.tv\/site\/wp-content\/uploads\/2025\/03\/Banner_Saude_PortallavrasTV-200x29.png 200w\" sizes=\"(max-width: 720px) 100vw, 720px\" width=\"720\" height=\"104\"   \/><\/a><\/li><li><div id=\"lavra-3623630525\" style=\"width:720px;height:104px;background-color:#ddd;overflow:scroll;\">\n\t<strong>Sa\u00edda da depura\u00e7\u00e3o de an\u00fancios<\/strong>\n\t<br><br>\n\tO an\u00fancio n\u00e3o \u00e9 exibido na p\u00e1gina<br><br>post atual: Com vantagem, Atl\u00e9tico visita o Juventude em busca de vaga na semifinal da Copa do Brasil, ID: 3112<br><br><span style=\"color: red;\">O post atual n\u00e3o \u00e9 id\u00eantico ao post principal.<\/span><br><br>An\u00fancios: ROXO - TOPO INTERNA - ROTATIVO 2 (197)<br \/>Grupo de an\u00fancios: Princ_Meio01_720x104 (27)<br><br>Condi\u00e7\u00f5es de exibi\u00e7\u00e3o<div style=\"margin-bottom: 20px; white-space: pre-wrap; font-family: monospace; width: 100%; background: #ffe9e9;\"><strong>condi\u00e7\u00f5es gerais<\/strong><table border=\"1\"><thead><tr><th><\/th><th>An\u00fancios<\/th><th>wp_the_query<\/th><\/tr><\/thead><tr><td>is_main_query<\/td><td>1<\/td><td>1<\/td><\/tr><tr><td>is_rest_api<\/td><td>0<\/td><td>1<\/td><\/tr><tr><td>page<\/td><td>0<\/td><td>1<\/td><\/tr><tr><td>numpages<\/td><td>0<\/td><td>1<\/td><\/tr><tr><td>is_archive<\/td><td>1<\/td><td><\/td><\/tr><tr><td>is_search<\/td><td>1<\/td><td><\/td><\/tr><tr><td>is_home<\/td><td>1<\/td><td><\/td><\/tr><tr><td>is_404<\/td><td>1<\/td><td><\/td><\/tr><tr><td>is_attachment<\/td><td>1<\/td><td><\/td><\/tr><tr><td>is_singular<\/td><td>1<\/td><td><\/td><\/tr><tr><td>is_front_page<\/td><td>1<\/td><td><\/td><\/tr><tr><td>is_feed<\/td><td>1<\/td><td><\/td><\/tr><\/table><\/div><br><br><span style=\"color: red;\">Seu site usa HTTPS, mas o c\u00f3digo do an\u00fancio cont\u00e9m HTTP e pode n\u00e3o funcionar.<\/span>\t<br><br>\n\t<a style=\"color: green;\" href=\"https:\/\/wpadvancedads.com\/manual\/ad-debug-mode\/?utm_source=advanced-ads&utm_medium=link&utm_campaign=ad-debug-mode\" target=\"_blank\" rel=\"nofollow\">Encontre solu\u00e7\u00f5es no manual<\/a>\n<\/div>\n<\/li><\/ul><\/div><script>( window.advanced_ads_ready || jQuery( document ).ready ).call( null, function() {var $lavraslider2448090240 = jQuery( \".lavra-slider-2448090240\" );$lavraslider2448090240.on( \"unslider.ready\", function() { jQuery( \"div.custom-slider ul li\" ).css( \"display\", \"block\" ); });$lavraslider2448090240.unslider({ delay:4000, autoplay:true, nav:false, arrows:false, infinite:true });$lavraslider2448090240.on(\"mouseover\", function() {$lavraslider2448090240.unslider(\"stop\");}).on(\"mouseout\", function() {$lavraslider2448090240.unslider(\"start\");});});<\/script><\/div><p>O Atl\u00e9tico volta ao Alfredo Jaconi depois de nove anos em busca de mais uma classifica\u00e7\u00e3o para a semifinal da Copa do Brasil. Na noite desta quarta-feira, a partir das 19h30, o Galo visita o Juventude para chegar pela quarta vez entre os quatro melhores da competi\u00e7\u00e3o nacional.<!--more--><img fetchpriority=\"high\" decoding=\"async\" class=\"size-full wp-image-3113 aligncenter\" src=\"http:\/\/lavras.tv\/site\/wp-content\/uploads\/2016\/10\/atletico.jpg\" alt=\"atletico\" width=\"750\" height=\"500\" srcset=\"https:\/\/lavras.tv\/site\/wp-content\/uploads\/2016\/10\/atletico.jpg 750w, https:\/\/lavras.tv\/site\/wp-content\/uploads\/2016\/10\/atletico-150x100.jpg 150w, https:\/\/lavras.tv\/site\/wp-content\/uploads\/2016\/10\/atletico-300x200.jpg 300w, https:\/\/lavras.tv\/site\/wp-content\/uploads\/2016\/10\/atletico-480x320.jpg 480w, https:\/\/lavras.tv\/site\/wp-content\/uploads\/2016\/10\/atletico-272x182.jpg 272w\" sizes=\"(max-width: 750px) 100vw, 750px\" \/><\/p>\n<p>Com a vantagem por ter vencido no Mineir\u00e3o, por 1 a 0, o Galo pode at\u00e9 mesmo perder por um gol de diferen\u00e7a, desde que balance as redes da equipe ga\u00facha, que avan\u00e7a para a semifinal do torneio.<\/p>\n<p>O retrospecto \u00e9 favor\u00e1vel ao Atl\u00e9tico. No geral, Galo e Juventude j\u00e1 se enfrentaram 18 vezes, com ampla vantagem para o clube alvinegro. S\u00e3o 11 vit\u00f3rias, quatro empates e tr\u00eas derrotas. O artilheiro do confronto \u00e9 o atacante Marques, com quatro gols.<\/p>\n<p>Na \u00faltima vez que as duas equipes se enfrentaram no Alfredo Jaconi, vit\u00f3ria do Galo, por 2 a 1, em agosto de 2007. Somente um jogador que esteve em campo naquela partida atuar\u00e1 nesta quarta-feira: Leonardo Silva. Na \u00e9poca, o capit\u00e3o alvinegro era titular da defesa ga\u00facha. O jogador comentou a felicidade de voltar a jogar no est\u00e1dio do Juventude depois de quase dez anos.<\/p>\n<p>\u201c\u00c9 interessante voltar a um lugar depois de tanto tempo. O futebol nos proporciona isso. Estou feliz de estar voltando, em uma nova situa\u00e7\u00e3o. Esperamos fazer um grande jogo, para que eu escreva uma nova hist\u00f3ria, agora pelo Atl\u00e9tico\u201d, disse.<\/p>\n<p>Na partida desta quarta, o Galo n\u00e3o ter\u00e1 dois jogadores que come\u00e7aram como titulares a partida do \u00faltimo domingo, contra o Botafogo. Fred, que j\u00e1 atuou no torneio pelo Fluminense, e Carlos C\u00e9sar, suspenso, d\u00e3o vaga a Lucas Pratto e Patric. J\u00e1 a d\u00favida fica no meio-campo, j\u00e1 que Leandro Donizete entrou bem no \u00faltimo domingo e briga pela titularidade com Rafael Carioca e J\u00fanior Urso.<\/p>\n<p>\u201cO pensamento \u00e9 classificar, independente das circunst\u00e2ncias. Temos uma vantagem, n\u00e3o levamos gol em casa. Fazer um gol fora nos faz ampliar a vantagem. Vamos jogar para vencer e aproveitar as oportunidades que criamos\u201d, completou Leo Silva.<\/p>\n<p><strong>Juventude<\/strong><\/p>\n<p>Depois de poupar sete titulares na derrota para o Boa Esporte, pela semifinal da S\u00e9rie C, o Juventude enfrentar\u00e1 o Galo com for\u00e7a m\u00e1xima. Al\u00e9m dos jogadores que descansaram no fim de semana (Vidal, Ruan, Par\u00e1, Wanderson, Roberson, Felipe Lima e Hugo Almeida), o time contar\u00e1 com o retorno do zagueiro Klaus, recuperado de dores musculares.<\/p>\n<p><strong>JUVENTUDE X ATL\u00c9TICO<\/p>\n<p>JUVENTUDE<\/strong><br \/>\nElias, Vidal, Klaus, Ruan e Par\u00e1; Wanderson, Lucas, Wallacer, Roberson e Felipe Lima; Hugo Almeida<br \/>\n<strong>T\u00e9cnico:<\/strong> Ant\u00f4nio Carlos Zago<br \/>\n<strong><br \/>\nATL\u00c9TICO<\/strong><br \/>\nVictor, Patric, Leonardo Silva, Erazo e F\u00e1bio Santos; Rafael Carioca, Leandro Donizete e Otero; Clayton, Robinho e Lucas Pratto<br \/>\n<strong>T\u00e9cnico:<\/strong> Marcelo Oliveira<\/p>\n<p><strong>Motivo:<\/strong> 2\u00ba jogo das quartas de final da Copa do Brasil<br \/>\n<strong>Est\u00e1dio:<\/strong> Alfredo Jaconi, em Caxias do Sul<br \/>\n<strong>Data e hora: <\/strong>Quarta-feira, 19 de outubro, \u00e0s 19h30<\/p>\n<p><strong>\u00c1rbitro: <\/strong>Jailson Macedo de Freitas (BA)<br \/>\n<strong>Assistentes: <\/strong>Kleber L\u00facio Gil (SC) e Danilo Ricardo Simon Manis (SP)<\/p>\n<p>&nbsp;<\/p>\n<p>Fonte: SuperEsportes<\/p>\n","protected":false},"excerpt":{"rendered":"<p>O Atl\u00e9tico volta ao Alfredo Jaconi depois de nove anos em busca de mais uma classifica\u00e7\u00e3o para a semifinal da Copa do Brasil. Na noite desta quarta-feira, a partir das 19h30, o Galo visita o Juventude para chegar pela quarta vez entre os quatro melhores da competi\u00e7\u00e3o nacional.<\/p>\n","protected":false},"author":2,"featured_media":3113,"comment_status":"closed","ping_status":"open","sticky":false,"template":"","format":"standard","meta":{"advgb_blocks_editor_width":"","advgb_blocks_columns_visual_guide":"","_exactmetrics_skip_tracking":false,"_exactmetrics_sitenote_active":false,"_exactmetrics_sitenote_note":"","_exactmetrics_sitenote_category":0,"footnotes":""},"categories":[3],"tags":[1064,922],"class_list":["post-3112","post","type-post","status-publish","format-standard","has-post-thumbnail","hentry","category-esportes","tag-atletico-mineiro","tag-copa-do-brasil"],"better_featured_image":{"id":3113,"alt_text":"","caption":"","description":"","media_type":"image","media_details":{"width":750,"height":500,"file":"2016\/10\/atletico.jpg","sizes":{"thumbnail":{"file":"atletico-150x100.jpg","width":150,"height":100,"mime-type":"image\/jpeg","source_url":"https:\/\/lavras.tv\/site\/wp-content\/uploads\/2016\/10\/atletico-150x100.jpg"},"medium":{"file":"atletico-300x200.jpg","width":300,"height":200,"mime-type":"image\/jpeg","source_url":"https:\/\/lavras.tv\/site\/wp-content\/uploads\/2016\/10\/atletico-300x200.jpg"},"featured-slider-img":{"file":"atletico-640x480.jpg","width":640,"height":480,"mime-type":"image\/jpeg","source_url":"https:\/\/lavras.tv\/site\/wp-content\/uploads\/2016\/10\/atletico-640x480.jpg"},"featured-post-img":{"file":"atletico-480x320.jpg","width":480,"height":320,"mime-type":"image\/jpeg","source_url":"https:\/\/lavras.tv\/site\/wp-content\/uploads\/2016\/10\/atletico-480x320.jpg"},"sow-carousel-default":{"file":"atletico-272x182.jpg","width":272,"height":182,"mime-type":"image\/jpeg","source_url":"https:\/\/lavras.tv\/site\/wp-content\/uploads\/2016\/10\/atletico-272x182.jpg"}},"image_meta":{"aperture":"0","credit":"","camera":"","caption":"","created_timestamp":"0","copyright":"","focal_length":"0","iso":"0","shutter_speed":"0","title":"","orientation":"0","keywords":[]}},"post":3112,"source_url":"https:\/\/lavras.tv\/site\/wp-content\/uploads\/2016\/10\/atletico.jpg"},"author_meta":{"display_name":"Lavras TV","author_link":"https:\/\/lavras.tv\/site\/author\/lavrastv\/"},"featured_img":"https:\/\/lavras.tv\/site\/wp-content\/uploads\/2016\/10\/atletico-300x200.jpg","coauthors":[],"tax_additional":{"categories":{"linked":["<a href=\"https:\/\/lavras.tv\/site\/category\/esportes\/\" class=\"advgb-post-tax-term\">Esportes<\/a>"],"unlinked":["<span class=\"advgb-post-tax-term\">Esportes<\/span>"]},"tags":{"linked":["<a href=\"https:\/\/lavras.tv\/site\/category\/esportes\/\" class=\"advgb-post-tax-term\">atl\u00e9tico mineiro<\/a>","<a href=\"https:\/\/lavras.tv\/site\/category\/esportes\/\" class=\"advgb-post-tax-term\">copa do brasil<\/a>"],"unlinked":["<span class=\"advgb-post-tax-term\">atl\u00e9tico mineiro<\/span>","<span class=\"advgb-post-tax-term\">copa do brasil<\/span>"]}},"comment_count":"0","relative_dates":{"created":"Publicado 10 anos atr\u00e1s","modified":"Atualizado 10 anos atr\u00e1s"},"absolute_dates":{"created":"Publicado em 19 de outubro de 2016","modified":"Atualizado em 19 de outubro de 2016"},"absolute_dates_time":{"created":"Publicado em 19 de outubro de 2016 09:41","modified":"Atualizado em 19 de outubro de 2016 09:41"},"featured_img_caption":"","series_order":"","_links":{"self":[{"href":"https:\/\/lavras.tv\/site\/wp-json\/wp\/v2\/posts\/3112","targetHints":{"allow":["GET"]}}],"collection":[{"href":"https:\/\/lavras.tv\/site\/wp-json\/wp\/v2\/posts"}],"about":[{"href":"https:\/\/lavras.tv\/site\/wp-json\/wp\/v2\/types\/post"}],"author":[{"embeddable":true,"href":"https:\/\/lavras.tv\/site\/wp-json\/wp\/v2\/users\/2"}],"replies":[{"embeddable":true,"href":"https:\/\/lavras.tv\/site\/wp-json\/wp\/v2\/comments?post=3112"}],"version-history":[{"count":2,"href":"https:\/\/lavras.tv\/site\/wp-json\/wp\/v2\/posts\/3112\/revisions"}],"predecessor-version":[{"id":3115,"href":"https:\/\/lavras.tv\/site\/wp-json\/wp\/v2\/posts\/3112\/revisions\/3115"}],"wp:featuredmedia":[{"embeddable":true,"href":"https:\/\/lavras.tv\/site\/wp-json\/wp\/v2\/media\/3113"}],"wp:attachment":[{"href":"https:\/\/lavras.tv\/site\/wp-json\/wp\/v2\/media?parent=3112"}],"wp:term":[{"taxonomy":"category","embeddable":true,"href":"https:\/\/lavras.tv\/site\/wp-json\/wp\/v2\/categories?post=3112"},{"taxonomy":"post_tag","embeddable":true,"href":"https:\/\/lavras.tv\/site\/wp-json\/wp\/v2\/tags?post=3112"}],"curies":[{"name":"wp","href":"https:\/\/api.w.org\/{rel}","templated":true}]}}