{"id":3119,"date":"2016-10-19T15:54:26","date_gmt":"2016-10-19T17:54:26","guid":{"rendered":"http:\/\/lavras.tv\/site\/?p=3119"},"modified":"2016-10-19T15:54:26","modified_gmt":"2016-10-19T17:54:26","slug":"atletas-do-cria-lavras-conquistam-medalhas-no-brasileiro-caixa-sub-18-interselecoes","status":"publish","type":"post","link":"https:\/\/lavras.tv\/site\/2016\/10\/19\/atletas-do-cria-lavras-conquistam-medalhas-no-brasileiro-caixa-sub-18-interselecoes\/","title":{"rendered":"Atletas do CRIA Lavras conquistam medalhas no Brasileiro Caixa Sub-18 Intersele\u00e7\u00f5es"},"content":{"rendered":"<div class=\"lavra-antes-do-conteudo_2\" id=\"lavra-284465018\"><div id=\"lavra-slider-27\" class=\"custom-slider lavra-slider-2405570033 lavra-slider\"><ul><li><div style=\"margin-left: auto;margin-right: auto;text-align: center;\" id=\"lavra-2518135950\"><a href=\"https:\/\/sistemas.lavras.mg.gov.br\/portalcidadao\/#df1b1a7c7b2a290bcb31e32771e610784662739a88807c0dacac58ede5f391a7530e299dc302d611ee73cb143fc22eaf93592e53e7b5bdb01b00a0b8d28dae460c141dd2ff83412e4dc1c31b16b25f33144a9e5620ea73b13f5bc1c59411d98439ad226e8af03840603796067d87afe130812cf3de24982d0e306f9e61e764e5\" aria-label=\"Lavras-TV&#8211;720x104px (1) (1)\"><img src=\"https:\/\/lavras.tv\/site\/wp-content\/uploads\/2025\/01\/Lavras-TV-720x104px-1-1.png\" alt=\"\"  srcset=\"https:\/\/lavras.tv\/site\/wp-content\/uploads\/2025\/01\/Lavras-TV-720x104px-1-1.png 720w, https:\/\/lavras.tv\/site\/wp-content\/uploads\/2025\/01\/Lavras-TV-720x104px-1-1-470x68.png 470w, https:\/\/lavras.tv\/site\/wp-content\/uploads\/2025\/01\/Lavras-TV-720x104px-1-1-170x25.png 170w, https:\/\/lavras.tv\/site\/wp-content\/uploads\/2025\/01\/Lavras-TV-720x104px-1-1-200x29.png 200w\" sizes=\"(max-width: 720px) 100vw, 720px\" width=\"720\" height=\"104\"  style=\"display: inline-block;\" \/><\/a><\/div><\/li><li><a href=\"https:\/\/sistemas.lavras.mg.gov.br\/portalcidadao\/#df1b1a7c7b2a290bcb31e32771e610784662739a88807c0dacac58ede5f391a7530e299dc302d611ee73cb143fc22eaf93592e53e7b5bdb01b00a0b8d28dae460c141dd2ff83412e4dc1c31b16b25f33144a9e5620ea73b13f5bc1c59411d98439ad226e8af03840603796067d87afe130812cf3de24982d0e306f9e61e764e5\" aria-label=\"Banner_Emprego_PortallavrasTV\"><img src=\"https:\/\/lavras.tv\/site\/wp-content\/uploads\/2025\/03\/Banner_Emprego_PortallavrasTV.png\" alt=\"\"  srcset=\"https:\/\/lavras.tv\/site\/wp-content\/uploads\/2025\/03\/Banner_Emprego_PortallavrasTV.png 720w, https:\/\/lavras.tv\/site\/wp-content\/uploads\/2025\/03\/Banner_Emprego_PortallavrasTV-470x68.png 470w, https:\/\/lavras.tv\/site\/wp-content\/uploads\/2025\/03\/Banner_Emprego_PortallavrasTV-170x25.png 170w, https:\/\/lavras.tv\/site\/wp-content\/uploads\/2025\/03\/Banner_Emprego_PortallavrasTV-200x29.png 200w\" sizes=\"(max-width: 720px) 100vw, 720px\" width=\"720\" height=\"104\"   \/><\/a><\/li><li><a href=\"https:\/\/sistemas.lavras.mg.gov.br\/portalcidadao\/#df1b1a7c7b2a290bcb31e32771e610784662739a88807c0dacac58ede5f391a7530e299dc302d611ee73cb143fc22eaf93592e53e7b5bdb01b00a0b8d28dae460c141dd2ff83412e4dc1c31b16b25f33144a9e5620ea73b13f5bc1c59411d98439ad226e8af03840603796067d87afe130812cf3de24982d0e306f9e61e764e5\" aria-label=\"Banner_Obras_PortallavrasTV\"><img src=\"https:\/\/lavras.tv\/site\/wp-content\/uploads\/2025\/03\/Banner_Obras_PortallavrasTV.png\" alt=\"\"  srcset=\"https:\/\/lavras.tv\/site\/wp-content\/uploads\/2025\/03\/Banner_Obras_PortallavrasTV.png 720w, https:\/\/lavras.tv\/site\/wp-content\/uploads\/2025\/03\/Banner_Obras_PortallavrasTV-470x68.png 470w, https:\/\/lavras.tv\/site\/wp-content\/uploads\/2025\/03\/Banner_Obras_PortallavrasTV-170x25.png 170w, https:\/\/lavras.tv\/site\/wp-content\/uploads\/2025\/03\/Banner_Obras_PortallavrasTV-200x29.png 200w\" sizes=\"(max-width: 720px) 100vw, 720px\" width=\"720\" height=\"104\"   \/><\/a><\/li><li><div style=\"margin-left: auto;margin-right: auto;text-align: center;\" id=\"lavra-3110812563\"><a href=\"https:\/\/sistemas.lavras.mg.gov.br\/portalcidadao\/#df1b1a7c7b2a290bcb31e32771e610784662739a88807c0dacac58ede5f391a7530e299dc302d611ee73cb143fc22eaf93592e53e7b5bdb01b00a0b8d28dae460c141dd2ff83412e4dc1c31b16b25f33144a9e5620ea73b13f5bc1c59411d98439ad226e8af03840603796067d87afe130812cf3de24982d0e306f9e61e764e5\" aria-label=\"Banner_Educa\u00e7\u00e3o_PortallavrasTV\"><img src=\"https:\/\/lavras.tv\/site\/wp-content\/uploads\/2025\/01\/Banner_Educacao_PortallavrasTV.png\" alt=\"\"  srcset=\"https:\/\/lavras.tv\/site\/wp-content\/uploads\/2025\/01\/Banner_Educacao_PortallavrasTV.png 720w, https:\/\/lavras.tv\/site\/wp-content\/uploads\/2025\/01\/Banner_Educacao_PortallavrasTV-470x68.png 470w, https:\/\/lavras.tv\/site\/wp-content\/uploads\/2025\/01\/Banner_Educacao_PortallavrasTV-170x25.png 170w, https:\/\/lavras.tv\/site\/wp-content\/uploads\/2025\/01\/Banner_Educacao_PortallavrasTV-200x29.png 200w\" sizes=\"(max-width: 720px) 100vw, 720px\" width=\"720\" height=\"104\"  style=\"display: inline-block;\" \/><\/a><\/div><\/li><li><a href=\"https:\/\/sistemas.lavras.mg.gov.br\/portalcidadao\/#df1b1a7c7b2a290bcb31e32771e610784662739a88807c0dacac58ede5f391a7530e299dc302d611ee73cb143fc22eaf93592e53e7b5bdb01b00a0b8d28dae460c141dd2ff83412e4dc1c31b16b25f33144a9e5620ea73b13f5bc1c59411d98439ad226e8af03840603796067d87afe130812cf3de24982d0e306f9e61e764e5\" aria-label=\"Banner_Sa\u00fade_PortallavrasTV\"><img src=\"https:\/\/lavras.tv\/site\/wp-content\/uploads\/2025\/03\/Banner_Saude_PortallavrasTV.png\" alt=\"\"  srcset=\"https:\/\/lavras.tv\/site\/wp-content\/uploads\/2025\/03\/Banner_Saude_PortallavrasTV.png 720w, https:\/\/lavras.tv\/site\/wp-content\/uploads\/2025\/03\/Banner_Saude_PortallavrasTV-470x68.png 470w, https:\/\/lavras.tv\/site\/wp-content\/uploads\/2025\/03\/Banner_Saude_PortallavrasTV-170x25.png 170w, https:\/\/lavras.tv\/site\/wp-content\/uploads\/2025\/03\/Banner_Saude_PortallavrasTV-200x29.png 200w\" sizes=\"(max-width: 720px) 100vw, 720px\" width=\"720\" height=\"104\"   \/><\/a><\/li><li><div id=\"lavra-3447385962\" style=\"width:720px;height:104px;background-color:#ddd;overflow:scroll;\">\n\t<strong>Sa\u00edda da depura\u00e7\u00e3o de an\u00fancios<\/strong>\n\t<br><br>\n\tO an\u00fancio n\u00e3o \u00e9 exibido na p\u00e1gina<br><br>post atual: Atletas do CRIA Lavras conquistam medalhas no Brasileiro Caixa Sub-18 Intersele\u00e7\u00f5es, ID: 3119<br><br><span style=\"color: red;\">O post atual n\u00e3o \u00e9 id\u00eantico ao post principal.<\/span><br><br>An\u00fancios: ROXO - TOPO INTERNA - ROTATIVO 2 (197)<br \/>Grupo de an\u00fancios: Princ_Meio01_720x104 (27)<br><br>Condi\u00e7\u00f5es de exibi\u00e7\u00e3o<div style=\"margin-bottom: 20px; white-space: pre-wrap; font-family: monospace; width: 100%; background: #ffe9e9;\"><strong>condi\u00e7\u00f5es gerais<\/strong><table border=\"1\"><thead><tr><th><\/th><th>An\u00fancios<\/th><th>wp_the_query<\/th><\/tr><\/thead><tr><td>is_main_query<\/td><td>1<\/td><td>1<\/td><\/tr><tr><td>is_rest_api<\/td><td>0<\/td><td>1<\/td><\/tr><tr><td>page<\/td><td>0<\/td><td>1<\/td><\/tr><tr><td>numpages<\/td><td>0<\/td><td>1<\/td><\/tr><tr><td>is_archive<\/td><td>1<\/td><td><\/td><\/tr><tr><td>is_search<\/td><td>1<\/td><td><\/td><\/tr><tr><td>is_home<\/td><td>1<\/td><td><\/td><\/tr><tr><td>is_404<\/td><td>1<\/td><td><\/td><\/tr><tr><td>is_attachment<\/td><td>1<\/td><td><\/td><\/tr><tr><td>is_singular<\/td><td>1<\/td><td><\/td><\/tr><tr><td>is_front_page<\/td><td>1<\/td><td><\/td><\/tr><tr><td>is_feed<\/td><td>1<\/td><td><\/td><\/tr><\/table><\/div><br><br><span style=\"color: red;\">Seu site usa HTTPS, mas o c\u00f3digo do an\u00fancio cont\u00e9m HTTP e pode n\u00e3o funcionar.<\/span>\t<br><br>\n\t<a style=\"color: green;\" href=\"https:\/\/wpadvancedads.com\/manual\/ad-debug-mode\/?utm_source=advanced-ads&utm_medium=link&utm_campaign=ad-debug-mode\" target=\"_blank\" rel=\"nofollow\">Encontre solu\u00e7\u00f5es no manual<\/a>\n<\/div>\n<\/li><\/ul><\/div><script>( window.advanced_ads_ready || jQuery( document ).ready ).call( null, function() {var $lavraslider2405570033 = jQuery( \".lavra-slider-2405570033\" );$lavraslider2405570033.on( \"unslider.ready\", function() { jQuery( \"div.custom-slider ul li\" ).css( \"display\", \"block\" ); });$lavraslider2405570033.unslider({ delay:4000, autoplay:true, nav:false, arrows:false, infinite:true });$lavraslider2405570033.on(\"mouseover\", function() {$lavraslider2405570033.unslider(\"stop\");}).on(\"mouseout\", function() {$lavraslider2405570033.unslider(\"start\");});});<\/script><\/div><p>O Centro Regional de Inicia\u00e7\u00e3o ao Atletismo (Cria Lavras) foi representada no Campeonato Brasileiro Caixa Sub-18 Intersele\u00e7\u00f5es, realizado nos dias 15 e 16, em S\u00e3o Bernardo do Campo, por tr\u00eas atletas.<!--more--> Vittor Mateus foi 3\u00ba nos 110 com barreiras, apesar de correr com les\u00e3o; Kathelyn Nayarafoi vice-campe\u00e3 do salto triplo e Sabrina Moreira foi vice-campe\u00e3 do salto em altura. Com a participa\u00e7\u00e3o de 300 atletas de 21 federa\u00e7\u00f5es estaduais,\u00a0a competi\u00e7\u00e3o reuniu atletas de destaques at\u00e9 18 anos.<img fetchpriority=\"high\" decoding=\"async\" class=\"size-full wp-image-3120 aligncenter\" src=\"http:\/\/lavras.tv\/site\/wp-content\/uploads\/2016\/10\/caixa-sub-18.jpg\" alt=\"caixa-sub-18\" width=\"835\" height=\"356\" srcset=\"https:\/\/lavras.tv\/site\/wp-content\/uploads\/2016\/10\/caixa-sub-18.jpg 835w, https:\/\/lavras.tv\/site\/wp-content\/uploads\/2016\/10\/caixa-sub-18-150x64.jpg 150w, https:\/\/lavras.tv\/site\/wp-content\/uploads\/2016\/10\/caixa-sub-18-300x128.jpg 300w\" sizes=\"(max-width: 835px) 100vw, 835px\" \/><\/p>\n<p>O desempenho garante aos atletas a manuten\u00e7\u00e3o em programas de incentivo, como o Programa Bolsa Atleta. Atualmente, Sabrina Moreira participa do programa de bolsa estadual, kathelyn Nayara e Vittor Mateus participam do programa nacional. Para receber o incentivo, eles devem estar classificados entre os tr\u00eas primeiros lugares em competi\u00e7\u00f5es indicadas e\/ou estar entre os tr\u00eas primeiros do ranking.<\/p>\n<p><strong>Homenagem ao atleta Jo\u00e3o do Pulo<\/strong><\/p>\n<p><a class=\"cboxElement\" href=\"http:\/\/www.ufla.br\/ascom\/wp-content\/uploads\/2016\/10\/selo-joao-pulo.jpg\"><img decoding=\"async\" class=\"wp-image-124789 colorbox-212287 alignright\" src=\"http:\/\/www.ufla.br\/ascom\/wp-content\/uploads\/2016\/10\/selo-joao-pulo-242x249.jpg\" alt=\"Selo do Jo\u00e3o do Pulo e carimbo dos Correios (Divulga\u00e7\u00e3o Correios)\" width=\"162\" height=\"167\" \/><\/a>Durante o evento, os Correios lan\u00e7aram o selo em homenagem a Jo\u00e3o Carlos de Oliveira, o Jo\u00e3o do Pulo. A cerim\u00f4nia da primeira oblitera\u00e7\u00e3o, com o carimbo comemorativo, contou com presen\u00e7a de v\u00e1rias autoridades, com destaque para o treinador Pedro Henrique de Toledo, respons\u00e1vel pela carreira de sucesso do saltador paulista de Pindamonhangaba. A data foi escolhida pelos Correios em parceria com a Confedera\u00e7\u00e3o Brasileira de Atletismo (CBAt), em alus\u00e3o ao 41\u00ba anivers\u00e1rio do recorde mundial do triplo marcado por Jo\u00e3o, ao saltar 17,89 m nos Jogos Pan-Americanos da Cidade do M\u00e9xico. Essa marca foi mantida como recorde mundial por uma d\u00e9cada. No \u00e2mbito sul-americano, o salto de Jo\u00e3o Carlos vigorou como recorde continental por quase 32 anos, at\u00e9 20 de maio de 2007, quando Jadel Greg\u00f3rio marcou 17,90 m, no Mangueir\u00e3o, em Bel\u00e9m do Par\u00e1. Depois do recorde no PAN, Jo\u00e3o do Pulo ganhou duas medalhas ol\u00edmpicas de bronze: em Montreal, no Canad\u00e1, em 1976, e em Moscou, na ent\u00e3o Uni\u00e3o Sovi\u00e9tica, em 1980. Jo\u00e3o Carlos de Oliveira morreu a 29 de maio de 1999, em S\u00e3o Paulo, um dia ap\u00f3s completar 45 anos.<\/p>\n<p><strong>Pr\u00f3ximos passos<\/strong><\/p>\n<p>No pr\u00f3ximo fim de semana, de 21 a 23 de outubro, os atletas de Lavras estar\u00e3o entre os 655 participantes do Campeonato Brasileiro Caixa Sub-16 Interclubes, que ocorrer\u00e1 na Arena Caixa, tamb\u00e9m em S\u00e3o Bernardo do Campo.<\/p>\n<p>O Campeonato Brasileiro Caixa de Atletismo Sub-18 Intersele\u00e7\u00f5es e o Campeonato Brasileiro Caixa Sub-16 Interclubes s\u00e3o realizados pela Confedera\u00e7\u00e3o Brasileira de Atletismo e pela Federa\u00e7\u00e3o Paulista de Atletismo, com apoio da Prefeitura de S\u00e3o Bernardo do Campo e patroc\u00ednio da Caixa Econ\u00f4mica Federal.<\/p>\n<p>De 11 a 13 de novembro, os atletas do Cria v\u00e3o participar do Campeonato Brasileiro Escolar, nos Jogos Escolares da Juventude, que ser\u00e1 disputado em Jo\u00e3o Pessoa.<\/p>\n<p>&nbsp;<\/p>\n<p>Fonte: Diretoria de Comunica\u00e7\u00e3o &#8211; UFLA<\/p>\n","protected":false},"excerpt":{"rendered":"<p>O Centro Regional de Inicia\u00e7\u00e3o ao Atletismo (Cria Lavras) foi representada no Campeonato Brasileiro Caixa Sub-18 Intersele\u00e7\u00f5es, realizado nos dias 15 e 16, em S\u00e3o Bernardo do Campo, por tr\u00eas atletas.<\/p>\n","protected":false},"author":2,"featured_media":3120,"comment_status":"closed","ping_status":"open","sticky":false,"template":"","format":"standard","meta":{"advgb_blocks_editor_width":"","advgb_blocks_columns_visual_guide":"","_exactmetrics_skip_tracking":false,"_exactmetrics_sitenote_active":false,"_exactmetrics_sitenote_note":"","_exactmetrics_sitenote_category":0,"footnotes":""},"categories":[7,3],"tags":[1100,1099,1102,360,1101,56],"class_list":["post-3119","post","type-post","status-publish","format-standard","has-post-thumbnail","hentry","category-destaques","category-esportes","tag-atletismo","tag-caixa-sub-18-interselecoes","tag-campeonato-brasileiro-caixa","tag-cria-lavras","tag-joao-do-pulo","tag-ufla"],"better_featured_image":{"id":3120,"alt_text":"","caption":"","description":"","media_type":"image","media_details":{"width":835,"height":356,"file":"2016\/10\/caixa-sub-18.jpg","sizes":{"thumbnail":{"file":"caixa-sub-18-150x64.jpg","width":150,"height":64,"mime-type":"image\/jpeg","source_url":"https:\/\/lavras.tv\/site\/wp-content\/uploads\/2016\/10\/caixa-sub-18-150x64.jpg"},"medium":{"file":"caixa-sub-18-300x128.jpg","width":300,"height":128,"mime-type":"image\/jpeg","source_url":"https:\/\/lavras.tv\/site\/wp-content\/uploads\/2016\/10\/caixa-sub-18-300x128.jpg"},"featured-slider-img":{"file":"caixa-sub-18-640x356.jpg","width":640,"height":356,"mime-type":"image\/jpeg","source_url":"https:\/\/lavras.tv\/site\/wp-content\/uploads\/2016\/10\/caixa-sub-18-640x356.jpg"},"featured-post-img":{"file":"caixa-sub-18-480x320.jpg","width":480,"height":320,"mime-type":"image\/jpeg","source_url":"https:\/\/lavras.tv\/site\/wp-content\/uploads\/2016\/10\/caixa-sub-18-480x320.jpg"},"sow-carousel-default":{"file":"caixa-sub-18-272x182.jpg","width":272,"height":182,"mime-type":"image\/jpeg","source_url":"https:\/\/lavras.tv\/site\/wp-content\/uploads\/2016\/10\/caixa-sub-18-272x182.jpg"}},"image_meta":{"aperture":"0","credit":"ASCOM-UFLA","camera":"","caption":"","created_timestamp":"1476877210","copyright":"","focal_length":"0","iso":"0","shutter_speed":"0","title":"","orientation":"0","keywords":[]}},"post":3119,"source_url":"https:\/\/lavras.tv\/site\/wp-content\/uploads\/2016\/10\/caixa-sub-18.jpg"},"author_meta":{"display_name":"Lavras TV","author_link":"https:\/\/lavras.tv\/site\/author\/lavrastv\/"},"featured_img":"https:\/\/lavras.tv\/site\/wp-content\/uploads\/2016\/10\/caixa-sub-18-300x128.jpg","coauthors":[],"tax_additional":{"categories":{"linked":["<a href=\"https:\/\/lavras.tv\/site\/category\/destaques\/\" class=\"advgb-post-tax-term\">Destaques<\/a>","<a href=\"https:\/\/lavras.tv\/site\/category\/esportes\/\" class=\"advgb-post-tax-term\">Esportes<\/a>"],"unlinked":["<span class=\"advgb-post-tax-term\">Destaques<\/span>","<span class=\"advgb-post-tax-term\">Esportes<\/span>"]},"tags":{"linked":["<a href=\"https:\/\/lavras.tv\/site\/category\/esportes\/\" class=\"advgb-post-tax-term\">atletismo<\/a>","<a href=\"https:\/\/lavras.tv\/site\/category\/esportes\/\" class=\"advgb-post-tax-term\">Caixa sub-18 intersele\u00e7\u00f5es<\/a>","<a href=\"https:\/\/lavras.tv\/site\/category\/esportes\/\" class=\"advgb-post-tax-term\">Campeonato Brasileiro Caixa<\/a>","<a href=\"https:\/\/lavras.tv\/site\/category\/esportes\/\" class=\"advgb-post-tax-term\">cria lavras<\/a>","<a href=\"https:\/\/lavras.tv\/site\/category\/esportes\/\" class=\"advgb-post-tax-term\">Jo\u00e3o do Pulo<\/a>","<a href=\"https:\/\/lavras.tv\/site\/category\/esportes\/\" class=\"advgb-post-tax-term\">ufla<\/a>"],"unlinked":["<span class=\"advgb-post-tax-term\">atletismo<\/span>","<span class=\"advgb-post-tax-term\">Caixa sub-18 intersele\u00e7\u00f5es<\/span>","<span class=\"advgb-post-tax-term\">Campeonato Brasileiro Caixa<\/span>","<span class=\"advgb-post-tax-term\">cria lavras<\/span>","<span class=\"advgb-post-tax-term\">Jo\u00e3o do Pulo<\/span>","<span class=\"advgb-post-tax-term\">ufla<\/span>"]}},"comment_count":"0","relative_dates":{"created":"Publicado 10 anos atr\u00e1s","modified":"Atualizado 10 anos atr\u00e1s"},"absolute_dates":{"created":"Publicado em 19 de outubro de 2016","modified":"Atualizado em 19 de outubro de 2016"},"absolute_dates_time":{"created":"Publicado em 19 de outubro de 2016 15:54","modified":"Atualizado em 19 de outubro de 2016 15:54"},"featured_img_caption":"","series_order":"","_links":{"self":[{"href":"https:\/\/lavras.tv\/site\/wp-json\/wp\/v2\/posts\/3119","targetHints":{"allow":["GET"]}}],"collection":[{"href":"https:\/\/lavras.tv\/site\/wp-json\/wp\/v2\/posts"}],"about":[{"href":"https:\/\/lavras.tv\/site\/wp-json\/wp\/v2\/types\/post"}],"author":[{"embeddable":true,"href":"https:\/\/lavras.tv\/site\/wp-json\/wp\/v2\/users\/2"}],"replies":[{"embeddable":true,"href":"https:\/\/lavras.tv\/site\/wp-json\/wp\/v2\/comments?post=3119"}],"version-history":[{"count":1,"href":"https:\/\/lavras.tv\/site\/wp-json\/wp\/v2\/posts\/3119\/revisions"}],"predecessor-version":[{"id":3121,"href":"https:\/\/lavras.tv\/site\/wp-json\/wp\/v2\/posts\/3119\/revisions\/3121"}],"wp:featuredmedia":[{"embeddable":true,"href":"https:\/\/lavras.tv\/site\/wp-json\/wp\/v2\/media\/3120"}],"wp:attachment":[{"href":"https:\/\/lavras.tv\/site\/wp-json\/wp\/v2\/media?parent=3119"}],"wp:term":[{"taxonomy":"category","embeddable":true,"href":"https:\/\/lavras.tv\/site\/wp-json\/wp\/v2\/categories?post=3119"},{"taxonomy":"post_tag","embeddable":true,"href":"https:\/\/lavras.tv\/site\/wp-json\/wp\/v2\/tags?post=3119"}],"curies":[{"name":"wp","href":"https:\/\/api.w.org\/{rel}","templated":true}]}}