{"id":3130,"date":"2016-10-20T08:38:03","date_gmt":"2016-10-20T10:38:03","guid":{"rendered":"http:\/\/lavras.tv\/site\/?p=3130"},"modified":"2016-10-20T08:38:03","modified_gmt":"2016-10-20T10:38:03","slug":"sabado-tem-programacao-do-outubro-rosa","status":"publish","type":"post","link":"https:\/\/lavras.tv\/site\/2016\/10\/20\/sabado-tem-programacao-do-outubro-rosa\/","title":{"rendered":"S\u00e1bado tem programa\u00e7\u00e3o do Outubro Rosa"},"content":{"rendered":"<div class=\"lavra-antes-do-conteudo_2\" id=\"lavra-3933054415\"><div id=\"lavra-slider-27\" class=\"custom-slider lavra-slider-2379424228 lavra-slider\"><ul><li><div style=\"margin-left: auto;margin-right: auto;text-align: center;\" id=\"lavra-393276633\"><a href=\"https:\/\/sistemas.lavras.mg.gov.br\/portalcidadao\/#df1b1a7c7b2a290bcb31e32771e610784662739a88807c0dacac58ede5f391a7530e299dc302d611ee73cb143fc22eaf93592e53e7b5bdb01b00a0b8d28dae460c141dd2ff83412e4dc1c31b16b25f33144a9e5620ea73b13f5bc1c59411d98439ad226e8af03840603796067d87afe130812cf3de24982d0e306f9e61e764e5\" aria-label=\"Lavras-TV&#8211;720x104px (1) (1)\"><img src=\"https:\/\/lavras.tv\/site\/wp-content\/uploads\/2025\/01\/Lavras-TV-720x104px-1-1.png\" alt=\"\"  srcset=\"https:\/\/lavras.tv\/site\/wp-content\/uploads\/2025\/01\/Lavras-TV-720x104px-1-1.png 720w, https:\/\/lavras.tv\/site\/wp-content\/uploads\/2025\/01\/Lavras-TV-720x104px-1-1-470x68.png 470w, https:\/\/lavras.tv\/site\/wp-content\/uploads\/2025\/01\/Lavras-TV-720x104px-1-1-170x25.png 170w, https:\/\/lavras.tv\/site\/wp-content\/uploads\/2025\/01\/Lavras-TV-720x104px-1-1-200x29.png 200w\" sizes=\"(max-width: 720px) 100vw, 720px\" width=\"720\" height=\"104\"  style=\"display: inline-block;\" \/><\/a><\/div><\/li><li><a href=\"https:\/\/sistemas.lavras.mg.gov.br\/portalcidadao\/#df1b1a7c7b2a290bcb31e32771e610784662739a88807c0dacac58ede5f391a7530e299dc302d611ee73cb143fc22eaf93592e53e7b5bdb01b00a0b8d28dae460c141dd2ff83412e4dc1c31b16b25f33144a9e5620ea73b13f5bc1c59411d98439ad226e8af03840603796067d87afe130812cf3de24982d0e306f9e61e764e5\" aria-label=\"Banner_Emprego_PortallavrasTV\"><img src=\"https:\/\/lavras.tv\/site\/wp-content\/uploads\/2025\/03\/Banner_Emprego_PortallavrasTV.png\" alt=\"\"  srcset=\"https:\/\/lavras.tv\/site\/wp-content\/uploads\/2025\/03\/Banner_Emprego_PortallavrasTV.png 720w, https:\/\/lavras.tv\/site\/wp-content\/uploads\/2025\/03\/Banner_Emprego_PortallavrasTV-470x68.png 470w, https:\/\/lavras.tv\/site\/wp-content\/uploads\/2025\/03\/Banner_Emprego_PortallavrasTV-170x25.png 170w, https:\/\/lavras.tv\/site\/wp-content\/uploads\/2025\/03\/Banner_Emprego_PortallavrasTV-200x29.png 200w\" sizes=\"(max-width: 720px) 100vw, 720px\" width=\"720\" height=\"104\"   \/><\/a><\/li><li><a href=\"https:\/\/sistemas.lavras.mg.gov.br\/portalcidadao\/#df1b1a7c7b2a290bcb31e32771e610784662739a88807c0dacac58ede5f391a7530e299dc302d611ee73cb143fc22eaf93592e53e7b5bdb01b00a0b8d28dae460c141dd2ff83412e4dc1c31b16b25f33144a9e5620ea73b13f5bc1c59411d98439ad226e8af03840603796067d87afe130812cf3de24982d0e306f9e61e764e5\" aria-label=\"Banner_Obras_PortallavrasTV\"><img src=\"https:\/\/lavras.tv\/site\/wp-content\/uploads\/2025\/03\/Banner_Obras_PortallavrasTV.png\" alt=\"\"  srcset=\"https:\/\/lavras.tv\/site\/wp-content\/uploads\/2025\/03\/Banner_Obras_PortallavrasTV.png 720w, https:\/\/lavras.tv\/site\/wp-content\/uploads\/2025\/03\/Banner_Obras_PortallavrasTV-470x68.png 470w, https:\/\/lavras.tv\/site\/wp-content\/uploads\/2025\/03\/Banner_Obras_PortallavrasTV-170x25.png 170w, https:\/\/lavras.tv\/site\/wp-content\/uploads\/2025\/03\/Banner_Obras_PortallavrasTV-200x29.png 200w\" sizes=\"(max-width: 720px) 100vw, 720px\" width=\"720\" height=\"104\"   \/><\/a><\/li><li><div style=\"margin-left: auto;margin-right: auto;text-align: center;\" id=\"lavra-2103043993\"><a href=\"https:\/\/sistemas.lavras.mg.gov.br\/portalcidadao\/#df1b1a7c7b2a290bcb31e32771e610784662739a88807c0dacac58ede5f391a7530e299dc302d611ee73cb143fc22eaf93592e53e7b5bdb01b00a0b8d28dae460c141dd2ff83412e4dc1c31b16b25f33144a9e5620ea73b13f5bc1c59411d98439ad226e8af03840603796067d87afe130812cf3de24982d0e306f9e61e764e5\" aria-label=\"Banner_Educa\u00e7\u00e3o_PortallavrasTV\"><img src=\"https:\/\/lavras.tv\/site\/wp-content\/uploads\/2025\/01\/Banner_Educacao_PortallavrasTV.png\" alt=\"\"  srcset=\"https:\/\/lavras.tv\/site\/wp-content\/uploads\/2025\/01\/Banner_Educacao_PortallavrasTV.png 720w, https:\/\/lavras.tv\/site\/wp-content\/uploads\/2025\/01\/Banner_Educacao_PortallavrasTV-470x68.png 470w, https:\/\/lavras.tv\/site\/wp-content\/uploads\/2025\/01\/Banner_Educacao_PortallavrasTV-170x25.png 170w, https:\/\/lavras.tv\/site\/wp-content\/uploads\/2025\/01\/Banner_Educacao_PortallavrasTV-200x29.png 200w\" sizes=\"(max-width: 720px) 100vw, 720px\" width=\"720\" height=\"104\"  style=\"display: inline-block;\" \/><\/a><\/div><\/li><li><a href=\"https:\/\/sistemas.lavras.mg.gov.br\/portalcidadao\/#df1b1a7c7b2a290bcb31e32771e610784662739a88807c0dacac58ede5f391a7530e299dc302d611ee73cb143fc22eaf93592e53e7b5bdb01b00a0b8d28dae460c141dd2ff83412e4dc1c31b16b25f33144a9e5620ea73b13f5bc1c59411d98439ad226e8af03840603796067d87afe130812cf3de24982d0e306f9e61e764e5\" aria-label=\"Banner_Sa\u00fade_PortallavrasTV\"><img src=\"https:\/\/lavras.tv\/site\/wp-content\/uploads\/2025\/03\/Banner_Saude_PortallavrasTV.png\" alt=\"\"  srcset=\"https:\/\/lavras.tv\/site\/wp-content\/uploads\/2025\/03\/Banner_Saude_PortallavrasTV.png 720w, https:\/\/lavras.tv\/site\/wp-content\/uploads\/2025\/03\/Banner_Saude_PortallavrasTV-470x68.png 470w, https:\/\/lavras.tv\/site\/wp-content\/uploads\/2025\/03\/Banner_Saude_PortallavrasTV-170x25.png 170w, https:\/\/lavras.tv\/site\/wp-content\/uploads\/2025\/03\/Banner_Saude_PortallavrasTV-200x29.png 200w\" sizes=\"(max-width: 720px) 100vw, 720px\" width=\"720\" height=\"104\"   \/><\/a><\/li><li><div id=\"lavra-4147781403\" style=\"width:720px;height:104px;background-color:#ddd;overflow:scroll;\">\n\t<strong>Sa\u00edda da depura\u00e7\u00e3o de an\u00fancios<\/strong>\n\t<br><br>\n\tO an\u00fancio n\u00e3o \u00e9 exibido na p\u00e1gina<br><br>post atual: S\u00e1bado tem programa\u00e7\u00e3o do Outubro Rosa, ID: 3130<br><br><span style=\"color: red;\">O post atual n\u00e3o \u00e9 id\u00eantico ao post principal.<\/span><br><br>An\u00fancios: ROXO - TOPO INTERNA - ROTATIVO 2 (197)<br \/>Grupo de an\u00fancios: Princ_Meio01_720x104 (27)<br><br>Condi\u00e7\u00f5es de exibi\u00e7\u00e3o<div style=\"margin-bottom: 20px; white-space: pre-wrap; font-family: monospace; width: 100%; background: #ffe9e9;\"><strong>condi\u00e7\u00f5es gerais<\/strong><table border=\"1\"><thead><tr><th><\/th><th>An\u00fancios<\/th><th>wp_the_query<\/th><\/tr><\/thead><tr><td>is_main_query<\/td><td>1<\/td><td>1<\/td><\/tr><tr><td>is_rest_api<\/td><td>0<\/td><td>1<\/td><\/tr><tr><td>page<\/td><td>0<\/td><td>1<\/td><\/tr><tr><td>numpages<\/td><td>0<\/td><td>1<\/td><\/tr><tr><td>is_archive<\/td><td>1<\/td><td><\/td><\/tr><tr><td>is_search<\/td><td>1<\/td><td><\/td><\/tr><tr><td>is_home<\/td><td>1<\/td><td><\/td><\/tr><tr><td>is_404<\/td><td>1<\/td><td><\/td><\/tr><tr><td>is_attachment<\/td><td>1<\/td><td><\/td><\/tr><tr><td>is_singular<\/td><td>1<\/td><td><\/td><\/tr><tr><td>is_front_page<\/td><td>1<\/td><td><\/td><\/tr><tr><td>is_feed<\/td><td>1<\/td><td><\/td><\/tr><\/table><\/div><br><br><span style=\"color: red;\">Seu site usa HTTPS, mas o c\u00f3digo do an\u00fancio cont\u00e9m HTTP e pode n\u00e3o funcionar.<\/span>\t<br><br>\n\t<a style=\"color: green;\" href=\"https:\/\/wpadvancedads.com\/manual\/ad-debug-mode\/?utm_source=advanced-ads&utm_medium=link&utm_campaign=ad-debug-mode\" target=\"_blank\" rel=\"nofollow\">Encontre solu\u00e7\u00f5es no manual<\/a>\n<\/div>\n<\/li><\/ul><\/div><script>( window.advanced_ads_ready || jQuery( document ).ready ).call( null, function() {var $lavraslider2379424228 = jQuery( \".lavra-slider-2379424228\" );$lavraslider2379424228.on( \"unslider.ready\", function() { jQuery( \"div.custom-slider ul li\" ).css( \"display\", \"block\" ); });$lavraslider2379424228.unslider({ delay:4000, autoplay:true, nav:false, arrows:false, infinite:true });$lavraslider2379424228.on(\"mouseover\", function() {$lavraslider2379424228.unslider(\"stop\");}).on(\"mouseout\", function() {$lavraslider2379424228.unslider(\"start\");});});<\/script><\/div><p>A hist\u00f3ria do Outubro Rosa remonta \u00e0 \u00faltima d\u00e9cada do s\u00e9culo 20, quando o la\u00e7o cor-de-rosa, foi lan\u00e7ado pela Funda\u00e7\u00e3o Susan G. Komen for the Cure e distribu\u00eddo aos participantes da primeira Corrida pela Cura, realizada em Nova York, em 1990 e, desde ent\u00e3o, promovida anualmente na cidade.<!--more--> A popularidade do Outubro Rosa alcan\u00e7ou o mundo de forma bonita, elegante e forte, motivando e unindo diversos povos em torno de t\u00e3o nobre causa. Isso faz que as manifesta\u00e7\u00f5es como iluminar pr\u00e9dios de rosa ou usar o la\u00e7o tradicional, assumam importante papel, pois tornou-se uma leitura visual, compreendida em qualquer lugar no mundo.<\/p>\n<p>Por isso, a Yellow, quer lan\u00e7ar o Espa\u00e7o Co.criativo, que \u00e9 colaborativo e cumpre fun\u00e7\u00e3o social de promo\u00e7\u00e3o de conviv\u00eancia, cultura e troca de conhecimentos, com o tema do Outubro Rosa. As s\u00f3cias da Yellow e idealizadoras do Espa\u00e7o Co.criativo ressaltaram a import\u00e2ncia de trabalhar o tema do Outubro Rosa de maneira informativa e interativa. \u201c\u00c9 necess\u00e1rio que as empresas e institui\u00e7\u00f5es pensem e promovam o coletivo, esse \u00e9 o futuro da sociedade, \u00e9 o que as novas gera\u00e7\u00f5es buscam e esperam de n\u00f3s\u201d, explica a jornalista Fernanda Carvalho. A designer, Ana Luiza Carvalho, explica porque escolher o tema Outubro Rosa para inaugura\u00e7\u00e3o do Espa\u00e7o. \u201cA gente n\u00e3o pode se isentar da responsabilidade social, al\u00e9m disso, somos mulheres, precisamos nos conscientizar e conscientizar as outras, por isso propusemos uma roda de conversa, onde todos possam contribuir, tirar d\u00favidas e deixar suas impress\u00f5es, \u00e9 assim que colaboramos e esse \u00e9 o esp\u00edrito do Espa\u00e7o Co.criativo\u201d.<\/p>\n<p>O evento ser\u00e1 aberto a toda a popula\u00e7\u00e3o e contar\u00e1 com cartilhas informativas, orienta\u00e7\u00f5es profissionais, coffe break, autoexame guiado, roda de conversa com especialistas e transmiss\u00e3o da Webs\u00e9rie AHO \u2013 Di\u00e1rio de um C\u00e2ncer da Jornalista Daniella Zupo que contou um pouquinho da sua jornada na luta contra o c\u00e2ncer no programa Mais Voc\u00ea da Ana Maria Braga.<\/p>\n<p><strong>SERVI\u00c7O<\/strong><\/p>\n<p><strong>Lan\u00e7amento Espa\u00e7o Co.criativo \u2013 Outubro Rosa.<\/strong><\/p>\n<p>Data: 22 de outubro<\/p>\n<p>Programa\u00e7\u00e3o:<\/p>\n<p><strong>8h \u00e0s 12h<\/strong>\u00a0Tenda com cartilhas e orienta\u00e7\u00f5es<\/p>\n<p><strong>8h40\u00a0<\/strong>Coffe Break<\/p>\n<p><strong>9h\u00a0<\/strong>Transmiss\u00e3o da webs\u00e9rie AHO \u2013 Di\u00e1rio de um C\u00e2ncer de Daniella Zupo<\/p>\n<p><strong>9h30\u00a0<\/strong>Roda de conversa e tira d\u00favidas com especialistas<\/p>\n<p><strong>11h00\u00a0<\/strong>Autoexame de mama direcionado<\/p>\n<p>Local: R. Jo\u00e3o Aureliano, 973, Centen\u00e1rio (em frente ao Condom\u00ednio \u201cdo Arco\u201d)<\/p>\n<p>&nbsp;<\/p>\n","protected":false},"excerpt":{"rendered":"<p>A hist\u00f3ria do Outubro Rosa remonta \u00e0 \u00faltima d\u00e9cada do s\u00e9culo 20, quando o la\u00e7o cor-de-rosa, foi lan\u00e7ado pela Funda\u00e7\u00e3o Susan G. Komen for the Cure e distribu\u00eddo aos participantes da primeira Corrida pela Cura, realizada em Nova York, em 1990 e, desde ent\u00e3o, promovida anualmente na cidade.<\/p>\n","protected":false},"author":2,"featured_media":2626,"comment_status":"closed","ping_status":"open","sticky":false,"template":"","format":"standard","meta":{"advgb_blocks_editor_width":"","advgb_blocks_columns_visual_guide":"","_exactmetrics_skip_tracking":false,"_exactmetrics_sitenote_active":false,"_exactmetrics_sitenote_note":"","_exactmetrics_sitenote_category":0,"footnotes":""},"categories":[7,2],"tags":[927],"class_list":["post-3130","post","type-post","status-publish","format-standard","has-post-thumbnail","hentry","category-destaques","category-noticias","tag-outubro-rosa"],"better_featured_image":{"id":2626,"alt_text":"","caption":"","description":"","media_type":"image","media_details":{"width":2364,"height":1772,"file":"2016\/09\/Outubro-Rosa.jpg","sizes":{"thumbnail":{"file":"Outubro-Rosa-150x112.jpg","width":150,"height":112,"mime-type":"image\/jpeg","source_url":"https:\/\/lavras.tv\/site\/wp-content\/uploads\/2016\/09\/Outubro-Rosa-150x112.jpg"},"medium":{"file":"Outubro-Rosa-300x225.jpg","width":300,"height":225,"mime-type":"image\/jpeg","source_url":"https:\/\/lavras.tv\/site\/wp-content\/uploads\/2016\/09\/Outubro-Rosa-300x225.jpg"},"large":{"file":"Outubro-Rosa-1024x768.jpg","width":1024,"height":768,"mime-type":"image\/jpeg","source_url":"https:\/\/lavras.tv\/site\/wp-content\/uploads\/2016\/09\/Outubro-Rosa-1024x768.jpg"},"featured-slider-img":{"file":"Outubro-Rosa-640x480.jpg","width":640,"height":480,"mime-type":"image\/jpeg","source_url":"https:\/\/lavras.tv\/site\/wp-content\/uploads\/2016\/09\/Outubro-Rosa-640x480.jpg"},"featured-post-img":{"file":"Outubro-Rosa-480x320.jpg","width":480,"height":320,"mime-type":"image\/jpeg","source_url":"https:\/\/lavras.tv\/site\/wp-content\/uploads\/2016\/09\/Outubro-Rosa-480x320.jpg"},"sow-carousel-default":{"file":"Outubro-Rosa-272x182.jpg","width":272,"height":182,"mime-type":"image\/jpeg","source_url":"https:\/\/lavras.tv\/site\/wp-content\/uploads\/2016\/09\/Outubro-Rosa-272x182.jpg"}},"image_meta":{"aperture":"0","credit":"Walter Carneiro Leal Neto","camera":"","caption":"","created_timestamp":"1349343297","copyright":"","focal_length":"0","iso":"0","shutter_speed":"0","title":"","orientation":"0","keywords":[]}},"post":2624,"source_url":"https:\/\/lavras.tv\/site\/wp-content\/uploads\/2016\/09\/Outubro-Rosa.jpg"},"author_meta":{"display_name":"Lavras TV","author_link":"https:\/\/lavras.tv\/site\/author\/lavrastv\/"},"featured_img":"https:\/\/lavras.tv\/site\/wp-content\/uploads\/2016\/09\/Outubro-Rosa-300x225.jpg","coauthors":[],"tax_additional":{"categories":{"linked":["<a href=\"https:\/\/lavras.tv\/site\/category\/destaques\/\" class=\"advgb-post-tax-term\">Destaques<\/a>","<a href=\"https:\/\/lavras.tv\/site\/category\/noticias\/\" class=\"advgb-post-tax-term\">Not\u00edcias<\/a>"],"unlinked":["<span class=\"advgb-post-tax-term\">Destaques<\/span>","<span class=\"advgb-post-tax-term\">Not\u00edcias<\/span>"]},"tags":{"linked":["<a href=\"https:\/\/lavras.tv\/site\/category\/noticias\/\" class=\"advgb-post-tax-term\">Outubro Rosa<\/a>"],"unlinked":["<span class=\"advgb-post-tax-term\">Outubro Rosa<\/span>"]}},"comment_count":"0","relative_dates":{"created":"Publicado 10 anos atr\u00e1s","modified":"Atualizado 10 anos atr\u00e1s"},"absolute_dates":{"created":"Publicado em 20 de outubro de 2016","modified":"Atualizado em 20 de outubro de 2016"},"absolute_dates_time":{"created":"Publicado em 20 de outubro de 2016 08:38","modified":"Atualizado em 20 de outubro de 2016 08:38"},"featured_img_caption":"","series_order":"","_links":{"self":[{"href":"https:\/\/lavras.tv\/site\/wp-json\/wp\/v2\/posts\/3130","targetHints":{"allow":["GET"]}}],"collection":[{"href":"https:\/\/lavras.tv\/site\/wp-json\/wp\/v2\/posts"}],"about":[{"href":"https:\/\/lavras.tv\/site\/wp-json\/wp\/v2\/types\/post"}],"author":[{"embeddable":true,"href":"https:\/\/lavras.tv\/site\/wp-json\/wp\/v2\/users\/2"}],"replies":[{"embeddable":true,"href":"https:\/\/lavras.tv\/site\/wp-json\/wp\/v2\/comments?post=3130"}],"version-history":[{"count":1,"href":"https:\/\/lavras.tv\/site\/wp-json\/wp\/v2\/posts\/3130\/revisions"}],"predecessor-version":[{"id":3131,"href":"https:\/\/lavras.tv\/site\/wp-json\/wp\/v2\/posts\/3130\/revisions\/3131"}],"wp:featuredmedia":[{"embeddable":true,"href":"https:\/\/lavras.tv\/site\/wp-json\/wp\/v2\/media\/2626"}],"wp:attachment":[{"href":"https:\/\/lavras.tv\/site\/wp-json\/wp\/v2\/media?parent=3130"}],"wp:term":[{"taxonomy":"category","embeddable":true,"href":"https:\/\/lavras.tv\/site\/wp-json\/wp\/v2\/categories?post=3130"},{"taxonomy":"post_tag","embeddable":true,"href":"https:\/\/lavras.tv\/site\/wp-json\/wp\/v2\/tags?post=3130"}],"curies":[{"name":"wp","href":"https:\/\/api.w.org\/{rel}","templated":true}]}}