{"id":3134,"date":"2016-10-20T08:51:07","date_gmt":"2016-10-20T10:51:07","guid":{"rendered":"http:\/\/lavras.tv\/site\/?p=3134"},"modified":"2016-10-20T08:51:07","modified_gmt":"2016-10-20T10:51:07","slug":"1o-festival-de-cafe-vai-acontecer-em-santo-antonio-do-amparo","status":"publish","type":"post","link":"https:\/\/lavras.tv\/site\/2016\/10\/20\/1o-festival-de-cafe-vai-acontecer-em-santo-antonio-do-amparo\/","title":{"rendered":"1\u00ba Festival de Caf\u00e9 vai acontecer em Santo Ant\u00f4nio do Amparo"},"content":{"rendered":"<div class=\"lavra-antes-do-conteudo_2\" id=\"lavra-1131715327\"><div id=\"lavra-slider-27\" class=\"custom-slider lavra-slider-47257561 lavra-slider\"><ul><li><div style=\"margin-left: auto;margin-right: auto;text-align: center;\" id=\"lavra-446575009\"><a href=\"https:\/\/sistemas.lavras.mg.gov.br\/portalcidadao\/#df1b1a7c7b2a290bcb31e32771e610784662739a88807c0dacac58ede5f391a7530e299dc302d611ee73cb143fc22eaf93592e53e7b5bdb01b00a0b8d28dae460c141dd2ff83412e4dc1c31b16b25f33144a9e5620ea73b13f5bc1c59411d98439ad226e8af03840603796067d87afe130812cf3de24982d0e306f9e61e764e5\" aria-label=\"Lavras-TV&#8211;720x104px (1) (1)\"><img src=\"https:\/\/lavras.tv\/site\/wp-content\/uploads\/2025\/01\/Lavras-TV-720x104px-1-1.png\" alt=\"\"  srcset=\"https:\/\/lavras.tv\/site\/wp-content\/uploads\/2025\/01\/Lavras-TV-720x104px-1-1.png 720w, https:\/\/lavras.tv\/site\/wp-content\/uploads\/2025\/01\/Lavras-TV-720x104px-1-1-470x68.png 470w, https:\/\/lavras.tv\/site\/wp-content\/uploads\/2025\/01\/Lavras-TV-720x104px-1-1-170x25.png 170w, https:\/\/lavras.tv\/site\/wp-content\/uploads\/2025\/01\/Lavras-TV-720x104px-1-1-200x29.png 200w\" sizes=\"(max-width: 720px) 100vw, 720px\" width=\"720\" height=\"104\"  style=\"display: inline-block;\" \/><\/a><\/div><\/li><li><a href=\"https:\/\/sistemas.lavras.mg.gov.br\/portalcidadao\/#df1b1a7c7b2a290bcb31e32771e610784662739a88807c0dacac58ede5f391a7530e299dc302d611ee73cb143fc22eaf93592e53e7b5bdb01b00a0b8d28dae460c141dd2ff83412e4dc1c31b16b25f33144a9e5620ea73b13f5bc1c59411d98439ad226e8af03840603796067d87afe130812cf3de24982d0e306f9e61e764e5\" aria-label=\"Banner_Emprego_PortallavrasTV\"><img src=\"https:\/\/lavras.tv\/site\/wp-content\/uploads\/2025\/03\/Banner_Emprego_PortallavrasTV.png\" alt=\"\"  srcset=\"https:\/\/lavras.tv\/site\/wp-content\/uploads\/2025\/03\/Banner_Emprego_PortallavrasTV.png 720w, https:\/\/lavras.tv\/site\/wp-content\/uploads\/2025\/03\/Banner_Emprego_PortallavrasTV-470x68.png 470w, https:\/\/lavras.tv\/site\/wp-content\/uploads\/2025\/03\/Banner_Emprego_PortallavrasTV-170x25.png 170w, https:\/\/lavras.tv\/site\/wp-content\/uploads\/2025\/03\/Banner_Emprego_PortallavrasTV-200x29.png 200w\" sizes=\"(max-width: 720px) 100vw, 720px\" width=\"720\" height=\"104\"   \/><\/a><\/li><li><a href=\"https:\/\/sistemas.lavras.mg.gov.br\/portalcidadao\/#df1b1a7c7b2a290bcb31e32771e610784662739a88807c0dacac58ede5f391a7530e299dc302d611ee73cb143fc22eaf93592e53e7b5bdb01b00a0b8d28dae460c141dd2ff83412e4dc1c31b16b25f33144a9e5620ea73b13f5bc1c59411d98439ad226e8af03840603796067d87afe130812cf3de24982d0e306f9e61e764e5\" aria-label=\"Banner_Obras_PortallavrasTV\"><img src=\"https:\/\/lavras.tv\/site\/wp-content\/uploads\/2025\/03\/Banner_Obras_PortallavrasTV.png\" alt=\"\"  srcset=\"https:\/\/lavras.tv\/site\/wp-content\/uploads\/2025\/03\/Banner_Obras_PortallavrasTV.png 720w, https:\/\/lavras.tv\/site\/wp-content\/uploads\/2025\/03\/Banner_Obras_PortallavrasTV-470x68.png 470w, https:\/\/lavras.tv\/site\/wp-content\/uploads\/2025\/03\/Banner_Obras_PortallavrasTV-170x25.png 170w, https:\/\/lavras.tv\/site\/wp-content\/uploads\/2025\/03\/Banner_Obras_PortallavrasTV-200x29.png 200w\" sizes=\"(max-width: 720px) 100vw, 720px\" width=\"720\" height=\"104\"   \/><\/a><\/li><li><div style=\"margin-left: auto;margin-right: auto;text-align: center;\" id=\"lavra-3847971474\"><a href=\"https:\/\/sistemas.lavras.mg.gov.br\/portalcidadao\/#df1b1a7c7b2a290bcb31e32771e610784662739a88807c0dacac58ede5f391a7530e299dc302d611ee73cb143fc22eaf93592e53e7b5bdb01b00a0b8d28dae460c141dd2ff83412e4dc1c31b16b25f33144a9e5620ea73b13f5bc1c59411d98439ad226e8af03840603796067d87afe130812cf3de24982d0e306f9e61e764e5\" aria-label=\"Banner_Educa\u00e7\u00e3o_PortallavrasTV\"><img src=\"https:\/\/lavras.tv\/site\/wp-content\/uploads\/2025\/01\/Banner_Educacao_PortallavrasTV.png\" alt=\"\"  srcset=\"https:\/\/lavras.tv\/site\/wp-content\/uploads\/2025\/01\/Banner_Educacao_PortallavrasTV.png 720w, https:\/\/lavras.tv\/site\/wp-content\/uploads\/2025\/01\/Banner_Educacao_PortallavrasTV-470x68.png 470w, https:\/\/lavras.tv\/site\/wp-content\/uploads\/2025\/01\/Banner_Educacao_PortallavrasTV-170x25.png 170w, https:\/\/lavras.tv\/site\/wp-content\/uploads\/2025\/01\/Banner_Educacao_PortallavrasTV-200x29.png 200w\" sizes=\"(max-width: 720px) 100vw, 720px\" width=\"720\" height=\"104\"  style=\"display: inline-block;\" \/><\/a><\/div><\/li><li><a href=\"https:\/\/sistemas.lavras.mg.gov.br\/portalcidadao\/#df1b1a7c7b2a290bcb31e32771e610784662739a88807c0dacac58ede5f391a7530e299dc302d611ee73cb143fc22eaf93592e53e7b5bdb01b00a0b8d28dae460c141dd2ff83412e4dc1c31b16b25f33144a9e5620ea73b13f5bc1c59411d98439ad226e8af03840603796067d87afe130812cf3de24982d0e306f9e61e764e5\" aria-label=\"Banner_Sa\u00fade_PortallavrasTV\"><img src=\"https:\/\/lavras.tv\/site\/wp-content\/uploads\/2025\/03\/Banner_Saude_PortallavrasTV.png\" alt=\"\"  srcset=\"https:\/\/lavras.tv\/site\/wp-content\/uploads\/2025\/03\/Banner_Saude_PortallavrasTV.png 720w, https:\/\/lavras.tv\/site\/wp-content\/uploads\/2025\/03\/Banner_Saude_PortallavrasTV-470x68.png 470w, https:\/\/lavras.tv\/site\/wp-content\/uploads\/2025\/03\/Banner_Saude_PortallavrasTV-170x25.png 170w, https:\/\/lavras.tv\/site\/wp-content\/uploads\/2025\/03\/Banner_Saude_PortallavrasTV-200x29.png 200w\" sizes=\"(max-width: 720px) 100vw, 720px\" width=\"720\" height=\"104\"   \/><\/a><\/li><li><div id=\"lavra-3924194912\" style=\"width:720px;height:104px;background-color:#ddd;overflow:scroll;\">\n\t<strong>Sa\u00edda da depura\u00e7\u00e3o de an\u00fancios<\/strong>\n\t<br><br>\n\tO an\u00fancio n\u00e3o \u00e9 exibido na p\u00e1gina<br><br>post atual: 1\u00ba Festival de Caf\u00e9 vai acontecer em Santo Ant\u00f4nio do Amparo, ID: 3134<br><br><span style=\"color: red;\">O post atual n\u00e3o \u00e9 id\u00eantico ao post principal.<\/span><br><br>An\u00fancios: ROXO - TOPO INTERNA - ROTATIVO 2 (197)<br \/>Grupo de an\u00fancios: Princ_Meio01_720x104 (27)<br><br>Condi\u00e7\u00f5es de exibi\u00e7\u00e3o<div style=\"margin-bottom: 20px; white-space: pre-wrap; font-family: monospace; width: 100%; background: #ffe9e9;\"><strong>condi\u00e7\u00f5es gerais<\/strong><table border=\"1\"><thead><tr><th><\/th><th>An\u00fancios<\/th><th>wp_the_query<\/th><\/tr><\/thead><tr><td>is_main_query<\/td><td>1<\/td><td>1<\/td><\/tr><tr><td>is_rest_api<\/td><td>0<\/td><td>1<\/td><\/tr><tr><td>page<\/td><td>0<\/td><td>1<\/td><\/tr><tr><td>numpages<\/td><td>0<\/td><td>1<\/td><\/tr><tr><td>is_archive<\/td><td>1<\/td><td><\/td><\/tr><tr><td>is_search<\/td><td>1<\/td><td><\/td><\/tr><tr><td>is_home<\/td><td>1<\/td><td><\/td><\/tr><tr><td>is_404<\/td><td>1<\/td><td><\/td><\/tr><tr><td>is_attachment<\/td><td>1<\/td><td><\/td><\/tr><tr><td>is_singular<\/td><td>1<\/td><td><\/td><\/tr><tr><td>is_front_page<\/td><td>1<\/td><td><\/td><\/tr><tr><td>is_feed<\/td><td>1<\/td><td><\/td><\/tr><\/table><\/div><br><br><span style=\"color: red;\">Seu site usa HTTPS, mas o c\u00f3digo do an\u00fancio cont\u00e9m HTTP e pode n\u00e3o funcionar.<\/span>\t<br><br>\n\t<a style=\"color: green;\" href=\"https:\/\/wpadvancedads.com\/manual\/ad-debug-mode\/?utm_source=advanced-ads&utm_medium=link&utm_campaign=ad-debug-mode\" target=\"_blank\" rel=\"nofollow\">Encontre solu\u00e7\u00f5es no manual<\/a>\n<\/div>\n<\/li><\/ul><\/div><script>( window.advanced_ads_ready || jQuery( document ).ready ).call( null, function() {var $lavraslider47257561 = jQuery( \".lavra-slider-47257561\" );$lavraslider47257561.on( \"unslider.ready\", function() { jQuery( \"div.custom-slider ul li\" ).css( \"display\", \"block\" ); });$lavraslider47257561.unslider({ delay:4000, autoplay:true, nav:false, arrows:false, infinite:true });$lavraslider47257561.on(\"mouseover\", function() {$lavraslider47257561.unslider(\"stop\");}).on(\"mouseout\", function() {$lavraslider47257561.unslider(\"start\");});});<\/script><\/div><p>O Projeto de Desenvolvimento da Cafeicultura de Santo Ant\u00f4nio do Amparo*, iniciado por um grupo preocupado em fortalecer a atividade no munic\u00edpio mineiro, completa agora um ano de exist\u00eancia.<!--more--><\/p>\n<p>O marco conta com a realiza\u00e7\u00e3o de um evento para levar os caf\u00e9s de produtores de Santo Ant\u00f4nio do Amparo (MG) para os pr\u00f3prios moradores, em pra\u00e7a p\u00fablica. O Festival do Caf\u00e9 de Santo Ant\u00f4nio do Amparo leva degusta\u00e7\u00f5es de caf\u00e9s e quitutes com o gr\u00e3o, al\u00e9m de ter a presen\u00e7a e baristas locais.<\/p>\n<p>A programa\u00e7\u00e3o ocorre nos dias 28 e 29 e, segundo a organiza\u00e7\u00e3o, abranger\u00e1 al\u00e9m da pra\u00e7a, fazendas e restaurantes locais. A ideia \u00e9 trazer, tamb\u00e9m, atra\u00e7\u00f5es musicais e quitutes para o p\u00fablico. O evento tem apoio do Sebrae, Emater, Governo Municipal, Secretaria de Cultura e Secretaria de Educa\u00e7\u00e3o de Santo Ant\u00f4nio do Amparo. Al\u00e9m das empresas Cambraia Caf\u00e9s, NKG Fazenda da Lagoa, Carmomaq, Syngenta, Olam Coffee, Fazenda Guariroba, Fazenda Cruzeiro, Fazenda Paradiso, Fazenda Bom Jardim, Fazenda Cachoeira, Fazenda Mumbuca, Santa Maria Cafeeira, Sancoffee, AP, Fazenda S\u00e3o Paulo, Caf\u00e9 das Vertentes, Sancaf\u00e9, Fazenda Cerrado Grande, Fazenda do Pinhal, Cooxup\u00e9.<br \/>\n<strong>Confira a programa\u00e7\u00e3o:<\/strong><\/p>\n<p>*Sexta feira \u2013 dia 28 de outubro*<\/p>\n<p>\u2022Barracas: barista de Santo Ant\u00f4nio do Amparo (SAA), quitutes de caf\u00e9 de SAA, artesanato com caf\u00e9.<\/p>\n<p>\u202219h \u2013 Degusta\u00e7\u00e3o de caf\u00e9s pra\u00e7a<\/p>\n<p>\u202220h \u2013 Atra\u00e7\u00e3o musical Sanfona<\/p>\n<p>\u202222h \u2013 MPB<\/p>\n<p>\u202223h Encerramento<\/p>\n<p>*S\u00e1bado \u2013 dia 29 de outubro*<\/p>\n<p>\u2022Barracas: barista SAA, quitutes caf\u00e9 SAA, artesanato caf\u00e9.<\/p>\n<p>\u20228h \u2013 Caf\u00e9 da manh\u00e3 na pra\u00e7a<\/p>\n<p>\u20228h15 \u2013 M\u00fasica na Pra\u00e7a<\/p>\n<p>\u20229h \u2013 Degusta\u00e7\u00e3o com caf\u00e9s de diferentes produtores SAA \u2013 Baristas SAA<\/p>\n<p>\u202210h \u2013 Infantil: Conta\u00e7\u00e3o de hist\u00f3ria<\/p>\n<p>\u202211h \u2013 Infantil: Oficina de artes com material reciclado<\/p>\n<p>\u202210h \u2013 Demonstra\u00e7\u00e3o de m\u00e9todo de preparo caf\u00e9s<\/p>\n<p>\u202212h \u2013 Comida a base de caf\u00e9 na pra\u00e7a<\/p>\n<p>\u202212h15 \u2013 M\u00fasica com artistas da regi\u00e3o<\/p>\n<p>\u202214h \u2013 Apresenta\u00e7\u00e3o de Congado<\/p>\n<p>\u202215h \u2013 Infantil: Oficina de artes com material reciclado<\/p>\n<p>\u202216h \u2013 Degusta\u00e7\u00e3o caf\u00e9s baristas SAA<\/p>\n<p>\u202218h30 \u2013 Sorteio de brindes<\/p>\n<p>\u202220h30 \u2013 Show Rock Nacional<\/p>\n<p>\u2022 21h30 \u2013 Show MPB<\/p>\n<p>\u202223h \u2013 Encerramento<\/p>\n<p>Servi\u00e7o*<\/p>\n<p><strong>Festival do Caf\u00e9 de Santo Ant\u00f4nio do Amparo**Onde:* Pra\u00e7a do Santu\u00e1rio de<br \/>\nSanto Ant\u00f4nio do Amparo, restaurantes e fazendas locais<br \/>\nQuando:* 28 e 29 de outubro<br \/>\nMais informa\u00e7\u00f5es: *Projeto Desenvolvimento Cafeicultura SAA<br \/>\n<\/strong><a href=\"https:\/\/www.facebook.com\/groups\/212616732435375\/?fref=ts\">https:\/\/www.facebook.com\/groups\/212616732435375\/?fref=ts<\/a><\/p>\n","protected":false},"excerpt":{"rendered":"<p>O Projeto de Desenvolvimento da Cafeicultura de Santo Ant\u00f4nio do Amparo*, iniciado por um grupo preocupado em fortalecer a atividade no munic\u00edpio mineiro, completa agora um ano de exist\u00eancia.<\/p>\n","protected":false},"author":2,"featured_media":1954,"comment_status":"closed","ping_status":"open","sticky":false,"template":"","format":"standard","meta":{"advgb_blocks_editor_width":"","advgb_blocks_columns_visual_guide":"","_exactmetrics_skip_tracking":false,"_exactmetrics_sitenote_active":false,"_exactmetrics_sitenote_note":"","_exactmetrics_sitenote_category":0,"footnotes":""},"categories":[7,2,21],"tags":[259,1108,993],"class_list":["post-3134","post","type-post","status-publish","format-standard","has-post-thumbnail","hentry","category-destaques","category-noticias","category-vem-ai","tag-cafe","tag-festival-do-cafe","tag-santo-antonio-do-amparo"],"better_featured_image":{"id":1954,"alt_text":"","caption":"","description":"","media_type":"image","media_details":{"width":800,"height":500,"file":"2016\/08\/cafe.jpg","sizes":{"thumbnail":{"file":"cafe-150x94.jpg","width":150,"height":94,"mime-type":"image\/jpeg","source_url":"https:\/\/lavras.tv\/site\/wp-content\/uploads\/2016\/08\/cafe-150x94.jpg"},"medium":{"file":"cafe-300x188.jpg","width":300,"height":188,"mime-type":"image\/jpeg","source_url":"https:\/\/lavras.tv\/site\/wp-content\/uploads\/2016\/08\/cafe-300x188.jpg"},"featured-slider-img":{"file":"cafe-640x480.jpg","width":640,"height":480,"mime-type":"image\/jpeg","source_url":"https:\/\/lavras.tv\/site\/wp-content\/uploads\/2016\/08\/cafe-640x480.jpg"},"featured-post-img":{"file":"cafe-480x320.jpg","width":480,"height":320,"mime-type":"image\/jpeg","source_url":"https:\/\/lavras.tv\/site\/wp-content\/uploads\/2016\/08\/cafe-480x320.jpg"},"sow-carousel-default":{"file":"cafe-272x182.jpg","width":272,"height":182,"mime-type":"image\/jpeg","source_url":"https:\/\/lavras.tv\/site\/wp-content\/uploads\/2016\/08\/cafe-272x182.jpg"}},"image_meta":{"aperture":"0","credit":"","camera":"","caption":"","created_timestamp":"0","copyright":"","focal_length":"0","iso":"0","shutter_speed":"0","title":"","orientation":"1","keywords":[]}},"post":1953,"source_url":"https:\/\/lavras.tv\/site\/wp-content\/uploads\/2016\/08\/cafe.jpg"},"author_meta":{"display_name":"Lavras TV","author_link":"https:\/\/lavras.tv\/site\/author\/lavrastv\/"},"featured_img":"https:\/\/lavras.tv\/site\/wp-content\/uploads\/2016\/08\/cafe-300x188.jpg","coauthors":[],"tax_additional":{"categories":{"linked":["<a href=\"https:\/\/lavras.tv\/site\/category\/destaques\/\" class=\"advgb-post-tax-term\">Destaques<\/a>","<a href=\"https:\/\/lavras.tv\/site\/category\/noticias\/\" class=\"advgb-post-tax-term\">Not\u00edcias<\/a>","<a href=\"https:\/\/lavras.tv\/site\/category\/vem-ai\/\" class=\"advgb-post-tax-term\">Vem a\u00ed<\/a>"],"unlinked":["<span class=\"advgb-post-tax-term\">Destaques<\/span>","<span class=\"advgb-post-tax-term\">Not\u00edcias<\/span>","<span class=\"advgb-post-tax-term\">Vem a\u00ed<\/span>"]},"tags":{"linked":["<a href=\"https:\/\/lavras.tv\/site\/category\/vem-ai\/\" class=\"advgb-post-tax-term\">caf\u00e9<\/a>","<a href=\"https:\/\/lavras.tv\/site\/category\/vem-ai\/\" class=\"advgb-post-tax-term\">festival do caf\u00e9<\/a>","<a href=\"https:\/\/lavras.tv\/site\/category\/vem-ai\/\" class=\"advgb-post-tax-term\">santo ant\u00f4nio do amparo<\/a>"],"unlinked":["<span class=\"advgb-post-tax-term\">caf\u00e9<\/span>","<span class=\"advgb-post-tax-term\">festival do caf\u00e9<\/span>","<span class=\"advgb-post-tax-term\">santo ant\u00f4nio do amparo<\/span>"]}},"comment_count":"0","relative_dates":{"created":"Publicado 10 anos atr\u00e1s","modified":"Atualizado 10 anos atr\u00e1s"},"absolute_dates":{"created":"Publicado em 20 de outubro de 2016","modified":"Atualizado em 20 de outubro de 2016"},"absolute_dates_time":{"created":"Publicado em 20 de outubro de 2016 08:51","modified":"Atualizado em 20 de outubro de 2016 08:51"},"featured_img_caption":"","series_order":"","_links":{"self":[{"href":"https:\/\/lavras.tv\/site\/wp-json\/wp\/v2\/posts\/3134","targetHints":{"allow":["GET"]}}],"collection":[{"href":"https:\/\/lavras.tv\/site\/wp-json\/wp\/v2\/posts"}],"about":[{"href":"https:\/\/lavras.tv\/site\/wp-json\/wp\/v2\/types\/post"}],"author":[{"embeddable":true,"href":"https:\/\/lavras.tv\/site\/wp-json\/wp\/v2\/users\/2"}],"replies":[{"embeddable":true,"href":"https:\/\/lavras.tv\/site\/wp-json\/wp\/v2\/comments?post=3134"}],"version-history":[{"count":1,"href":"https:\/\/lavras.tv\/site\/wp-json\/wp\/v2\/posts\/3134\/revisions"}],"predecessor-version":[{"id":3135,"href":"https:\/\/lavras.tv\/site\/wp-json\/wp\/v2\/posts\/3134\/revisions\/3135"}],"wp:featuredmedia":[{"embeddable":true,"href":"https:\/\/lavras.tv\/site\/wp-json\/wp\/v2\/media\/1954"}],"wp:attachment":[{"href":"https:\/\/lavras.tv\/site\/wp-json\/wp\/v2\/media?parent=3134"}],"wp:term":[{"taxonomy":"category","embeddable":true,"href":"https:\/\/lavras.tv\/site\/wp-json\/wp\/v2\/categories?post=3134"},{"taxonomy":"post_tag","embeddable":true,"href":"https:\/\/lavras.tv\/site\/wp-json\/wp\/v2\/tags?post=3134"}],"curies":[{"name":"wp","href":"https:\/\/api.w.org\/{rel}","templated":true}]}}