{"id":3149,"date":"2016-10-20T09:29:06","date_gmt":"2016-10-20T11:29:06","guid":{"rendered":"http:\/\/lavras.tv\/site\/?p=3149"},"modified":"2016-10-20T09:29:06","modified_gmt":"2016-10-20T11:29:06","slug":"temer-ordena-lei-do-silencio-no-planalto-apos-prisao-de-eduardo-cunha","status":"publish","type":"post","link":"https:\/\/lavras.tv\/site\/2016\/10\/20\/temer-ordena-lei-do-silencio-no-planalto-apos-prisao-de-eduardo-cunha\/","title":{"rendered":"Temer ordena &#8216;lei do sil\u00eancio&#8217; no Planalto ap\u00f3s pris\u00e3o de Eduardo Cunha"},"content":{"rendered":"<div class=\"lavra-antes-do-conteudo_2\" id=\"lavra-3699108487\"><div id=\"lavra-slider-27\" class=\"custom-slider lavra-slider-210278599 lavra-slider\"><ul><li><div style=\"margin-left: auto;margin-right: auto;text-align: center;\" id=\"lavra-174576312\"><a href=\"https:\/\/sistemas.lavras.mg.gov.br\/portalcidadao\/#df1b1a7c7b2a290bcb31e32771e610784662739a88807c0dacac58ede5f391a7530e299dc302d611ee73cb143fc22eaf93592e53e7b5bdb01b00a0b8d28dae460c141dd2ff83412e4dc1c31b16b25f33144a9e5620ea73b13f5bc1c59411d98439ad226e8af03840603796067d87afe130812cf3de24982d0e306f9e61e764e5\" aria-label=\"Lavras-TV&#8211;720x104px (1) (1)\"><img src=\"https:\/\/lavras.tv\/site\/wp-content\/uploads\/2025\/01\/Lavras-TV-720x104px-1-1.png\" alt=\"\"  srcset=\"https:\/\/lavras.tv\/site\/wp-content\/uploads\/2025\/01\/Lavras-TV-720x104px-1-1.png 720w, https:\/\/lavras.tv\/site\/wp-content\/uploads\/2025\/01\/Lavras-TV-720x104px-1-1-470x68.png 470w, https:\/\/lavras.tv\/site\/wp-content\/uploads\/2025\/01\/Lavras-TV-720x104px-1-1-170x25.png 170w, https:\/\/lavras.tv\/site\/wp-content\/uploads\/2025\/01\/Lavras-TV-720x104px-1-1-200x29.png 200w\" sizes=\"(max-width: 720px) 100vw, 720px\" width=\"720\" height=\"104\"  style=\"display: inline-block;\" \/><\/a><\/div><\/li><li><a href=\"https:\/\/sistemas.lavras.mg.gov.br\/portalcidadao\/#df1b1a7c7b2a290bcb31e32771e610784662739a88807c0dacac58ede5f391a7530e299dc302d611ee73cb143fc22eaf93592e53e7b5bdb01b00a0b8d28dae460c141dd2ff83412e4dc1c31b16b25f33144a9e5620ea73b13f5bc1c59411d98439ad226e8af03840603796067d87afe130812cf3de24982d0e306f9e61e764e5\" aria-label=\"Banner_Emprego_PortallavrasTV\"><img src=\"https:\/\/lavras.tv\/site\/wp-content\/uploads\/2025\/03\/Banner_Emprego_PortallavrasTV.png\" alt=\"\"  srcset=\"https:\/\/lavras.tv\/site\/wp-content\/uploads\/2025\/03\/Banner_Emprego_PortallavrasTV.png 720w, https:\/\/lavras.tv\/site\/wp-content\/uploads\/2025\/03\/Banner_Emprego_PortallavrasTV-470x68.png 470w, https:\/\/lavras.tv\/site\/wp-content\/uploads\/2025\/03\/Banner_Emprego_PortallavrasTV-170x25.png 170w, https:\/\/lavras.tv\/site\/wp-content\/uploads\/2025\/03\/Banner_Emprego_PortallavrasTV-200x29.png 200w\" sizes=\"(max-width: 720px) 100vw, 720px\" width=\"720\" height=\"104\"   \/><\/a><\/li><li><a href=\"https:\/\/sistemas.lavras.mg.gov.br\/portalcidadao\/#df1b1a7c7b2a290bcb31e32771e610784662739a88807c0dacac58ede5f391a7530e299dc302d611ee73cb143fc22eaf93592e53e7b5bdb01b00a0b8d28dae460c141dd2ff83412e4dc1c31b16b25f33144a9e5620ea73b13f5bc1c59411d98439ad226e8af03840603796067d87afe130812cf3de24982d0e306f9e61e764e5\" aria-label=\"Banner_Obras_PortallavrasTV\"><img src=\"https:\/\/lavras.tv\/site\/wp-content\/uploads\/2025\/03\/Banner_Obras_PortallavrasTV.png\" alt=\"\"  srcset=\"https:\/\/lavras.tv\/site\/wp-content\/uploads\/2025\/03\/Banner_Obras_PortallavrasTV.png 720w, https:\/\/lavras.tv\/site\/wp-content\/uploads\/2025\/03\/Banner_Obras_PortallavrasTV-470x68.png 470w, https:\/\/lavras.tv\/site\/wp-content\/uploads\/2025\/03\/Banner_Obras_PortallavrasTV-170x25.png 170w, https:\/\/lavras.tv\/site\/wp-content\/uploads\/2025\/03\/Banner_Obras_PortallavrasTV-200x29.png 200w\" sizes=\"(max-width: 720px) 100vw, 720px\" width=\"720\" height=\"104\"   \/><\/a><\/li><li><div style=\"margin-left: auto;margin-right: auto;text-align: center;\" id=\"lavra-845906514\"><a href=\"https:\/\/sistemas.lavras.mg.gov.br\/portalcidadao\/#df1b1a7c7b2a290bcb31e32771e610784662739a88807c0dacac58ede5f391a7530e299dc302d611ee73cb143fc22eaf93592e53e7b5bdb01b00a0b8d28dae460c141dd2ff83412e4dc1c31b16b25f33144a9e5620ea73b13f5bc1c59411d98439ad226e8af03840603796067d87afe130812cf3de24982d0e306f9e61e764e5\" aria-label=\"Banner_Educa\u00e7\u00e3o_PortallavrasTV\"><img src=\"https:\/\/lavras.tv\/site\/wp-content\/uploads\/2025\/01\/Banner_Educacao_PortallavrasTV.png\" alt=\"\"  srcset=\"https:\/\/lavras.tv\/site\/wp-content\/uploads\/2025\/01\/Banner_Educacao_PortallavrasTV.png 720w, https:\/\/lavras.tv\/site\/wp-content\/uploads\/2025\/01\/Banner_Educacao_PortallavrasTV-470x68.png 470w, https:\/\/lavras.tv\/site\/wp-content\/uploads\/2025\/01\/Banner_Educacao_PortallavrasTV-170x25.png 170w, https:\/\/lavras.tv\/site\/wp-content\/uploads\/2025\/01\/Banner_Educacao_PortallavrasTV-200x29.png 200w\" sizes=\"(max-width: 720px) 100vw, 720px\" width=\"720\" height=\"104\"  style=\"display: inline-block;\" \/><\/a><\/div><\/li><li><a href=\"https:\/\/sistemas.lavras.mg.gov.br\/portalcidadao\/#df1b1a7c7b2a290bcb31e32771e610784662739a88807c0dacac58ede5f391a7530e299dc302d611ee73cb143fc22eaf93592e53e7b5bdb01b00a0b8d28dae460c141dd2ff83412e4dc1c31b16b25f33144a9e5620ea73b13f5bc1c59411d98439ad226e8af03840603796067d87afe130812cf3de24982d0e306f9e61e764e5\" aria-label=\"Banner_Sa\u00fade_PortallavrasTV\"><img src=\"https:\/\/lavras.tv\/site\/wp-content\/uploads\/2025\/03\/Banner_Saude_PortallavrasTV.png\" alt=\"\"  srcset=\"https:\/\/lavras.tv\/site\/wp-content\/uploads\/2025\/03\/Banner_Saude_PortallavrasTV.png 720w, https:\/\/lavras.tv\/site\/wp-content\/uploads\/2025\/03\/Banner_Saude_PortallavrasTV-470x68.png 470w, https:\/\/lavras.tv\/site\/wp-content\/uploads\/2025\/03\/Banner_Saude_PortallavrasTV-170x25.png 170w, https:\/\/lavras.tv\/site\/wp-content\/uploads\/2025\/03\/Banner_Saude_PortallavrasTV-200x29.png 200w\" sizes=\"(max-width: 720px) 100vw, 720px\" width=\"720\" height=\"104\"   \/><\/a><\/li><li><div id=\"lavra-4122877211\" style=\"width:720px;height:104px;background-color:#ddd;overflow:scroll;\">\n\t<strong>Sa\u00edda da depura\u00e7\u00e3o de an\u00fancios<\/strong>\n\t<br><br>\n\tO an\u00fancio n\u00e3o \u00e9 exibido na p\u00e1gina<br><br>post atual: Temer ordena 'lei do sil\u00eancio' no Planalto ap\u00f3s pris\u00e3o de Eduardo Cunha, ID: 3149<br><br><span style=\"color: red;\">O post atual n\u00e3o \u00e9 id\u00eantico ao post principal.<\/span><br><br>An\u00fancios: ROXO - TOPO INTERNA - ROTATIVO 2 (197)<br \/>Grupo de an\u00fancios: Princ_Meio01_720x104 (27)<br><br>Condi\u00e7\u00f5es de exibi\u00e7\u00e3o<div style=\"margin-bottom: 20px; white-space: pre-wrap; font-family: monospace; width: 100%; background: #ffe9e9;\"><strong>condi\u00e7\u00f5es gerais<\/strong><table border=\"1\"><thead><tr><th><\/th><th>An\u00fancios<\/th><th>wp_the_query<\/th><\/tr><\/thead><tr><td>is_main_query<\/td><td>1<\/td><td>1<\/td><\/tr><tr><td>is_rest_api<\/td><td>0<\/td><td>1<\/td><\/tr><tr><td>page<\/td><td>0<\/td><td>1<\/td><\/tr><tr><td>numpages<\/td><td>0<\/td><td>1<\/td><\/tr><tr><td>is_archive<\/td><td>1<\/td><td><\/td><\/tr><tr><td>is_search<\/td><td>1<\/td><td><\/td><\/tr><tr><td>is_home<\/td><td>1<\/td><td><\/td><\/tr><tr><td>is_404<\/td><td>1<\/td><td><\/td><\/tr><tr><td>is_attachment<\/td><td>1<\/td><td><\/td><\/tr><tr><td>is_singular<\/td><td>1<\/td><td><\/td><\/tr><tr><td>is_front_page<\/td><td>1<\/td><td><\/td><\/tr><tr><td>is_feed<\/td><td>1<\/td><td><\/td><\/tr><\/table><\/div><br><br><span style=\"color: red;\">Seu site usa HTTPS, mas o c\u00f3digo do an\u00fancio cont\u00e9m HTTP e pode n\u00e3o funcionar.<\/span>\t<br><br>\n\t<a style=\"color: green;\" href=\"https:\/\/wpadvancedads.com\/manual\/ad-debug-mode\/?utm_source=advanced-ads&utm_medium=link&utm_campaign=ad-debug-mode\" target=\"_blank\" rel=\"nofollow\">Encontre solu\u00e7\u00f5es no manual<\/a>\n<\/div>\n<\/li><\/ul><\/div><script>( window.advanced_ads_ready || jQuery( document ).ready ).call( null, function() {var $lavraslider210278599 = jQuery( \".lavra-slider-210278599\" );$lavraslider210278599.on( \"unslider.ready\", function() { jQuery( \"div.custom-slider ul li\" ).css( \"display\", \"block\" ); });$lavraslider210278599.unslider({ delay:4000, autoplay:true, nav:false, arrows:false, infinite:true });$lavraslider210278599.on(\"mouseover\", function() {$lavraslider210278599.unslider(\"stop\");}).on(\"mouseout\", function() {$lavraslider210278599.unslider(\"start\");});});<\/script><\/div><p>O governo tenta evitar que a tens\u00e3o provocada em Bras\u00edlia afete o Pal\u00e1cio do Planalto depois da pris\u00e3o do ex-presidente da C\u00e2mara Eduardo Cunha (PMDB-RJ). <!--more-->A blindagem ao Planalto foi determinada pelo pr\u00f3prio presidente Michel Temer, que deixou T\u00f3quio na manh\u00e3 de quarta-feira, 19, quando a ordem do juiz S\u00e9rgio Moro foi executada.<\/p>\n<p><img fetchpriority=\"high\" decoding=\"async\" class=\"size-full wp-image-3150 aligncenter\" src=\"http:\/\/lavras.tv\/site\/wp-content\/uploads\/2016\/10\/Cunha_Temer_thumb.jpg\" alt=\"cunha_temer_thumb\" width=\"530\" height=\"333\" \/><\/p>\n<p>Apesar do pedido para que ningu\u00e9m comentasse o epis\u00f3dio para evitar levar a crise para o governo, h\u00e1 uma preocupa\u00e7\u00e3o com os problemas que Cunha possa criar para Temer e seus ministros, atrapalhando os planos de assegurar a aprova\u00e7\u00e3o da PEC do Teto, na semana que vem, e at\u00e9 a governabilidade.<\/p>\n<p>Apesar de j\u00e1 esperar que a pris\u00e3o de Cunha pudesse acontecer a qualquer momento, a not\u00edcia causou surpresa no governo e veio em um dia em que o Planalto acreditava que conseguiria uma agenda positiva com a primeira redu\u00e7\u00e3o dos juros em quatro anos. O governo contava com isso para ajudar no &#8220;clima favor\u00e1vel&#8221; para o qual estava trabalhando, para contribuir na vota\u00e7\u00e3o da PEC do Teto.<\/p>\n<p>Cunha \u00e9 considerado uma pessoa &#8220;vingativa&#8221; e j\u00e1 disse que &#8220;n\u00e3o vai cair sozinho&#8221;. Com isso, auxiliares de Temer sabem que ele tem liga\u00e7\u00e3o com v\u00e1rios ministros peemedebistas e pode, em caso de fazer dela\u00e7\u00e3o premiada, tentar arrastar para o buraco aliados do presidente. A principal amea\u00e7a \u00e9 ao secret\u00e1rio executivo do Programa de Parcerias de Investimentos (PPI), Moreira Franco, a quem Cunha j\u00e1 acusou de estar por tr\u00e1s de irregularidades no Fundo de Investimento do Fundo de Garantia do Tempo de Servi\u00e7o (FI-FGTS), que \u00e9 administrado pela Caixa e financia obras de infraestrutura.<\/p>\n<p>A assessoria de Moreira diz que ele e Cunha s\u00e3o de grupos pol\u00edticos diferentes e os dois &#8220;n\u00e3o conversam bem, n\u00e3o dialogam e n\u00e3o se d\u00e3o&#8221;. Afirmam ainda eventual dela\u00e7\u00e3o do deputado cassado n\u00e3o preocupa Moreira. O secret\u00e1rio estava em T\u00f3quio e embarcou para o Rio antes de a pris\u00e3o ser noticiada.<\/p>\n<p><strong>Volta<\/strong><\/p>\n<p>Temer embarcou na manh\u00e3 de quarta-feira, 19, para Bras\u00edlia, antecipando sua volta do Jap\u00e3o. Apesar de a ordem ser evitar coment\u00e1rios sobre a pris\u00e3o antes da chegada de Temer, o Planalto afirmou que a preocupa\u00e7\u00e3o com uma poss\u00edvel dela\u00e7\u00e3o &#8220;\u00e9 zero&#8221;. &#8220;N\u00e3o h\u00e1 preocupa\u00e7\u00e3o nenhuma&#8221;, afirmou a Secretaria de Imprensa. &#8220;O governo tem reiterado que n\u00e3o h\u00e1 nenhuma interfer\u00eancia na Lava Jato e que as a\u00e7\u00f5es s\u00e3o de outro poder, que \u00e9 completamente independente&#8221;.<\/p>\n<p>Sobre a antecipa\u00e7\u00e3o da volta de Temer, a secretaria informou que a decis\u00e3o foi tomada h\u00e1 pelo menos dois dias.<\/p>\n<p>&nbsp;<\/p>\n<p>Fonte: Itatiaia<\/p>\n","protected":false},"excerpt":{"rendered":"<p>O governo tenta evitar que a tens\u00e3o provocada em Bras\u00edlia afete o Pal\u00e1cio do Planalto depois da pris\u00e3o do ex-presidente da C\u00e2mara Eduardo Cunha (PMDB-RJ).<\/p>\n","protected":false},"author":2,"featured_media":3150,"comment_status":"closed","ping_status":"open","sticky":false,"template":"","format":"standard","meta":{"advgb_blocks_editor_width":"","advgb_blocks_columns_visual_guide":"","_exactmetrics_skip_tracking":false,"_exactmetrics_sitenote_active":false,"_exactmetrics_sitenote_note":"","_exactmetrics_sitenote_category":0,"footnotes":""},"categories":[12],"tags":[777,697,1113],"class_list":["post-3149","post","type-post","status-publish","format-standard","has-post-thumbnail","hentry","category-politica","tag-eduardo-cunha","tag-michel-temer","tag-prisao"],"better_featured_image":{"id":3150,"alt_text":"","caption":"","description":"","media_type":"image","media_details":{"width":530,"height":333,"file":"2016\/10\/Cunha_Temer_thumb-e1476962936188.jpg","sizes":{"thumbnail":{"file":"Cunha_Temer_thumb-e1476962936188-150x94.jpg","width":150,"height":94,"mime-type":"image\/jpeg","source_url":"https:\/\/lavras.tv\/site\/wp-content\/uploads\/2016\/10\/Cunha_Temer_thumb-e1476962936188-150x94.jpg"},"medium":{"file":"Cunha_Temer_thumb-e1476962936188-300x188.jpg","width":300,"height":188,"mime-type":"image\/jpeg","source_url":"https:\/\/lavras.tv\/site\/wp-content\/uploads\/2016\/10\/Cunha_Temer_thumb-e1476962936188-300x188.jpg"},"featured-post-img":{"file":"Cunha_Temer_thumb-e1476962936188-480x320.jpg","width":480,"height":320,"mime-type":"image\/jpeg","source_url":"https:\/\/lavras.tv\/site\/wp-content\/uploads\/2016\/10\/Cunha_Temer_thumb-e1476962936188-480x320.jpg"},"sow-carousel-default":{"file":"Cunha_Temer_thumb-e1476962936188-272x182.jpg","width":272,"height":182,"mime-type":"image\/jpeg","source_url":"https:\/\/lavras.tv\/site\/wp-content\/uploads\/2016\/10\/Cunha_Temer_thumb-e1476962936188-272x182.jpg"}},"image_meta":{"aperture":"0","credit":"","camera":"","caption":"","created_timestamp":"0","copyright":"","focal_length":"0","iso":"0","shutter_speed":"0","title":"","orientation":"0","keywords":[]}},"post":3149,"source_url":"https:\/\/lavras.tv\/site\/wp-content\/uploads\/2016\/10\/Cunha_Temer_thumb-e1476962936188.jpg"},"author_meta":{"display_name":"Lavras TV","author_link":"https:\/\/lavras.tv\/site\/author\/lavrastv\/"},"featured_img":"https:\/\/lavras.tv\/site\/wp-content\/uploads\/2016\/10\/Cunha_Temer_thumb-e1476962936188-300x188.jpg","coauthors":[],"tax_additional":{"categories":{"linked":["<a href=\"https:\/\/lavras.tv\/site\/category\/politica\/\" class=\"advgb-post-tax-term\">Pol\u00edtica<\/a>"],"unlinked":["<span class=\"advgb-post-tax-term\">Pol\u00edtica<\/span>"]},"tags":{"linked":["<a href=\"https:\/\/lavras.tv\/site\/category\/politica\/\" class=\"advgb-post-tax-term\">eduardo cunha<\/a>","<a href=\"https:\/\/lavras.tv\/site\/category\/politica\/\" class=\"advgb-post-tax-term\">michel temer<\/a>","<a href=\"https:\/\/lavras.tv\/site\/category\/politica\/\" class=\"advgb-post-tax-term\">pris\u00e3o<\/a>"],"unlinked":["<span class=\"advgb-post-tax-term\">eduardo cunha<\/span>","<span class=\"advgb-post-tax-term\">michel temer<\/span>","<span class=\"advgb-post-tax-term\">pris\u00e3o<\/span>"]}},"comment_count":"0","relative_dates":{"created":"Publicado 10 anos atr\u00e1s","modified":"Atualizado 10 anos atr\u00e1s"},"absolute_dates":{"created":"Publicado em 20 de outubro de 2016","modified":"Atualizado em 20 de outubro de 2016"},"absolute_dates_time":{"created":"Publicado em 20 de outubro de 2016 09:29","modified":"Atualizado em 20 de outubro de 2016 09:29"},"featured_img_caption":"","series_order":"","_links":{"self":[{"href":"https:\/\/lavras.tv\/site\/wp-json\/wp\/v2\/posts\/3149","targetHints":{"allow":["GET"]}}],"collection":[{"href":"https:\/\/lavras.tv\/site\/wp-json\/wp\/v2\/posts"}],"about":[{"href":"https:\/\/lavras.tv\/site\/wp-json\/wp\/v2\/types\/post"}],"author":[{"embeddable":true,"href":"https:\/\/lavras.tv\/site\/wp-json\/wp\/v2\/users\/2"}],"replies":[{"embeddable":true,"href":"https:\/\/lavras.tv\/site\/wp-json\/wp\/v2\/comments?post=3149"}],"version-history":[{"count":2,"href":"https:\/\/lavras.tv\/site\/wp-json\/wp\/v2\/posts\/3149\/revisions"}],"predecessor-version":[{"id":3152,"href":"https:\/\/lavras.tv\/site\/wp-json\/wp\/v2\/posts\/3149\/revisions\/3152"}],"wp:featuredmedia":[{"embeddable":true,"href":"https:\/\/lavras.tv\/site\/wp-json\/wp\/v2\/media\/3150"}],"wp:attachment":[{"href":"https:\/\/lavras.tv\/site\/wp-json\/wp\/v2\/media?parent=3149"}],"wp:term":[{"taxonomy":"category","embeddable":true,"href":"https:\/\/lavras.tv\/site\/wp-json\/wp\/v2\/categories?post=3149"},{"taxonomy":"post_tag","embeddable":true,"href":"https:\/\/lavras.tv\/site\/wp-json\/wp\/v2\/tags?post=3149"}],"curies":[{"name":"wp","href":"https:\/\/api.w.org\/{rel}","templated":true}]}}