{"id":3230,"date":"2016-10-24T08:27:44","date_gmt":"2016-10-24T10:27:44","guid":{"rendered":"http:\/\/lavras.tv\/site\/?p=3230"},"modified":"2016-10-24T08:32:25","modified_gmt":"2016-10-24T10:32:25","slug":"atletico-supera-figueirense-e-segue-sonhando-com-titulo","status":"publish","type":"post","link":"https:\/\/lavras.tv\/site\/2016\/10\/24\/atletico-supera-figueirense-e-segue-sonhando-com-titulo\/","title":{"rendered":"Atl\u00e9tico supera Figueirense e segue sonhando com t\u00edtulo"},"content":{"rendered":"<div class=\"lavra-antes-do-conteudo_2\" id=\"lavra-2664884132\"><div id=\"lavra-slider-27\" class=\"custom-slider lavra-slider-810489294 lavra-slider\"><ul><li><div style=\"margin-left: auto;margin-right: auto;text-align: center;\" id=\"lavra-1317401031\"><a href=\"https:\/\/sistemas.lavras.mg.gov.br\/portalcidadao\/#df1b1a7c7b2a290bcb31e32771e610784662739a88807c0dacac58ede5f391a7530e299dc302d611ee73cb143fc22eaf93592e53e7b5bdb01b00a0b8d28dae460c141dd2ff83412e4dc1c31b16b25f33144a9e5620ea73b13f5bc1c59411d98439ad226e8af03840603796067d87afe130812cf3de24982d0e306f9e61e764e5\" aria-label=\"Lavras-TV&#8211;720x104px (1) (1)\"><img src=\"https:\/\/lavras.tv\/site\/wp-content\/uploads\/2025\/01\/Lavras-TV-720x104px-1-1.png\" alt=\"\"  srcset=\"https:\/\/lavras.tv\/site\/wp-content\/uploads\/2025\/01\/Lavras-TV-720x104px-1-1.png 720w, https:\/\/lavras.tv\/site\/wp-content\/uploads\/2025\/01\/Lavras-TV-720x104px-1-1-470x68.png 470w, https:\/\/lavras.tv\/site\/wp-content\/uploads\/2025\/01\/Lavras-TV-720x104px-1-1-170x25.png 170w, https:\/\/lavras.tv\/site\/wp-content\/uploads\/2025\/01\/Lavras-TV-720x104px-1-1-200x29.png 200w\" sizes=\"(max-width: 720px) 100vw, 720px\" width=\"720\" height=\"104\"  style=\"display: inline-block;\" \/><\/a><\/div><\/li><li><a href=\"https:\/\/sistemas.lavras.mg.gov.br\/portalcidadao\/#df1b1a7c7b2a290bcb31e32771e610784662739a88807c0dacac58ede5f391a7530e299dc302d611ee73cb143fc22eaf93592e53e7b5bdb01b00a0b8d28dae460c141dd2ff83412e4dc1c31b16b25f33144a9e5620ea73b13f5bc1c59411d98439ad226e8af03840603796067d87afe130812cf3de24982d0e306f9e61e764e5\" aria-label=\"Banner_Emprego_PortallavrasTV\"><img src=\"https:\/\/lavras.tv\/site\/wp-content\/uploads\/2025\/03\/Banner_Emprego_PortallavrasTV.png\" alt=\"\"  srcset=\"https:\/\/lavras.tv\/site\/wp-content\/uploads\/2025\/03\/Banner_Emprego_PortallavrasTV.png 720w, https:\/\/lavras.tv\/site\/wp-content\/uploads\/2025\/03\/Banner_Emprego_PortallavrasTV-470x68.png 470w, https:\/\/lavras.tv\/site\/wp-content\/uploads\/2025\/03\/Banner_Emprego_PortallavrasTV-170x25.png 170w, https:\/\/lavras.tv\/site\/wp-content\/uploads\/2025\/03\/Banner_Emprego_PortallavrasTV-200x29.png 200w\" sizes=\"(max-width: 720px) 100vw, 720px\" width=\"720\" height=\"104\"   \/><\/a><\/li><li><a href=\"https:\/\/sistemas.lavras.mg.gov.br\/portalcidadao\/#df1b1a7c7b2a290bcb31e32771e610784662739a88807c0dacac58ede5f391a7530e299dc302d611ee73cb143fc22eaf93592e53e7b5bdb01b00a0b8d28dae460c141dd2ff83412e4dc1c31b16b25f33144a9e5620ea73b13f5bc1c59411d98439ad226e8af03840603796067d87afe130812cf3de24982d0e306f9e61e764e5\" aria-label=\"Banner_Obras_PortallavrasTV\"><img src=\"https:\/\/lavras.tv\/site\/wp-content\/uploads\/2025\/03\/Banner_Obras_PortallavrasTV.png\" alt=\"\"  srcset=\"https:\/\/lavras.tv\/site\/wp-content\/uploads\/2025\/03\/Banner_Obras_PortallavrasTV.png 720w, https:\/\/lavras.tv\/site\/wp-content\/uploads\/2025\/03\/Banner_Obras_PortallavrasTV-470x68.png 470w, https:\/\/lavras.tv\/site\/wp-content\/uploads\/2025\/03\/Banner_Obras_PortallavrasTV-170x25.png 170w, https:\/\/lavras.tv\/site\/wp-content\/uploads\/2025\/03\/Banner_Obras_PortallavrasTV-200x29.png 200w\" sizes=\"(max-width: 720px) 100vw, 720px\" width=\"720\" height=\"104\"   \/><\/a><\/li><li><div style=\"margin-left: auto;margin-right: auto;text-align: center;\" id=\"lavra-3583771902\"><a href=\"https:\/\/sistemas.lavras.mg.gov.br\/portalcidadao\/#df1b1a7c7b2a290bcb31e32771e610784662739a88807c0dacac58ede5f391a7530e299dc302d611ee73cb143fc22eaf93592e53e7b5bdb01b00a0b8d28dae460c141dd2ff83412e4dc1c31b16b25f33144a9e5620ea73b13f5bc1c59411d98439ad226e8af03840603796067d87afe130812cf3de24982d0e306f9e61e764e5\" aria-label=\"Banner_Educa\u00e7\u00e3o_PortallavrasTV\"><img src=\"https:\/\/lavras.tv\/site\/wp-content\/uploads\/2025\/01\/Banner_Educacao_PortallavrasTV.png\" alt=\"\"  srcset=\"https:\/\/lavras.tv\/site\/wp-content\/uploads\/2025\/01\/Banner_Educacao_PortallavrasTV.png 720w, https:\/\/lavras.tv\/site\/wp-content\/uploads\/2025\/01\/Banner_Educacao_PortallavrasTV-470x68.png 470w, https:\/\/lavras.tv\/site\/wp-content\/uploads\/2025\/01\/Banner_Educacao_PortallavrasTV-170x25.png 170w, https:\/\/lavras.tv\/site\/wp-content\/uploads\/2025\/01\/Banner_Educacao_PortallavrasTV-200x29.png 200w\" sizes=\"(max-width: 720px) 100vw, 720px\" width=\"720\" height=\"104\"  style=\"display: inline-block;\" \/><\/a><\/div><\/li><li><a href=\"https:\/\/sistemas.lavras.mg.gov.br\/portalcidadao\/#df1b1a7c7b2a290bcb31e32771e610784662739a88807c0dacac58ede5f391a7530e299dc302d611ee73cb143fc22eaf93592e53e7b5bdb01b00a0b8d28dae460c141dd2ff83412e4dc1c31b16b25f33144a9e5620ea73b13f5bc1c59411d98439ad226e8af03840603796067d87afe130812cf3de24982d0e306f9e61e764e5\" aria-label=\"Banner_Sa\u00fade_PortallavrasTV\"><img src=\"https:\/\/lavras.tv\/site\/wp-content\/uploads\/2025\/03\/Banner_Saude_PortallavrasTV.png\" alt=\"\"  srcset=\"https:\/\/lavras.tv\/site\/wp-content\/uploads\/2025\/03\/Banner_Saude_PortallavrasTV.png 720w, https:\/\/lavras.tv\/site\/wp-content\/uploads\/2025\/03\/Banner_Saude_PortallavrasTV-470x68.png 470w, https:\/\/lavras.tv\/site\/wp-content\/uploads\/2025\/03\/Banner_Saude_PortallavrasTV-170x25.png 170w, https:\/\/lavras.tv\/site\/wp-content\/uploads\/2025\/03\/Banner_Saude_PortallavrasTV-200x29.png 200w\" sizes=\"(max-width: 720px) 100vw, 720px\" width=\"720\" height=\"104\"   \/><\/a><\/li><li><div id=\"lavra-1367372715\" style=\"width:720px;height:104px;background-color:#ddd;overflow:scroll;\">\n\t<strong>Sa\u00edda da depura\u00e7\u00e3o de an\u00fancios<\/strong>\n\t<br><br>\n\tO an\u00fancio n\u00e3o \u00e9 exibido na p\u00e1gina<br><br>post atual: Atl\u00e9tico supera Figueirense e segue sonhando com t\u00edtulo, ID: 3230<br><br><span style=\"color: red;\">O post atual n\u00e3o \u00e9 id\u00eantico ao post principal.<\/span><br><br>An\u00fancios: ROXO - TOPO INTERNA - ROTATIVO 2 (197)<br \/>Grupo de an\u00fancios: Princ_Meio01_720x104 (27)<br><br>Condi\u00e7\u00f5es de exibi\u00e7\u00e3o<div style=\"margin-bottom: 20px; white-space: pre-wrap; font-family: monospace; width: 100%; background: #ffe9e9;\"><strong>condi\u00e7\u00f5es gerais<\/strong><table border=\"1\"><thead><tr><th><\/th><th>An\u00fancios<\/th><th>wp_the_query<\/th><\/tr><\/thead><tr><td>is_main_query<\/td><td>1<\/td><td>1<\/td><\/tr><tr><td>is_rest_api<\/td><td>0<\/td><td>1<\/td><\/tr><tr><td>page<\/td><td>0<\/td><td>1<\/td><\/tr><tr><td>numpages<\/td><td>0<\/td><td>1<\/td><\/tr><tr><td>is_archive<\/td><td>1<\/td><td><\/td><\/tr><tr><td>is_search<\/td><td>1<\/td><td><\/td><\/tr><tr><td>is_home<\/td><td>1<\/td><td><\/td><\/tr><tr><td>is_404<\/td><td>1<\/td><td><\/td><\/tr><tr><td>is_attachment<\/td><td>1<\/td><td><\/td><\/tr><tr><td>is_singular<\/td><td>1<\/td><td><\/td><\/tr><tr><td>is_front_page<\/td><td>1<\/td><td><\/td><\/tr><tr><td>is_feed<\/td><td>1<\/td><td><\/td><\/tr><\/table><\/div><br><br><span style=\"color: red;\">Seu site usa HTTPS, mas o c\u00f3digo do an\u00fancio cont\u00e9m HTTP e pode n\u00e3o funcionar.<\/span>\t<br><br>\n\t<a style=\"color: green;\" href=\"https:\/\/wpadvancedads.com\/manual\/ad-debug-mode\/?utm_source=advanced-ads&utm_medium=link&utm_campaign=ad-debug-mode\" target=\"_blank\" rel=\"nofollow\">Encontre solu\u00e7\u00f5es no manual<\/a>\n<\/div>\n<\/li><\/ul><\/div><script>( window.advanced_ads_ready || jQuery( document ).ready ).call( null, function() {var $lavraslider810489294 = jQuery( \".lavra-slider-810489294\" );$lavraslider810489294.on( \"unslider.ready\", function() { jQuery( \"div.custom-slider ul li\" ).css( \"display\", \"block\" ); });$lavraslider810489294.unslider({ delay:4000, autoplay:true, nav:false, arrows:false, infinite:true });$lavraslider810489294.on(\"mouseover\", function() {$lavraslider810489294.unslider(\"stop\");}).on(\"mouseout\", function() {$lavraslider810489294.unslider(\"start\");});});<\/script><\/div><p>O Atl\u00e9tico venceu a 12\u00aa partida seguida em casa no Campeonato Brasileiro, recorde na era dos pontos corridos, ao lado da s\u00e9rie alcan\u00e7ada pelo Santos em 2015. <!--more-->Com o triunfo por 3 a 0 sobre o Figueirense, neste domingo, no Independ\u00eancia, o Galo mant\u00e9m vivo o sonho na briga pelo t\u00edtulo da competi\u00e7\u00e3o. Na terceira coloca\u00e7\u00e3o, com 59 pontos, o time segue a oito pontos do l\u00edder Palmeiras, restando agora seis rodadas. J\u00e1 dist\u00e2ncia para o vice-l\u00edder Flamengo caiu para dois pontos. O Rubro-negro \u00e9 justamente o pr\u00f3ximo advers\u00e1rio do Atl\u00e9tico no Brasileir\u00e3o, s\u00e1bado que vem, em Belo Horizonte.<\/p>\n<p>Antes, o Alvinegro tem um desafio pela Copa do Brasil. Nesta quarta-feira, em Porto Alegre, a equipe inicia a disputa nas semifinais do torneio mata-mata.<\/p>\n<p><img fetchpriority=\"high\" decoding=\"async\" class=\"size-full wp-image-3231 aligncenter\" src=\"http:\/\/lavras.tv\/site\/wp-content\/uploads\/2016\/10\/galo-1.jpg\" alt=\"galo\" width=\"750\" height=\"500\" srcset=\"https:\/\/lavras.tv\/site\/wp-content\/uploads\/2016\/10\/galo-1.jpg 750w, https:\/\/lavras.tv\/site\/wp-content\/uploads\/2016\/10\/galo-1-150x100.jpg 150w, https:\/\/lavras.tv\/site\/wp-content\/uploads\/2016\/10\/galo-1-300x200.jpg 300w, https:\/\/lavras.tv\/site\/wp-content\/uploads\/2016\/10\/galo-1-480x320.jpg 480w, https:\/\/lavras.tv\/site\/wp-content\/uploads\/2016\/10\/galo-1-272x182.jpg 272w\" sizes=\"(max-width: 750px) 100vw, 750px\" \/><\/p>\n<p>J\u00e1 de olho no confronto com o Inter, o t\u00e9cnico Marcelo Oliveira preservou o lateral-esquerdo F\u00e1bio Santos e o atacante Robinho no primeiro tempo e em parte da etapa final contra o Figueirense. A partida deste domingo marcou a estreia do lateral Leonan como profissional. Cazares ficou com a vaga no ataque, mas a produ\u00e7\u00e3o ofensiva foi abaixo do esperado. A entrada de Robinho deu novo g\u00e1s ao time, que teve dificuldades at\u00e9 a expuls\u00e3o de Werley na etapa final.<\/p>\n<p>Defensivamente, o Atl\u00e9tico passou sustos. Pelo menos em quatro oportunidades, o Figueirense teve um jogador livre, em excelentes condi\u00e7\u00f5es para marcar. O goleiro Victor e o zagueiro Gabriel salvaram o time.<\/p>\n<p>O treinador teve duas baixas para armar a equipe. O volante Rafael Carioca estava suspenso. J\u00e1 o zagueiro Leonardo Silva sofreu ruptura do tend\u00e3o do m\u00fasculo anterior da coxa direita e n\u00e3o deve jogar mais este ano. Al\u00e9m deles, Marcelo n\u00e3o contou com quatro atletas que j\u00e1 vinham se recuperando de les\u00e3o: o lateral Marcos Rocha, os meias D\u00e1tolo e Maicosuel e o atacante Carlos.<\/p>\n<p><strong>Bomba venezuelana<\/strong><\/p>\n<p>O Atl\u00e9tico entrou em campo j\u00e1 sabendo da vit\u00f3ria do Palmeiras ( 2 a 1 sobre o Sport) e do trope\u00e7o do vice-l\u00edder Flamengo, que empatou com o Corinthians (2 a 2). Como j\u00e1 era esperado, o time pressionou o Figueirense nos primeiros minutos.<\/p>\n<p>Com posse de bola e volume de jogo, o Galo finalizou pouco at\u00e9 o chute de Carlos C\u00e9sar, aos 12 minutos, para fora. Tr\u00eas minutos depois, em uma falta na intermedi\u00e1ria, questionada pelos catarinenses, o venezuelano Otero mandou a bomba com efeito. Gatito Fern\u00e1ndez n\u00e3o pegou e a bola morreu nas redes:\u00a0<strong>1 a 0<\/strong>.<\/p>\n<p>O Atl\u00e9tico seguiu insistindo em chutes de fora da \u00e1rea. J\u00fanior Urso e Otero arriscaram, mas n\u00e3o tiveram sucesso. Nos 15 minutos finais, foi a vez do Figueirense levar perigo ao gol alvinegro. Sem segurar a bola no ataque, o Galo ainda viu a defesa se complicar no posicionamento.<\/p>\n<p>Aos 31 minutos, Rafael Santos recebeu livre. Frente a frente com Victor, o atacante caiu na \u00e1rea ap\u00f3s disputar a bola. O \u00e1rbitro mandou o jogo seguir. O Figueirense reclamou bastante. Quatro minutos depois, foi a vez de Lins ficar sem marca\u00e7\u00e3o na cara do gol. O p\u00e9 direito de Victor salvou o Atl\u00e9tico do empate.<\/p>\n<p><strong>Sustos, expuls\u00e3o e al\u00edvio<\/strong><\/p>\n<p>Defensivamente, o Galo continuou passando sustos. Mais uma vez, Victor foi decisivo. Aos 18 minutos, ele fez excelente defesa no chute de Jackson Caucaia, de frente para o gol.<\/p>\n<p>Ap\u00f3s uma chance, aos 24 minutos, com Fred, que concluiu por cima, o Atl\u00e9tico por pouco n\u00e3o levou o empate em mais uma chance clara para os catarinenses. Agora, o zagueiro Gabriel se jogou na bola e cortou a finaliza\u00e7\u00e3o de Rafael Silva.<\/p>\n<p>O quadro come\u00e7ou a melhorar para o Galo aos 25 minutos. Um velho conhecido da torcida, o zagueiro Werley, deixou o bra\u00e7o no rosto de Fred e foi expulso ao receber o segundo cart\u00e3o amarelo. J\u00e1 com Robinho em campo, o Atl\u00e9tico quase ampliou no chute do atacante, cortado por Josa, aos 41 minutos. E foi o \u201crei das pedaladas\u201d que deu a assist\u00eancia para J\u00fanior Urso fazer\u00a0<strong>2 a 0<\/strong>. J\u00e1 aos 45 minutos, Fred recebeu de Cazares e fechou o placar:\u00a0<strong>3 a 0<\/strong>. Josa ainda foi expulso.<\/p>\n<p>Fonte: SuperEsportes<\/p>\n","protected":false},"excerpt":{"rendered":"<p>O Atl\u00e9tico venceu a 12\u00aa partida seguida em casa no Campeonato Brasileiro, recorde na era dos pontos corridos, ao lado da s\u00e9rie alcan\u00e7ada pelo Santos em 2015.<\/p>\n","protected":false},"author":2,"featured_media":3231,"comment_status":"closed","ping_status":"open","sticky":false,"template":"","format":"standard","meta":{"advgb_blocks_editor_width":"","advgb_blocks_columns_visual_guide":"","_exactmetrics_skip_tracking":false,"_exactmetrics_sitenote_active":false,"_exactmetrics_sitenote_note":"","_exactmetrics_sitenote_category":0,"footnotes":""},"categories":[3],"tags":[1064,939],"class_list":["post-3230","post","type-post","status-publish","format-standard","has-post-thumbnail","hentry","category-esportes","tag-atletico-mineiro","tag-campeonato-brasileiro"],"better_featured_image":{"id":3231,"alt_text":"","caption":"","description":"","media_type":"image","media_details":{"width":750,"height":500,"file":"2016\/10\/galo-1.jpg","sizes":{"thumbnail":{"file":"galo-1-150x100.jpg","width":150,"height":100,"mime-type":"image\/jpeg","source_url":"https:\/\/lavras.tv\/site\/wp-content\/uploads\/2016\/10\/galo-1-150x100.jpg"},"medium":{"file":"galo-1-300x200.jpg","width":300,"height":200,"mime-type":"image\/jpeg","source_url":"https:\/\/lavras.tv\/site\/wp-content\/uploads\/2016\/10\/galo-1-300x200.jpg"},"featured-slider-img":{"file":"galo-1-640x480.jpg","width":640,"height":480,"mime-type":"image\/jpeg","source_url":"https:\/\/lavras.tv\/site\/wp-content\/uploads\/2016\/10\/galo-1-640x480.jpg"},"featured-post-img":{"file":"galo-1-480x320.jpg","width":480,"height":320,"mime-type":"image\/jpeg","source_url":"https:\/\/lavras.tv\/site\/wp-content\/uploads\/2016\/10\/galo-1-480x320.jpg"},"sow-carousel-default":{"file":"galo-1-272x182.jpg","width":272,"height":182,"mime-type":"image\/jpeg","source_url":"https:\/\/lavras.tv\/site\/wp-content\/uploads\/2016\/10\/galo-1-272x182.jpg"}},"image_meta":{"aperture":"0","credit":"","camera":"","caption":"","created_timestamp":"0","copyright":"","focal_length":"0","iso":"0","shutter_speed":"0","title":"","orientation":"0","keywords":[]}},"post":3230,"source_url":"https:\/\/lavras.tv\/site\/wp-content\/uploads\/2016\/10\/galo-1.jpg"},"author_meta":{"display_name":"Lavras TV","author_link":"https:\/\/lavras.tv\/site\/author\/lavrastv\/"},"featured_img":"https:\/\/lavras.tv\/site\/wp-content\/uploads\/2016\/10\/galo-1-300x200.jpg","coauthors":[],"tax_additional":{"categories":{"linked":["<a href=\"https:\/\/lavras.tv\/site\/category\/esportes\/\" class=\"advgb-post-tax-term\">Esportes<\/a>"],"unlinked":["<span class=\"advgb-post-tax-term\">Esportes<\/span>"]},"tags":{"linked":["<a href=\"https:\/\/lavras.tv\/site\/category\/esportes\/\" class=\"advgb-post-tax-term\">atl\u00e9tico mineiro<\/a>","<a href=\"https:\/\/lavras.tv\/site\/category\/esportes\/\" class=\"advgb-post-tax-term\">campeonato brasileiro<\/a>"],"unlinked":["<span class=\"advgb-post-tax-term\">atl\u00e9tico mineiro<\/span>","<span class=\"advgb-post-tax-term\">campeonato brasileiro<\/span>"]}},"comment_count":"0","relative_dates":{"created":"Publicado 10 anos atr\u00e1s","modified":"Atualizado 10 anos atr\u00e1s"},"absolute_dates":{"created":"Publicado em 24 de outubro de 2016","modified":"Atualizado em 24 de outubro de 2016"},"absolute_dates_time":{"created":"Publicado em 24 de outubro de 2016 08:27","modified":"Atualizado em 24 de outubro de 2016 08:32"},"featured_img_caption":"","series_order":"","_links":{"self":[{"href":"https:\/\/lavras.tv\/site\/wp-json\/wp\/v2\/posts\/3230","targetHints":{"allow":["GET"]}}],"collection":[{"href":"https:\/\/lavras.tv\/site\/wp-json\/wp\/v2\/posts"}],"about":[{"href":"https:\/\/lavras.tv\/site\/wp-json\/wp\/v2\/types\/post"}],"author":[{"embeddable":true,"href":"https:\/\/lavras.tv\/site\/wp-json\/wp\/v2\/users\/2"}],"replies":[{"embeddable":true,"href":"https:\/\/lavras.tv\/site\/wp-json\/wp\/v2\/comments?post=3230"}],"version-history":[{"count":2,"href":"https:\/\/lavras.tv\/site\/wp-json\/wp\/v2\/posts\/3230\/revisions"}],"predecessor-version":[{"id":3236,"href":"https:\/\/lavras.tv\/site\/wp-json\/wp\/v2\/posts\/3230\/revisions\/3236"}],"wp:featuredmedia":[{"embeddable":true,"href":"https:\/\/lavras.tv\/site\/wp-json\/wp\/v2\/media\/3231"}],"wp:attachment":[{"href":"https:\/\/lavras.tv\/site\/wp-json\/wp\/v2\/media?parent=3230"}],"wp:term":[{"taxonomy":"category","embeddable":true,"href":"https:\/\/lavras.tv\/site\/wp-json\/wp\/v2\/categories?post=3230"},{"taxonomy":"post_tag","embeddable":true,"href":"https:\/\/lavras.tv\/site\/wp-json\/wp\/v2\/tags?post=3230"}],"curies":[{"name":"wp","href":"https:\/\/api.w.org\/{rel}","templated":true}]}}