{"id":3237,"date":"2016-10-24T08:40:21","date_gmt":"2016-10-24T10:40:21","guid":{"rendered":"http:\/\/lavras.tv\/site\/?p=3237"},"modified":"2016-10-24T08:44:44","modified_gmt":"2016-10-24T10:44:44","slug":"candidatos-que-disputaram-eleicoes-2016-tem-ate-1o-de-novembro-para-prestar-contas","status":"publish","type":"post","link":"https:\/\/lavras.tv\/site\/2016\/10\/24\/candidatos-que-disputaram-eleicoes-2016-tem-ate-1o-de-novembro-para-prestar-contas\/","title":{"rendered":"Candidatos que disputaram Elei\u00e7\u00f5es 2016 t\u00eam at\u00e9 1\u00ba de novembro para prestar contas"},"content":{"rendered":"<div class=\"lavra-antes-do-conteudo_2\" id=\"lavra-2929602246\"><div id=\"lavra-slider-27\" class=\"custom-slider lavra-slider-1066361375 lavra-slider\"><ul><li><div style=\"margin-left: auto;margin-right: auto;text-align: center;\" id=\"lavra-599978228\"><a href=\"https:\/\/sistemas.lavras.mg.gov.br\/portalcidadao\/#df1b1a7c7b2a290bcb31e32771e610784662739a88807c0dacac58ede5f391a7530e299dc302d611ee73cb143fc22eaf93592e53e7b5bdb01b00a0b8d28dae460c141dd2ff83412e4dc1c31b16b25f33144a9e5620ea73b13f5bc1c59411d98439ad226e8af03840603796067d87afe130812cf3de24982d0e306f9e61e764e5\" aria-label=\"Lavras-TV&#8211;720x104px (1) (1)\"><img src=\"https:\/\/lavras.tv\/site\/wp-content\/uploads\/2025\/01\/Lavras-TV-720x104px-1-1.png\" alt=\"\"  srcset=\"https:\/\/lavras.tv\/site\/wp-content\/uploads\/2025\/01\/Lavras-TV-720x104px-1-1.png 720w, https:\/\/lavras.tv\/site\/wp-content\/uploads\/2025\/01\/Lavras-TV-720x104px-1-1-470x68.png 470w, https:\/\/lavras.tv\/site\/wp-content\/uploads\/2025\/01\/Lavras-TV-720x104px-1-1-170x25.png 170w, https:\/\/lavras.tv\/site\/wp-content\/uploads\/2025\/01\/Lavras-TV-720x104px-1-1-200x29.png 200w\" sizes=\"(max-width: 720px) 100vw, 720px\" width=\"720\" height=\"104\"  style=\"display: inline-block;\" \/><\/a><\/div><\/li><li><a href=\"https:\/\/sistemas.lavras.mg.gov.br\/portalcidadao\/#df1b1a7c7b2a290bcb31e32771e610784662739a88807c0dacac58ede5f391a7530e299dc302d611ee73cb143fc22eaf93592e53e7b5bdb01b00a0b8d28dae460c141dd2ff83412e4dc1c31b16b25f33144a9e5620ea73b13f5bc1c59411d98439ad226e8af03840603796067d87afe130812cf3de24982d0e306f9e61e764e5\" aria-label=\"Banner_Emprego_PortallavrasTV\"><img src=\"https:\/\/lavras.tv\/site\/wp-content\/uploads\/2025\/03\/Banner_Emprego_PortallavrasTV.png\" alt=\"\"  srcset=\"https:\/\/lavras.tv\/site\/wp-content\/uploads\/2025\/03\/Banner_Emprego_PortallavrasTV.png 720w, https:\/\/lavras.tv\/site\/wp-content\/uploads\/2025\/03\/Banner_Emprego_PortallavrasTV-470x68.png 470w, https:\/\/lavras.tv\/site\/wp-content\/uploads\/2025\/03\/Banner_Emprego_PortallavrasTV-170x25.png 170w, https:\/\/lavras.tv\/site\/wp-content\/uploads\/2025\/03\/Banner_Emprego_PortallavrasTV-200x29.png 200w\" sizes=\"(max-width: 720px) 100vw, 720px\" width=\"720\" height=\"104\"   \/><\/a><\/li><li><a href=\"https:\/\/sistemas.lavras.mg.gov.br\/portalcidadao\/#df1b1a7c7b2a290bcb31e32771e610784662739a88807c0dacac58ede5f391a7530e299dc302d611ee73cb143fc22eaf93592e53e7b5bdb01b00a0b8d28dae460c141dd2ff83412e4dc1c31b16b25f33144a9e5620ea73b13f5bc1c59411d98439ad226e8af03840603796067d87afe130812cf3de24982d0e306f9e61e764e5\" aria-label=\"Banner_Obras_PortallavrasTV\"><img src=\"https:\/\/lavras.tv\/site\/wp-content\/uploads\/2025\/03\/Banner_Obras_PortallavrasTV.png\" alt=\"\"  srcset=\"https:\/\/lavras.tv\/site\/wp-content\/uploads\/2025\/03\/Banner_Obras_PortallavrasTV.png 720w, https:\/\/lavras.tv\/site\/wp-content\/uploads\/2025\/03\/Banner_Obras_PortallavrasTV-470x68.png 470w, https:\/\/lavras.tv\/site\/wp-content\/uploads\/2025\/03\/Banner_Obras_PortallavrasTV-170x25.png 170w, https:\/\/lavras.tv\/site\/wp-content\/uploads\/2025\/03\/Banner_Obras_PortallavrasTV-200x29.png 200w\" sizes=\"(max-width: 720px) 100vw, 720px\" width=\"720\" height=\"104\"   \/><\/a><\/li><li><div style=\"margin-left: auto;margin-right: auto;text-align: center;\" id=\"lavra-2133788472\"><a href=\"https:\/\/sistemas.lavras.mg.gov.br\/portalcidadao\/#df1b1a7c7b2a290bcb31e32771e610784662739a88807c0dacac58ede5f391a7530e299dc302d611ee73cb143fc22eaf93592e53e7b5bdb01b00a0b8d28dae460c141dd2ff83412e4dc1c31b16b25f33144a9e5620ea73b13f5bc1c59411d98439ad226e8af03840603796067d87afe130812cf3de24982d0e306f9e61e764e5\" aria-label=\"Banner_Educa\u00e7\u00e3o_PortallavrasTV\"><img src=\"https:\/\/lavras.tv\/site\/wp-content\/uploads\/2025\/01\/Banner_Educacao_PortallavrasTV.png\" alt=\"\"  srcset=\"https:\/\/lavras.tv\/site\/wp-content\/uploads\/2025\/01\/Banner_Educacao_PortallavrasTV.png 720w, https:\/\/lavras.tv\/site\/wp-content\/uploads\/2025\/01\/Banner_Educacao_PortallavrasTV-470x68.png 470w, https:\/\/lavras.tv\/site\/wp-content\/uploads\/2025\/01\/Banner_Educacao_PortallavrasTV-170x25.png 170w, https:\/\/lavras.tv\/site\/wp-content\/uploads\/2025\/01\/Banner_Educacao_PortallavrasTV-200x29.png 200w\" sizes=\"(max-width: 720px) 100vw, 720px\" width=\"720\" height=\"104\"  style=\"display: inline-block;\" \/><\/a><\/div><\/li><li><a href=\"https:\/\/sistemas.lavras.mg.gov.br\/portalcidadao\/#df1b1a7c7b2a290bcb31e32771e610784662739a88807c0dacac58ede5f391a7530e299dc302d611ee73cb143fc22eaf93592e53e7b5bdb01b00a0b8d28dae460c141dd2ff83412e4dc1c31b16b25f33144a9e5620ea73b13f5bc1c59411d98439ad226e8af03840603796067d87afe130812cf3de24982d0e306f9e61e764e5\" aria-label=\"Banner_Sa\u00fade_PortallavrasTV\"><img src=\"https:\/\/lavras.tv\/site\/wp-content\/uploads\/2025\/03\/Banner_Saude_PortallavrasTV.png\" alt=\"\"  srcset=\"https:\/\/lavras.tv\/site\/wp-content\/uploads\/2025\/03\/Banner_Saude_PortallavrasTV.png 720w, https:\/\/lavras.tv\/site\/wp-content\/uploads\/2025\/03\/Banner_Saude_PortallavrasTV-470x68.png 470w, https:\/\/lavras.tv\/site\/wp-content\/uploads\/2025\/03\/Banner_Saude_PortallavrasTV-170x25.png 170w, https:\/\/lavras.tv\/site\/wp-content\/uploads\/2025\/03\/Banner_Saude_PortallavrasTV-200x29.png 200w\" sizes=\"(max-width: 720px) 100vw, 720px\" width=\"720\" height=\"104\"   \/><\/a><\/li><li><div id=\"lavra-2366443901\" style=\"width:720px;height:104px;background-color:#ddd;overflow:scroll;\">\n\t<strong>Sa\u00edda da depura\u00e7\u00e3o de an\u00fancios<\/strong>\n\t<br><br>\n\tO an\u00fancio n\u00e3o \u00e9 exibido na p\u00e1gina<br><br>post atual: Candidatos que disputaram Elei\u00e7\u00f5es 2016 t\u00eam at\u00e9 1\u00ba de novembro para prestar contas, ID: 3237<br><br><span style=\"color: red;\">O post atual n\u00e3o \u00e9 id\u00eantico ao post principal.<\/span><br><br>An\u00fancios: ROXO - TOPO INTERNA - ROTATIVO 2 (197)<br \/>Grupo de an\u00fancios: Princ_Meio01_720x104 (27)<br><br>Condi\u00e7\u00f5es de exibi\u00e7\u00e3o<div style=\"margin-bottom: 20px; white-space: pre-wrap; font-family: monospace; width: 100%; background: #ffe9e9;\"><strong>condi\u00e7\u00f5es gerais<\/strong><table border=\"1\"><thead><tr><th><\/th><th>An\u00fancios<\/th><th>wp_the_query<\/th><\/tr><\/thead><tr><td>is_main_query<\/td><td>1<\/td><td>1<\/td><\/tr><tr><td>is_rest_api<\/td><td>0<\/td><td>1<\/td><\/tr><tr><td>page<\/td><td>0<\/td><td>1<\/td><\/tr><tr><td>numpages<\/td><td>0<\/td><td>1<\/td><\/tr><tr><td>is_archive<\/td><td>1<\/td><td><\/td><\/tr><tr><td>is_search<\/td><td>1<\/td><td><\/td><\/tr><tr><td>is_home<\/td><td>1<\/td><td><\/td><\/tr><tr><td>is_404<\/td><td>1<\/td><td><\/td><\/tr><tr><td>is_attachment<\/td><td>1<\/td><td><\/td><\/tr><tr><td>is_singular<\/td><td>1<\/td><td><\/td><\/tr><tr><td>is_front_page<\/td><td>1<\/td><td><\/td><\/tr><tr><td>is_feed<\/td><td>1<\/td><td><\/td><\/tr><\/table><\/div><br><br><span style=\"color: red;\">Seu site usa HTTPS, mas o c\u00f3digo do an\u00fancio cont\u00e9m HTTP e pode n\u00e3o funcionar.<\/span>\t<br><br>\n\t<a style=\"color: green;\" href=\"https:\/\/wpadvancedads.com\/manual\/ad-debug-mode\/?utm_source=advanced-ads&utm_medium=link&utm_campaign=ad-debug-mode\" target=\"_blank\" rel=\"nofollow\">Encontre solu\u00e7\u00f5es no manual<\/a>\n<\/div>\n<\/li><\/ul><\/div><script>( window.advanced_ads_ready || jQuery( document ).ready ).call( null, function() {var $lavraslider1066361375 = jQuery( \".lavra-slider-1066361375\" );$lavraslider1066361375.on( \"unslider.ready\", function() { jQuery( \"div.custom-slider ul li\" ).css( \"display\", \"block\" ); });$lavraslider1066361375.unslider({ delay:4000, autoplay:true, nav:false, arrows:false, infinite:true });$lavraslider1066361375.on(\"mouseover\", function() {$lavraslider1066361375.unslider(\"stop\");}).on(\"mouseout\", function() {$lavraslider1066361375.unslider(\"start\");});});<\/script><\/div><p>Todos os candidatos a prefeito e a vereador em Minas Gerais que disputaram as elei\u00e7\u00f5es deste ano t\u00eam at\u00e9 o dia 1\u00ba de novembro de 2016 para apresentar suas presta\u00e7\u00f5es de contas \u00e0 Justi\u00e7a Eleitoral. <!--more-->O prazo, previsto na <a href=\"http:\/\/www.tse.jus.br\/legislacao-tse\/res\/2015\/RES234632015.html\">Resolu\u00e7\u00e3o n\u00ba 23.463\/2015<\/a>, do TSE, tamb\u00e9m \u00e9 v\u00e1lido para os partidos pol\u00edticos.<\/p>\n<p>O arquivo eletr\u00f4nico das contas, gerado pelo Sistema de Presta\u00e7\u00e3o de Contas Eleitorais \u2013 SPCE, dever\u00e1 ser encaminhado \u00e0 Justi\u00e7a Eleitoral pela internet \u2013 n\u00e3o h\u00e1 mais entrega de m\u00eddia no cart\u00f3rio.<\/p>\n<p>Para tanto, todos os prestadores de contas dever\u00e3o utilizar a vers\u00e3o 1.07 do SPCE, dispon\u00edvel para <a href=\"http:\/\/www.tse.jus.br\/internet\/spce\/spce-cadastro-2016-versao-1.0.7-jre-1.8-72-instalador.exe\">download<\/a> na p\u00e1gina do TRE-MG ou do TSE na Internet. Apenas essa \u00faltima vers\u00e3o est\u00e1 programada para a transmiss\u00e3o da presta\u00e7\u00e3o de contas final pela internet, sendo, portanto, obrigat\u00f3ria a sua utiliza\u00e7\u00e3o.<\/p>\n<p><img fetchpriority=\"high\" decoding=\"async\" class=\"size-full wp-image-3238 alignleft\" src=\"http:\/\/lavras.tv\/site\/wp-content\/uploads\/2016\/10\/contas.jpeg\" alt=\"contas\" width=\"430\" height=\"220\" \/><\/p>\n<p>O candidato que renunciou \u00e0 candidatura, dela desistiu, foi substitu\u00eddo ou teve o seu registro indeferido pela Justi\u00e7a Eleitoral tamb\u00e9m dever\u00e1 prestar contas correspondentes ao per\u00edodo em que participou do processo eleitoral, mesmo que n\u00e3o tenha feito campanha. J\u00e1 no caso de falecimento do candidato, a obriga\u00e7\u00e3o de prestar contas, referente ao per\u00edodo de campanha, ser\u00e1 de responsabilidade de seu administrador financeiro ou, na sua aus\u00eancia, da respectiva dire\u00e7\u00e3o partid\u00e1ria.<\/p>\n<p>Ap\u00f3s o dia 1\u00ba de novembro, todo candidato que n\u00e3o prestou suas contas ter\u00e1 a sua quita\u00e7\u00e3o eleitoral automaticamente suspensa. Ap\u00f3s essa data, a Justi\u00e7a Eleitoral notificar\u00e1 os omissos da obriga\u00e7\u00e3o de prestar contas no prazo de 72 horas. Permanecendo a omiss\u00e3o, as contas ser\u00e3o julgadas como n\u00e3o prestadas, ficando o candidato impedido de obter certid\u00e3o de quita\u00e7\u00e3o eleitoral durante o per\u00edodo do mandato para o qual concorreu. Nenhum candidato poder\u00e1 ser diplomado antes que suas contas sejam prestadas.<\/p>\n<p>Outras informa\u00e7\u00f5es e esclarecimentos sobre como elaborar e encaminhar a presta\u00e7\u00e3o de contas \u00e0 Justi\u00e7a Eleitoral podem ser obtidos no <a href=\"http:\/\/www.tre-mg.jus.br\/eleicoes\/eleicoes-2016-1\/prestacao-de-contas-eleicoes-2016\">site do TRE<\/a> ou pessoalmente no cart\u00f3rio eleitoral da circunscri\u00e7\u00e3o a que pertence o candidato ou partido.<\/p>\n<p><strong>Como prestar as contas de campanha eleitoral:<\/strong><\/p>\n<p><strong>Primeiro turno<\/strong><\/p>\n<p>Os candidatos que disputaram apenas o primeiro turno dever\u00e3o encaminhar, at\u00e9 1\u00ba de novembro, a presta\u00e7\u00e3o de contas final, que dever\u00e1 ser confirmada e protocolada pelo cart\u00f3rio eleitoral mediante a apresenta\u00e7\u00e3o da documenta\u00e7\u00e3o prevista no inciso II do art. 48 e \u00a7 2\u00ba do art. 50\u00a0da Resolu\u00e7\u00e3o TSE n\u00ba 23.463\/2015.<\/p>\n<p>As dire\u00e7\u00f5es dos partidos (individualmente ou coligadas) que n\u00e3o tiveram candidato concorrendo ao segundo turno, que n\u00e3o fizeram doa\u00e7\u00f5es (financeiras ou estimadas) para candidatos que concorreram ao segundo turno e n\u00e3o efetuaram contrata\u00e7\u00f5es entre os dois turnos, dever\u00e3o encaminhar, at\u00e9 1\u00ba de novembro, a presta\u00e7\u00e3o de contas final e definitiva, a ser confirmada e protocolada pelo cart\u00f3rio, com a apresenta\u00e7\u00e3o dos documentos citados nos artigos acima.<\/p>\n<h5><\/h5>\n<p><strong>Segundo turno<\/strong><\/p>\n<p>J\u00e1 os candidatos que tamb\u00e9m concorrer\u00e3o ao segundo turno dever\u00e3o encaminhar, at\u00e9 1\u00ba de novembro, a presta\u00e7\u00e3o de contas do primeiro turno, sem a necessidade de confirma\u00e7\u00e3o por parte do cart\u00f3rio, nem entrega de documenta\u00e7\u00e3o neste momento. A presta\u00e7\u00e3o de contas do segundo turno dever\u00e1 ser enviada at\u00e9 19 de novembro, a ser confirmada e protocolada pelo cart\u00f3rio, com a apresenta\u00e7\u00e3o dos documentos elencados na legisla\u00e7\u00e3o.<\/p>\n<p>As dire\u00e7\u00f5es partid\u00e1rias que tiveram candidato concorrendo ao segundo turno dever\u00e3o encaminhar, at\u00e9 1\u00ba de novembro, a presta\u00e7\u00e3o de contas de primeiro turno, sem a necessidade de confirma\u00e7\u00e3o pelo cart\u00f3rio eleitoral nem entrega da documenta\u00e7\u00e3o. A presta\u00e7\u00e3o de contas do segundo turno dever\u00e1 ser enviada at\u00e9 19 de novembro, a ser confirmada e protocolada pelo cart\u00f3rio, com a documenta\u00e7\u00e3o necess\u00e1ria.<\/p>\n<p>&nbsp;<\/p>\n<p><strong>Terceira hip\u00f3tese<\/strong><\/p>\n<p>J\u00e1 as\u00a0dire\u00e7\u00f5es partid\u00e1rias que n\u00e3o tiveram candidato concorrendo ao segundo turno, mas que fizeram doa\u00e7\u00f5es(financeiras ou estimadas) \u00e0s candidaturas concorrentes ao segundo turno ou efetuaram contrata\u00e7\u00f5es entre os dois turnos dever\u00e3o encaminhar, at\u00e9 1\u00ba de novembro, a presta\u00e7\u00e3o de contas do primeiro turno, que dever\u00e1 ser confirmada e protocolada pelo cart\u00f3rio, com a apresenta\u00e7\u00e3o da documenta\u00e7\u00e3o.<\/p>\n<p>A presta\u00e7\u00e3o do segundo turno deve ser enviada at\u00e9 19 de novembro, confirmada e protocolada pelo Cart\u00f3rio, mediante a apresenta\u00e7\u00e3o da documenta\u00e7\u00e3o complementar prevista na mesma legisla\u00e7\u00e3o.<\/p>\n<p>As presta\u00e7\u00f5es de contas retificadoras (parciais e finais, do primeiro e segundo turnos sempre dever\u00e3o ser confirmadas e protocoladas pelo cart\u00f3rio no ato da entrega da justificativa e documenta\u00e7\u00e3o pelo prestador de contas.<\/p>\n<p>Fonte: TRE-MG<\/p>\n","protected":false},"excerpt":{"rendered":"<p>Todos os candidatos a prefeito e a vereador em Minas Gerais que disputaram as elei\u00e7\u00f5es deste ano t\u00eam at\u00e9 o dia 1\u00ba de novembro de 2016 para apresentar suas presta\u00e7\u00f5es de contas \u00e0 Justi\u00e7a Eleitoral.<\/p>\n","protected":false},"author":2,"featured_media":3240,"comment_status":"closed","ping_status":"open","sticky":false,"template":"","format":"standard","meta":{"advgb_blocks_editor_width":"","advgb_blocks_columns_visual_guide":"","_exactmetrics_skip_tracking":false,"_exactmetrics_sitenote_active":false,"_exactmetrics_sitenote_note":"","_exactmetrics_sitenote_category":0,"footnotes":""},"categories":[7,12],"tags":[418,44,1140],"class_list":["post-3237","post","type-post","status-publish","format-standard","has-post-thumbnail","hentry","category-destaques","category-politica","tag-eleicoes-2016","tag-lavras-mg","tag-prestacao-de-contas"],"better_featured_image":{"id":3240,"alt_text":"","caption":"","description":"","media_type":"image","media_details":{"width":1500,"height":1000,"file":"2016\/10\/contas.jpg","sizes":{"thumbnail":{"file":"contas-150x100.jpg","width":150,"height":100,"mime-type":"image\/jpeg","source_url":"https:\/\/lavras.tv\/site\/wp-content\/uploads\/2016\/10\/contas-150x100.jpg"},"medium":{"file":"contas-300x200.jpg","width":300,"height":200,"mime-type":"image\/jpeg","source_url":"https:\/\/lavras.tv\/site\/wp-content\/uploads\/2016\/10\/contas-300x200.jpg"},"large":{"file":"contas-1024x683.jpg","width":1024,"height":683,"mime-type":"image\/jpeg","source_url":"https:\/\/lavras.tv\/site\/wp-content\/uploads\/2016\/10\/contas-1024x683.jpg"},"featured-slider-img":{"file":"contas-640x480.jpg","width":640,"height":480,"mime-type":"image\/jpeg","source_url":"https:\/\/lavras.tv\/site\/wp-content\/uploads\/2016\/10\/contas-640x480.jpg"},"featured-post-img":{"file":"contas-480x320.jpg","width":480,"height":320,"mime-type":"image\/jpeg","source_url":"https:\/\/lavras.tv\/site\/wp-content\/uploads\/2016\/10\/contas-480x320.jpg"},"sow-carousel-default":{"file":"contas-272x182.jpg","width":272,"height":182,"mime-type":"image\/jpeg","source_url":"https:\/\/lavras.tv\/site\/wp-content\/uploads\/2016\/10\/contas-272x182.jpg"}},"image_meta":{"aperture":"3.2","credit":"","camera":"Canon EOS 50D","caption":"","created_timestamp":"1281135511","copyright":"","focal_length":"46","iso":"400","shutter_speed":"0.01","title":"","orientation":"1","keywords":[]}},"post":3237,"source_url":"https:\/\/lavras.tv\/site\/wp-content\/uploads\/2016\/10\/contas.jpg"},"author_meta":{"display_name":"Lavras TV","author_link":"https:\/\/lavras.tv\/site\/author\/lavrastv\/"},"featured_img":"https:\/\/lavras.tv\/site\/wp-content\/uploads\/2016\/10\/contas-300x200.jpg","coauthors":[],"tax_additional":{"categories":{"linked":["<a href=\"https:\/\/lavras.tv\/site\/category\/destaques\/\" class=\"advgb-post-tax-term\">Destaques<\/a>","<a href=\"https:\/\/lavras.tv\/site\/category\/politica\/\" class=\"advgb-post-tax-term\">Pol\u00edtica<\/a>"],"unlinked":["<span class=\"advgb-post-tax-term\">Destaques<\/span>","<span class=\"advgb-post-tax-term\">Pol\u00edtica<\/span>"]},"tags":{"linked":["<a href=\"https:\/\/lavras.tv\/site\/category\/politica\/\" class=\"advgb-post-tax-term\">elei\u00e7\u00f5es 2016<\/a>","<a href=\"https:\/\/lavras.tv\/site\/category\/politica\/\" class=\"advgb-post-tax-term\">lavras mg<\/a>","<a href=\"https:\/\/lavras.tv\/site\/category\/politica\/\" class=\"advgb-post-tax-term\">presta\u00e7\u00e3o de contas<\/a>"],"unlinked":["<span class=\"advgb-post-tax-term\">elei\u00e7\u00f5es 2016<\/span>","<span class=\"advgb-post-tax-term\">lavras mg<\/span>","<span class=\"advgb-post-tax-term\">presta\u00e7\u00e3o de contas<\/span>"]}},"comment_count":"0","relative_dates":{"created":"Publicado 10 anos atr\u00e1s","modified":"Atualizado 10 anos atr\u00e1s"},"absolute_dates":{"created":"Publicado em 24 de outubro de 2016","modified":"Atualizado em 24 de outubro de 2016"},"absolute_dates_time":{"created":"Publicado em 24 de outubro de 2016 08:40","modified":"Atualizado em 24 de outubro de 2016 08:44"},"featured_img_caption":"","series_order":"","_links":{"self":[{"href":"https:\/\/lavras.tv\/site\/wp-json\/wp\/v2\/posts\/3237","targetHints":{"allow":["GET"]}}],"collection":[{"href":"https:\/\/lavras.tv\/site\/wp-json\/wp\/v2\/posts"}],"about":[{"href":"https:\/\/lavras.tv\/site\/wp-json\/wp\/v2\/types\/post"}],"author":[{"embeddable":true,"href":"https:\/\/lavras.tv\/site\/wp-json\/wp\/v2\/users\/2"}],"replies":[{"embeddable":true,"href":"https:\/\/lavras.tv\/site\/wp-json\/wp\/v2\/comments?post=3237"}],"version-history":[{"count":1,"href":"https:\/\/lavras.tv\/site\/wp-json\/wp\/v2\/posts\/3237\/revisions"}],"predecessor-version":[{"id":3239,"href":"https:\/\/lavras.tv\/site\/wp-json\/wp\/v2\/posts\/3237\/revisions\/3239"}],"wp:featuredmedia":[{"embeddable":true,"href":"https:\/\/lavras.tv\/site\/wp-json\/wp\/v2\/media\/3240"}],"wp:attachment":[{"href":"https:\/\/lavras.tv\/site\/wp-json\/wp\/v2\/media?parent=3237"}],"wp:term":[{"taxonomy":"category","embeddable":true,"href":"https:\/\/lavras.tv\/site\/wp-json\/wp\/v2\/categories?post=3237"},{"taxonomy":"post_tag","embeddable":true,"href":"https:\/\/lavras.tv\/site\/wp-json\/wp\/v2\/tags?post=3237"}],"curies":[{"name":"wp","href":"https:\/\/api.w.org\/{rel}","templated":true}]}}