{"id":3254,"date":"2016-10-24T23:44:21","date_gmt":"2016-10-25T01:44:21","guid":{"rendered":"http:\/\/lavras.tv\/site\/?p=3254"},"modified":"2016-10-25T11:22:08","modified_gmt":"2016-10-25T13:22:08","slug":"universidade-do-estado-de-minas-gerais-recebe-inscricoes-para-mais-de-6-mil-vagas-em-vestibular","status":"publish","type":"post","link":"https:\/\/lavras.tv\/site\/2016\/10\/24\/universidade-do-estado-de-minas-gerais-recebe-inscricoes-para-mais-de-6-mil-vagas-em-vestibular\/","title":{"rendered":"UEMG recebe inscri\u00e7\u00f5es para mais de 6 mil vagas em vestibular"},"content":{"rendered":"<div class=\"lavra-antes-do-conteudo_2\" id=\"lavra-306657470\"><div id=\"lavra-slider-27\" class=\"custom-slider lavra-slider-3246447848 lavra-slider\"><ul><li><div style=\"margin-left: auto;margin-right: auto;text-align: center;\" id=\"lavra-274463878\"><a href=\"https:\/\/sistemas.lavras.mg.gov.br\/portalcidadao\/#df1b1a7c7b2a290bcb31e32771e610784662739a88807c0dacac58ede5f391a7530e299dc302d611ee73cb143fc22eaf93592e53e7b5bdb01b00a0b8d28dae460c141dd2ff83412e4dc1c31b16b25f33144a9e5620ea73b13f5bc1c59411d98439ad226e8af03840603796067d87afe130812cf3de24982d0e306f9e61e764e5\" aria-label=\"Lavras-TV&#8211;720x104px (1) (1)\"><img src=\"https:\/\/lavras.tv\/site\/wp-content\/uploads\/2025\/01\/Lavras-TV-720x104px-1-1.png\" alt=\"\"  srcset=\"https:\/\/lavras.tv\/site\/wp-content\/uploads\/2025\/01\/Lavras-TV-720x104px-1-1.png 720w, https:\/\/lavras.tv\/site\/wp-content\/uploads\/2025\/01\/Lavras-TV-720x104px-1-1-470x68.png 470w, https:\/\/lavras.tv\/site\/wp-content\/uploads\/2025\/01\/Lavras-TV-720x104px-1-1-170x25.png 170w, https:\/\/lavras.tv\/site\/wp-content\/uploads\/2025\/01\/Lavras-TV-720x104px-1-1-200x29.png 200w\" sizes=\"(max-width: 720px) 100vw, 720px\" width=\"720\" height=\"104\"  style=\"display: inline-block;\" \/><\/a><\/div><\/li><li><a href=\"https:\/\/sistemas.lavras.mg.gov.br\/portalcidadao\/#df1b1a7c7b2a290bcb31e32771e610784662739a88807c0dacac58ede5f391a7530e299dc302d611ee73cb143fc22eaf93592e53e7b5bdb01b00a0b8d28dae460c141dd2ff83412e4dc1c31b16b25f33144a9e5620ea73b13f5bc1c59411d98439ad226e8af03840603796067d87afe130812cf3de24982d0e306f9e61e764e5\" aria-label=\"Banner_Emprego_PortallavrasTV\"><img src=\"https:\/\/lavras.tv\/site\/wp-content\/uploads\/2025\/03\/Banner_Emprego_PortallavrasTV.png\" alt=\"\"  srcset=\"https:\/\/lavras.tv\/site\/wp-content\/uploads\/2025\/03\/Banner_Emprego_PortallavrasTV.png 720w, https:\/\/lavras.tv\/site\/wp-content\/uploads\/2025\/03\/Banner_Emprego_PortallavrasTV-470x68.png 470w, https:\/\/lavras.tv\/site\/wp-content\/uploads\/2025\/03\/Banner_Emprego_PortallavrasTV-170x25.png 170w, https:\/\/lavras.tv\/site\/wp-content\/uploads\/2025\/03\/Banner_Emprego_PortallavrasTV-200x29.png 200w\" sizes=\"(max-width: 720px) 100vw, 720px\" width=\"720\" height=\"104\"   \/><\/a><\/li><li><a href=\"https:\/\/sistemas.lavras.mg.gov.br\/portalcidadao\/#df1b1a7c7b2a290bcb31e32771e610784662739a88807c0dacac58ede5f391a7530e299dc302d611ee73cb143fc22eaf93592e53e7b5bdb01b00a0b8d28dae460c141dd2ff83412e4dc1c31b16b25f33144a9e5620ea73b13f5bc1c59411d98439ad226e8af03840603796067d87afe130812cf3de24982d0e306f9e61e764e5\" aria-label=\"Banner_Obras_PortallavrasTV\"><img src=\"https:\/\/lavras.tv\/site\/wp-content\/uploads\/2025\/03\/Banner_Obras_PortallavrasTV.png\" alt=\"\"  srcset=\"https:\/\/lavras.tv\/site\/wp-content\/uploads\/2025\/03\/Banner_Obras_PortallavrasTV.png 720w, https:\/\/lavras.tv\/site\/wp-content\/uploads\/2025\/03\/Banner_Obras_PortallavrasTV-470x68.png 470w, https:\/\/lavras.tv\/site\/wp-content\/uploads\/2025\/03\/Banner_Obras_PortallavrasTV-170x25.png 170w, https:\/\/lavras.tv\/site\/wp-content\/uploads\/2025\/03\/Banner_Obras_PortallavrasTV-200x29.png 200w\" sizes=\"(max-width: 720px) 100vw, 720px\" width=\"720\" height=\"104\"   \/><\/a><\/li><li><div style=\"margin-left: auto;margin-right: auto;text-align: center;\" id=\"lavra-3665282046\"><a href=\"https:\/\/sistemas.lavras.mg.gov.br\/portalcidadao\/#df1b1a7c7b2a290bcb31e32771e610784662739a88807c0dacac58ede5f391a7530e299dc302d611ee73cb143fc22eaf93592e53e7b5bdb01b00a0b8d28dae460c141dd2ff83412e4dc1c31b16b25f33144a9e5620ea73b13f5bc1c59411d98439ad226e8af03840603796067d87afe130812cf3de24982d0e306f9e61e764e5\" aria-label=\"Banner_Educa\u00e7\u00e3o_PortallavrasTV\"><img src=\"https:\/\/lavras.tv\/site\/wp-content\/uploads\/2025\/01\/Banner_Educacao_PortallavrasTV.png\" alt=\"\"  srcset=\"https:\/\/lavras.tv\/site\/wp-content\/uploads\/2025\/01\/Banner_Educacao_PortallavrasTV.png 720w, https:\/\/lavras.tv\/site\/wp-content\/uploads\/2025\/01\/Banner_Educacao_PortallavrasTV-470x68.png 470w, https:\/\/lavras.tv\/site\/wp-content\/uploads\/2025\/01\/Banner_Educacao_PortallavrasTV-170x25.png 170w, https:\/\/lavras.tv\/site\/wp-content\/uploads\/2025\/01\/Banner_Educacao_PortallavrasTV-200x29.png 200w\" sizes=\"(max-width: 720px) 100vw, 720px\" width=\"720\" height=\"104\"  style=\"display: inline-block;\" \/><\/a><\/div><\/li><li><a href=\"https:\/\/sistemas.lavras.mg.gov.br\/portalcidadao\/#df1b1a7c7b2a290bcb31e32771e610784662739a88807c0dacac58ede5f391a7530e299dc302d611ee73cb143fc22eaf93592e53e7b5bdb01b00a0b8d28dae460c141dd2ff83412e4dc1c31b16b25f33144a9e5620ea73b13f5bc1c59411d98439ad226e8af03840603796067d87afe130812cf3de24982d0e306f9e61e764e5\" aria-label=\"Banner_Sa\u00fade_PortallavrasTV\"><img src=\"https:\/\/lavras.tv\/site\/wp-content\/uploads\/2025\/03\/Banner_Saude_PortallavrasTV.png\" alt=\"\"  srcset=\"https:\/\/lavras.tv\/site\/wp-content\/uploads\/2025\/03\/Banner_Saude_PortallavrasTV.png 720w, https:\/\/lavras.tv\/site\/wp-content\/uploads\/2025\/03\/Banner_Saude_PortallavrasTV-470x68.png 470w, https:\/\/lavras.tv\/site\/wp-content\/uploads\/2025\/03\/Banner_Saude_PortallavrasTV-170x25.png 170w, https:\/\/lavras.tv\/site\/wp-content\/uploads\/2025\/03\/Banner_Saude_PortallavrasTV-200x29.png 200w\" sizes=\"(max-width: 720px) 100vw, 720px\" width=\"720\" height=\"104\"   \/><\/a><\/li><li><div id=\"lavra-3694982400\" style=\"width:720px;height:104px;background-color:#ddd;overflow:scroll;\">\n\t<strong>Sa\u00edda da depura\u00e7\u00e3o de an\u00fancios<\/strong>\n\t<br><br>\n\tO an\u00fancio n\u00e3o \u00e9 exibido na p\u00e1gina<br><br>post atual: UEMG recebe inscri\u00e7\u00f5es para mais de 6 mil vagas em vestibular, ID: 3254<br><br><span style=\"color: red;\">O post atual n\u00e3o \u00e9 id\u00eantico ao post principal.<\/span><br><br>An\u00fancios: ROXO - TOPO INTERNA - ROTATIVO 2 (197)<br \/>Grupo de an\u00fancios: Princ_Meio01_720x104 (27)<br><br>Condi\u00e7\u00f5es de exibi\u00e7\u00e3o<div style=\"margin-bottom: 20px; white-space: pre-wrap; font-family: monospace; width: 100%; background: #ffe9e9;\"><strong>condi\u00e7\u00f5es gerais<\/strong><table border=\"1\"><thead><tr><th><\/th><th>An\u00fancios<\/th><th>wp_the_query<\/th><\/tr><\/thead><tr><td>is_main_query<\/td><td>1<\/td><td>1<\/td><\/tr><tr><td>is_rest_api<\/td><td>0<\/td><td>1<\/td><\/tr><tr><td>page<\/td><td>0<\/td><td>1<\/td><\/tr><tr><td>numpages<\/td><td>0<\/td><td>1<\/td><\/tr><tr><td>is_archive<\/td><td>1<\/td><td><\/td><\/tr><tr><td>is_search<\/td><td>1<\/td><td><\/td><\/tr><tr><td>is_home<\/td><td>1<\/td><td><\/td><\/tr><tr><td>is_404<\/td><td>1<\/td><td><\/td><\/tr><tr><td>is_attachment<\/td><td>1<\/td><td><\/td><\/tr><tr><td>is_singular<\/td><td>1<\/td><td><\/td><\/tr><tr><td>is_front_page<\/td><td>1<\/td><td><\/td><\/tr><tr><td>is_feed<\/td><td>1<\/td><td><\/td><\/tr><\/table><\/div><br><br><span style=\"color: red;\">Seu site usa HTTPS, mas o c\u00f3digo do an\u00fancio cont\u00e9m HTTP e pode n\u00e3o funcionar.<\/span>\t<br><br>\n\t<a style=\"color: green;\" href=\"https:\/\/wpadvancedads.com\/manual\/ad-debug-mode\/?utm_source=advanced-ads&utm_medium=link&utm_campaign=ad-debug-mode\" target=\"_blank\" rel=\"nofollow\">Encontre solu\u00e7\u00f5es no manual<\/a>\n<\/div>\n<\/li><\/ul><\/div><script>( window.advanced_ads_ready || jQuery( document ).ready ).call( null, function() {var $lavraslider3246447848 = jQuery( \".lavra-slider-3246447848\" );$lavraslider3246447848.on( \"unslider.ready\", function() { jQuery( \"div.custom-slider ul li\" ).css( \"display\", \"block\" ); });$lavraslider3246447848.unslider({ delay:4000, autoplay:true, nav:false, arrows:false, infinite:true });$lavraslider3246447848.on(\"mouseover\", function() {$lavraslider3246447848.unslider(\"stop\");}).on(\"mouseout\", function() {$lavraslider3246447848.unslider(\"start\");});});<\/script><\/div><p>Est\u00e3o abertas as inscri\u00e7\u00f5es para o\u00a0Vestibular da <a href=\"http:\/\/www.uemg.br\/\" target=\"_blank\">Universidade do Estado de Minas Gerais (Uemg)<\/a>. \u00a0<!--more-->Ao todo, s\u00e3o oferecidas 6.350 vagas em cursos de gradua\u00e7\u00e3o, distribu\u00eddos em 16 munic\u00edpios do Estado.\u00a0Os interessados t\u00eam at\u00e9 o dia 18 de novembro (sexta-feira) para concorrer \u00e0s vagas pelo vestibular tradicional ou pelo Sistema de Sele\u00e7\u00e3o Unificado (SISU), que utiliza as notas obtidas no Exame Nacional do Ensino M\u00e9dio deste ano.\u00a0<img decoding=\"async\" class=\"size-full wp-image-3255 alignright\" src=\"http:\/\/lavras.tv\/site\/wp-content\/uploads\/2016\/10\/logo_vestibular.png\" alt=\"logo_vestibular\" width=\"229\" height=\"208\" srcset=\"https:\/\/lavras.tv\/site\/wp-content\/uploads\/2016\/10\/logo_vestibular.png 229w, https:\/\/lavras.tv\/site\/wp-content\/uploads\/2016\/10\/logo_vestibular-150x136.png 150w\" sizes=\"(max-width: 229px) 100vw, 229px\" \/><\/p>\n<p>Quem optar pelo vestibular tradicional, deve acessar a p\u00e1gina eletr\u00f4nica &#8211;\u00a0<a href=\"http:\/\/vestibular2017uemg.com.br\/\" target=\"_blank\">vestibular2017uemg.com.br<\/a> -, na qual podem acessar, entre outras informa\u00e7\u00f5es, a se\u00e7\u00e3o para inscri\u00e7\u00f5es e o edital para consulta dos detalhes da sele\u00e7\u00e3o.<\/p>\n<p>As Provas Gerais ser\u00e3o aplicadas para todos os cursos no dia 18 de dezembro de 2016 (domingo). O teste\u00a0\u00e9\u00a0formado por quest\u00f5es objetivas das disciplinas correntes do Ensino M\u00e9dio e uma quest\u00e3o de reda\u00e7\u00e3o. Para este vestibular, as\u00a0obras liter\u00e1rias indicadas para as provas s\u00e3o &#8216;Cachorro Velho&#8217;, romance de Teresa C\u00e1rdenas, e &#8216;O Acaso abre Portas&#8217;, livro de cr\u00f4nicas de Lu\u00eds Giffoni.<\/p>\n<p>O resultado final do Vestibular ser\u00e1 divulgado at\u00e9 o dia 29 de dezembro de 2016 (quinta-feira).<\/p>\n<p><strong>Reserva de vagas<\/strong><\/p>\n<p>Candidatos de tr\u00eas grupos socioecon\u00f4micos, estabelecidos em lei, t\u00eam direito a 45% do total de vagas da gradua\u00e7\u00e3o na Uemg:\u00a0afrodescendentes, egressos de escola p\u00fablica e portadores de defici\u00eancia e ind\u00edgenas.<\/p>\n<p>Para concorrer a essas vagas, o candidato dever\u00e1 assinalar essa op\u00e7\u00e3o durante sua inscri\u00e7\u00e3o no vestibular e responder a um question\u00e1rio espec\u00edfico com informa\u00e7\u00f5es pass\u00edveis de comprova\u00e7\u00e3o, j\u00e1 que dever\u00e1 encaminhar documentos comprobat\u00f3rios posteriormente, de acordo com os termos e prazos no edital.<\/p>\n<p><strong>Escola de M\u00fasica e Escola Guignard<\/strong><\/p>\n<p>O Vestibular Uemg \u00e9 a \u00fanica forma de acesso aos cursos oferecidos pela Escola de M\u00fasica e pela Escola Guignard, n\u00e3o sendo poss\u00edvel a op\u00e7\u00e3o pelo Sisu.\u00a0S\u00e3o tamb\u00e9m as \u00fanicas gradua\u00e7\u00f5es que exigem uma etapa preliminar de sele\u00e7\u00e3o: as provas de habilidades espec\u00edficas.<br \/>\nEsses testes ser\u00e3o realizados para os cursos de m\u00fasica e artes pl\u00e1sticas somente em Belo Horizonte, nos dias 3 e 4 de dezembro de 2016 (s\u00e1bado e domingo).<\/p>\n<p>Vale lembrar que os candidatos que n\u00e3o forem habilitados nesta etapa podem, ainda, realizar as Provas Gerais para concorrer \u00e0 vaga do curso que selecionarem como segunda op\u00e7\u00e3o durante a inscri\u00e7\u00e3o.<\/p>\n<p><strong>Sisu<\/strong><\/p>\n<p>Quem se inscreveu no Enem deste ano tamb\u00e9m poder\u00e1 utilizar sua m\u00e9dia para concorrer a vagas na Uemg, com exce\u00e7\u00e3o dos cursos oferecidos pelas Escolas destacadas acima. Basta estar atento \u00e0s datas do Sisu (Sistema Unificado de Sele\u00e7\u00e3o) e acompanhar as informa\u00e7\u00f5es pela p\u00e1gina <a href=\"http:\/\/www.sisu.mec.gov.br\/\" target=\"_blank\">www.sisu.mec.gov.br<\/a>. As inscri\u00e7\u00f5es estar\u00e3o dispon\u00edveis no in\u00edcio do pr\u00f3ximo ano.<\/p>\n<p>&nbsp;<\/p>\n<p>Fonte: Ag\u00eancia Minas<\/p>\n","protected":false},"excerpt":{"rendered":"<p>Est\u00e3o abertas as inscri\u00e7\u00f5es para o\u00a0Vestibular da Universidade do Estado de Minas Gerais (Uemg). \u00a0<\/p>\n","protected":false},"author":2,"featured_media":3256,"comment_status":"closed","ping_status":"open","sticky":false,"template":"","format":"standard","meta":{"advgb_blocks_editor_width":"","advgb_blocks_columns_visual_guide":"","_exactmetrics_skip_tracking":false,"_exactmetrics_sitenote_active":false,"_exactmetrics_sitenote_note":"","_exactmetrics_sitenote_category":0,"footnotes":""},"categories":[7,2],"tags":[895,63,1143,1142],"class_list":["post-3254","post","type-post","status-publish","format-standard","has-post-thumbnail","hentry","category-destaques","category-noticias","tag-895","tag-sisu","tag-uemg","tag-vestibular"],"better_featured_image":{"id":3256,"alt_text":"","caption":"","description":"","media_type":"image","media_details":{"width":268,"height":188,"file":"2016\/10\/images.jpg","sizes":{"thumbnail":{"file":"images-150x105.jpg","width":150,"height":105,"mime-type":"image\/jpeg","source_url":"https:\/\/lavras.tv\/site\/wp-content\/uploads\/2016\/10\/images-150x105.jpg"},"sow-carousel-default":{"file":"images-268x182.jpg","width":268,"height":182,"mime-type":"image\/jpeg","source_url":"https:\/\/lavras.tv\/site\/wp-content\/uploads\/2016\/10\/images-268x182.jpg"}},"image_meta":{"aperture":"0","credit":"","camera":"","caption":"","created_timestamp":"0","copyright":"","focal_length":"0","iso":"0","shutter_speed":"0","title":"","orientation":"0","keywords":[]}},"post":3254,"source_url":"https:\/\/lavras.tv\/site\/wp-content\/uploads\/2016\/10\/images.jpg"},"author_meta":{"display_name":"Lavras TV","author_link":"https:\/\/lavras.tv\/site\/author\/lavrastv\/"},"featured_img":"https:\/\/lavras.tv\/site\/wp-content\/uploads\/2016\/10\/images.jpg","coauthors":[],"tax_additional":{"categories":{"linked":["<a href=\"https:\/\/lavras.tv\/site\/category\/destaques\/\" class=\"advgb-post-tax-term\">Destaques<\/a>","<a href=\"https:\/\/lavras.tv\/site\/category\/noticias\/\" class=\"advgb-post-tax-term\">Not\u00edcias<\/a>"],"unlinked":["<span class=\"advgb-post-tax-term\">Destaques<\/span>","<span class=\"advgb-post-tax-term\">Not\u00edcias<\/span>"]},"tags":{"linked":["<a href=\"https:\/\/lavras.tv\/site\/category\/noticias\/\" class=\"advgb-post-tax-term\">2017<\/a>","<a href=\"https:\/\/lavras.tv\/site\/category\/noticias\/\" class=\"advgb-post-tax-term\">sisu<\/a>","<a href=\"https:\/\/lavras.tv\/site\/category\/noticias\/\" class=\"advgb-post-tax-term\">uemg<\/a>","<a href=\"https:\/\/lavras.tv\/site\/category\/noticias\/\" class=\"advgb-post-tax-term\">vestibular<\/a>"],"unlinked":["<span class=\"advgb-post-tax-term\">2017<\/span>","<span class=\"advgb-post-tax-term\">sisu<\/span>","<span class=\"advgb-post-tax-term\">uemg<\/span>","<span class=\"advgb-post-tax-term\">vestibular<\/span>"]}},"comment_count":"0","relative_dates":{"created":"Publicado 10 anos atr\u00e1s","modified":"Atualizado 10 anos atr\u00e1s"},"absolute_dates":{"created":"Publicado em 24 de outubro de 2016","modified":"Atualizado em 25 de outubro de 2016"},"absolute_dates_time":{"created":"Publicado em 24 de outubro de 2016 23:44","modified":"Atualizado em 25 de outubro de 2016 11:22"},"featured_img_caption":"","series_order":"","_links":{"self":[{"href":"https:\/\/lavras.tv\/site\/wp-json\/wp\/v2\/posts\/3254","targetHints":{"allow":["GET"]}}],"collection":[{"href":"https:\/\/lavras.tv\/site\/wp-json\/wp\/v2\/posts"}],"about":[{"href":"https:\/\/lavras.tv\/site\/wp-json\/wp\/v2\/types\/post"}],"author":[{"embeddable":true,"href":"https:\/\/lavras.tv\/site\/wp-json\/wp\/v2\/users\/2"}],"replies":[{"embeddable":true,"href":"https:\/\/lavras.tv\/site\/wp-json\/wp\/v2\/comments?post=3254"}],"version-history":[{"count":2,"href":"https:\/\/lavras.tv\/site\/wp-json\/wp\/v2\/posts\/3254\/revisions"}],"predecessor-version":[{"id":3268,"href":"https:\/\/lavras.tv\/site\/wp-json\/wp\/v2\/posts\/3254\/revisions\/3268"}],"wp:featuredmedia":[{"embeddable":true,"href":"https:\/\/lavras.tv\/site\/wp-json\/wp\/v2\/media\/3256"}],"wp:attachment":[{"href":"https:\/\/lavras.tv\/site\/wp-json\/wp\/v2\/media?parent=3254"}],"wp:term":[{"taxonomy":"category","embeddable":true,"href":"https:\/\/lavras.tv\/site\/wp-json\/wp\/v2\/categories?post=3254"},{"taxonomy":"post_tag","embeddable":true,"href":"https:\/\/lavras.tv\/site\/wp-json\/wp\/v2\/tags?post=3254"}],"curies":[{"name":"wp","href":"https:\/\/api.w.org\/{rel}","templated":true}]}}