{"id":3277,"date":"2016-10-25T11:50:26","date_gmt":"2016-10-25T13:50:26","guid":{"rendered":"http:\/\/lavras.tv\/site\/?p=3277"},"modified":"2016-10-25T11:50:26","modified_gmt":"2016-10-25T13:50:26","slug":"ufla-participa-de-42o-congresso-brasileiro-de-pesquisas-cafeeiras","status":"publish","type":"post","link":"https:\/\/lavras.tv\/site\/2016\/10\/25\/ufla-participa-de-42o-congresso-brasileiro-de-pesquisas-cafeeiras\/","title":{"rendered":"UFLA participa de 42\u00ba Congresso Brasileiro de Pesquisas Cafeeiras"},"content":{"rendered":"<div class=\"lavra-antes-do-conteudo_2\" id=\"lavra-3890213697\"><div id=\"lavra-slider-27\" class=\"custom-slider lavra-slider-2930883871 lavra-slider\"><ul><li><div style=\"margin-left: auto;margin-right: auto;text-align: center;\" id=\"lavra-2805667357\"><a href=\"https:\/\/sistemas.lavras.mg.gov.br\/portalcidadao\/#df1b1a7c7b2a290bcb31e32771e610784662739a88807c0dacac58ede5f391a7530e299dc302d611ee73cb143fc22eaf93592e53e7b5bdb01b00a0b8d28dae460c141dd2ff83412e4dc1c31b16b25f33144a9e5620ea73b13f5bc1c59411d98439ad226e8af03840603796067d87afe130812cf3de24982d0e306f9e61e764e5\" aria-label=\"Lavras-TV&#8211;720x104px (1) (1)\"><img src=\"https:\/\/lavras.tv\/site\/wp-content\/uploads\/2025\/01\/Lavras-TV-720x104px-1-1.png\" alt=\"\"  srcset=\"https:\/\/lavras.tv\/site\/wp-content\/uploads\/2025\/01\/Lavras-TV-720x104px-1-1.png 720w, https:\/\/lavras.tv\/site\/wp-content\/uploads\/2025\/01\/Lavras-TV-720x104px-1-1-470x68.png 470w, https:\/\/lavras.tv\/site\/wp-content\/uploads\/2025\/01\/Lavras-TV-720x104px-1-1-170x25.png 170w, https:\/\/lavras.tv\/site\/wp-content\/uploads\/2025\/01\/Lavras-TV-720x104px-1-1-200x29.png 200w\" sizes=\"(max-width: 720px) 100vw, 720px\" width=\"720\" height=\"104\"  style=\"display: inline-block;\" \/><\/a><\/div><\/li><li><a href=\"https:\/\/sistemas.lavras.mg.gov.br\/portalcidadao\/#df1b1a7c7b2a290bcb31e32771e610784662739a88807c0dacac58ede5f391a7530e299dc302d611ee73cb143fc22eaf93592e53e7b5bdb01b00a0b8d28dae460c141dd2ff83412e4dc1c31b16b25f33144a9e5620ea73b13f5bc1c59411d98439ad226e8af03840603796067d87afe130812cf3de24982d0e306f9e61e764e5\" aria-label=\"Banner_Emprego_PortallavrasTV\"><img src=\"https:\/\/lavras.tv\/site\/wp-content\/uploads\/2025\/03\/Banner_Emprego_PortallavrasTV.png\" alt=\"\"  srcset=\"https:\/\/lavras.tv\/site\/wp-content\/uploads\/2025\/03\/Banner_Emprego_PortallavrasTV.png 720w, https:\/\/lavras.tv\/site\/wp-content\/uploads\/2025\/03\/Banner_Emprego_PortallavrasTV-470x68.png 470w, https:\/\/lavras.tv\/site\/wp-content\/uploads\/2025\/03\/Banner_Emprego_PortallavrasTV-170x25.png 170w, https:\/\/lavras.tv\/site\/wp-content\/uploads\/2025\/03\/Banner_Emprego_PortallavrasTV-200x29.png 200w\" sizes=\"(max-width: 720px) 100vw, 720px\" width=\"720\" height=\"104\"   \/><\/a><\/li><li><a href=\"https:\/\/sistemas.lavras.mg.gov.br\/portalcidadao\/#df1b1a7c7b2a290bcb31e32771e610784662739a88807c0dacac58ede5f391a7530e299dc302d611ee73cb143fc22eaf93592e53e7b5bdb01b00a0b8d28dae460c141dd2ff83412e4dc1c31b16b25f33144a9e5620ea73b13f5bc1c59411d98439ad226e8af03840603796067d87afe130812cf3de24982d0e306f9e61e764e5\" aria-label=\"Banner_Obras_PortallavrasTV\"><img src=\"https:\/\/lavras.tv\/site\/wp-content\/uploads\/2025\/03\/Banner_Obras_PortallavrasTV.png\" alt=\"\"  srcset=\"https:\/\/lavras.tv\/site\/wp-content\/uploads\/2025\/03\/Banner_Obras_PortallavrasTV.png 720w, https:\/\/lavras.tv\/site\/wp-content\/uploads\/2025\/03\/Banner_Obras_PortallavrasTV-470x68.png 470w, https:\/\/lavras.tv\/site\/wp-content\/uploads\/2025\/03\/Banner_Obras_PortallavrasTV-170x25.png 170w, https:\/\/lavras.tv\/site\/wp-content\/uploads\/2025\/03\/Banner_Obras_PortallavrasTV-200x29.png 200w\" sizes=\"(max-width: 720px) 100vw, 720px\" width=\"720\" height=\"104\"   \/><\/a><\/li><li><div style=\"margin-left: auto;margin-right: auto;text-align: center;\" id=\"lavra-4074397131\"><a href=\"https:\/\/sistemas.lavras.mg.gov.br\/portalcidadao\/#df1b1a7c7b2a290bcb31e32771e610784662739a88807c0dacac58ede5f391a7530e299dc302d611ee73cb143fc22eaf93592e53e7b5bdb01b00a0b8d28dae460c141dd2ff83412e4dc1c31b16b25f33144a9e5620ea73b13f5bc1c59411d98439ad226e8af03840603796067d87afe130812cf3de24982d0e306f9e61e764e5\" aria-label=\"Banner_Educa\u00e7\u00e3o_PortallavrasTV\"><img src=\"https:\/\/lavras.tv\/site\/wp-content\/uploads\/2025\/01\/Banner_Educacao_PortallavrasTV.png\" alt=\"\"  srcset=\"https:\/\/lavras.tv\/site\/wp-content\/uploads\/2025\/01\/Banner_Educacao_PortallavrasTV.png 720w, https:\/\/lavras.tv\/site\/wp-content\/uploads\/2025\/01\/Banner_Educacao_PortallavrasTV-470x68.png 470w, https:\/\/lavras.tv\/site\/wp-content\/uploads\/2025\/01\/Banner_Educacao_PortallavrasTV-170x25.png 170w, https:\/\/lavras.tv\/site\/wp-content\/uploads\/2025\/01\/Banner_Educacao_PortallavrasTV-200x29.png 200w\" sizes=\"(max-width: 720px) 100vw, 720px\" width=\"720\" height=\"104\"  style=\"display: inline-block;\" \/><\/a><\/div><\/li><li><a href=\"https:\/\/sistemas.lavras.mg.gov.br\/portalcidadao\/#df1b1a7c7b2a290bcb31e32771e610784662739a88807c0dacac58ede5f391a7530e299dc302d611ee73cb143fc22eaf93592e53e7b5bdb01b00a0b8d28dae460c141dd2ff83412e4dc1c31b16b25f33144a9e5620ea73b13f5bc1c59411d98439ad226e8af03840603796067d87afe130812cf3de24982d0e306f9e61e764e5\" aria-label=\"Banner_Sa\u00fade_PortallavrasTV\"><img src=\"https:\/\/lavras.tv\/site\/wp-content\/uploads\/2025\/03\/Banner_Saude_PortallavrasTV.png\" alt=\"\"  srcset=\"https:\/\/lavras.tv\/site\/wp-content\/uploads\/2025\/03\/Banner_Saude_PortallavrasTV.png 720w, https:\/\/lavras.tv\/site\/wp-content\/uploads\/2025\/03\/Banner_Saude_PortallavrasTV-470x68.png 470w, https:\/\/lavras.tv\/site\/wp-content\/uploads\/2025\/03\/Banner_Saude_PortallavrasTV-170x25.png 170w, https:\/\/lavras.tv\/site\/wp-content\/uploads\/2025\/03\/Banner_Saude_PortallavrasTV-200x29.png 200w\" sizes=\"(max-width: 720px) 100vw, 720px\" width=\"720\" height=\"104\"   \/><\/a><\/li><li><div id=\"lavra-2959126715\" style=\"width:720px;height:104px;background-color:#ddd;overflow:scroll;\">\n\t<strong>Sa\u00edda da depura\u00e7\u00e3o de an\u00fancios<\/strong>\n\t<br><br>\n\tO an\u00fancio n\u00e3o \u00e9 exibido na p\u00e1gina<br><br>post atual: UFLA participa de 42\u00ba Congresso Brasileiro de Pesquisas Cafeeiras, ID: 3277<br><br><span style=\"color: red;\">O post atual n\u00e3o \u00e9 id\u00eantico ao post principal.<\/span><br><br>An\u00fancios: ROXO - TOPO INTERNA - ROTATIVO 2 (197)<br \/>Grupo de an\u00fancios: Princ_Meio01_720x104 (27)<br><br>Condi\u00e7\u00f5es de exibi\u00e7\u00e3o<div style=\"margin-bottom: 20px; white-space: pre-wrap; font-family: monospace; width: 100%; background: #ffe9e9;\"><strong>condi\u00e7\u00f5es gerais<\/strong><table border=\"1\"><thead><tr><th><\/th><th>An\u00fancios<\/th><th>wp_the_query<\/th><\/tr><\/thead><tr><td>is_main_query<\/td><td>1<\/td><td>1<\/td><\/tr><tr><td>is_rest_api<\/td><td>0<\/td><td>1<\/td><\/tr><tr><td>page<\/td><td>0<\/td><td>1<\/td><\/tr><tr><td>numpages<\/td><td>0<\/td><td>1<\/td><\/tr><tr><td>is_archive<\/td><td>1<\/td><td><\/td><\/tr><tr><td>is_search<\/td><td>1<\/td><td><\/td><\/tr><tr><td>is_home<\/td><td>1<\/td><td><\/td><\/tr><tr><td>is_404<\/td><td>1<\/td><td><\/td><\/tr><tr><td>is_attachment<\/td><td>1<\/td><td><\/td><\/tr><tr><td>is_singular<\/td><td>1<\/td><td><\/td><\/tr><tr><td>is_front_page<\/td><td>1<\/td><td><\/td><\/tr><tr><td>is_feed<\/td><td>1<\/td><td><\/td><\/tr><\/table><\/div><br><br><span style=\"color: red;\">Seu site usa HTTPS, mas o c\u00f3digo do an\u00fancio cont\u00e9m HTTP e pode n\u00e3o funcionar.<\/span>\t<br><br>\n\t<a style=\"color: green;\" href=\"https:\/\/wpadvancedads.com\/manual\/ad-debug-mode\/?utm_source=advanced-ads&utm_medium=link&utm_campaign=ad-debug-mode\" target=\"_blank\" rel=\"nofollow\">Encontre solu\u00e7\u00f5es no manual<\/a>\n<\/div>\n<\/li><\/ul><\/div><script>( window.advanced_ads_ready || jQuery( document ).ready ).call( null, function() {var $lavraslider2930883871 = jQuery( \".lavra-slider-2930883871\" );$lavraslider2930883871.on( \"unslider.ready\", function() { jQuery( \"div.custom-slider ul li\" ).css( \"display\", \"block\" ); });$lavraslider2930883871.unslider({ delay:4000, autoplay:true, nav:false, arrows:false, infinite:true });$lavraslider2930883871.on(\"mouseover\", function() {$lavraslider2930883871.unslider(\"stop\");}).on(\"mouseout\", function() {$lavraslider2930883871.unslider(\"start\");});});<\/script><\/div><p>\u201cProduzir mais caf\u00e9, com economia, s\u00f3 com boa tecnologia\u201d esse foi o slogan do 42\u00ba Congresso Brasileiro de Pesquisas Cafeeiras que reuniu pesquisadores, estudantes e profissionais da \u00e1rea em Serra Negra (SP).<!--more--> O evento foi promovido pela Funda\u00e7\u00e3o Procaf\u00e9 e contou com o apoio do Cons\u00f3rcio Pesquisa Caf\u00e9, Embrapa Caf\u00e9, Secretaria de Agricultura de S\u00e3o Paulo, Universidade de Uberaba (Uniube) e Universidade Federal de Lavras (UFLA).<img fetchpriority=\"high\" decoding=\"async\" class=\"size-full wp-image-3278 aligncenter\" src=\"http:\/\/lavras.tv\/site\/wp-content\/uploads\/2016\/10\/cafe.jpg\" alt=\"cafe\" width=\"774\" height=\"613\" srcset=\"https:\/\/lavras.tv\/site\/wp-content\/uploads\/2016\/10\/cafe.jpg 774w, https:\/\/lavras.tv\/site\/wp-content\/uploads\/2016\/10\/cafe-150x119.jpg 150w, https:\/\/lavras.tv\/site\/wp-content\/uploads\/2016\/10\/cafe-300x238.jpg 300w\" sizes=\"(max-width: 774px) 100vw, 774px\" \/><\/p>\n<p>Com o objetivo de divulgar os \u00faltimos resultados obtidos atrav\u00e9s de trabalhos de pesquisa e inova\u00e7\u00f5es no manejo dos cafezais e preparo do caf\u00e9, o evento realizado nos dias 18, 19, 20 e 21 de outubro contou com a participa\u00e7\u00e3o de pesquisadores e estudantes da UFLA que atuam em parceria com a Ag\u00eancia de Inova\u00e7\u00e3o do Caf\u00e9 (InovaCaf\u00e9) \u2013 ambiente que desenvolve estudos, pesquisas e inova\u00e7\u00f5es que contribuem com a cafeicultura brasileira.<\/p>\n<p>Integrantes do N\u00facleo de Estudos em Cafeicultura (Necaf), Grupo de Estudos em Herbicidas, Plantas Daninhas e Alelopatia (GHPD) e do N\u00facleo de Estudos em Melhoramento e Clonagem (Nemec), al\u00e9m de pesquisadores do Laborat\u00f3rio de Anatomia e Fisiologia do Cafeeiro da InovaCaf\u00e9\/UFLA, realizaram apresenta\u00e7\u00f5es orais de trabalhos durante o congresso.<\/p>\n<p>Confira as pesquisas apresentadas pela equipe da InovaCaf\u00e9\/UFLA:<\/p>\n<ul>\n<li><em>Estudo do potencial h\u00eddrico foliar de cafeeiros submetidos a diferentes t\u00e9cnicas para otimiza\u00e7\u00e3o da \u00e1gua <\/em>(Apresenta\u00e7\u00e3o: Dalyse Toledo Castanheira);<\/li>\n<li><em>Efeito de diferentes tipos de condicionadores de solo, fertilizantes e manejo do mato na umidade do solo da lavoura cafeeira<\/em>(Apresenta\u00e7\u00e3o: Dalyse Toledo Castanheira);<\/li>\n<li><em>Resposta fisiol\u00f3gicas de cafeeiros intoxicados com Glyphosate \u00e0 aplica\u00e7\u00e3o de sacarose <\/em>(Apresenta\u00e7\u00e3o: Ademilson de Oliveira Alecrim);<\/li>\n<li><em>Efeito dos m\u00e9todos de controle de plantas daninhas nos teores de macronutrientes no solo em cafeeiros<\/em> (Apresenta\u00e7\u00e3o: Ademilson de Oliveira Alecrim);<\/li>\n<li><em>Variabilidade gen\u00e9tica de acessos de caf\u00e9 do banco de germoplasma da EPAMIG com base em caracter\u00edsticas fisiol\u00f3gicas<\/em>(Apresenta\u00e7\u00e3o: Harianna Paula Alves de Azevedo);<\/li>\n<li><em>Caracter\u00edsticas anat\u00f4micas de cafeeiro ar\u00e1bica do banco ativo de germoplasma da Embrapa Cerrados<\/em> (Apresenta\u00e7\u00e3o: Mariana Thereza Rodrigues Viana);<\/li>\n<li><em>Respostas fisiol\u00f3gicas de clones de Coffea canephora submetidos ao d\u00e9ficit h\u00eddrico controlado<\/em> (Apresenta\u00e7\u00e3o: Nagla Maria Sampaio de Matos).<\/li>\n<\/ul>\n<p><strong>CAFETERIA ESCOLA <\/strong><\/p>\n<p>Al\u00e9m das apresenta\u00e7\u00f5es orais, tr\u00eas artigos cient\u00edficos elaborados pela equipe de estagi\u00e1rios da Cafeteria Escola CafEsal da UFLA \u2013 novo ambiente que promove em um mesmo espa\u00e7o o servi\u00e7o de caf\u00e9s e treinamentos com o objetivo de qualificar estudantes, professores, funcion\u00e1rios e comunidade externa no consumo de caf\u00e9s de qualidade; foram publicados nos anais do evento.<\/p>\n<p>Os trabalhos contemplam estudos estrat\u00e9gicos referentes a cria\u00e7\u00e3o, administra\u00e7\u00e3o e mercado relacionados a Cafeteria Escola. Conhe\u00e7a os temas:<\/p>\n<ul>\n<li><em>Proposta de um mapa de riscos para a Cafeteria Escola de uma Universidade Federal de Minas Gerais; <\/em><\/li>\n<li><em>Pesquisa de Mercado para a Cafeteria Escola \u2013 UFLA; <\/em><\/li>\n<li><em>Desafios na aquisi\u00e7\u00e3o de materiais: O Caso da \u201cCafeteria Escola\u201d de uma Universidade Federal;<\/em><\/li>\n<\/ul>\n<p>\u201cApresentar inova\u00e7\u00f5es que est\u00e3o sendo trabalhadas no que diz respeito a cafeterias, como o projeto da Cafeteria Escola da UFLA, \u00e9 primordial para atualizar as pessoas interessadas na \u00e1rea e expor as inova\u00e7\u00f5es que vem fortalecer toda a cadeia produtiva do caf\u00e9 no pa\u00eds\u201d, explica a Gestora em Inova\u00e7\u00e3o do Caf\u00e9, Barista e respons\u00e1vel pelo projeto, Helga Andrade.<\/p>\n<p>&nbsp;<\/p>\n<p>Fonte: InovaCaf\u00e9<\/p>\n","protected":false},"excerpt":{"rendered":"<p>\u201cProduzir mais caf\u00e9, com economia, s\u00f3 com boa tecnologia\u201d esse foi o slogan do 42\u00ba Congresso Brasileiro de Pesquisas Cafeeiras que reuniu pesquisadores, estudantes e profissionais da \u00e1rea em Serra Negra (SP).<\/p>\n","protected":false},"author":2,"featured_media":3278,"comment_status":"closed","ping_status":"open","sticky":false,"template":"","format":"standard","meta":{"advgb_blocks_editor_width":"","advgb_blocks_columns_visual_guide":"","_exactmetrics_skip_tracking":false,"_exactmetrics_sitenote_active":false,"_exactmetrics_sitenote_note":"","_exactmetrics_sitenote_category":0,"footnotes":""},"categories":[7,2],"tags":[259,657,56],"class_list":["post-3277","post","type-post","status-publish","format-standard","has-post-thumbnail","hentry","category-destaques","category-noticias","tag-cafe","tag-inova-cafe","tag-ufla"],"better_featured_image":{"id":3278,"alt_text":"","caption":"","description":"","media_type":"image","media_details":{"width":774,"height":613,"file":"2016\/10\/cafe.jpg","sizes":{"thumbnail":{"file":"cafe-150x119.jpg","width":150,"height":119,"mime-type":"image\/jpeg","source_url":"https:\/\/lavras.tv\/site\/wp-content\/uploads\/2016\/10\/cafe-150x119.jpg"},"medium":{"file":"cafe-300x238.jpg","width":300,"height":238,"mime-type":"image\/jpeg","source_url":"https:\/\/lavras.tv\/site\/wp-content\/uploads\/2016\/10\/cafe-300x238.jpg"},"featured-slider-img":{"file":"cafe-640x480.jpg","width":640,"height":480,"mime-type":"image\/jpeg","source_url":"https:\/\/lavras.tv\/site\/wp-content\/uploads\/2016\/10\/cafe-640x480.jpg"},"featured-post-img":{"file":"cafe-480x320.jpg","width":480,"height":320,"mime-type":"image\/jpeg","source_url":"https:\/\/lavras.tv\/site\/wp-content\/uploads\/2016\/10\/cafe-480x320.jpg"},"sow-carousel-default":{"file":"cafe-272x182.jpg","width":272,"height":182,"mime-type":"image\/jpeg","source_url":"https:\/\/lavras.tv\/site\/wp-content\/uploads\/2016\/10\/cafe-272x182.jpg"}},"image_meta":{"aperture":"0","credit":"","camera":"","caption":"","created_timestamp":"0","copyright":"","focal_length":"0","iso":"0","shutter_speed":"0","title":"","orientation":"0","keywords":[]}},"post":3277,"source_url":"https:\/\/lavras.tv\/site\/wp-content\/uploads\/2016\/10\/cafe.jpg"},"author_meta":{"display_name":"Lavras TV","author_link":"https:\/\/lavras.tv\/site\/author\/lavrastv\/"},"featured_img":"https:\/\/lavras.tv\/site\/wp-content\/uploads\/2016\/10\/cafe-300x238.jpg","coauthors":[],"tax_additional":{"categories":{"linked":["<a href=\"https:\/\/lavras.tv\/site\/category\/destaques\/\" class=\"advgb-post-tax-term\">Destaques<\/a>","<a href=\"https:\/\/lavras.tv\/site\/category\/noticias\/\" class=\"advgb-post-tax-term\">Not\u00edcias<\/a>"],"unlinked":["<span class=\"advgb-post-tax-term\">Destaques<\/span>","<span class=\"advgb-post-tax-term\">Not\u00edcias<\/span>"]},"tags":{"linked":["<a href=\"https:\/\/lavras.tv\/site\/category\/noticias\/\" class=\"advgb-post-tax-term\">caf\u00e9<\/a>","<a href=\"https:\/\/lavras.tv\/site\/category\/noticias\/\" class=\"advgb-post-tax-term\">Inova Caf\u00e9<\/a>","<a href=\"https:\/\/lavras.tv\/site\/category\/noticias\/\" class=\"advgb-post-tax-term\">ufla<\/a>"],"unlinked":["<span class=\"advgb-post-tax-term\">caf\u00e9<\/span>","<span class=\"advgb-post-tax-term\">Inova Caf\u00e9<\/span>","<span class=\"advgb-post-tax-term\">ufla<\/span>"]}},"comment_count":"0","relative_dates":{"created":"Publicado 10 anos atr\u00e1s","modified":"Atualizado 10 anos atr\u00e1s"},"absolute_dates":{"created":"Publicado em 25 de outubro de 2016","modified":"Atualizado em 25 de outubro de 2016"},"absolute_dates_time":{"created":"Publicado em 25 de outubro de 2016 11:50","modified":"Atualizado em 25 de outubro de 2016 11:50"},"featured_img_caption":"","series_order":"","_links":{"self":[{"href":"https:\/\/lavras.tv\/site\/wp-json\/wp\/v2\/posts\/3277","targetHints":{"allow":["GET"]}}],"collection":[{"href":"https:\/\/lavras.tv\/site\/wp-json\/wp\/v2\/posts"}],"about":[{"href":"https:\/\/lavras.tv\/site\/wp-json\/wp\/v2\/types\/post"}],"author":[{"embeddable":true,"href":"https:\/\/lavras.tv\/site\/wp-json\/wp\/v2\/users\/2"}],"replies":[{"embeddable":true,"href":"https:\/\/lavras.tv\/site\/wp-json\/wp\/v2\/comments?post=3277"}],"version-history":[{"count":1,"href":"https:\/\/lavras.tv\/site\/wp-json\/wp\/v2\/posts\/3277\/revisions"}],"predecessor-version":[{"id":3279,"href":"https:\/\/lavras.tv\/site\/wp-json\/wp\/v2\/posts\/3277\/revisions\/3279"}],"wp:featuredmedia":[{"embeddable":true,"href":"https:\/\/lavras.tv\/site\/wp-json\/wp\/v2\/media\/3278"}],"wp:attachment":[{"href":"https:\/\/lavras.tv\/site\/wp-json\/wp\/v2\/media?parent=3277"}],"wp:term":[{"taxonomy":"category","embeddable":true,"href":"https:\/\/lavras.tv\/site\/wp-json\/wp\/v2\/categories?post=3277"},{"taxonomy":"post_tag","embeddable":true,"href":"https:\/\/lavras.tv\/site\/wp-json\/wp\/v2\/tags?post=3277"}],"curies":[{"name":"wp","href":"https:\/\/api.w.org\/{rel}","templated":true}]}}