{"id":3298,"date":"2016-10-26T08:07:58","date_gmt":"2016-10-26T10:07:58","guid":{"rendered":"http:\/\/lavras.tv\/site\/?p=3298"},"modified":"2016-10-26T08:07:58","modified_gmt":"2016-10-26T10:07:58","slug":"pedido-do-stj-sobre-acao-contra-pimentel-chega-a-assembleia-de-mg","status":"publish","type":"post","link":"https:\/\/lavras.tv\/site\/2016\/10\/26\/pedido-do-stj-sobre-acao-contra-pimentel-chega-a-assembleia-de-mg\/","title":{"rendered":"Pedido do STJ sobre a\u00e7\u00e3o contra Pimentel chega \u00e0 Assembleia de MG"},"content":{"rendered":"<div class=\"lavra-antes-do-conteudo_2\" id=\"lavra-3018062274\"><div id=\"lavra-slider-27\" class=\"custom-slider lavra-slider-3566777147 lavra-slider\"><ul><li><div style=\"margin-left: auto;margin-right: auto;text-align: center;\" id=\"lavra-3522140035\"><a href=\"https:\/\/sistemas.lavras.mg.gov.br\/portalcidadao\/#df1b1a7c7b2a290bcb31e32771e610784662739a88807c0dacac58ede5f391a7530e299dc302d611ee73cb143fc22eaf93592e53e7b5bdb01b00a0b8d28dae460c141dd2ff83412e4dc1c31b16b25f33144a9e5620ea73b13f5bc1c59411d98439ad226e8af03840603796067d87afe130812cf3de24982d0e306f9e61e764e5\" aria-label=\"Lavras-TV&#8211;720x104px (1) (1)\"><img src=\"https:\/\/lavras.tv\/site\/wp-content\/uploads\/2025\/01\/Lavras-TV-720x104px-1-1.png\" alt=\"\"  srcset=\"https:\/\/lavras.tv\/site\/wp-content\/uploads\/2025\/01\/Lavras-TV-720x104px-1-1.png 720w, https:\/\/lavras.tv\/site\/wp-content\/uploads\/2025\/01\/Lavras-TV-720x104px-1-1-470x68.png 470w, https:\/\/lavras.tv\/site\/wp-content\/uploads\/2025\/01\/Lavras-TV-720x104px-1-1-170x25.png 170w, https:\/\/lavras.tv\/site\/wp-content\/uploads\/2025\/01\/Lavras-TV-720x104px-1-1-200x29.png 200w\" sizes=\"(max-width: 720px) 100vw, 720px\" width=\"720\" height=\"104\"  style=\"display: inline-block;\" \/><\/a><\/div><\/li><li><a href=\"https:\/\/sistemas.lavras.mg.gov.br\/portalcidadao\/#df1b1a7c7b2a290bcb31e32771e610784662739a88807c0dacac58ede5f391a7530e299dc302d611ee73cb143fc22eaf93592e53e7b5bdb01b00a0b8d28dae460c141dd2ff83412e4dc1c31b16b25f33144a9e5620ea73b13f5bc1c59411d98439ad226e8af03840603796067d87afe130812cf3de24982d0e306f9e61e764e5\" aria-label=\"Banner_Emprego_PortallavrasTV\"><img src=\"https:\/\/lavras.tv\/site\/wp-content\/uploads\/2025\/03\/Banner_Emprego_PortallavrasTV.png\" alt=\"\"  srcset=\"https:\/\/lavras.tv\/site\/wp-content\/uploads\/2025\/03\/Banner_Emprego_PortallavrasTV.png 720w, https:\/\/lavras.tv\/site\/wp-content\/uploads\/2025\/03\/Banner_Emprego_PortallavrasTV-470x68.png 470w, https:\/\/lavras.tv\/site\/wp-content\/uploads\/2025\/03\/Banner_Emprego_PortallavrasTV-170x25.png 170w, https:\/\/lavras.tv\/site\/wp-content\/uploads\/2025\/03\/Banner_Emprego_PortallavrasTV-200x29.png 200w\" sizes=\"(max-width: 720px) 100vw, 720px\" width=\"720\" height=\"104\"   \/><\/a><\/li><li><a href=\"https:\/\/sistemas.lavras.mg.gov.br\/portalcidadao\/#df1b1a7c7b2a290bcb31e32771e610784662739a88807c0dacac58ede5f391a7530e299dc302d611ee73cb143fc22eaf93592e53e7b5bdb01b00a0b8d28dae460c141dd2ff83412e4dc1c31b16b25f33144a9e5620ea73b13f5bc1c59411d98439ad226e8af03840603796067d87afe130812cf3de24982d0e306f9e61e764e5\" aria-label=\"Banner_Obras_PortallavrasTV\"><img src=\"https:\/\/lavras.tv\/site\/wp-content\/uploads\/2025\/03\/Banner_Obras_PortallavrasTV.png\" alt=\"\"  srcset=\"https:\/\/lavras.tv\/site\/wp-content\/uploads\/2025\/03\/Banner_Obras_PortallavrasTV.png 720w, https:\/\/lavras.tv\/site\/wp-content\/uploads\/2025\/03\/Banner_Obras_PortallavrasTV-470x68.png 470w, https:\/\/lavras.tv\/site\/wp-content\/uploads\/2025\/03\/Banner_Obras_PortallavrasTV-170x25.png 170w, https:\/\/lavras.tv\/site\/wp-content\/uploads\/2025\/03\/Banner_Obras_PortallavrasTV-200x29.png 200w\" sizes=\"(max-width: 720px) 100vw, 720px\" width=\"720\" height=\"104\"   \/><\/a><\/li><li><div style=\"margin-left: auto;margin-right: auto;text-align: center;\" id=\"lavra-4225870236\"><a href=\"https:\/\/sistemas.lavras.mg.gov.br\/portalcidadao\/#df1b1a7c7b2a290bcb31e32771e610784662739a88807c0dacac58ede5f391a7530e299dc302d611ee73cb143fc22eaf93592e53e7b5bdb01b00a0b8d28dae460c141dd2ff83412e4dc1c31b16b25f33144a9e5620ea73b13f5bc1c59411d98439ad226e8af03840603796067d87afe130812cf3de24982d0e306f9e61e764e5\" aria-label=\"Banner_Educa\u00e7\u00e3o_PortallavrasTV\"><img src=\"https:\/\/lavras.tv\/site\/wp-content\/uploads\/2025\/01\/Banner_Educacao_PortallavrasTV.png\" alt=\"\"  srcset=\"https:\/\/lavras.tv\/site\/wp-content\/uploads\/2025\/01\/Banner_Educacao_PortallavrasTV.png 720w, https:\/\/lavras.tv\/site\/wp-content\/uploads\/2025\/01\/Banner_Educacao_PortallavrasTV-470x68.png 470w, https:\/\/lavras.tv\/site\/wp-content\/uploads\/2025\/01\/Banner_Educacao_PortallavrasTV-170x25.png 170w, https:\/\/lavras.tv\/site\/wp-content\/uploads\/2025\/01\/Banner_Educacao_PortallavrasTV-200x29.png 200w\" sizes=\"(max-width: 720px) 100vw, 720px\" width=\"720\" height=\"104\"  style=\"display: inline-block;\" \/><\/a><\/div><\/li><li><a href=\"https:\/\/sistemas.lavras.mg.gov.br\/portalcidadao\/#df1b1a7c7b2a290bcb31e32771e610784662739a88807c0dacac58ede5f391a7530e299dc302d611ee73cb143fc22eaf93592e53e7b5bdb01b00a0b8d28dae460c141dd2ff83412e4dc1c31b16b25f33144a9e5620ea73b13f5bc1c59411d98439ad226e8af03840603796067d87afe130812cf3de24982d0e306f9e61e764e5\" aria-label=\"Banner_Sa\u00fade_PortallavrasTV\"><img src=\"https:\/\/lavras.tv\/site\/wp-content\/uploads\/2025\/03\/Banner_Saude_PortallavrasTV.png\" alt=\"\"  srcset=\"https:\/\/lavras.tv\/site\/wp-content\/uploads\/2025\/03\/Banner_Saude_PortallavrasTV.png 720w, https:\/\/lavras.tv\/site\/wp-content\/uploads\/2025\/03\/Banner_Saude_PortallavrasTV-470x68.png 470w, https:\/\/lavras.tv\/site\/wp-content\/uploads\/2025\/03\/Banner_Saude_PortallavrasTV-170x25.png 170w, https:\/\/lavras.tv\/site\/wp-content\/uploads\/2025\/03\/Banner_Saude_PortallavrasTV-200x29.png 200w\" sizes=\"(max-width: 720px) 100vw, 720px\" width=\"720\" height=\"104\"   \/><\/a><\/li><li><div id=\"lavra-3547982369\" style=\"width:720px;height:104px;background-color:#ddd;overflow:scroll;\">\n\t<strong>Sa\u00edda da depura\u00e7\u00e3o de an\u00fancios<\/strong>\n\t<br><br>\n\tO an\u00fancio n\u00e3o \u00e9 exibido na p\u00e1gina<br><br>post atual: Pedido do STJ sobre a\u00e7\u00e3o contra Pimentel chega \u00e0 Assembleia de MG, ID: 3298<br><br><span style=\"color: red;\">O post atual n\u00e3o \u00e9 id\u00eantico ao post principal.<\/span><br><br>An\u00fancios: ROXO - TOPO INTERNA - ROTATIVO 2 (197)<br \/>Grupo de an\u00fancios: Princ_Meio01_720x104 (27)<br><br>Condi\u00e7\u00f5es de exibi\u00e7\u00e3o<div style=\"margin-bottom: 20px; white-space: pre-wrap; font-family: monospace; width: 100%; background: #ffe9e9;\"><strong>condi\u00e7\u00f5es gerais<\/strong><table border=\"1\"><thead><tr><th><\/th><th>An\u00fancios<\/th><th>wp_the_query<\/th><\/tr><\/thead><tr><td>is_main_query<\/td><td>1<\/td><td>1<\/td><\/tr><tr><td>is_rest_api<\/td><td>0<\/td><td>1<\/td><\/tr><tr><td>page<\/td><td>0<\/td><td>1<\/td><\/tr><tr><td>numpages<\/td><td>0<\/td><td>1<\/td><\/tr><tr><td>is_archive<\/td><td>1<\/td><td><\/td><\/tr><tr><td>is_search<\/td><td>1<\/td><td><\/td><\/tr><tr><td>is_home<\/td><td>1<\/td><td><\/td><\/tr><tr><td>is_404<\/td><td>1<\/td><td><\/td><\/tr><tr><td>is_attachment<\/td><td>1<\/td><td><\/td><\/tr><tr><td>is_singular<\/td><td>1<\/td><td><\/td><\/tr><tr><td>is_front_page<\/td><td>1<\/td><td><\/td><\/tr><tr><td>is_feed<\/td><td>1<\/td><td><\/td><\/tr><\/table><\/div><br><br><span style=\"color: red;\">Seu site usa HTTPS, mas o c\u00f3digo do an\u00fancio cont\u00e9m HTTP e pode n\u00e3o funcionar.<\/span>\t<br><br>\n\t<a style=\"color: green;\" href=\"https:\/\/wpadvancedads.com\/manual\/ad-debug-mode\/?utm_source=advanced-ads&utm_medium=link&utm_campaign=ad-debug-mode\" target=\"_blank\" rel=\"nofollow\">Encontre solu\u00e7\u00f5es no manual<\/a>\n<\/div>\n<\/li><\/ul><\/div><script>( window.advanced_ads_ready || jQuery( document ).ready ).call( null, function() {var $lavraslider3566777147 = jQuery( \".lavra-slider-3566777147\" );$lavraslider3566777147.on( \"unslider.ready\", function() { jQuery( \"div.custom-slider ul li\" ).css( \"display\", \"block\" ); });$lavraslider3566777147.unslider({ delay:4000, autoplay:true, nav:false, arrows:false, infinite:true });$lavraslider3566777147.on(\"mouseover\", function() {$lavraslider3566777147.unslider(\"stop\");}).on(\"mouseout\", function() {$lavraslider3566777147.unslider(\"start\");});});<\/script><\/div><p>A Assembleia Legislativa de Minas Gerais recebeu, nesta segunda-feira (24), of\u00edcio do Superior Tribunal de Justi\u00e7a (STJ) que pede aos deputados mineiros para decidirem se autorizam ou n\u00e3o abertura de processo contra o governador Fernando Pimentel (PT).<!--more--> A notifica\u00e7\u00e3o foi lida em plen\u00e1rio na sess\u00e3o desta ter\u00e7a-feira (25), o que oficializada o recebimento do pedido. O governador \u00e9 investigado pela Pol\u00edcia Federal na Opera\u00e7\u00e3o Acr\u00f4nimo, que apura esquema de lavagem de dinheiro em campanhas eleitorais.<img fetchpriority=\"high\" decoding=\"async\" class=\"size-full wp-image-2908 aligncenter\" src=\"http:\/\/lavras.tv\/site\/wp-content\/uploads\/2016\/10\/pimentel.jpeg\" alt=\"pimentel\" width=\"620\" height=\"404\" srcset=\"https:\/\/lavras.tv\/site\/wp-content\/uploads\/2016\/10\/pimentel.jpeg 620w, https:\/\/lavras.tv\/site\/wp-content\/uploads\/2016\/10\/pimentel-150x98.jpeg 150w, https:\/\/lavras.tv\/site\/wp-content\/uploads\/2016\/10\/pimentel-300x195.jpeg 300w\" sizes=\"(max-width: 620px) 100vw, 620px\" \/><\/p>\n<p>A Corte Especial do STJ havia decidido, no dia 5 de outubro, que a Assembleia de Minas precisa autorizar a abertura de a\u00e7\u00e3o penal contra o governador mineiro. A vota\u00e7\u00e3o dos ministros foi apertada, 8 a 6, segundo o STJ. A decis\u00e3o atendeu ao pedido da defesa de Pimentel.<\/p>\n<p>Agora, a Assembleia de Minas Gerais deve decidir, em vota\u00e7\u00e3o, se autoriza ou n\u00e3o abertura de a\u00e7\u00e3o penal contra o governador. Como o regimento da Casa n\u00e3o tem precedente para este tipo de processo, a assembleia vai se basear no regimento da C\u00e2mara dos Deputados. Caso, o processo seja autorizado, a den\u00fancia volta a ser julgada pela Corte Especial do Superior Tribunal de Justi\u00e7a. Tamb\u00e9m pela falta de precedente, a Assembleia n\u00e3o sabe, em caso de autoriza\u00e7\u00e3o de abertura de a\u00e7\u00e3o penal, o momento em que se define o afastamento do governador.<\/p>\n<p>O advogado de Pimentel, Eug\u00eanio Pacelli, disse que a defesa j\u00e1 aguardava o recebimento do of\u00edcio pela Assembleia e considerou que n\u00e3o h\u00e1 nenhuma novidade neste fato. O advogado reafirmou que a den\u00fancia \u00e9 vazia de conte\u00fado e que ela n\u00e3o se baseia em provas concretas. O governo de Minas Gerais declarou que &#8220;n\u00e3o comenta este assunto&#8221;.<\/p>\n<p>Investiga\u00e7\u00e3o<\/p>\n<p>Pimentel foi denunciado na Opera\u00e7\u00e3o Acr\u00f4nimo sob suspeita de ter solicitado e recebido vantagem indevida em 2003 para atender a interesses do grupo privado Caoa. Entre outras quest\u00f5es, a den\u00fancia se baseou na dela\u00e7\u00e3o premiada de Benedito Oliveira, o Ben\u00e9, que disse que o valor da propina recebida por Pimentel foi de R$ 20 milh\u00f5es. Pimentel foi indiciado duas vezes na Opera\u00e7\u00e3o Acr\u00f4nimo com o aval do ministro Herman Benjamin.<\/p>\n<p>A defesa da Caoa declarou que a empresa n\u00e3o pagou propinas e que contratou v\u00e1rias consultorias, entre elas a Bridge e a BRO, que foram pagas por servi\u00e7os prestados. A Caoa tamb\u00e9m afirmou n\u00e3o ter nenhuma rela\u00e7\u00e3o com o governador de Minas Gerais.<\/p>\n<p>Fonte: G1<\/p>\n","protected":false},"excerpt":{"rendered":"<p>A Assembleia Legislativa de Minas Gerais recebeu, nesta segunda-feira (24), of\u00edcio do Superior Tribunal de Justi\u00e7a (STJ) que pede aos deputados mineiros para decidirem se autorizam ou n\u00e3o abertura de processo contra o governador Fernando Pimentel (PT).<\/p>\n","protected":false},"author":2,"featured_media":648,"comment_status":"closed","ping_status":"open","sticky":false,"template":"","format":"standard","meta":{"advgb_blocks_editor_width":"","advgb_blocks_columns_visual_guide":"","_exactmetrics_skip_tracking":false,"_exactmetrics_sitenote_active":false,"_exactmetrics_sitenote_note":"","_exactmetrics_sitenote_category":0,"footnotes":""},"categories":[12],"tags":[531,1157],"class_list":["post-3298","post","type-post","status-publish","format-standard","has-post-thumbnail","hentry","category-politica","tag-almg","tag-fernando-pimentel"],"better_featured_image":{"id":648,"alt_text":"","caption":"","description":"","media_type":"image","media_details":{"width":472,"height":315,"file":"2016\/06\/pimentel.jpg","sizes":{"thumbnail":{"file":"pimentel-150x100.jpg","width":150,"height":100,"mime-type":"image\/jpeg","source_url":"https:\/\/lavras.tv\/site\/wp-content\/uploads\/2016\/06\/pimentel-150x100.jpg"},"medium":{"file":"pimentel-300x200.jpg","width":300,"height":200,"mime-type":"image\/jpeg","source_url":"https:\/\/lavras.tv\/site\/wp-content\/uploads\/2016\/06\/pimentel-300x200.jpg"},"sow-carousel-default":{"file":"pimentel-272x182.jpg","width":272,"height":182,"mime-type":"image\/jpeg","source_url":"https:\/\/lavras.tv\/site\/wp-content\/uploads\/2016\/06\/pimentel-272x182.jpg"}},"image_meta":{"aperture":"0","credit":"Veronica Manevy","camera":"","caption":"","created_timestamp":"0","copyright":"veronica manevy","focal_length":"0","iso":"0","shutter_speed":"0","title":"","orientation":"0","keywords":[]}},"post":647,"source_url":"https:\/\/lavras.tv\/site\/wp-content\/uploads\/2016\/06\/pimentel.jpg"},"author_meta":{"display_name":"Lavras TV","author_link":"https:\/\/lavras.tv\/site\/author\/lavrastv\/"},"featured_img":"https:\/\/lavras.tv\/site\/wp-content\/uploads\/2016\/06\/pimentel-300x200.jpg","coauthors":[],"tax_additional":{"categories":{"linked":["<a href=\"https:\/\/lavras.tv\/site\/category\/politica\/\" class=\"advgb-post-tax-term\">Pol\u00edtica<\/a>"],"unlinked":["<span class=\"advgb-post-tax-term\">Pol\u00edtica<\/span>"]},"tags":{"linked":["<a href=\"https:\/\/lavras.tv\/site\/category\/politica\/\" class=\"advgb-post-tax-term\">almg<\/a>","<a href=\"https:\/\/lavras.tv\/site\/category\/politica\/\" class=\"advgb-post-tax-term\">fernando pimentel<\/a>"],"unlinked":["<span class=\"advgb-post-tax-term\">almg<\/span>","<span class=\"advgb-post-tax-term\">fernando pimentel<\/span>"]}},"comment_count":"0","relative_dates":{"created":"Publicado 10 anos atr\u00e1s","modified":"Atualizado 10 anos atr\u00e1s"},"absolute_dates":{"created":"Publicado em 26 de outubro de 2016","modified":"Atualizado em 26 de outubro de 2016"},"absolute_dates_time":{"created":"Publicado em 26 de outubro de 2016 08:07","modified":"Atualizado em 26 de outubro de 2016 08:07"},"featured_img_caption":"","series_order":"","_links":{"self":[{"href":"https:\/\/lavras.tv\/site\/wp-json\/wp\/v2\/posts\/3298","targetHints":{"allow":["GET"]}}],"collection":[{"href":"https:\/\/lavras.tv\/site\/wp-json\/wp\/v2\/posts"}],"about":[{"href":"https:\/\/lavras.tv\/site\/wp-json\/wp\/v2\/types\/post"}],"author":[{"embeddable":true,"href":"https:\/\/lavras.tv\/site\/wp-json\/wp\/v2\/users\/2"}],"replies":[{"embeddable":true,"href":"https:\/\/lavras.tv\/site\/wp-json\/wp\/v2\/comments?post=3298"}],"version-history":[{"count":1,"href":"https:\/\/lavras.tv\/site\/wp-json\/wp\/v2\/posts\/3298\/revisions"}],"predecessor-version":[{"id":3299,"href":"https:\/\/lavras.tv\/site\/wp-json\/wp\/v2\/posts\/3298\/revisions\/3299"}],"wp:featuredmedia":[{"embeddable":true,"href":"https:\/\/lavras.tv\/site\/wp-json\/wp\/v2\/media\/648"}],"wp:attachment":[{"href":"https:\/\/lavras.tv\/site\/wp-json\/wp\/v2\/media?parent=3298"}],"wp:term":[{"taxonomy":"category","embeddable":true,"href":"https:\/\/lavras.tv\/site\/wp-json\/wp\/v2\/categories?post=3298"},{"taxonomy":"post_tag","embeddable":true,"href":"https:\/\/lavras.tv\/site\/wp-json\/wp\/v2\/tags?post=3298"}],"curies":[{"name":"wp","href":"https:\/\/api.w.org\/{rel}","templated":true}]}}