{"id":3318,"date":"2016-10-26T22:25:50","date_gmt":"2016-10-27T00:25:50","guid":{"rendered":"http:\/\/lavras.tv\/site\/?p=3318"},"modified":"2016-10-26T22:25:50","modified_gmt":"2016-10-27T00:25:50","slug":"informe-parlamentar-em-audiencia-deputada-damina-destaca-importancia-de-politicas-publicas-para-prevencao-ao-cancer-para-mulheres","status":"publish","type":"post","link":"https:\/\/lavras.tv\/site\/2016\/10\/26\/informe-parlamentar-em-audiencia-deputada-damina-destaca-importancia-de-politicas-publicas-para-prevencao-ao-cancer-para-mulheres\/","title":{"rendered":"[Informe Parlamentar] Em audi\u00eancia, deputada D\u00e2mina destaca import\u00e2ncia de\u00a0pol\u00edticas p\u00fablicas para  preven\u00e7\u00e3o ao c\u00e2ncer para mulheres"},"content":{"rendered":"<div class=\"lavra-antes-do-conteudo_2\" id=\"lavra-1486824087\"><div id=\"lavra-slider-27\" class=\"custom-slider lavra-slider-3411096674 lavra-slider\"><ul><li><div style=\"margin-left: auto;margin-right: auto;text-align: center;\" id=\"lavra-3541256904\"><a href=\"https:\/\/sistemas.lavras.mg.gov.br\/portalcidadao\/#df1b1a7c7b2a290bcb31e32771e610784662739a88807c0dacac58ede5f391a7530e299dc302d611ee73cb143fc22eaf93592e53e7b5bdb01b00a0b8d28dae460c141dd2ff83412e4dc1c31b16b25f33144a9e5620ea73b13f5bc1c59411d98439ad226e8af03840603796067d87afe130812cf3de24982d0e306f9e61e764e5\" aria-label=\"Lavras-TV&#8211;720x104px (1) (1)\"><img src=\"https:\/\/lavras.tv\/site\/wp-content\/uploads\/2025\/01\/Lavras-TV-720x104px-1-1.png\" alt=\"\"  srcset=\"https:\/\/lavras.tv\/site\/wp-content\/uploads\/2025\/01\/Lavras-TV-720x104px-1-1.png 720w, https:\/\/lavras.tv\/site\/wp-content\/uploads\/2025\/01\/Lavras-TV-720x104px-1-1-470x68.png 470w, https:\/\/lavras.tv\/site\/wp-content\/uploads\/2025\/01\/Lavras-TV-720x104px-1-1-170x25.png 170w, https:\/\/lavras.tv\/site\/wp-content\/uploads\/2025\/01\/Lavras-TV-720x104px-1-1-200x29.png 200w\" sizes=\"(max-width: 720px) 100vw, 720px\" width=\"720\" height=\"104\"  style=\"display: inline-block;\" \/><\/a><\/div><\/li><li><a href=\"https:\/\/sistemas.lavras.mg.gov.br\/portalcidadao\/#df1b1a7c7b2a290bcb31e32771e610784662739a88807c0dacac58ede5f391a7530e299dc302d611ee73cb143fc22eaf93592e53e7b5bdb01b00a0b8d28dae460c141dd2ff83412e4dc1c31b16b25f33144a9e5620ea73b13f5bc1c59411d98439ad226e8af03840603796067d87afe130812cf3de24982d0e306f9e61e764e5\" aria-label=\"Banner_Emprego_PortallavrasTV\"><img src=\"https:\/\/lavras.tv\/site\/wp-content\/uploads\/2025\/03\/Banner_Emprego_PortallavrasTV.png\" alt=\"\"  srcset=\"https:\/\/lavras.tv\/site\/wp-content\/uploads\/2025\/03\/Banner_Emprego_PortallavrasTV.png 720w, https:\/\/lavras.tv\/site\/wp-content\/uploads\/2025\/03\/Banner_Emprego_PortallavrasTV-470x68.png 470w, https:\/\/lavras.tv\/site\/wp-content\/uploads\/2025\/03\/Banner_Emprego_PortallavrasTV-170x25.png 170w, https:\/\/lavras.tv\/site\/wp-content\/uploads\/2025\/03\/Banner_Emprego_PortallavrasTV-200x29.png 200w\" sizes=\"(max-width: 720px) 100vw, 720px\" width=\"720\" height=\"104\"   \/><\/a><\/li><li><a href=\"https:\/\/sistemas.lavras.mg.gov.br\/portalcidadao\/#df1b1a7c7b2a290bcb31e32771e610784662739a88807c0dacac58ede5f391a7530e299dc302d611ee73cb143fc22eaf93592e53e7b5bdb01b00a0b8d28dae460c141dd2ff83412e4dc1c31b16b25f33144a9e5620ea73b13f5bc1c59411d98439ad226e8af03840603796067d87afe130812cf3de24982d0e306f9e61e764e5\" aria-label=\"Banner_Obras_PortallavrasTV\"><img src=\"https:\/\/lavras.tv\/site\/wp-content\/uploads\/2025\/03\/Banner_Obras_PortallavrasTV.png\" alt=\"\"  srcset=\"https:\/\/lavras.tv\/site\/wp-content\/uploads\/2025\/03\/Banner_Obras_PortallavrasTV.png 720w, https:\/\/lavras.tv\/site\/wp-content\/uploads\/2025\/03\/Banner_Obras_PortallavrasTV-470x68.png 470w, https:\/\/lavras.tv\/site\/wp-content\/uploads\/2025\/03\/Banner_Obras_PortallavrasTV-170x25.png 170w, https:\/\/lavras.tv\/site\/wp-content\/uploads\/2025\/03\/Banner_Obras_PortallavrasTV-200x29.png 200w\" sizes=\"(max-width: 720px) 100vw, 720px\" width=\"720\" height=\"104\"   \/><\/a><\/li><li><div style=\"margin-left: auto;margin-right: auto;text-align: center;\" id=\"lavra-612635965\"><a href=\"https:\/\/sistemas.lavras.mg.gov.br\/portalcidadao\/#df1b1a7c7b2a290bcb31e32771e610784662739a88807c0dacac58ede5f391a7530e299dc302d611ee73cb143fc22eaf93592e53e7b5bdb01b00a0b8d28dae460c141dd2ff83412e4dc1c31b16b25f33144a9e5620ea73b13f5bc1c59411d98439ad226e8af03840603796067d87afe130812cf3de24982d0e306f9e61e764e5\" aria-label=\"Banner_Educa\u00e7\u00e3o_PortallavrasTV\"><img src=\"https:\/\/lavras.tv\/site\/wp-content\/uploads\/2025\/01\/Banner_Educacao_PortallavrasTV.png\" alt=\"\"  srcset=\"https:\/\/lavras.tv\/site\/wp-content\/uploads\/2025\/01\/Banner_Educacao_PortallavrasTV.png 720w, https:\/\/lavras.tv\/site\/wp-content\/uploads\/2025\/01\/Banner_Educacao_PortallavrasTV-470x68.png 470w, https:\/\/lavras.tv\/site\/wp-content\/uploads\/2025\/01\/Banner_Educacao_PortallavrasTV-170x25.png 170w, https:\/\/lavras.tv\/site\/wp-content\/uploads\/2025\/01\/Banner_Educacao_PortallavrasTV-200x29.png 200w\" sizes=\"(max-width: 720px) 100vw, 720px\" width=\"720\" height=\"104\"  style=\"display: inline-block;\" \/><\/a><\/div><\/li><li><a href=\"https:\/\/sistemas.lavras.mg.gov.br\/portalcidadao\/#df1b1a7c7b2a290bcb31e32771e610784662739a88807c0dacac58ede5f391a7530e299dc302d611ee73cb143fc22eaf93592e53e7b5bdb01b00a0b8d28dae460c141dd2ff83412e4dc1c31b16b25f33144a9e5620ea73b13f5bc1c59411d98439ad226e8af03840603796067d87afe130812cf3de24982d0e306f9e61e764e5\" aria-label=\"Banner_Sa\u00fade_PortallavrasTV\"><img src=\"https:\/\/lavras.tv\/site\/wp-content\/uploads\/2025\/03\/Banner_Saude_PortallavrasTV.png\" alt=\"\"  srcset=\"https:\/\/lavras.tv\/site\/wp-content\/uploads\/2025\/03\/Banner_Saude_PortallavrasTV.png 720w, https:\/\/lavras.tv\/site\/wp-content\/uploads\/2025\/03\/Banner_Saude_PortallavrasTV-470x68.png 470w, https:\/\/lavras.tv\/site\/wp-content\/uploads\/2025\/03\/Banner_Saude_PortallavrasTV-170x25.png 170w, https:\/\/lavras.tv\/site\/wp-content\/uploads\/2025\/03\/Banner_Saude_PortallavrasTV-200x29.png 200w\" sizes=\"(max-width: 720px) 100vw, 720px\" width=\"720\" height=\"104\"   \/><\/a><\/li><li><div id=\"lavra-3443913808\" style=\"width:720px;height:104px;background-color:#ddd;overflow:scroll;\">\n\t<strong>Sa\u00edda da depura\u00e7\u00e3o de an\u00fancios<\/strong>\n\t<br><br>\n\tO an\u00fancio n\u00e3o \u00e9 exibido na p\u00e1gina<br><br>post atual: [Informe Parlamentar] Em audi\u00eancia, deputada D\u00e2mina destaca import\u00e2ncia de\u00a0pol\u00edticas p\u00fablicas para  preven\u00e7\u00e3o ao c\u00e2ncer para mulheres, ID: 3318<br><br><span style=\"color: red;\">O post atual n\u00e3o \u00e9 id\u00eantico ao post principal.<\/span><br><br>An\u00fancios: ROXO - TOPO INTERNA - ROTATIVO 2 (197)<br \/>Grupo de an\u00fancios: Princ_Meio01_720x104 (27)<br><br>Condi\u00e7\u00f5es de exibi\u00e7\u00e3o<div style=\"margin-bottom: 20px; white-space: pre-wrap; font-family: monospace; width: 100%; background: #ffe9e9;\"><strong>condi\u00e7\u00f5es gerais<\/strong><table border=\"1\"><thead><tr><th><\/th><th>An\u00fancios<\/th><th>wp_the_query<\/th><\/tr><\/thead><tr><td>is_main_query<\/td><td>1<\/td><td>1<\/td><\/tr><tr><td>is_rest_api<\/td><td>0<\/td><td>1<\/td><\/tr><tr><td>page<\/td><td>0<\/td><td>1<\/td><\/tr><tr><td>numpages<\/td><td>0<\/td><td>1<\/td><\/tr><tr><td>is_archive<\/td><td>1<\/td><td><\/td><\/tr><tr><td>is_search<\/td><td>1<\/td><td><\/td><\/tr><tr><td>is_home<\/td><td>1<\/td><td><\/td><\/tr><tr><td>is_404<\/td><td>1<\/td><td><\/td><\/tr><tr><td>is_attachment<\/td><td>1<\/td><td><\/td><\/tr><tr><td>is_singular<\/td><td>1<\/td><td><\/td><\/tr><tr><td>is_front_page<\/td><td>1<\/td><td><\/td><\/tr><tr><td>is_feed<\/td><td>1<\/td><td><\/td><\/tr><\/table><\/div><br><br><span style=\"color: red;\">Seu site usa HTTPS, mas o c\u00f3digo do an\u00fancio cont\u00e9m HTTP e pode n\u00e3o funcionar.<\/span>\t<br><br>\n\t<a style=\"color: green;\" href=\"https:\/\/wpadvancedads.com\/manual\/ad-debug-mode\/?utm_source=advanced-ads&utm_medium=link&utm_campaign=ad-debug-mode\" target=\"_blank\" rel=\"nofollow\">Encontre solu\u00e7\u00f5es no manual<\/a>\n<\/div>\n<\/li><\/ul><\/div><script>( window.advanced_ads_ready || jQuery( document ).ready ).call( null, function() {var $lavraslider3411096674 = jQuery( \".lavra-slider-3411096674\" );$lavraslider3411096674.on( \"unslider.ready\", function() { jQuery( \"div.custom-slider ul li\" ).css( \"display\", \"block\" ); });$lavraslider3411096674.unslider({ delay:4000, autoplay:true, nav:false, arrows:false, infinite:true });$lavraslider3411096674.on(\"mouseover\", function() {$lavraslider3411096674.unslider(\"stop\");}).on(\"mouseout\", function() {$lavraslider3411096674.unslider(\"start\");});});<\/script><\/div><p>Atendendo a requerimento da deputada federal D\u00e2mina Pereira (PSL-MG), a\u00a0Comiss\u00e3o de Defesa dos Direitos da Mulher, em parceria com a Comiss\u00e3o de Seguridade Social e Fam\u00edlia e a Secretaria da Mulher, realizou na C\u00e2mara Federal audi\u00eancia p\u00fablica que debateu os tipos de c\u00e2ncer mais incidentes na popula\u00e7\u00e3o feminina.<\/p>\n<figure id=\"attachment_3324\" aria-describedby=\"caption-attachment-3324\" style=\"width: 3872px\" class=\"wp-caption aligncenter\"><img fetchpriority=\"high\" decoding=\"async\" class=\"size-full wp-image-3324\" src=\"http:\/\/lavras.tv\/site\/wp-content\/uploads\/2016\/10\/DSC0011.jpg\" alt=\" Oncoginecologista e especialista em HPV, Met\u00f3dio Ribas.\" width=\"3872\" height=\"2592\" srcset=\"https:\/\/lavras.tv\/site\/wp-content\/uploads\/2016\/10\/DSC0011.jpg 3872w, https:\/\/lavras.tv\/site\/wp-content\/uploads\/2016\/10\/DSC0011-150x100.jpg 150w, https:\/\/lavras.tv\/site\/wp-content\/uploads\/2016\/10\/DSC0011-300x201.jpg 300w, https:\/\/lavras.tv\/site\/wp-content\/uploads\/2016\/10\/DSC0011-1024x685.jpg 1024w, https:\/\/lavras.tv\/site\/wp-content\/uploads\/2016\/10\/DSC0011-480x320.jpg 480w, https:\/\/lavras.tv\/site\/wp-content\/uploads\/2016\/10\/DSC0011-272x182.jpg 272w\" sizes=\"(max-width: 3872px) 100vw, 3872px\" \/><figcaption id=\"caption-attachment-3324\" class=\"wp-caption-text\">Oncoginecologista e especialista em HPV, Met\u00f3dio Ribas.<\/figcaption><\/figure>\n<p>Durante a reuni\u00e3o, especialistas defenderam as campanhas de preven\u00e7\u00e3o do governo para diminuir os casos de c\u00e2ncer nas mulheres e destacaram a necessidade de educa\u00e7\u00e3o e de capacita\u00e7\u00e3o de profissionais para o diagn\u00f3stico.<\/p>\n<figure id=\"attachment_3322\" aria-describedby=\"caption-attachment-3322\" style=\"width: 3872px\" class=\"wp-caption aligncenter\"><img decoding=\"async\" class=\"size-full wp-image-3322\" src=\"http:\/\/lavras.tv\/site\/wp-content\/uploads\/2016\/10\/DSC0032.jpg\" alt=\" Coordenador da Coordena\u00e7\u00e3o-Geral de Aten\u00e7\u00e3o \u00e0s Pessoas com Doen\u00e7as Cr\u00f4nicas do Minist\u00e9rio da Sa\u00fade, Sandro Martins. \" width=\"3872\" height=\"2592\" srcset=\"https:\/\/lavras.tv\/site\/wp-content\/uploads\/2016\/10\/DSC0032.jpg 3872w, https:\/\/lavras.tv\/site\/wp-content\/uploads\/2016\/10\/DSC0032-150x100.jpg 150w, https:\/\/lavras.tv\/site\/wp-content\/uploads\/2016\/10\/DSC0032-300x201.jpg 300w, https:\/\/lavras.tv\/site\/wp-content\/uploads\/2016\/10\/DSC0032-1024x685.jpg 1024w, https:\/\/lavras.tv\/site\/wp-content\/uploads\/2016\/10\/DSC0032-480x320.jpg 480w, https:\/\/lavras.tv\/site\/wp-content\/uploads\/2016\/10\/DSC0032-272x182.jpg 272w\" sizes=\"(max-width: 3872px) 100vw, 3872px\" \/><figcaption id=\"caption-attachment-3322\" class=\"wp-caption-text\">Coordenador da Coordena\u00e7\u00e3o-Geral de Aten\u00e7\u00e3o \u00e0s Pessoas com Doen\u00e7as Cr\u00f4nicas do Minist\u00e9rio da Sa\u00fade, Sandro Martins.<\/figcaption><\/figure>\n<p>A deputada D\u00e2mina lembrou que \u00e9 o momento de discutir a execu\u00e7\u00e3o das pol\u00edticas p\u00fablicas e de leis que garantam acesso \u00e0 preven\u00e7\u00e3o e ao tratamento desses tipos de c\u00e2ncer. \u201cEspecialmente \u00e0s mulheres das classes mais pobres que sofrem com o sistema de sa\u00fade ineficiente\u201d, completou a parlamentar.<\/p>\n<figure id=\"attachment_3321\" aria-describedby=\"caption-attachment-3321\" style=\"width: 3872px\" class=\"wp-caption aligncenter\"><img decoding=\"async\" class=\"size-full wp-image-3321\" src=\"http:\/\/lavras.tv\/site\/wp-content\/uploads\/2016\/10\/DSC0036.jpg\" alt=\"Nivaldo Vieira, membro do comit\u00ea cient\u00edfico do Instituto Oncoguia.\" width=\"3872\" height=\"2592\" srcset=\"https:\/\/lavras.tv\/site\/wp-content\/uploads\/2016\/10\/DSC0036.jpg 3872w, https:\/\/lavras.tv\/site\/wp-content\/uploads\/2016\/10\/DSC0036-150x100.jpg 150w, https:\/\/lavras.tv\/site\/wp-content\/uploads\/2016\/10\/DSC0036-300x201.jpg 300w, https:\/\/lavras.tv\/site\/wp-content\/uploads\/2016\/10\/DSC0036-1024x685.jpg 1024w, https:\/\/lavras.tv\/site\/wp-content\/uploads\/2016\/10\/DSC0036-480x320.jpg 480w, https:\/\/lavras.tv\/site\/wp-content\/uploads\/2016\/10\/DSC0036-272x182.jpg 272w\" sizes=\"(max-width: 3872px) 100vw, 3872px\" \/><figcaption id=\"caption-attachment-3321\" class=\"wp-caption-text\">Nivaldo Vieira, membro do comit\u00ea cient\u00edfico do Instituto Oncoguia.<\/figcaption><\/figure>\n<p>Segundo o coordenador da Coordena\u00e7\u00e3o-Geral de Aten\u00e7\u00e3o \u00e0s Pessoas com Doen\u00e7as Cr\u00f4nicas do Minist\u00e9rio da Sa\u00fade, Sandro Martins, as medidas preventivas para redu\u00e7\u00e3o dessas doen\u00e7as s\u00e3o: evitar o h\u00e1bito de fumar, acompanhar o controle de peso, proteger- se da exposi\u00e7\u00e3o solar e realizar os exames preventivos.<\/p>\n<figure id=\"attachment_3319\" aria-describedby=\"caption-attachment-3319\" style=\"width: 2003px\" class=\"wp-caption aligncenter\"><img loading=\"lazy\" decoding=\"async\" class=\"size-full wp-image-3319\" src=\"http:\/\/lavras.tv\/site\/wp-content\/uploads\/2016\/10\/img201610251726126277266.jpg\" alt=\"oto: Leonardo Prado \/ C\u00e2mara dos Deputados \" width=\"2003\" height=\"1312\" srcset=\"https:\/\/lavras.tv\/site\/wp-content\/uploads\/2016\/10\/img201610251726126277266.jpg 2003w, https:\/\/lavras.tv\/site\/wp-content\/uploads\/2016\/10\/img201610251726126277266-150x98.jpg 150w, https:\/\/lavras.tv\/site\/wp-content\/uploads\/2016\/10\/img201610251726126277266-300x197.jpg 300w, https:\/\/lavras.tv\/site\/wp-content\/uploads\/2016\/10\/img201610251726126277266-1024x671.jpg 1024w\" sizes=\"(max-width: 2003px) 100vw, 2003px\" \/><figcaption id=\"caption-attachment-3319\" class=\"wp-caption-text\">Foto: Leonardo Prado \/ C\u00e2mara dos Deputados<\/figcaption><\/figure>\n<p>O oncoginecologista e especialista em HPV Met\u00f3dio Ribas disse que a preven\u00e7\u00e3o para os casos de c\u00e2ncer de colo de \u00fatero inclui vacinas, uso de preservativos e exame peri\u00f3dico. O m\u00e9dico lembrou que o c\u00e2ncer \u00e9 mais frequente nas mulheres, e grande parte delas tem dificuldade de acesso aos centros de sa\u00fade.<\/p>\n<figure id=\"attachment_3320\" aria-describedby=\"caption-attachment-3320\" style=\"width: 2003px\" class=\"wp-caption alignnone\"><img loading=\"lazy\" decoding=\"async\" class=\"size-full wp-image-3320\" src=\"http:\/\/lavras.tv\/site\/wp-content\/uploads\/2016\/10\/img201610251726556281511.jpg\" alt=\"Carmen Manzione, representante da Associa\u00e7\u00e3o Brasileira de Preven\u00e7\u00e3o do C\u00e2ncer de Intestino.  \" width=\"2003\" height=\"1312\" srcset=\"https:\/\/lavras.tv\/site\/wp-content\/uploads\/2016\/10\/img201610251726556281511.jpg 2003w, https:\/\/lavras.tv\/site\/wp-content\/uploads\/2016\/10\/img201610251726556281511-150x98.jpg 150w, https:\/\/lavras.tv\/site\/wp-content\/uploads\/2016\/10\/img201610251726556281511-300x197.jpg 300w, https:\/\/lavras.tv\/site\/wp-content\/uploads\/2016\/10\/img201610251726556281511-1024x671.jpg 1024w\" sizes=\"(max-width: 2003px) 100vw, 2003px\" \/><figcaption id=\"caption-attachment-3320\" class=\"wp-caption-text\">Carmen Manzione, representante da Associa\u00e7\u00e3o Brasileira de Preven\u00e7\u00e3o do C\u00e2ncer de Intestino.<\/figcaption><\/figure>\n<p>Outros dois expositores, Carmen Manzione, representante da Associa\u00e7\u00e3o Brasileira de Preven\u00e7\u00e3o do C\u00e2ncer de Intestino, e Nivaldo Vieira, membro do comit\u00ea cient\u00edfico do Instituto Oncoguia,\u00a0falaram sobre o investimento em educa\u00e7\u00e3o para que as campanhas de preven\u00e7\u00e3o \u00e0 doen\u00e7a tenham \u00eaxito.<\/p>\n<p><img loading=\"lazy\" decoding=\"async\" class=\"size-full wp-image-3323 aligncenter\" src=\"http:\/\/lavras.tv\/site\/wp-content\/uploads\/2016\/10\/DSC0016.jpg\" alt=\"_dsc0016\" width=\"3872\" height=\"2592\" srcset=\"https:\/\/lavras.tv\/site\/wp-content\/uploads\/2016\/10\/DSC0016.jpg 3872w, https:\/\/lavras.tv\/site\/wp-content\/uploads\/2016\/10\/DSC0016-150x100.jpg 150w, https:\/\/lavras.tv\/site\/wp-content\/uploads\/2016\/10\/DSC0016-300x201.jpg 300w, https:\/\/lavras.tv\/site\/wp-content\/uploads\/2016\/10\/DSC0016-1024x685.jpg 1024w, https:\/\/lavras.tv\/site\/wp-content\/uploads\/2016\/10\/DSC0016-480x320.jpg 480w, https:\/\/lavras.tv\/site\/wp-content\/uploads\/2016\/10\/DSC0016-272x182.jpg 272w\" sizes=\"(max-width: 3872px) 100vw, 3872px\" \/><\/p>\n<p>O evento foi parte da programa\u00e7\u00e3o Outubro Rosa, campanha de conscientiza\u00e7\u00e3o de preven\u00e7\u00e3o do c\u00e2ncer de mama.<\/p>\n<p>&nbsp;<\/p>\n<p>Fonte: Gabinete da deputada federal D\u00e2mina Pereira<\/p>\n","protected":false},"excerpt":{"rendered":"<p>Atendendo a requerimento da deputada federal D\u00e2mina Pereira (PSL-MG), a\u00a0Comiss\u00e3o de Defesa dos Direitos da Mulher, em parceria com a Comiss\u00e3o de Seguridade Social e Fam\u00edlia e a Secretaria da Mulher, realizou na C\u00e2mara Federal audi\u00eancia p\u00fablica que debateu os tipos de c\u00e2ncer mais incidentes na popula\u00e7\u00e3o feminina. Durante a reuni\u00e3o, especialistas defenderam as campanhas [&hellip;]<\/p>\n","protected":false},"author":2,"featured_media":3319,"comment_status":"closed","ping_status":"open","sticky":false,"template":"","format":"standard","meta":{"advgb_blocks_editor_width":"","advgb_blocks_columns_visual_guide":"","_exactmetrics_skip_tracking":false,"_exactmetrics_sitenote_active":false,"_exactmetrics_sitenote_note":"","_exactmetrics_sitenote_category":0,"footnotes":""},"categories":[7,12],"tags":[671,1164,927],"class_list":["post-3318","post","type-post","status-publish","format-standard","has-post-thumbnail","hentry","category-destaques","category-politica","tag-damina-pereira","tag-deputada-federal","tag-outubro-rosa"],"better_featured_image":{"id":3319,"alt_text":"","caption":"oto: Leonardo Prado \/ C\u00e2mara dos Deputados\n","description":"","media_type":"image","media_details":{"width":2003,"height":1312,"file":"2016\/10\/img201610251726126277266.jpg","sizes":{"thumbnail":{"file":"img201610251726126277266-150x98.jpg","width":150,"height":98,"mime-type":"image\/jpeg","source_url":"https:\/\/lavras.tv\/site\/wp-content\/uploads\/2016\/10\/img201610251726126277266-150x98.jpg"},"medium":{"file":"img201610251726126277266-300x197.jpg","width":300,"height":197,"mime-type":"image\/jpeg","source_url":"https:\/\/lavras.tv\/site\/wp-content\/uploads\/2016\/10\/img201610251726126277266-300x197.jpg"},"large":{"file":"img201610251726126277266-1024x671.jpg","width":1024,"height":671,"mime-type":"image\/jpeg","source_url":"https:\/\/lavras.tv\/site\/wp-content\/uploads\/2016\/10\/img201610251726126277266-1024x671.jpg"},"featured-slider-img":{"file":"img201610251726126277266-640x480.jpg","width":640,"height":480,"mime-type":"image\/jpeg","source_url":"https:\/\/lavras.tv\/site\/wp-content\/uploads\/2016\/10\/img201610251726126277266-640x480.jpg"},"featured-post-img":{"file":"img201610251726126277266-480x320.jpg","width":480,"height":320,"mime-type":"image\/jpeg","source_url":"https:\/\/lavras.tv\/site\/wp-content\/uploads\/2016\/10\/img201610251726126277266-480x320.jpg"},"sow-carousel-default":{"file":"img201610251726126277266-272x182.jpg","width":272,"height":182,"mime-type":"image\/jpeg","source_url":"https:\/\/lavras.tv\/site\/wp-content\/uploads\/2016\/10\/img201610251726126277266-272x182.jpg"}},"image_meta":{"aperture":"4","credit":"","camera":"NIKON D800E","caption":"","created_timestamp":"1477410735","copyright":"","focal_length":"200","iso":"1600","shutter_speed":"0.0015625","title":"","orientation":"1","keywords":[]}},"post":3318,"source_url":"https:\/\/lavras.tv\/site\/wp-content\/uploads\/2016\/10\/img201610251726126277266.jpg"},"author_meta":{"display_name":"Lavras TV","author_link":"https:\/\/lavras.tv\/site\/author\/lavrastv\/"},"featured_img":"https:\/\/lavras.tv\/site\/wp-content\/uploads\/2016\/10\/img201610251726126277266-300x197.jpg","coauthors":[],"tax_additional":{"categories":{"linked":["<a href=\"https:\/\/lavras.tv\/site\/category\/destaques\/\" class=\"advgb-post-tax-term\">Destaques<\/a>","<a href=\"https:\/\/lavras.tv\/site\/category\/politica\/\" class=\"advgb-post-tax-term\">Pol\u00edtica<\/a>"],"unlinked":["<span class=\"advgb-post-tax-term\">Destaques<\/span>","<span class=\"advgb-post-tax-term\">Pol\u00edtica<\/span>"]},"tags":{"linked":["<a href=\"https:\/\/lavras.tv\/site\/category\/politica\/\" class=\"advgb-post-tax-term\">D\u00e2mina Pereira<\/a>","<a href=\"https:\/\/lavras.tv\/site\/category\/politica\/\" class=\"advgb-post-tax-term\">deputada federal<\/a>","<a href=\"https:\/\/lavras.tv\/site\/category\/politica\/\" class=\"advgb-post-tax-term\">Outubro Rosa<\/a>"],"unlinked":["<span class=\"advgb-post-tax-term\">D\u00e2mina Pereira<\/span>","<span class=\"advgb-post-tax-term\">deputada federal<\/span>","<span class=\"advgb-post-tax-term\">Outubro Rosa<\/span>"]}},"comment_count":"0","relative_dates":{"created":"Publicado 10 anos atr\u00e1s","modified":"Atualizado 10 anos atr\u00e1s"},"absolute_dates":{"created":"Publicado em 26 de outubro de 2016","modified":"Atualizado em 26 de outubro de 2016"},"absolute_dates_time":{"created":"Publicado em 26 de outubro de 2016 22:25","modified":"Atualizado em 26 de outubro de 2016 22:25"},"featured_img_caption":"oto: Leonardo Prado \/ C\u00e2mara dos Deputados\n","series_order":"","_links":{"self":[{"href":"https:\/\/lavras.tv\/site\/wp-json\/wp\/v2\/posts\/3318","targetHints":{"allow":["GET"]}}],"collection":[{"href":"https:\/\/lavras.tv\/site\/wp-json\/wp\/v2\/posts"}],"about":[{"href":"https:\/\/lavras.tv\/site\/wp-json\/wp\/v2\/types\/post"}],"author":[{"embeddable":true,"href":"https:\/\/lavras.tv\/site\/wp-json\/wp\/v2\/users\/2"}],"replies":[{"embeddable":true,"href":"https:\/\/lavras.tv\/site\/wp-json\/wp\/v2\/comments?post=3318"}],"version-history":[{"count":1,"href":"https:\/\/lavras.tv\/site\/wp-json\/wp\/v2\/posts\/3318\/revisions"}],"predecessor-version":[{"id":3326,"href":"https:\/\/lavras.tv\/site\/wp-json\/wp\/v2\/posts\/3318\/revisions\/3326"}],"wp:featuredmedia":[{"embeddable":true,"href":"https:\/\/lavras.tv\/site\/wp-json\/wp\/v2\/media\/3319"}],"wp:attachment":[{"href":"https:\/\/lavras.tv\/site\/wp-json\/wp\/v2\/media?parent=3318"}],"wp:term":[{"taxonomy":"category","embeddable":true,"href":"https:\/\/lavras.tv\/site\/wp-json\/wp\/v2\/categories?post=3318"},{"taxonomy":"post_tag","embeddable":true,"href":"https:\/\/lavras.tv\/site\/wp-json\/wp\/v2\/tags?post=3318"}],"curies":[{"name":"wp","href":"https:\/\/api.w.org\/{rel}","templated":true}]}}