{"id":3333,"date":"2016-10-27T09:00:31","date_gmt":"2016-10-27T11:00:31","guid":{"rendered":"http:\/\/lavras.tv\/site\/?p=3333"},"modified":"2016-10-27T09:00:31","modified_gmt":"2016-10-27T11:00:31","slug":"zeca-baleiro-e-atracao-do-festival-musica-do-mundo","status":"publish","type":"post","link":"https:\/\/lavras.tv\/site\/2016\/10\/27\/zeca-baleiro-e-atracao-do-festival-musica-do-mundo\/","title":{"rendered":"Zeca Baleiro \u00e9 atra\u00e7\u00e3o do Festival M\u00fasica do Mundo"},"content":{"rendered":"<div class=\"lavra-antes-do-conteudo_2\" id=\"lavra-3106774371\"><div id=\"lavra-slider-27\" class=\"custom-slider lavra-slider-2555844856 lavra-slider\"><ul><li><div style=\"margin-left: auto;margin-right: auto;text-align: center;\" id=\"lavra-1770533340\"><a href=\"https:\/\/sistemas.lavras.mg.gov.br\/portalcidadao\/#df1b1a7c7b2a290bcb31e32771e610784662739a88807c0dacac58ede5f391a7530e299dc302d611ee73cb143fc22eaf93592e53e7b5bdb01b00a0b8d28dae460c141dd2ff83412e4dc1c31b16b25f33144a9e5620ea73b13f5bc1c59411d98439ad226e8af03840603796067d87afe130812cf3de24982d0e306f9e61e764e5\" aria-label=\"Lavras-TV&#8211;720x104px (1) (1)\"><img src=\"https:\/\/lavras.tv\/site\/wp-content\/uploads\/2025\/01\/Lavras-TV-720x104px-1-1.png\" alt=\"\"  srcset=\"https:\/\/lavras.tv\/site\/wp-content\/uploads\/2025\/01\/Lavras-TV-720x104px-1-1.png 720w, https:\/\/lavras.tv\/site\/wp-content\/uploads\/2025\/01\/Lavras-TV-720x104px-1-1-470x68.png 470w, https:\/\/lavras.tv\/site\/wp-content\/uploads\/2025\/01\/Lavras-TV-720x104px-1-1-170x25.png 170w, https:\/\/lavras.tv\/site\/wp-content\/uploads\/2025\/01\/Lavras-TV-720x104px-1-1-200x29.png 200w\" sizes=\"(max-width: 720px) 100vw, 720px\" width=\"720\" height=\"104\"  style=\"display: inline-block;\" \/><\/a><\/div><\/li><li><a href=\"https:\/\/sistemas.lavras.mg.gov.br\/portalcidadao\/#df1b1a7c7b2a290bcb31e32771e610784662739a88807c0dacac58ede5f391a7530e299dc302d611ee73cb143fc22eaf93592e53e7b5bdb01b00a0b8d28dae460c141dd2ff83412e4dc1c31b16b25f33144a9e5620ea73b13f5bc1c59411d98439ad226e8af03840603796067d87afe130812cf3de24982d0e306f9e61e764e5\" aria-label=\"Banner_Emprego_PortallavrasTV\"><img src=\"https:\/\/lavras.tv\/site\/wp-content\/uploads\/2025\/03\/Banner_Emprego_PortallavrasTV.png\" alt=\"\"  srcset=\"https:\/\/lavras.tv\/site\/wp-content\/uploads\/2025\/03\/Banner_Emprego_PortallavrasTV.png 720w, https:\/\/lavras.tv\/site\/wp-content\/uploads\/2025\/03\/Banner_Emprego_PortallavrasTV-470x68.png 470w, https:\/\/lavras.tv\/site\/wp-content\/uploads\/2025\/03\/Banner_Emprego_PortallavrasTV-170x25.png 170w, https:\/\/lavras.tv\/site\/wp-content\/uploads\/2025\/03\/Banner_Emprego_PortallavrasTV-200x29.png 200w\" sizes=\"(max-width: 720px) 100vw, 720px\" width=\"720\" height=\"104\"   \/><\/a><\/li><li><a href=\"https:\/\/sistemas.lavras.mg.gov.br\/portalcidadao\/#df1b1a7c7b2a290bcb31e32771e610784662739a88807c0dacac58ede5f391a7530e299dc302d611ee73cb143fc22eaf93592e53e7b5bdb01b00a0b8d28dae460c141dd2ff83412e4dc1c31b16b25f33144a9e5620ea73b13f5bc1c59411d98439ad226e8af03840603796067d87afe130812cf3de24982d0e306f9e61e764e5\" aria-label=\"Banner_Obras_PortallavrasTV\"><img src=\"https:\/\/lavras.tv\/site\/wp-content\/uploads\/2025\/03\/Banner_Obras_PortallavrasTV.png\" alt=\"\"  srcset=\"https:\/\/lavras.tv\/site\/wp-content\/uploads\/2025\/03\/Banner_Obras_PortallavrasTV.png 720w, https:\/\/lavras.tv\/site\/wp-content\/uploads\/2025\/03\/Banner_Obras_PortallavrasTV-470x68.png 470w, https:\/\/lavras.tv\/site\/wp-content\/uploads\/2025\/03\/Banner_Obras_PortallavrasTV-170x25.png 170w, https:\/\/lavras.tv\/site\/wp-content\/uploads\/2025\/03\/Banner_Obras_PortallavrasTV-200x29.png 200w\" sizes=\"(max-width: 720px) 100vw, 720px\" width=\"720\" height=\"104\"   \/><\/a><\/li><li><div style=\"margin-left: auto;margin-right: auto;text-align: center;\" id=\"lavra-4032811252\"><a href=\"https:\/\/sistemas.lavras.mg.gov.br\/portalcidadao\/#df1b1a7c7b2a290bcb31e32771e610784662739a88807c0dacac58ede5f391a7530e299dc302d611ee73cb143fc22eaf93592e53e7b5bdb01b00a0b8d28dae460c141dd2ff83412e4dc1c31b16b25f33144a9e5620ea73b13f5bc1c59411d98439ad226e8af03840603796067d87afe130812cf3de24982d0e306f9e61e764e5\" aria-label=\"Banner_Educa\u00e7\u00e3o_PortallavrasTV\"><img src=\"https:\/\/lavras.tv\/site\/wp-content\/uploads\/2025\/01\/Banner_Educacao_PortallavrasTV.png\" alt=\"\"  srcset=\"https:\/\/lavras.tv\/site\/wp-content\/uploads\/2025\/01\/Banner_Educacao_PortallavrasTV.png 720w, https:\/\/lavras.tv\/site\/wp-content\/uploads\/2025\/01\/Banner_Educacao_PortallavrasTV-470x68.png 470w, https:\/\/lavras.tv\/site\/wp-content\/uploads\/2025\/01\/Banner_Educacao_PortallavrasTV-170x25.png 170w, https:\/\/lavras.tv\/site\/wp-content\/uploads\/2025\/01\/Banner_Educacao_PortallavrasTV-200x29.png 200w\" sizes=\"(max-width: 720px) 100vw, 720px\" width=\"720\" height=\"104\"  style=\"display: inline-block;\" \/><\/a><\/div><\/li><li><a href=\"https:\/\/sistemas.lavras.mg.gov.br\/portalcidadao\/#df1b1a7c7b2a290bcb31e32771e610784662739a88807c0dacac58ede5f391a7530e299dc302d611ee73cb143fc22eaf93592e53e7b5bdb01b00a0b8d28dae460c141dd2ff83412e4dc1c31b16b25f33144a9e5620ea73b13f5bc1c59411d98439ad226e8af03840603796067d87afe130812cf3de24982d0e306f9e61e764e5\" aria-label=\"Banner_Sa\u00fade_PortallavrasTV\"><img src=\"https:\/\/lavras.tv\/site\/wp-content\/uploads\/2025\/03\/Banner_Saude_PortallavrasTV.png\" alt=\"\"  srcset=\"https:\/\/lavras.tv\/site\/wp-content\/uploads\/2025\/03\/Banner_Saude_PortallavrasTV.png 720w, https:\/\/lavras.tv\/site\/wp-content\/uploads\/2025\/03\/Banner_Saude_PortallavrasTV-470x68.png 470w, https:\/\/lavras.tv\/site\/wp-content\/uploads\/2025\/03\/Banner_Saude_PortallavrasTV-170x25.png 170w, https:\/\/lavras.tv\/site\/wp-content\/uploads\/2025\/03\/Banner_Saude_PortallavrasTV-200x29.png 200w\" sizes=\"(max-width: 720px) 100vw, 720px\" width=\"720\" height=\"104\"   \/><\/a><\/li><li><div id=\"lavra-891159346\" style=\"width:720px;height:104px;background-color:#ddd;overflow:scroll;\">\n\t<strong>Sa\u00edda da depura\u00e7\u00e3o de an\u00fancios<\/strong>\n\t<br><br>\n\tO an\u00fancio n\u00e3o \u00e9 exibido na p\u00e1gina<br><br>post atual: Zeca Baleiro \u00e9 atra\u00e7\u00e3o do Festival M\u00fasica do Mundo, ID: 3333<br><br><span style=\"color: red;\">O post atual n\u00e3o \u00e9 id\u00eantico ao post principal.<\/span><br><br>An\u00fancios: ROXO - TOPO INTERNA - ROTATIVO 2 (197)<br \/>Grupo de an\u00fancios: Princ_Meio01_720x104 (27)<br><br>Condi\u00e7\u00f5es de exibi\u00e7\u00e3o<div style=\"margin-bottom: 20px; white-space: pre-wrap; font-family: monospace; width: 100%; background: #ffe9e9;\"><strong>condi\u00e7\u00f5es gerais<\/strong><table border=\"1\"><thead><tr><th><\/th><th>An\u00fancios<\/th><th>wp_the_query<\/th><\/tr><\/thead><tr><td>is_main_query<\/td><td>1<\/td><td>1<\/td><\/tr><tr><td>is_rest_api<\/td><td>0<\/td><td>1<\/td><\/tr><tr><td>page<\/td><td>0<\/td><td>1<\/td><\/tr><tr><td>numpages<\/td><td>0<\/td><td>1<\/td><\/tr><tr><td>is_archive<\/td><td>1<\/td><td><\/td><\/tr><tr><td>is_search<\/td><td>1<\/td><td><\/td><\/tr><tr><td>is_home<\/td><td>1<\/td><td><\/td><\/tr><tr><td>is_404<\/td><td>1<\/td><td><\/td><\/tr><tr><td>is_attachment<\/td><td>1<\/td><td><\/td><\/tr><tr><td>is_singular<\/td><td>1<\/td><td><\/td><\/tr><tr><td>is_front_page<\/td><td>1<\/td><td><\/td><\/tr><tr><td>is_feed<\/td><td>1<\/td><td><\/td><\/tr><\/table><\/div><br><br><span style=\"color: red;\">Seu site usa HTTPS, mas o c\u00f3digo do an\u00fancio cont\u00e9m HTTP e pode n\u00e3o funcionar.<\/span>\t<br><br>\n\t<a style=\"color: green;\" href=\"https:\/\/wpadvancedads.com\/manual\/ad-debug-mode\/?utm_source=advanced-ads&utm_medium=link&utm_campaign=ad-debug-mode\" target=\"_blank\" rel=\"nofollow\">Encontre solu\u00e7\u00f5es no manual<\/a>\n<\/div>\n<\/li><\/ul><\/div><script>( window.advanced_ads_ready || jQuery( document ).ready ).call( null, function() {var $lavraslider2555844856 = jQuery( \".lavra-slider-2555844856\" );$lavraslider2555844856.on( \"unslider.ready\", function() { jQuery( \"div.custom-slider ul li\" ).css( \"display\", \"block\" ); });$lavraslider2555844856.unslider({ delay:4000, autoplay:true, nav:false, arrows:false, infinite:true });$lavraslider2555844856.on(\"mouseover\", function() {$lavraslider2555844856.unslider(\"stop\");}).on(\"mouseout\", function() {$lavraslider2555844856.unslider(\"start\");});});<\/script><\/div><p>Mais uma edi\u00e7\u00e3o do Festival M\u00fasica do Mundo acontece em Tr\u00eas Pontas (MG) a partir de quinta-feira (27).<!--more--> M\u00fasica, artes c\u00eanicas, circo, artes visuais e outras atividades culturais e educativas ocupam diferentes espa\u00e7os da cidade durante os tr\u00eas dias de evento. A programa\u00e7\u00e3o se estende at\u00e9 s\u00e1bado (29), tendo como atra\u00e7\u00e3o principal o show do cantor Zeca Baleiro. Festival aderiu ao financiamento coletivo para conseguir realizar a sexta edi\u00e7\u00e3o.<\/p>\n<p>A maioria das atividades do Festival M\u00fasica do Mundo s\u00e3o gratuitas e em espa\u00e7os p\u00fablicos. A primeira delas \u00e9 um cortejo, que acontece na quinta-feira, \u00e0s 19h, saindo da Pra\u00e7a Get\u00falio Vargas, em dire\u00e7\u00e3o \u00e0 Pra\u00e7a Trist\u00e3o Nogueira.<\/p>\n<p><img fetchpriority=\"high\" decoding=\"async\" class=\"size-full wp-image-3334 aligncenter\" src=\"http:\/\/lavras.tv\/site\/wp-content\/uploads\/2016\/10\/zeca-baleiro.jpg\" alt=\"zeca-baleiro\" width=\"960\" height=\"639\" srcset=\"https:\/\/lavras.tv\/site\/wp-content\/uploads\/2016\/10\/zeca-baleiro.jpg 960w, https:\/\/lavras.tv\/site\/wp-content\/uploads\/2016\/10\/zeca-baleiro-150x100.jpg 150w, https:\/\/lavras.tv\/site\/wp-content\/uploads\/2016\/10\/zeca-baleiro-300x200.jpg 300w, https:\/\/lavras.tv\/site\/wp-content\/uploads\/2016\/10\/zeca-baleiro-480x320.jpg 480w, https:\/\/lavras.tv\/site\/wp-content\/uploads\/2016\/10\/zeca-baleiro-272x182.jpg 272w\" sizes=\"(max-width: 960px) 100vw, 960px\" \/><\/p>\n<p>Na sexta, logo \u00e0s 14h, tem m\u00fasica tamb\u00e9m na Pra\u00e7a Presidente Vargas, com a Fanfarra da APAE. Logo em seguida, come\u00e7a o Sarau Trem de Doido, trazendo m\u00fasica, versos, varais de poesias e encontro entre artistas de Tr\u00eas Pontas, de Minas Gerais e de outras partes do pa\u00eds. As atra\u00e7\u00f5es de s\u00e1bado come\u00e7am \u00e0s 17h, com a tradicional Serenata dos Tiso, que acontece no Cemit\u00e9rio Municipal.<\/p>\n<p>Depois, as aten\u00e7\u00f5es se voltam para o Parque da Mina Padre Victor, onde se concentram os shows de destaque, que s\u00e3o as \u00fanicas atra\u00e7\u00f5es pagas do evento. Subir\u00e3o ao palco artistas de diversos g\u00eaneros, como os paulistas da Orleans Street Jazz Band e os trespontanos d&#8217;O Bando.<\/p>\n<p>Al\u00e9m deles, o Groove de Bamba e o Dudu Lima Trio s\u00e3o os dois grupos que foram selecionados via edital. O destaque do festival \u00e9 o show do cantor e compositor Zeca Baleiro, que se apresnta por \u00faltimo no mesmo palco.<\/p>\n<p><strong>Programa\u00e7\u00e3o educativa<\/strong><\/p>\n<p>Durante todo o m\u00eas de outubro, o Festival M\u00fasica do Mundo ainda promoveu atividades educativas voltada para professores e profissionais da educa\u00e7\u00e3o interessados em ampliar os conhecimentos na \u00e1rea.<\/p>\n<p>No dia 17 de outubro,aconteceu a Oficina para Educadores e Professores sobre o uso da m\u00fasica popular em sala de aula, com Isabela Morais, mestre em sociologia pela Unesp. J\u00e1 no s\u00e1bado (22), aconteceu outra oficina sobre \u201cManejo do comportamento inadequado em sala de aula\u201d, ministrada pela professora universit\u00e1ria e pedagoga mestre em neuroci\u00eancia Celina Oliveira.<\/p>\n<p>\u201cO festival sempre realizou a\u00e7\u00f5es educativas e formativas, porque acreditamos que a cultura e a m\u00fasica s\u00e3o incr\u00edveis, mas s\u00f3 elas n\u00e3o s\u00e3o capazes de promover uma maior transforma\u00e7\u00e3o na realidade, \u00e9 preciso investir na educa\u00e7\u00e3o\u201d, explica Maria Dolores, da Marolo Produ\u00e7\u00f5es, organizadora do festival.<\/p>\n<p><strong>Dificuldades financeiras<\/strong><\/p>\n<p>Neste ano, a produtora do evento recorreu ao financiamento coletivo para completar a verba e viabilizar o projeto. Entretanto, foram arrecadados apenas 5% do valor total necess\u00e1rio. A campanha saiu do ar, mas um outro patroc\u00edno viabilizou a quantia necess\u00e1ria para realiza\u00e7\u00e3o do festival.<\/p>\n<p>Diante da dificuldade para arrecadar recursos, Maria Dolores afirma que esta edi\u00e7\u00e3o ser\u00e1 em um formato reduzido. &#8220;Este ano vai ser maior do que o de 2014, mas n\u00e3o t\u00e3o grande quanto aqueles dos anos anteriores&#8221;, revela a produtora.<\/p>\n<p>&nbsp;<\/p>\n<p>Fonte: G1<\/p>\n","protected":false},"excerpt":{"rendered":"<p>Mais uma edi\u00e7\u00e3o do Festival M\u00fasica do Mundo acontece em Tr\u00eas Pontas (MG) a partir de quinta-feira (27).<\/p>\n","protected":false},"author":2,"featured_media":3334,"comment_status":"closed","ping_status":"open","sticky":false,"template":"","format":"standard","meta":{"advgb_blocks_editor_width":"","advgb_blocks_columns_visual_guide":"","_exactmetrics_skip_tracking":false,"_exactmetrics_sitenote_active":false,"_exactmetrics_sitenote_note":"","_exactmetrics_sitenote_category":0,"footnotes":""},"categories":[7,2],"tags":[1168,201,1169,1170],"class_list":["post-3333","post","type-post","status-publish","format-standard","has-post-thumbnail","hentry","category-destaques","category-noticias","tag-musica-do-mundo","tag-programacao","tag-tres-pontas","tag-zeca-baleiro"],"better_featured_image":{"id":3334,"alt_text":"","caption":"","description":"","media_type":"image","media_details":{"width":960,"height":639,"file":"2016\/10\/zeca-baleiro.jpg","sizes":{"thumbnail":{"file":"zeca-baleiro-150x100.jpg","width":150,"height":100,"mime-type":"image\/jpeg","source_url":"https:\/\/lavras.tv\/site\/wp-content\/uploads\/2016\/10\/zeca-baleiro-150x100.jpg"},"medium":{"file":"zeca-baleiro-300x200.jpg","width":300,"height":200,"mime-type":"image\/jpeg","source_url":"https:\/\/lavras.tv\/site\/wp-content\/uploads\/2016\/10\/zeca-baleiro-300x200.jpg"},"featured-slider-img":{"file":"zeca-baleiro-640x480.jpg","width":640,"height":480,"mime-type":"image\/jpeg","source_url":"https:\/\/lavras.tv\/site\/wp-content\/uploads\/2016\/10\/zeca-baleiro-640x480.jpg"},"featured-post-img":{"file":"zeca-baleiro-480x320.jpg","width":480,"height":320,"mime-type":"image\/jpeg","source_url":"https:\/\/lavras.tv\/site\/wp-content\/uploads\/2016\/10\/zeca-baleiro-480x320.jpg"},"sow-carousel-default":{"file":"zeca-baleiro-272x182.jpg","width":272,"height":182,"mime-type":"image\/jpeg","source_url":"https:\/\/lavras.tv\/site\/wp-content\/uploads\/2016\/10\/zeca-baleiro-272x182.jpg"}},"image_meta":{"aperture":"0","credit":"","camera":"","caption":"","created_timestamp":"0","copyright":"","focal_length":"0","iso":"0","shutter_speed":"0","title":"","orientation":"0","keywords":[]}},"post":3333,"source_url":"https:\/\/lavras.tv\/site\/wp-content\/uploads\/2016\/10\/zeca-baleiro.jpg"},"author_meta":{"display_name":"Lavras TV","author_link":"https:\/\/lavras.tv\/site\/author\/lavrastv\/"},"featured_img":"https:\/\/lavras.tv\/site\/wp-content\/uploads\/2016\/10\/zeca-baleiro-300x200.jpg","coauthors":[],"tax_additional":{"categories":{"linked":["<a href=\"https:\/\/lavras.tv\/site\/category\/destaques\/\" class=\"advgb-post-tax-term\">Destaques<\/a>","<a href=\"https:\/\/lavras.tv\/site\/category\/noticias\/\" class=\"advgb-post-tax-term\">Not\u00edcias<\/a>"],"unlinked":["<span class=\"advgb-post-tax-term\">Destaques<\/span>","<span class=\"advgb-post-tax-term\">Not\u00edcias<\/span>"]},"tags":{"linked":["<a href=\"https:\/\/lavras.tv\/site\/category\/noticias\/\" class=\"advgb-post-tax-term\">m\u00fasica do mundo<\/a>","<a href=\"https:\/\/lavras.tv\/site\/category\/noticias\/\" class=\"advgb-post-tax-term\">programa\u00e7\u00e3o<\/a>","<a href=\"https:\/\/lavras.tv\/site\/category\/noticias\/\" class=\"advgb-post-tax-term\">tr\u00eas pontas<\/a>","<a href=\"https:\/\/lavras.tv\/site\/category\/noticias\/\" class=\"advgb-post-tax-term\">zeca baleiro<\/a>"],"unlinked":["<span class=\"advgb-post-tax-term\">m\u00fasica do mundo<\/span>","<span class=\"advgb-post-tax-term\">programa\u00e7\u00e3o<\/span>","<span class=\"advgb-post-tax-term\">tr\u00eas pontas<\/span>","<span class=\"advgb-post-tax-term\">zeca baleiro<\/span>"]}},"comment_count":"0","relative_dates":{"created":"Publicado 10 anos atr\u00e1s","modified":"Atualizado 10 anos atr\u00e1s"},"absolute_dates":{"created":"Publicado em 27 de outubro de 2016","modified":"Atualizado em 27 de outubro de 2016"},"absolute_dates_time":{"created":"Publicado em 27 de outubro de 2016 09:00","modified":"Atualizado em 27 de outubro de 2016 09:00"},"featured_img_caption":"","series_order":"","_links":{"self":[{"href":"https:\/\/lavras.tv\/site\/wp-json\/wp\/v2\/posts\/3333","targetHints":{"allow":["GET"]}}],"collection":[{"href":"https:\/\/lavras.tv\/site\/wp-json\/wp\/v2\/posts"}],"about":[{"href":"https:\/\/lavras.tv\/site\/wp-json\/wp\/v2\/types\/post"}],"author":[{"embeddable":true,"href":"https:\/\/lavras.tv\/site\/wp-json\/wp\/v2\/users\/2"}],"replies":[{"embeddable":true,"href":"https:\/\/lavras.tv\/site\/wp-json\/wp\/v2\/comments?post=3333"}],"version-history":[{"count":1,"href":"https:\/\/lavras.tv\/site\/wp-json\/wp\/v2\/posts\/3333\/revisions"}],"predecessor-version":[{"id":3335,"href":"https:\/\/lavras.tv\/site\/wp-json\/wp\/v2\/posts\/3333\/revisions\/3335"}],"wp:featuredmedia":[{"embeddable":true,"href":"https:\/\/lavras.tv\/site\/wp-json\/wp\/v2\/media\/3334"}],"wp:attachment":[{"href":"https:\/\/lavras.tv\/site\/wp-json\/wp\/v2\/media?parent=3333"}],"wp:term":[{"taxonomy":"category","embeddable":true,"href":"https:\/\/lavras.tv\/site\/wp-json\/wp\/v2\/categories?post=3333"},{"taxonomy":"post_tag","embeddable":true,"href":"https:\/\/lavras.tv\/site\/wp-json\/wp\/v2\/tags?post=3333"}],"curies":[{"name":"wp","href":"https:\/\/api.w.org\/{rel}","templated":true}]}}