{"id":3342,"date":"2016-10-27T09:20:09","date_gmt":"2016-10-27T11:20:09","guid":{"rendered":"http:\/\/lavras.tv\/site\/?p=3342"},"modified":"2016-10-27T09:20:09","modified_gmt":"2016-10-27T11:20:09","slug":"cruzeiro-joga-mal-frustra-mineirao-lotado-perde-do-gremio-e-se-complica-na-copa-br","status":"publish","type":"post","link":"https:\/\/lavras.tv\/site\/2016\/10\/27\/cruzeiro-joga-mal-frustra-mineirao-lotado-perde-do-gremio-e-se-complica-na-copa-br\/","title":{"rendered":"Cruzeiro joga mal, frustra Mineir\u00e3o lotado, perde do Gr\u00eamio e se complica na Copa BR"},"content":{"rendered":"<div class=\"lavra-antes-do-conteudo_2\" id=\"lavra-834941027\"><div id=\"lavra-slider-27\" class=\"custom-slider lavra-slider-3504445577 lavra-slider\"><ul><li><div style=\"margin-left: auto;margin-right: auto;text-align: center;\" id=\"lavra-3397763924\"><a href=\"https:\/\/sistemas.lavras.mg.gov.br\/portalcidadao\/#df1b1a7c7b2a290bcb31e32771e610784662739a88807c0dacac58ede5f391a7530e299dc302d611ee73cb143fc22eaf93592e53e7b5bdb01b00a0b8d28dae460c141dd2ff83412e4dc1c31b16b25f33144a9e5620ea73b13f5bc1c59411d98439ad226e8af03840603796067d87afe130812cf3de24982d0e306f9e61e764e5\" aria-label=\"Lavras-TV&#8211;720x104px (1) (1)\"><img src=\"https:\/\/lavras.tv\/site\/wp-content\/uploads\/2025\/01\/Lavras-TV-720x104px-1-1.png\" alt=\"\"  srcset=\"https:\/\/lavras.tv\/site\/wp-content\/uploads\/2025\/01\/Lavras-TV-720x104px-1-1.png 720w, https:\/\/lavras.tv\/site\/wp-content\/uploads\/2025\/01\/Lavras-TV-720x104px-1-1-470x68.png 470w, https:\/\/lavras.tv\/site\/wp-content\/uploads\/2025\/01\/Lavras-TV-720x104px-1-1-170x25.png 170w, https:\/\/lavras.tv\/site\/wp-content\/uploads\/2025\/01\/Lavras-TV-720x104px-1-1-200x29.png 200w\" sizes=\"(max-width: 720px) 100vw, 720px\" width=\"720\" height=\"104\"  style=\"display: inline-block;\" \/><\/a><\/div><\/li><li><a href=\"https:\/\/sistemas.lavras.mg.gov.br\/portalcidadao\/#df1b1a7c7b2a290bcb31e32771e610784662739a88807c0dacac58ede5f391a7530e299dc302d611ee73cb143fc22eaf93592e53e7b5bdb01b00a0b8d28dae460c141dd2ff83412e4dc1c31b16b25f33144a9e5620ea73b13f5bc1c59411d98439ad226e8af03840603796067d87afe130812cf3de24982d0e306f9e61e764e5\" aria-label=\"Banner_Emprego_PortallavrasTV\"><img src=\"https:\/\/lavras.tv\/site\/wp-content\/uploads\/2025\/03\/Banner_Emprego_PortallavrasTV.png\" alt=\"\"  srcset=\"https:\/\/lavras.tv\/site\/wp-content\/uploads\/2025\/03\/Banner_Emprego_PortallavrasTV.png 720w, https:\/\/lavras.tv\/site\/wp-content\/uploads\/2025\/03\/Banner_Emprego_PortallavrasTV-470x68.png 470w, https:\/\/lavras.tv\/site\/wp-content\/uploads\/2025\/03\/Banner_Emprego_PortallavrasTV-170x25.png 170w, https:\/\/lavras.tv\/site\/wp-content\/uploads\/2025\/03\/Banner_Emprego_PortallavrasTV-200x29.png 200w\" sizes=\"(max-width: 720px) 100vw, 720px\" width=\"720\" height=\"104\"   \/><\/a><\/li><li><a href=\"https:\/\/sistemas.lavras.mg.gov.br\/portalcidadao\/#df1b1a7c7b2a290bcb31e32771e610784662739a88807c0dacac58ede5f391a7530e299dc302d611ee73cb143fc22eaf93592e53e7b5bdb01b00a0b8d28dae460c141dd2ff83412e4dc1c31b16b25f33144a9e5620ea73b13f5bc1c59411d98439ad226e8af03840603796067d87afe130812cf3de24982d0e306f9e61e764e5\" aria-label=\"Banner_Obras_PortallavrasTV\"><img src=\"https:\/\/lavras.tv\/site\/wp-content\/uploads\/2025\/03\/Banner_Obras_PortallavrasTV.png\" alt=\"\"  srcset=\"https:\/\/lavras.tv\/site\/wp-content\/uploads\/2025\/03\/Banner_Obras_PortallavrasTV.png 720w, https:\/\/lavras.tv\/site\/wp-content\/uploads\/2025\/03\/Banner_Obras_PortallavrasTV-470x68.png 470w, https:\/\/lavras.tv\/site\/wp-content\/uploads\/2025\/03\/Banner_Obras_PortallavrasTV-170x25.png 170w, https:\/\/lavras.tv\/site\/wp-content\/uploads\/2025\/03\/Banner_Obras_PortallavrasTV-200x29.png 200w\" sizes=\"(max-width: 720px) 100vw, 720px\" width=\"720\" height=\"104\"   \/><\/a><\/li><li><div style=\"margin-left: auto;margin-right: auto;text-align: center;\" id=\"lavra-3525445293\"><a href=\"https:\/\/sistemas.lavras.mg.gov.br\/portalcidadao\/#df1b1a7c7b2a290bcb31e32771e610784662739a88807c0dacac58ede5f391a7530e299dc302d611ee73cb143fc22eaf93592e53e7b5bdb01b00a0b8d28dae460c141dd2ff83412e4dc1c31b16b25f33144a9e5620ea73b13f5bc1c59411d98439ad226e8af03840603796067d87afe130812cf3de24982d0e306f9e61e764e5\" aria-label=\"Banner_Educa\u00e7\u00e3o_PortallavrasTV\"><img src=\"https:\/\/lavras.tv\/site\/wp-content\/uploads\/2025\/01\/Banner_Educacao_PortallavrasTV.png\" alt=\"\"  srcset=\"https:\/\/lavras.tv\/site\/wp-content\/uploads\/2025\/01\/Banner_Educacao_PortallavrasTV.png 720w, https:\/\/lavras.tv\/site\/wp-content\/uploads\/2025\/01\/Banner_Educacao_PortallavrasTV-470x68.png 470w, https:\/\/lavras.tv\/site\/wp-content\/uploads\/2025\/01\/Banner_Educacao_PortallavrasTV-170x25.png 170w, https:\/\/lavras.tv\/site\/wp-content\/uploads\/2025\/01\/Banner_Educacao_PortallavrasTV-200x29.png 200w\" sizes=\"(max-width: 720px) 100vw, 720px\" width=\"720\" height=\"104\"  style=\"display: inline-block;\" \/><\/a><\/div><\/li><li><a href=\"https:\/\/sistemas.lavras.mg.gov.br\/portalcidadao\/#df1b1a7c7b2a290bcb31e32771e610784662739a88807c0dacac58ede5f391a7530e299dc302d611ee73cb143fc22eaf93592e53e7b5bdb01b00a0b8d28dae460c141dd2ff83412e4dc1c31b16b25f33144a9e5620ea73b13f5bc1c59411d98439ad226e8af03840603796067d87afe130812cf3de24982d0e306f9e61e764e5\" aria-label=\"Banner_Sa\u00fade_PortallavrasTV\"><img src=\"https:\/\/lavras.tv\/site\/wp-content\/uploads\/2025\/03\/Banner_Saude_PortallavrasTV.png\" alt=\"\"  srcset=\"https:\/\/lavras.tv\/site\/wp-content\/uploads\/2025\/03\/Banner_Saude_PortallavrasTV.png 720w, https:\/\/lavras.tv\/site\/wp-content\/uploads\/2025\/03\/Banner_Saude_PortallavrasTV-470x68.png 470w, https:\/\/lavras.tv\/site\/wp-content\/uploads\/2025\/03\/Banner_Saude_PortallavrasTV-170x25.png 170w, https:\/\/lavras.tv\/site\/wp-content\/uploads\/2025\/03\/Banner_Saude_PortallavrasTV-200x29.png 200w\" sizes=\"(max-width: 720px) 100vw, 720px\" width=\"720\" height=\"104\"   \/><\/a><\/li><li><div id=\"lavra-1598693055\" style=\"width:720px;height:104px;background-color:#ddd;overflow:scroll;\">\n\t<strong>Sa\u00edda da depura\u00e7\u00e3o de an\u00fancios<\/strong>\n\t<br><br>\n\tO an\u00fancio n\u00e3o \u00e9 exibido na p\u00e1gina<br><br>post atual: Cruzeiro joga mal, frustra Mineir\u00e3o lotado, perde do Gr\u00eamio e se complica na Copa BR, ID: 3342<br><br><span style=\"color: red;\">O post atual n\u00e3o \u00e9 id\u00eantico ao post principal.<\/span><br><br>An\u00fancios: ROXO - TOPO INTERNA - ROTATIVO 2 (197)<br \/>Grupo de an\u00fancios: Princ_Meio01_720x104 (27)<br><br>Condi\u00e7\u00f5es de exibi\u00e7\u00e3o<div style=\"margin-bottom: 20px; white-space: pre-wrap; font-family: monospace; width: 100%; background: #ffe9e9;\"><strong>condi\u00e7\u00f5es gerais<\/strong><table border=\"1\"><thead><tr><th><\/th><th>An\u00fancios<\/th><th>wp_the_query<\/th><\/tr><\/thead><tr><td>is_main_query<\/td><td>1<\/td><td>1<\/td><\/tr><tr><td>is_rest_api<\/td><td>0<\/td><td>1<\/td><\/tr><tr><td>page<\/td><td>0<\/td><td>1<\/td><\/tr><tr><td>numpages<\/td><td>0<\/td><td>1<\/td><\/tr><tr><td>is_archive<\/td><td>1<\/td><td><\/td><\/tr><tr><td>is_search<\/td><td>1<\/td><td><\/td><\/tr><tr><td>is_home<\/td><td>1<\/td><td><\/td><\/tr><tr><td>is_404<\/td><td>1<\/td><td><\/td><\/tr><tr><td>is_attachment<\/td><td>1<\/td><td><\/td><\/tr><tr><td>is_singular<\/td><td>1<\/td><td><\/td><\/tr><tr><td>is_front_page<\/td><td>1<\/td><td><\/td><\/tr><tr><td>is_feed<\/td><td>1<\/td><td><\/td><\/tr><\/table><\/div><br><br><span style=\"color: red;\">Seu site usa HTTPS, mas o c\u00f3digo do an\u00fancio cont\u00e9m HTTP e pode n\u00e3o funcionar.<\/span>\t<br><br>\n\t<a style=\"color: green;\" href=\"https:\/\/wpadvancedads.com\/manual\/ad-debug-mode\/?utm_source=advanced-ads&utm_medium=link&utm_campaign=ad-debug-mode\" target=\"_blank\" rel=\"nofollow\">Encontre solu\u00e7\u00f5es no manual<\/a>\n<\/div>\n<\/li><\/ul><\/div><script>( window.advanced_ads_ready || jQuery( document ).ready ).call( null, function() {var $lavraslider3504445577 = jQuery( \".lavra-slider-3504445577\" );$lavraslider3504445577.on( \"unslider.ready\", function() { jQuery( \"div.custom-slider ul li\" ).css( \"display\", \"block\" ); });$lavraslider3504445577.unslider({ delay:4000, autoplay:true, nav:false, arrows:false, infinite:true });$lavraslider3504445577.on(\"mouseover\", function() {$lavraslider3504445577.unslider(\"stop\");}).on(\"mouseout\", function() {$lavraslider3504445577.unslider(\"start\");});});<\/script><\/div><p>Em uma noite em que nada deu certo, o Cruzeiro fez uma das suas piores apresenta\u00e7\u00f5es nos \u00faltimos meses e acabou se complicando na Copa do Brasil.<!--more--> No primeiro duelo dos maiores campe\u00f5es da Copa do Brasil, o Gr\u00eamio deu passo importante rumo \u00e0 final ao anular taticamente a Raposar e ganhar por 2 a 0, nesta quarta-feira, em noite de recorde de p\u00fablico no Mineir\u00e3o neste ano. A torcida de 53.452 presentes no est\u00e1dio, em sua grande maioria cruzeirense, assistiu ao dom\u00ednio dos visitantes durante toda a partida e aos gols de Luan e do veterano Douglas neste jogo de ida do confronto, em Belo Horizonte.<\/p>\n<figure id=\"attachment_3343\" aria-describedby=\"caption-attachment-3343\" style=\"width: 600px\" class=\"wp-caption aligncenter\"><img fetchpriority=\"high\" decoding=\"async\" class=\"size-full wp-image-3343\" src=\"http:\/\/lavras.tv\/site\/wp-content\/uploads\/2016\/10\/cruzeiro-3.jpg\" alt=\"BELO HORIZONTE \/ BRASIL (26.10.2016) Fabinho, no jogo entre Cruzeiro e Gr\u00eamio, no Mineir\u00e3o, em Belo Horizonte, pela ida da semifinal da Copa do Brasil de 2016. \u00a9 Washington Alves\/Light Press\/Cruzeiro\" width=\"600\" height=\"300\" srcset=\"https:\/\/lavras.tv\/site\/wp-content\/uploads\/2016\/10\/cruzeiro-3.jpg 600w, https:\/\/lavras.tv\/site\/wp-content\/uploads\/2016\/10\/cruzeiro-3-150x75.jpg 150w, https:\/\/lavras.tv\/site\/wp-content\/uploads\/2016\/10\/cruzeiro-3-300x150.jpg 300w\" sizes=\"(max-width: 600px) 100vw, 600px\" \/><figcaption id=\"caption-attachment-3343\" class=\"wp-caption-text\">BELO HORIZONTE \/ BRASIL (26.10.2016) Fabinho, no jogo entre Cruzeiro e Gr\u00eamio, no Mineir\u00e3o, em Belo Horizonte, pela ida da semifinal da Copa do Brasil de 2016.<br \/>\u00a9 Washington Alves\/Light Press\/Cruzeiro<\/figcaption><\/figure>\n<p>Com o triunfo, o Gr\u00eamio abriu boa vantagem para decidir a vaga na final, em casa, na pr\u00f3xima quarta-feira. O time ga\u00facho se classifica mesmo em caso de derrota por 1 a 0. Se o Cruzeiro repetir o placar de 2 a 0, o duelo ser\u00e1 definido nos p\u00eanaltis. Qualquer outro placar por dois gols de diferen\u00e7a favorece o Gr\u00eamio, por ter marcado gols fora de casa. Para desbancar o time ga\u00facho, a equipe mineira ter\u00e1 que vencer por tr\u00eas gols de vantagem.<\/p>\n<p>O vencedor deste confronto ter\u00e1 pela frente na grande final o vitorioso de outro duelo envolvendo mineiros e ga\u00fachos. Na primeira partida entre Internacional e Atl\u00e9tico, o time alvinegro levou a melhor, pelo placar de 2 a 1, no Beira-Rio, em Porto Alegre.<\/p>\n<p>Antes de enfrentar novamente o Gr\u00eamio, a equipe celeste ter\u00e1 compromisso pelo Campeonato Brasileiro. Mais tranquilo, j\u00e1 que praticamente afastou o risco de rebaixamento, o Cruzeiro visita o Atl\u00e9tico-PR no s\u00e1bado, \u00e0s 16h30, na Arena da Baixada, em Curitiba. J\u00e1 o Gr\u00eamio encara o Figueirense, s\u00e1bado, \u00e0s 19h30, no Orlando Scarpelli.<\/p>\n<p><strong>O jogo<\/strong><\/p>\n<p>O Cruzeiro entrou em campo nesta quarta com uma baixa de \u00faltima hora. O volante Henrique, com dores musculares, foi vetado horas antes do in\u00edcio da partida e provocou mudan\u00e7as na equipe da casa. Para suprir a aus\u00eancia do jogador, Mano Menezes escalou Denilson entre os titulares, o que ajudou a determinar uma atua\u00e7\u00e3o cruzeirense abaixo do esperado na etapa inicial.<\/p>\n<p>Com uma forma\u00e7\u00e3o de caracter\u00edsticas mais defensiva, o time da casa penou no primeiro tempo, enquanto o Gr\u00eamio exibiu uma solidez surpreendente, principalmente na defesa. Sem ceder sequer uma chance clara de gol ao rival antes do intervalo, o time ga\u00facho dominou e deu raros espa\u00e7os aos mineiros.<\/p>\n<p>Na etapa inicial, o Cruzeiro praticamente s\u00f3 levou perigo logo no come\u00e7o, quando o Gr\u00eamio ainda se organizava em campo. Foi aos 2 minutos, quando Ed\u00edlson vacilou na defesa e entregou nos p\u00e9s de Arrascaeta, que bateu de dentro da \u00e1rea. Marcelo Grohe fez a defesa. Da\u00ed em diante, o Cruzeiro quase n\u00e3o entrou na \u00e1rea ga\u00facha.<\/p>\n<p>Ganhando confian\u00e7a na partida, o Gr\u00eamio arriscava mais e, aos 19 abriu o placar com um gola\u00e7o de Luan. Ele tabelou com Ramiro pela esquerda e, mesmo entre marcadores, encontrou espa\u00e7o m\u00ednimo para bater com categoria por cobertura e acertar o \u00e2ngulo do gol defendido por Rafael. Artilheiro do Gr\u00eamio na temporada, chegou aos 12 gols em 2016.<\/p>\n<p>Ciente das limita\u00e7\u00f5es ofensivas do seu time, Mano trocou o lateral Lucas pelo atacante Alisson. Do outro lado, Renato Ga\u00facho fez uma mudan\u00e7a por conta de problema f\u00edsico. Maicon saiu de campo para a entrada de Jailson.<\/p>\n<p>E a conversa no vesti\u00e1rio pareceu ter surtido maior efeito entre os jogadores do Cruzeiro. Aos 10 minutos, o time mineiro j\u00e1 havia chegado no ataque em tr\u00eas lances perigosos. No melhor deles, Edimar bateu falta com categoria e mandou rente \u00e0 trave direita de Marcelo Grohe.<\/p>\n<p>Se o Cruzeiro n\u00e3o aproveitava sua melhor chance, o Gr\u00eamio era efetivo em suas chegadas mais perigosas ao ataque. Aos 16, Kannemann iniciou contra-ataque, Ramiro, mais uma vez, deu a assist\u00eancia, e Douglas bateu na sa\u00edda de Rafael para ampliar a vantagem dos visitantes.<\/p>\n<p>Preocupado, Mano fez novas mudan\u00e7as na equipe para deix\u00e1-la mais ofensiva. Assim, trocou Denilson por Alex e S\u00f3bis, por Willian. Sem sucesso. O Cruzeiro parava facilmente na defesa gremista e, nos minutos finais, atacava no desespero, sem alcan\u00e7ar ao menos o gol solit\u00e1rio que reduziria o &#8220;estrago&#8221; causado pelo ataque gremista no Mineir\u00e3o.<\/p>\n<p>Fonte: Itatiaia<\/p>\n","protected":false},"excerpt":{"rendered":"<p>Em uma noite em que nada deu certo, o Cruzeiro fez uma das suas piores apresenta\u00e7\u00f5es nos \u00faltimos meses e acabou se complicando na Copa do Brasil.<\/p>\n","protected":false},"author":2,"featured_media":3343,"comment_status":"closed","ping_status":"open","sticky":false,"template":"","format":"standard","meta":{"advgb_blocks_editor_width":"","advgb_blocks_columns_visual_guide":"","_exactmetrics_skip_tracking":false,"_exactmetrics_sitenote_active":false,"_exactmetrics_sitenote_note":"","_exactmetrics_sitenote_category":0,"footnotes":""},"categories":[3],"tags":[922,908,1174],"class_list":["post-3342","post","type-post","status-publish","format-standard","has-post-thumbnail","hentry","category-esportes","tag-copa-do-brasil","tag-cruzeiro","tag-gremio"],"better_featured_image":{"id":3343,"alt_text":"","caption":"BELO HORIZONTE \/ BRASIL (26.10.2016) Fabinho, no jogo entre Cruzeiro e Gr\u00eamio, no Mineir\u00e3o, em Belo Horizonte, pela ida da semifinal da Copa do Brasil de 2016.\n\u00a9 Washington Alves\/Light Press\/Cruzeiro","description":"","media_type":"image","media_details":{"width":600,"height":300,"file":"2016\/10\/cruzeiro-3.jpg","sizes":{"thumbnail":{"file":"cruzeiro-3-150x75.jpg","width":150,"height":75,"mime-type":"image\/jpeg","source_url":"https:\/\/lavras.tv\/site\/wp-content\/uploads\/2016\/10\/cruzeiro-3-150x75.jpg"},"medium":{"file":"cruzeiro-3-300x150.jpg","width":300,"height":150,"mime-type":"image\/jpeg","source_url":"https:\/\/lavras.tv\/site\/wp-content\/uploads\/2016\/10\/cruzeiro-3-300x150.jpg"},"featured-post-img":{"file":"cruzeiro-3-480x300.jpg","width":480,"height":300,"mime-type":"image\/jpeg","source_url":"https:\/\/lavras.tv\/site\/wp-content\/uploads\/2016\/10\/cruzeiro-3-480x300.jpg"},"sow-carousel-default":{"file":"cruzeiro-3-272x182.jpg","width":272,"height":182,"mime-type":"image\/jpeg","source_url":"https:\/\/lavras.tv\/site\/wp-content\/uploads\/2016\/10\/cruzeiro-3-272x182.jpg"}},"image_meta":{"aperture":"2.8","credit":"Washington Alves\/Light Press\/Cru","camera":"NIKON D500","caption":"BELO HORIZONTE \/ BRASIL (26.10.2016) Fabinho, no jogo entre Cruzeiro e Gr\u00eamio, no Mineir\u00e3o, em Belo Horizonte, pela ida da semifinal da Copa do Brasil de 2016.\r\u00a9 Washington Alves\/Light Press\/Cruzeiro","created_timestamp":"1477529476","copyright":"Light Press - Todos os direitos reservados.","focal_length":"300","iso":"1600","shutter_speed":"0.0005","title":"Treino Cruzeiro","orientation":"1","keywords":[]}},"post":3342,"source_url":"https:\/\/lavras.tv\/site\/wp-content\/uploads\/2016\/10\/cruzeiro-3.jpg"},"author_meta":{"display_name":"Lavras TV","author_link":"https:\/\/lavras.tv\/site\/author\/lavrastv\/"},"featured_img":"https:\/\/lavras.tv\/site\/wp-content\/uploads\/2016\/10\/cruzeiro-3-300x150.jpg","coauthors":[],"tax_additional":{"categories":{"linked":["<a href=\"https:\/\/lavras.tv\/site\/category\/esportes\/\" class=\"advgb-post-tax-term\">Esportes<\/a>"],"unlinked":["<span class=\"advgb-post-tax-term\">Esportes<\/span>"]},"tags":{"linked":["<a href=\"https:\/\/lavras.tv\/site\/category\/esportes\/\" class=\"advgb-post-tax-term\">copa do brasil<\/a>","<a href=\"https:\/\/lavras.tv\/site\/category\/esportes\/\" class=\"advgb-post-tax-term\">cruzeiro<\/a>","<a href=\"https:\/\/lavras.tv\/site\/category\/esportes\/\" class=\"advgb-post-tax-term\">gremio<\/a>"],"unlinked":["<span class=\"advgb-post-tax-term\">copa do brasil<\/span>","<span class=\"advgb-post-tax-term\">cruzeiro<\/span>","<span class=\"advgb-post-tax-term\">gremio<\/span>"]}},"comment_count":"0","relative_dates":{"created":"Publicado 10 anos atr\u00e1s","modified":"Atualizado 10 anos atr\u00e1s"},"absolute_dates":{"created":"Publicado em 27 de outubro de 2016","modified":"Atualizado em 27 de outubro de 2016"},"absolute_dates_time":{"created":"Publicado em 27 de outubro de 2016 09:20","modified":"Atualizado em 27 de outubro de 2016 09:20"},"featured_img_caption":"BELO HORIZONTE \/ BRASIL (26.10.2016) Fabinho, no jogo entre Cruzeiro e Gr\u00eamio, no Mineir\u00e3o, em Belo Horizonte, pela ida da semifinal da Copa do Brasil de 2016.\n\u00a9 Washington Alves\/Light Press\/Cruzeiro","series_order":"","_links":{"self":[{"href":"https:\/\/lavras.tv\/site\/wp-json\/wp\/v2\/posts\/3342","targetHints":{"allow":["GET"]}}],"collection":[{"href":"https:\/\/lavras.tv\/site\/wp-json\/wp\/v2\/posts"}],"about":[{"href":"https:\/\/lavras.tv\/site\/wp-json\/wp\/v2\/types\/post"}],"author":[{"embeddable":true,"href":"https:\/\/lavras.tv\/site\/wp-json\/wp\/v2\/users\/2"}],"replies":[{"embeddable":true,"href":"https:\/\/lavras.tv\/site\/wp-json\/wp\/v2\/comments?post=3342"}],"version-history":[{"count":1,"href":"https:\/\/lavras.tv\/site\/wp-json\/wp\/v2\/posts\/3342\/revisions"}],"predecessor-version":[{"id":3344,"href":"https:\/\/lavras.tv\/site\/wp-json\/wp\/v2\/posts\/3342\/revisions\/3344"}],"wp:featuredmedia":[{"embeddable":true,"href":"https:\/\/lavras.tv\/site\/wp-json\/wp\/v2\/media\/3343"}],"wp:attachment":[{"href":"https:\/\/lavras.tv\/site\/wp-json\/wp\/v2\/media?parent=3342"}],"wp:term":[{"taxonomy":"category","embeddable":true,"href":"https:\/\/lavras.tv\/site\/wp-json\/wp\/v2\/categories?post=3342"},{"taxonomy":"post_tag","embeddable":true,"href":"https:\/\/lavras.tv\/site\/wp-json\/wp\/v2\/tags?post=3342"}],"curies":[{"name":"wp","href":"https:\/\/api.w.org\/{rel}","templated":true}]}}