{"id":3345,"date":"2016-10-27T09:22:39","date_gmt":"2016-10-27T11:22:39","guid":{"rendered":"http:\/\/lavras.tv\/site\/?p=3345"},"modified":"2016-10-27T09:22:39","modified_gmt":"2016-10-27T11:22:39","slug":"atletico-sofre-pressao-do-inter-mas-faz-gol-no-fim-vence-e-fica-perto-da-final-da-copa-br","status":"publish","type":"post","link":"https:\/\/lavras.tv\/site\/2016\/10\/27\/atletico-sofre-pressao-do-inter-mas-faz-gol-no-fim-vence-e-fica-perto-da-final-da-copa-br\/","title":{"rendered":"Atl\u00e9tico sofre press\u00e3o do Inter, mas faz gol no fim, vence e fica perto da final da Copa BR"},"content":{"rendered":"<div class=\"lavra-antes-do-conteudo_2\" id=\"lavra-4268658073\"><div id=\"lavra-slider-27\" class=\"custom-slider lavra-slider-4150799304 lavra-slider\"><ul><li><div style=\"margin-left: auto;margin-right: auto;text-align: center;\" id=\"lavra-351497830\"><a href=\"https:\/\/sistemas.lavras.mg.gov.br\/portalcidadao\/#df1b1a7c7b2a290bcb31e32771e610784662739a88807c0dacac58ede5f391a7530e299dc302d611ee73cb143fc22eaf93592e53e7b5bdb01b00a0b8d28dae460c141dd2ff83412e4dc1c31b16b25f33144a9e5620ea73b13f5bc1c59411d98439ad226e8af03840603796067d87afe130812cf3de24982d0e306f9e61e764e5\" aria-label=\"Lavras-TV&#8211;720x104px (1) (1)\"><img src=\"https:\/\/lavras.tv\/site\/wp-content\/uploads\/2025\/01\/Lavras-TV-720x104px-1-1.png\" alt=\"\"  srcset=\"https:\/\/lavras.tv\/site\/wp-content\/uploads\/2025\/01\/Lavras-TV-720x104px-1-1.png 720w, https:\/\/lavras.tv\/site\/wp-content\/uploads\/2025\/01\/Lavras-TV-720x104px-1-1-470x68.png 470w, https:\/\/lavras.tv\/site\/wp-content\/uploads\/2025\/01\/Lavras-TV-720x104px-1-1-170x25.png 170w, https:\/\/lavras.tv\/site\/wp-content\/uploads\/2025\/01\/Lavras-TV-720x104px-1-1-200x29.png 200w\" sizes=\"(max-width: 720px) 100vw, 720px\" width=\"720\" height=\"104\"  style=\"display: inline-block;\" \/><\/a><\/div><\/li><li><a href=\"https:\/\/sistemas.lavras.mg.gov.br\/portalcidadao\/#df1b1a7c7b2a290bcb31e32771e610784662739a88807c0dacac58ede5f391a7530e299dc302d611ee73cb143fc22eaf93592e53e7b5bdb01b00a0b8d28dae460c141dd2ff83412e4dc1c31b16b25f33144a9e5620ea73b13f5bc1c59411d98439ad226e8af03840603796067d87afe130812cf3de24982d0e306f9e61e764e5\" aria-label=\"Banner_Emprego_PortallavrasTV\"><img src=\"https:\/\/lavras.tv\/site\/wp-content\/uploads\/2025\/03\/Banner_Emprego_PortallavrasTV.png\" alt=\"\"  srcset=\"https:\/\/lavras.tv\/site\/wp-content\/uploads\/2025\/03\/Banner_Emprego_PortallavrasTV.png 720w, https:\/\/lavras.tv\/site\/wp-content\/uploads\/2025\/03\/Banner_Emprego_PortallavrasTV-470x68.png 470w, https:\/\/lavras.tv\/site\/wp-content\/uploads\/2025\/03\/Banner_Emprego_PortallavrasTV-170x25.png 170w, https:\/\/lavras.tv\/site\/wp-content\/uploads\/2025\/03\/Banner_Emprego_PortallavrasTV-200x29.png 200w\" sizes=\"(max-width: 720px) 100vw, 720px\" width=\"720\" height=\"104\"   \/><\/a><\/li><li><a href=\"https:\/\/sistemas.lavras.mg.gov.br\/portalcidadao\/#df1b1a7c7b2a290bcb31e32771e610784662739a88807c0dacac58ede5f391a7530e299dc302d611ee73cb143fc22eaf93592e53e7b5bdb01b00a0b8d28dae460c141dd2ff83412e4dc1c31b16b25f33144a9e5620ea73b13f5bc1c59411d98439ad226e8af03840603796067d87afe130812cf3de24982d0e306f9e61e764e5\" aria-label=\"Banner_Obras_PortallavrasTV\"><img src=\"https:\/\/lavras.tv\/site\/wp-content\/uploads\/2025\/03\/Banner_Obras_PortallavrasTV.png\" alt=\"\"  srcset=\"https:\/\/lavras.tv\/site\/wp-content\/uploads\/2025\/03\/Banner_Obras_PortallavrasTV.png 720w, https:\/\/lavras.tv\/site\/wp-content\/uploads\/2025\/03\/Banner_Obras_PortallavrasTV-470x68.png 470w, https:\/\/lavras.tv\/site\/wp-content\/uploads\/2025\/03\/Banner_Obras_PortallavrasTV-170x25.png 170w, https:\/\/lavras.tv\/site\/wp-content\/uploads\/2025\/03\/Banner_Obras_PortallavrasTV-200x29.png 200w\" sizes=\"(max-width: 720px) 100vw, 720px\" width=\"720\" height=\"104\"   \/><\/a><\/li><li><div style=\"margin-left: auto;margin-right: auto;text-align: center;\" id=\"lavra-1207310767\"><a href=\"https:\/\/sistemas.lavras.mg.gov.br\/portalcidadao\/#df1b1a7c7b2a290bcb31e32771e610784662739a88807c0dacac58ede5f391a7530e299dc302d611ee73cb143fc22eaf93592e53e7b5bdb01b00a0b8d28dae460c141dd2ff83412e4dc1c31b16b25f33144a9e5620ea73b13f5bc1c59411d98439ad226e8af03840603796067d87afe130812cf3de24982d0e306f9e61e764e5\" aria-label=\"Banner_Educa\u00e7\u00e3o_PortallavrasTV\"><img src=\"https:\/\/lavras.tv\/site\/wp-content\/uploads\/2025\/01\/Banner_Educacao_PortallavrasTV.png\" alt=\"\"  srcset=\"https:\/\/lavras.tv\/site\/wp-content\/uploads\/2025\/01\/Banner_Educacao_PortallavrasTV.png 720w, https:\/\/lavras.tv\/site\/wp-content\/uploads\/2025\/01\/Banner_Educacao_PortallavrasTV-470x68.png 470w, https:\/\/lavras.tv\/site\/wp-content\/uploads\/2025\/01\/Banner_Educacao_PortallavrasTV-170x25.png 170w, https:\/\/lavras.tv\/site\/wp-content\/uploads\/2025\/01\/Banner_Educacao_PortallavrasTV-200x29.png 200w\" sizes=\"(max-width: 720px) 100vw, 720px\" width=\"720\" height=\"104\"  style=\"display: inline-block;\" \/><\/a><\/div><\/li><li><a href=\"https:\/\/sistemas.lavras.mg.gov.br\/portalcidadao\/#df1b1a7c7b2a290bcb31e32771e610784662739a88807c0dacac58ede5f391a7530e299dc302d611ee73cb143fc22eaf93592e53e7b5bdb01b00a0b8d28dae460c141dd2ff83412e4dc1c31b16b25f33144a9e5620ea73b13f5bc1c59411d98439ad226e8af03840603796067d87afe130812cf3de24982d0e306f9e61e764e5\" aria-label=\"Banner_Sa\u00fade_PortallavrasTV\"><img src=\"https:\/\/lavras.tv\/site\/wp-content\/uploads\/2025\/03\/Banner_Saude_PortallavrasTV.png\" alt=\"\"  srcset=\"https:\/\/lavras.tv\/site\/wp-content\/uploads\/2025\/03\/Banner_Saude_PortallavrasTV.png 720w, https:\/\/lavras.tv\/site\/wp-content\/uploads\/2025\/03\/Banner_Saude_PortallavrasTV-470x68.png 470w, https:\/\/lavras.tv\/site\/wp-content\/uploads\/2025\/03\/Banner_Saude_PortallavrasTV-170x25.png 170w, https:\/\/lavras.tv\/site\/wp-content\/uploads\/2025\/03\/Banner_Saude_PortallavrasTV-200x29.png 200w\" sizes=\"(max-width: 720px) 100vw, 720px\" width=\"720\" height=\"104\"   \/><\/a><\/li><li><div id=\"lavra-1649380624\" style=\"width:720px;height:104px;background-color:#ddd;overflow:scroll;\">\n\t<strong>Sa\u00edda da depura\u00e7\u00e3o de an\u00fancios<\/strong>\n\t<br><br>\n\tO an\u00fancio n\u00e3o \u00e9 exibido na p\u00e1gina<br><br>post atual: Atl\u00e9tico sofre press\u00e3o do Inter, mas faz gol no fim, vence e fica perto da final da Copa BR, ID: 3345<br><br><span style=\"color: red;\">O post atual n\u00e3o \u00e9 id\u00eantico ao post principal.<\/span><br><br>An\u00fancios: ROXO - TOPO INTERNA - ROTATIVO 2 (197)<br \/>Grupo de an\u00fancios: Princ_Meio01_720x104 (27)<br><br>Condi\u00e7\u00f5es de exibi\u00e7\u00e3o<div style=\"margin-bottom: 20px; white-space: pre-wrap; font-family: monospace; width: 100%; background: #ffe9e9;\"><strong>condi\u00e7\u00f5es gerais<\/strong><table border=\"1\"><thead><tr><th><\/th><th>An\u00fancios<\/th><th>wp_the_query<\/th><\/tr><\/thead><tr><td>is_main_query<\/td><td>1<\/td><td>1<\/td><\/tr><tr><td>is_rest_api<\/td><td>0<\/td><td>1<\/td><\/tr><tr><td>page<\/td><td>0<\/td><td>1<\/td><\/tr><tr><td>numpages<\/td><td>0<\/td><td>1<\/td><\/tr><tr><td>is_archive<\/td><td>1<\/td><td><\/td><\/tr><tr><td>is_search<\/td><td>1<\/td><td><\/td><\/tr><tr><td>is_home<\/td><td>1<\/td><td><\/td><\/tr><tr><td>is_404<\/td><td>1<\/td><td><\/td><\/tr><tr><td>is_attachment<\/td><td>1<\/td><td><\/td><\/tr><tr><td>is_singular<\/td><td>1<\/td><td><\/td><\/tr><tr><td>is_front_page<\/td><td>1<\/td><td><\/td><\/tr><tr><td>is_feed<\/td><td>1<\/td><td><\/td><\/tr><\/table><\/div><br><br><span style=\"color: red;\">Seu site usa HTTPS, mas o c\u00f3digo do an\u00fancio cont\u00e9m HTTP e pode n\u00e3o funcionar.<\/span>\t<br><br>\n\t<a style=\"color: green;\" href=\"https:\/\/wpadvancedads.com\/manual\/ad-debug-mode\/?utm_source=advanced-ads&utm_medium=link&utm_campaign=ad-debug-mode\" target=\"_blank\" rel=\"nofollow\">Encontre solu\u00e7\u00f5es no manual<\/a>\n<\/div>\n<\/li><\/ul><\/div><script>( window.advanced_ads_ready || jQuery( document ).ready ).call( null, function() {var $lavraslider4150799304 = jQuery( \".lavra-slider-4150799304\" );$lavraslider4150799304.on( \"unslider.ready\", function() { jQuery( \"div.custom-slider ul li\" ).css( \"display\", \"block\" ); });$lavraslider4150799304.unslider({ delay:4000, autoplay:true, nav:false, arrows:false, infinite:true });$lavraslider4150799304.on(\"mouseover\", function() {$lavraslider4150799304.unslider(\"stop\");}).on(\"mouseout\", function() {$lavraslider4150799304.unslider(\"start\");});});<\/script><\/div><p>O Atl\u00e9tico deu um grande passo para chegar \u00e0 final da Copa do Brasil.<!--more--> Ap\u00f3s sair na frente logo aos dois minutos de jogo e sofrer uma press\u00e3o imensa do Internacional at\u00e9 levar o empate em um p\u00eanalti bobo de F\u00e1bio Santos, o Galo marcou o gol da vit\u00f3ria no fim da partida e venceu por 2 a 1, nesta quarta-feira, no Beira-Rio, pelo duelo de ida da semifinal.<\/p>\n<p>Otero abriu o placar para o Atl\u00e9tico aos dois minutos de jogo. William, de p\u00eanalti, empatou para os donos da casa. Mas Lucas Pratto, ap\u00f3s contra-ataque fulminante aos 44 minutos da etapa final garantiu a vit\u00f3ria alvinegra.<\/p>\n<p>Com o resultado, o Atl\u00e9tico poder\u00e1 at\u00e9 perder por 1 a 0 no duelo de volta, na pr\u00f3xima quarta-feira, dia 2 de novembro, no Independ\u00eancia, para avan\u00e7ar \u00e0 final. Caso o Inter ganhe por 2 a 1, a disputa ir\u00e1 para os p\u00eanaltis. Para se classificar para a decis\u00e3o, o time ga\u00facho ter\u00e1 que vencer por dois gols de diferen\u00e7a (2 a 0, 3 a 1, 4 a 2 e assim por diante) ou por um de vantagem se balan\u00e7ar as redes do Galo pelo menos tr\u00eas vezes (3 a 2, por exemplo, para eliminar os mineiros no n\u00famero de gols marcados fora de casa).<\/p>\n<p><img fetchpriority=\"high\" decoding=\"async\" class=\"size-full wp-image-3346 aligncenter\" src=\"http:\/\/lavras.tv\/site\/wp-content\/uploads\/2016\/10\/galo-2.jpg\" alt=\"INTERNACIONAL X ATL\u00c9TICO-MG\" width=\"600\" height=\"300\" srcset=\"https:\/\/lavras.tv\/site\/wp-content\/uploads\/2016\/10\/galo-2.jpg 600w, https:\/\/lavras.tv\/site\/wp-content\/uploads\/2016\/10\/galo-2-150x75.jpg 150w, https:\/\/lavras.tv\/site\/wp-content\/uploads\/2016\/10\/galo-2-300x150.jpg 300w\" sizes=\"(max-width: 600px) 100vw, 600px\" \/><\/p>\n<p>Agora, o Atl\u00e9tico se preocupa com outra decis\u00e3o, desta vez no Campeonato Brasileiro. S\u00e1bado, \u00e0s 16h30, a equipe alvinegra enfrenta o Flamengo, no Mineir\u00e3o, em duelo que pode fazer o Galo assumir a vice-lideran\u00e7a em caso de vit\u00f3ria. O Inter, por sua vez, tamb\u00e9m ter\u00e1 seu jogo importante, j\u00e1 que luta contra o rebaixamento. Os ga\u00fachos recebem o Santa Cruz, s\u00e1bado, \u00e0s 18h30, no Beira-Rio.<\/p>\n<p><strong>O jogo<\/strong><\/p>\n<p>Cauteloso, o Atl\u00e9tico entrou em campo com tr\u00eas volantes. Para a entrada de Rafael Carioca, quem saiu do time foi Clayton. Mas surpreendentemente, o gol saiu cedo. Com a faixa de capit\u00e3o, Lucas Pratto fez jus \u00e0 lideran\u00e7a do time em campo. Com dois minutos de jogo, o argentino correu bastante pela direita, foi \u00e0 linha de fundo e tentou o cruzamento. A bola bateu em Paul\u00e3o, mas o atacante alvinegro insistiu na jogada e cruzou rasteiro para o meio da \u00e1rea encontrando Otero, que bateu para as redes. Gol importante para o Atl\u00e9tico fora de casa.<\/p>\n<p>Mesmo com o gol sofrido, a torcida do Inter aumentou o tom no Beira-Rio para apoiar o time. O Colorado pressionou em busca do empate e criou tr\u00eas \u00f3timas chances. Aos 11, Aylon recebeu cruzamento e, livre, cabeceou tirando tinta da trave.<\/p>\n<p>Aos 29, novamente o atacante do Inter. Ele emendou um foguete da entrada da \u00e1rea buscando o canto Victor, que viu a bola passar raspando. Oito minutos depois foi a vez de William, livre na \u00e1rea, cabecear para fora. O Inter ainda reclamou de um p\u00eanalti em Aylon, que teria sido atingido com o cotovelo por Gabriel dentro da \u00e1rea atleticana, mas o \u00e1rbitro mandou o jogo seguir.<\/p>\n<p>Acuado, o Atl\u00e9tico tentava controlar a partida, mas n\u00e3o conseguia sair jogando para buscar o segundo gol.<\/p>\n<p><strong>Press\u00e3o, gols perdidos, p\u00eanalti bobo e gol salvador no fim<\/strong><\/p>\n<p>A press\u00e3o ga\u00facha permaneceu no in\u00edcio do segundo tempo e os gols perdidos tamb\u00e9m. Aos seis minutos, Paul\u00e3o subiu mais que a defesa do Atl\u00e9tico e desviou para o meio da \u00e1rea, mas Eduardo falhou na finaliza\u00e7\u00e3o. Em seguida, Aylon recebeu cruzamento e testou no cantinho obrigando Victor a se esticar todo para salvar o Galo. Pouco depois, William bateu cruzado e bola passou muito perto da trave.<\/p>\n<p>S\u00f3 na defesa, o Atl\u00e9tico conseguiu duas escapulidas ao ataque e levou perigo. Primeiro, o goleiro Danilo Fernandes fez \u00f3tima interven\u00e7\u00e3o em chute de Otero e, sem seguida, deu um leve toque na bola para evitar que ela entrasse. Depois, Leandro Donizete emendou uma bomba de fora da \u00e1rea que raspou o poste.<\/p>\n<p>Em meio aos erros de finaliza\u00e7\u00e3o do Inter, Victor tamb\u00e9m se destacava quando os atacantes acertavam o p\u00e9. Ap\u00f3s um chut\u00e3o da defesa, a bola chegou ao ataque do Colorado, Erazo falhou no bote e Victor, que j\u00e1 sa\u00eda do gol, teve que voltar e dar um tapinha para salvar. Pouco depois, o camisa 1 atleticano caiu no canto direito para evitar novamente o empate.<\/p>\n<p>Mas de nada adiantou Victor salvar o Galo. Em um lance morto na linha de fundo, F\u00e1bio Santos tinha a bola dominada dentro da \u00e1rea alvinegra, por\u00e9m, em meio a dois advers\u00e1rios, tentou dar um chap\u00e9u em Anderson, mas acabou acertando o jogador do Inter. P\u00eanalti assinalado. William bateu alto no canto, sem chances para Victor.<\/p>\n<p>Se o Inter reclamou de um p\u00eanalti na etapa inicial, o Atl\u00e9tico questionou bastante a marca\u00e7\u00e3o da arbitragem que anulou o que seria o segundo gol. Aos 34 minutos, Carlos C\u00e9sar ganhou a disputa com Sasha e rolou no meio da \u00e1rea para Pratto que finalizou no cantinho. Mas o auxiliar viu um empurr\u00e3o do lateral-direito do Galo no atacante do Colorado.<\/p>\n<p>Quando o jogo parecia ficar mesmo empatado, Cazares conseguiu puxar um contra-ataque aos 44 minutos, tocou para Luan, que achou Pratto livre para empurrar para as redes, dar a vit\u00f3ria ao Galo e deixar o time muito perto da final.<\/p>\n","protected":false},"excerpt":{"rendered":"<p>O Atl\u00e9tico deu um grande passo para chegar \u00e0 final da Copa do Brasil.<\/p>\n","protected":false},"author":2,"featured_media":3346,"comment_status":"closed","ping_status":"open","sticky":false,"template":"","format":"standard","meta":{"advgb_blocks_editor_width":"","advgb_blocks_columns_visual_guide":"","_exactmetrics_skip_tracking":false,"_exactmetrics_sitenote_active":false,"_exactmetrics_sitenote_note":"","_exactmetrics_sitenote_category":0,"footnotes":""},"categories":[3],"tags":[1064,922,1175],"class_list":["post-3345","post","type-post","status-publish","format-standard","has-post-thumbnail","hentry","category-esportes","tag-atletico-mineiro","tag-copa-do-brasil","tag-internacional"],"better_featured_image":{"id":3346,"alt_text":"","caption":"","description":"","media_type":"image","media_details":{"width":600,"height":300,"file":"2016\/10\/galo-2.jpg","sizes":{"thumbnail":{"file":"galo-2-150x75.jpg","width":150,"height":75,"mime-type":"image\/jpeg","source_url":"https:\/\/lavras.tv\/site\/wp-content\/uploads\/2016\/10\/galo-2-150x75.jpg"},"medium":{"file":"galo-2-300x150.jpg","width":300,"height":150,"mime-type":"image\/jpeg","source_url":"https:\/\/lavras.tv\/site\/wp-content\/uploads\/2016\/10\/galo-2-300x150.jpg"},"featured-post-img":{"file":"galo-2-480x300.jpg","width":480,"height":300,"mime-type":"image\/jpeg","source_url":"https:\/\/lavras.tv\/site\/wp-content\/uploads\/2016\/10\/galo-2-480x300.jpg"},"sow-carousel-default":{"file":"galo-2-272x182.jpg","width":272,"height":182,"mime-type":"image\/jpeg","source_url":"https:\/\/lavras.tv\/site\/wp-content\/uploads\/2016\/10\/galo-2-272x182.jpg"}},"image_meta":{"aperture":"2.8","credit":"ESTAD\u00c3O CONTE\u00daDO","camera":"Canon EOS-1D Mark IV","caption":"RS - COPA DO BRASIL\/INTERNACIONAL X ATL\u00c9TICO-MG - ESPORTES - Comemora\u00e7\u00e3o do gol de R\u00f4mulo Otero (D), do Atl\u00e9tico Mineiro, em partida contra o   Internacional, v\u00e1lida pelas semifinais da Copa do Brasil, no Est\u00e1dio Beira-Rio, em Porto   Alegre, nesta quarta-feira (26).   26\/10\/2016 - Foto: ITAMAR AGUIAR\/AG\u00caNCIA FREE LANCER\/ESTAD\u00c3O CONTE\u00daDO","created_timestamp":"1477526183","copyright":"Copyright \u00a9 Ag\u00eancia Estado. Todos os direitos reservados","focal_length":"400","iso":"1600","shutter_speed":"0.00125","title":"INTERNACIONAL X ATL\u00c9TICO-MG","orientation":"1","keywords":[]}},"post":3345,"source_url":"https:\/\/lavras.tv\/site\/wp-content\/uploads\/2016\/10\/galo-2.jpg"},"author_meta":{"display_name":"Lavras TV","author_link":"https:\/\/lavras.tv\/site\/author\/lavrastv\/"},"featured_img":"https:\/\/lavras.tv\/site\/wp-content\/uploads\/2016\/10\/galo-2-300x150.jpg","coauthors":[],"tax_additional":{"categories":{"linked":["<a href=\"https:\/\/lavras.tv\/site\/category\/esportes\/\" class=\"advgb-post-tax-term\">Esportes<\/a>"],"unlinked":["<span class=\"advgb-post-tax-term\">Esportes<\/span>"]},"tags":{"linked":["<a href=\"https:\/\/lavras.tv\/site\/category\/esportes\/\" class=\"advgb-post-tax-term\">atl\u00e9tico mineiro<\/a>","<a href=\"https:\/\/lavras.tv\/site\/category\/esportes\/\" class=\"advgb-post-tax-term\">copa do brasil<\/a>","<a href=\"https:\/\/lavras.tv\/site\/category\/esportes\/\" class=\"advgb-post-tax-term\">internacional<\/a>"],"unlinked":["<span class=\"advgb-post-tax-term\">atl\u00e9tico mineiro<\/span>","<span class=\"advgb-post-tax-term\">copa do brasil<\/span>","<span class=\"advgb-post-tax-term\">internacional<\/span>"]}},"comment_count":"0","relative_dates":{"created":"Publicado 10 anos atr\u00e1s","modified":"Atualizado 10 anos atr\u00e1s"},"absolute_dates":{"created":"Publicado em 27 de outubro de 2016","modified":"Atualizado em 27 de outubro de 2016"},"absolute_dates_time":{"created":"Publicado em 27 de outubro de 2016 09:22","modified":"Atualizado em 27 de outubro de 2016 09:22"},"featured_img_caption":"","series_order":"","_links":{"self":[{"href":"https:\/\/lavras.tv\/site\/wp-json\/wp\/v2\/posts\/3345","targetHints":{"allow":["GET"]}}],"collection":[{"href":"https:\/\/lavras.tv\/site\/wp-json\/wp\/v2\/posts"}],"about":[{"href":"https:\/\/lavras.tv\/site\/wp-json\/wp\/v2\/types\/post"}],"author":[{"embeddable":true,"href":"https:\/\/lavras.tv\/site\/wp-json\/wp\/v2\/users\/2"}],"replies":[{"embeddable":true,"href":"https:\/\/lavras.tv\/site\/wp-json\/wp\/v2\/comments?post=3345"}],"version-history":[{"count":1,"href":"https:\/\/lavras.tv\/site\/wp-json\/wp\/v2\/posts\/3345\/revisions"}],"predecessor-version":[{"id":3347,"href":"https:\/\/lavras.tv\/site\/wp-json\/wp\/v2\/posts\/3345\/revisions\/3347"}],"wp:featuredmedia":[{"embeddable":true,"href":"https:\/\/lavras.tv\/site\/wp-json\/wp\/v2\/media\/3346"}],"wp:attachment":[{"href":"https:\/\/lavras.tv\/site\/wp-json\/wp\/v2\/media?parent=3345"}],"wp:term":[{"taxonomy":"category","embeddable":true,"href":"https:\/\/lavras.tv\/site\/wp-json\/wp\/v2\/categories?post=3345"},{"taxonomy":"post_tag","embeddable":true,"href":"https:\/\/lavras.tv\/site\/wp-json\/wp\/v2\/tags?post=3345"}],"curies":[{"name":"wp","href":"https:\/\/api.w.org\/{rel}","templated":true}]}}